{"id":172641,"date":"2021-01-21T15:47:04","date_gmt":"2021-01-21T18:47:04","guid":{"rendered":"https:\/\/aconteceunovale.com.br\/portal\/?p=172641"},"modified":"2021-01-21T15:48:12","modified_gmt":"2021-01-21T18:48:12","slug":"pesquisa-indica-queda-na-producao-brasileira-de-cafe-em-2021","status":"publish","type":"post","link":"https:\/\/aconteceunovale.com.br\/portal\/?p=172641","title":{"rendered":"Pesquisa indica queda na produ\u00e7\u00e3o brasileira de caf\u00e9 em 2021"},"content":{"rendered":"\n<p class=\"wp-block-paragraph\">A Companhia Nacional de Abastecimento (Conab) estima que a produ\u00e7\u00e3o total de caf\u00e9 neste ano deve ficar entre 43,8 milh\u00f5es e 49,5 milh\u00f5es de sacas, o que indica uma redu\u00e7\u00e3o entre 30,5% e 21,4%, em compara\u00e7\u00e3o ao resultado apresentado na safra passada. As raz\u00f5es s\u00e3o a falta de chuvas e o efeito da bienalidade negativa, conforme consta no 1\u00ba Levantamento da Safra 2021 de Caf\u00e9, divulgado hoje (21) pelo \u00f3rg\u00e3o. O estudo inclui as variedades de caf\u00e9 conilon e ar\u00e1bica.<img decoding=\"async\" src=\"https:\/\/agenciabrasil.ebc.com.br\/ebc.png?id=1399309&amp;o=node\"><img decoding=\"async\" src=\"https:\/\/agenciabrasil.ebc.com.br\/ebc.gif?id=1399309&amp;o=node\"><\/p>\n\n\n\n<p class=\"wp-block-paragraph\">O superintendente de Informa\u00e7\u00f5es da Agropecu\u00e1ria da Conab, Cleverton Santana, explicou que esse efeito se d\u00e1 quando a planta possui uma produtividade alta em uma safra e na pr\u00f3xima, devido a necessidade de recomposi\u00e7\u00e3o do vegetal, a produ\u00e7\u00e3o sofre queda. Segundo o especialista, a bienalidade tem mais influ\u00eancia no caf\u00e9 ar\u00e1bica.<\/p>\n\n\n\n<p class=\"wp-block-paragraph\">\u201cSendo um ano de bienalidade negativa, sempre h\u00e1 um aumento da \u00e1rea em forma\u00e7\u00e3o, porque os produtores escolhem suas \u00e1reas onde ocorrem menores produtividades, por esgotamento da planta, e aproveita esse ano para levar essa \u00e1rea para forma\u00e7\u00e3o, para fazer o manejo para que no ano de bienalidade positiva ela expresse todo seu potencial de produtividade\u201d, disse durante a apresenta\u00e7\u00e3o virtual do levantamento.<\/p>\n\n\n\n<p class=\"wp-block-paragraph\">Por essa raz\u00e3o, enquanto a \u00e1rea em produ\u00e7\u00e3o \u00e9 a menor dos \u00faltimos 20 anos, de acordo com a Conab, a \u00e1rea em forma\u00e7\u00e3o \u00e9 a maior desse per\u00edodo, j\u00e1 que a seca tamb\u00e9m que assolou os cafezais tamb\u00e9m induziram os produtores a aproveitar o ano de bienalidade. A \u00e1rea de produ\u00e7\u00e3o indicada \u00e9 de 1,76 milh\u00e3o de hectares, com uma redu\u00e7\u00e3o de 6,8% frente a 2020.<\/p>\n\n\n\n<p class=\"wp-block-paragraph\">Em rela\u00e7\u00e3o \u00e0s condi\u00e7\u00f5es clim\u00e1ticas, Santana explicou que o principal per\u00edodo que afeta a produ\u00e7\u00e3o de caf\u00e9 est\u00e1 concentrado entre setembro e dezembro do ano anterior, quando h\u00e1 a flora\u00e7\u00e3o. Em anos de falta de chuvas, a caracter\u00edstica natural da planta \u00e9 derrubar suas flores para manter-se viva.<\/p>\n\n\n\n<p class=\"wp-block-paragraph\">Na \u00faltima safra, tivemos \u00e1reas com chuva abaixo da m\u00e9dia no in\u00edcio da primeira flora\u00e7\u00e3o, essas flores foram abortadas, mas a segunda flora\u00e7\u00e3o veio no momento de chuvas favor\u00e1veis e at\u00e9 a produ\u00e7\u00e3o foi superada em algumas regi\u00f5es. Nessa safra n\u00e3o, tivemos a primeira e segunda flora\u00e7\u00e3o ocorrendo em chuvas abaixo da m\u00e9dia, altas temperatura e foi o que aconteceu em muitas regi\u00f5es\u201d, disse.<\/p>\n\n\n\n<h2 class=\"wp-block-heading\">Produ\u00e7\u00e3o 2021<\/h2>\n\n\n\n<p class=\"wp-block-paragraph\">A despeito da redu\u00e7\u00e3o da produ\u00e7\u00e3o total, calcula-se uma produ\u00e7\u00e3o recorde para a esp\u00e9cie conilon, se atingir o limite superior de 16,6 milh\u00f5es de sacas de caf\u00e9 beneficiado, com um incremento de 16% em rela\u00e7\u00e3o a 2020. Pelo limite inferior, a previs\u00e3o \u00e9 de pouco mais de 14 milh\u00f5es de sacas.<\/p>\n\n\n\n<p class=\"wp-block-paragraph\">Para o ar\u00e1bica, que responde pelo maior volume nacional, a estimativa \u00e9 de uma colheita entre 29,7 milh\u00f5es e 32,9 milh\u00f5es de sacas, o que representa uma queda de 32,4% e 39,1%, respectivamente, em compara\u00e7\u00e3o com a safra passada. A produtividade no limite inferior est\u00e1 pr\u00f3xima \u00e0 da safra 2017 (de 24,14 sacas por hectare), e no limite superior, \u00e0 da safra 2019 (de 27,2 sacas por hectare), que tamb\u00e9m foram anos de bienalidade negativa.<\/p>\n\n\n\n<p class=\"wp-block-paragraph\">Sobre a conjuntura de mercado, o boletim da Conab indica que os pre\u00e7os para o ar\u00e1bica s\u00e3o os mais altos dos \u00faltimos quatro anos. Chegou em R$ 604,90 por saca no m\u00eas de dezembro, com 22,6% de aumento durante o ano de 2020, enquanto o pre\u00e7o do caf\u00e9 conilon, no mesmo m\u00eas, foi de R$ 379,60, com valoriza\u00e7\u00e3o de 31,67%. \u201cA valoriza\u00e7\u00e3o dos pre\u00e7os neste momento auxilia os produtores de caf\u00e9 que, nos \u00faltimos tr\u00eas anos, enfrentaram a comercializa\u00e7\u00e3o de suas safras com pre\u00e7os menos atrativos\u201d, informou o \u00f3rg\u00e3o.<\/p>\n\n\n\n<p class=\"wp-block-paragraph\">O boletim completo do 1\u00b0 Levantamento da Safra de Caf\u00e9 2021 est\u00e1 dispon\u00edvel no\u00a0<em>site<\/em>\u00a0da\u00a0<a rel=\"noreferrer noopener\" href=\"https:\/\/www.conab.gov.br\/info-agro\/safras\/cafe\" target=\"_blank\">Conab<\/a>.<\/p>\n\n\n\n<p class=\"has-white-color has-black-background-color has-text-color has-background wp-block-paragraph\">Quer saber as not\u00edcias do <strong>Aconteceu no Vale<\/strong> em primeira m\u00e3o? Siga-nos no Facebook <a rel=\"noreferrer noopener\" href=\"http:\/\/facebook.com\/aconteceunovale\" target=\"_blank\">@aconteceunovale<\/a>, Twitter <a rel=\"noreferrer noopener\" href=\"https:\/\/twitter.com\/noticiadosvales\" target=\"_blank\">@noticiadosvales<\/a> e Instagram <a rel=\"noreferrer noopener\" href=\"https:\/\/www.instagram.com\/aconteceunovale\" target=\"_blank\">@aconteceunovale<\/a>.<\/p>\n","protected":false},"excerpt":{"rendered":"<p>A Companhia Nacional de Abastecimento (Conab) estima que a produ\u00e7\u00e3o total de caf\u00e9 neste ano deve ficar entre 43,8 milh\u00f5es e 49,5 milh\u00f5es de sacas, o que indica uma redu\u00e7\u00e3o entre 30,5% e 21,4%, em compara\u00e7\u00e3o ao resultado apresentado na safra passada. As raz\u00f5es s\u00e3o a falta de chuvas e o efeito da bienalidade negativa, [&hellip;]<\/p>\n","protected":false},"author":4,"featured_media":168508,"comment_status":"open","ping_status":"closed","sticky":false,"template":"","format":"standard","meta":{"amp_status":"","footnotes":""},"categories":[6],"tags":[44014,232773,44521,48324,232777,27202,29827,232776,1018,116589,47218,116545,116540,232775,1062,116543,116544,116546,76211,116542,116541,232774],"class_list":["post-172641","post","type-post","status-publish","format-standard","has-post-thumbnail","hentry","category-br","tag-algodao","tag-brasil-tera-safra-recorde-de-cafe-em-2020","tag-cafe","tag-cafe-brasileiro","tag-cafe-conab","tag-cafe-do-brasil","tag-conab","tag-conab-cafe","tag-destaque","tag-estado-que-mais-produz-cafe","tag-estado-que-mais-produz-cafe-no-brasil","tag-estiagem-do-ano-passado-prejudica-producao-de-cafe","tag-estiagem-prejudicou-a-producao-de-cafe-no-brasil","tag-estimativa-de-producao-de-cafe-no-brasil","tag-ibge","tag-maior-produtor-de-cafe-foi-minas-gerais","tag-minas-e-responsavel-por-50-da-producao-de-cafe-nacional","tag-minas-e-responsavel-por-50-da-producao-de-cafe-nacional-em-2016","tag-producao-agricola","tag-producao-agricola-municipal","tag-producao-de-cafe-no-brasil","tag-safra-de-cafe-no-brasil"],"yoast_head":"<!-- This site is optimized with the Yoast SEO plugin v28.3 - https:\/\/yoast.com\/product\/yoast-seo-wordpress\/ -->\n<title>Pesquisa indica queda na produ\u00e7\u00e3o brasileira de caf\u00e9 em 2021 - Aconteceu no Vale<\/title>\n<meta name=\"robots\" content=\"index, follow, max-snippet:-1, max-image-preview:large, max-video-preview:-1\" \/>\n<link rel=\"canonical\" href=\"https:\/\/aconteceunovale.com.br\/portal\/?p=172641\" \/>\n<meta property=\"og:locale\" content=\"pt_BR\" \/>\n<meta property=\"og:type\" content=\"article\" \/>\n<meta property=\"og:title\" content=\"Pesquisa indica queda na produ\u00e7\u00e3o brasileira de caf\u00e9 em 2021 - Aconteceu no Vale\" \/>\n<meta property=\"og:description\" content=\"A Companhia Nacional de Abastecimento (Conab) estima que a produ\u00e7\u00e3o total de caf\u00e9 neste ano deve ficar entre 43,8 milh\u00f5es e 49,5 milh\u00f5es de sacas, o que indica uma redu\u00e7\u00e3o entre 30,5% e 21,4%, em compara\u00e7\u00e3o ao resultado apresentado na safra passada. As raz\u00f5es s\u00e3o a falta de chuvas e o efeito da bienalidade negativa, [&hellip;]\" \/>\n<meta property=\"og:url\" content=\"https:\/\/aconteceunovale.com.br\/portal\/?p=172641\" \/>\n<meta property=\"og:site_name\" content=\"Aconteceu no Vale\" \/>\n<meta property=\"article:publisher\" content=\"https:\/\/www.facebook.com\/aconteceunovale\/\" \/>\n<meta property=\"article:published_time\" content=\"2021-01-21T18:47:04+00:00\" \/>\n<meta property=\"article:modified_time\" content=\"2021-01-21T18:48:12+00:00\" \/>\n<meta property=\"og:image\" content=\"https:\/\/aconteceunovale.com.br\/portal\/wp-content\/uploads\/2020\/09\/cafe_mg.jpg\" \/>\n\t<meta property=\"og:image:width\" content=\"674\" \/>\n\t<meta property=\"og:image:height\" content=\"450\" \/>\n\t<meta property=\"og:image:type\" content=\"image\/jpeg\" \/>\n<meta name=\"author\" content=\"Reda\u00e7\u00e3o Aconteceu no Vale\" \/>\n<meta name=\"twitter:card\" content=\"summary_large_image\" \/>\n<meta name=\"twitter:creator\" content=\"@noticiadosvales\" \/>\n<meta name=\"twitter:site\" content=\"@noticiadosvales\" \/>\n<meta name=\"twitter:label1\" content=\"Escrito por\" \/>\n\t<meta name=\"twitter:data1\" content=\"Reda\u00e7\u00e3o Aconteceu no Vale\" \/>\n\t<meta name=\"twitter:label2\" content=\"Est. tempo de leitura\" \/>\n\t<meta name=\"twitter:data2\" content=\"3 minutos\" \/>\n<script type=\"application\/ld+json\" class=\"yoast-schema-graph\">{\"@context\":\"https:\\\/\\\/schema.org\",\"@graph\":[{\"@type\":\"Article\",\"@id\":\"https:\\\/\\\/aconteceunovale.com.br\\\/portal\\\/?p=172641#article\",\"isPartOf\":{\"@id\":\"https:\\\/\\\/aconteceunovale.com.br\\\/portal\\\/?p=172641\"},\"author\":{\"name\":\"Reda\u00e7\u00e3o Aconteceu no Vale\",\"@id\":\"https:\\\/\\\/aconteceunovale.com.br\\\/portal\\\/#\\\/schema\\\/person\\\/7d2f26d1483f8a63de73da1ee0754d35\"},\"headline\":\"Pesquisa indica queda na produ\u00e7\u00e3o brasileira de caf\u00e9 em 2021\",\"datePublished\":\"2021-01-21T18:47:04+00:00\",\"dateModified\":\"2021-01-21T18:48:12+00:00\",\"mainEntityOfPage\":{\"@id\":\"https:\\\/\\\/aconteceunovale.com.br\\\/portal\\\/?p=172641\"},\"wordCount\":675,\"commentCount\":0,\"image\":{\"@id\":\"https:\\\/\\\/aconteceunovale.com.br\\\/portal\\\/?p=172641#primaryimage\"},\"thumbnailUrl\":\"https:\\\/\\\/aconteceunovale.com.br\\\/portal\\\/wp-content\\\/uploads\\\/2020\\\/09\\\/cafe_mg.jpg\",\"keywords\":[\"algod\u00e3o\",\"Brasil ter\u00e1 safra recorde de caf\u00e9 em 2020\",\"caf\u00e9\",\"caf\u00e9 brasileiro\",\"Caf\u00e9 Conab\",\"caf\u00e9 do Brasil\",\"Conab\",\"Conab caf\u00e9\",\"destaque\",\"Estado que mais produz caf\u00e9\",\"estado que mais produz caf\u00e9 no brasil\",\"Estiagem do ano passado prejudica produ\u00e7\u00e3o de caf\u00e9\",\"estiagem prejudicou a produ\u00e7\u00e3o de caf\u00e9 no Brasil\",\"Estimativa de produ\u00e7\u00e3o de caf\u00e9 no Brasil\",\"ibge\",\"maior produtor de caf\u00e9 foi Minas Gerais\",\"Minas \u00e9 respons\u00e1vel por 50% da produ\u00e7\u00e3o de caf\u00e9 nacional\",\"Minas \u00e9 respons\u00e1vel por 50% da produ\u00e7\u00e3o de caf\u00e9 nacional em 2016\",\"produ\u00e7\u00e3o agr\u00edcola\",\"Produ\u00e7\u00e3o Agr\u00edcola Municipal\",\"Produ\u00e7\u00e3o de caf\u00e9 no Brasil\",\"Safra de caf\u00e9 no Brasil\"],\"articleSection\":[\"Brasil\"],\"inLanguage\":\"pt-BR\",\"potentialAction\":[{\"@type\":\"CommentAction\",\"name\":\"Comment\",\"target\":[\"https:\\\/\\\/aconteceunovale.com.br\\\/portal\\\/?p=172641#respond\"]}]},{\"@type\":\"WebPage\",\"@id\":\"https:\\\/\\\/aconteceunovale.com.br\\\/portal\\\/?p=172641\",\"url\":\"https:\\\/\\\/aconteceunovale.com.br\\\/portal\\\/?p=172641\",\"name\":\"Pesquisa indica queda na produ\u00e7\u00e3o brasileira de caf\u00e9 em 2021 - Aconteceu no Vale\",\"isPartOf\":{\"@id\":\"https:\\\/\\\/aconteceunovale.com.br\\\/portal\\\/#website\"},\"primaryImageOfPage\":{\"@id\":\"https:\\\/\\\/aconteceunovale.com.br\\\/portal\\\/?p=172641#primaryimage\"},\"image\":{\"@id\":\"https:\\\/\\\/aconteceunovale.com.br\\\/portal\\\/?p=172641#primaryimage\"},\"thumbnailUrl\":\"https:\\\/\\\/aconteceunovale.com.br\\\/portal\\\/wp-content\\\/uploads\\\/2020\\\/09\\\/cafe_mg.jpg\",\"datePublished\":\"2021-01-21T18:47:04+00:00\",\"dateModified\":\"2021-01-21T18:48:12+00:00\",\"author\":{\"@id\":\"https:\\\/\\\/aconteceunovale.com.br\\\/portal\\\/#\\\/schema\\\/person\\\/7d2f26d1483f8a63de73da1ee0754d35\"},\"breadcrumb\":{\"@id\":\"https:\\\/\\\/aconteceunovale.com.br\\\/portal\\\/?p=172641#breadcrumb\"},\"inLanguage\":\"pt-BR\",\"potentialAction\":[{\"@type\":\"ReadAction\",\"target\":[\"https:\\\/\\\/aconteceunovale.com.br\\\/portal\\\/?p=172641\"]}]},{\"@type\":\"ImageObject\",\"inLanguage\":\"pt-BR\",\"@id\":\"https:\\\/\\\/aconteceunovale.com.br\\\/portal\\\/?p=172641#primaryimage\",\"url\":\"https:\\\/\\\/aconteceunovale.com.br\\\/portal\\\/wp-content\\\/uploads\\\/2020\\\/09\\\/cafe_mg.jpg\",\"contentUrl\":\"https:\\\/\\\/aconteceunovale.com.br\\\/portal\\\/wp-content\\\/uploads\\\/2020\\\/09\\\/cafe_mg.jpg\",\"width\":674,\"height\":450},{\"@type\":\"BreadcrumbList\",\"@id\":\"https:\\\/\\\/aconteceunovale.com.br\\\/portal\\\/?p=172641#breadcrumb\",\"itemListElement\":[{\"@type\":\"ListItem\",\"position\":1,\"name\":\"In\u00edcio\",\"item\":\"https:\\\/\\\/aconteceunovale.com.br\\\/portal\\\/\"},{\"@type\":\"ListItem\",\"position\":2,\"name\":\"Pesquisa indica queda na produ\u00e7\u00e3o brasileira de caf\u00e9 em 2021\"}]},{\"@type\":\"WebSite\",\"@id\":\"https:\\\/\\\/aconteceunovale.com.br\\\/portal\\\/#website\",\"url\":\"https:\\\/\\\/aconteceunovale.com.br\\\/portal\\\/\",\"name\":\"Aconteceu no Vale\",\"description\":\"Portal de Not\u00edcias\",\"potentialAction\":[{\"@type\":\"SearchAction\",\"target\":{\"@type\":\"EntryPoint\",\"urlTemplate\":\"https:\\\/\\\/aconteceunovale.com.br\\\/portal\\\/?s={search_term_string}\"},\"query-input\":{\"@type\":\"PropertyValueSpecification\",\"valueRequired\":true,\"valueName\":\"search_term_string\"}}],\"inLanguage\":\"pt-BR\"},{\"@type\":\"Person\",\"@id\":\"https:\\\/\\\/aconteceunovale.com.br\\\/portal\\\/#\\\/schema\\\/person\\\/7d2f26d1483f8a63de73da1ee0754d35\",\"name\":\"Reda\u00e7\u00e3o Aconteceu no Vale\",\"description\":\"Equipe de reportagem do Aconteceu no Vale, portal de not\u00edcias do Vale do Jequitinhonha, em Minas Gerais. Cobrimos as 51 cidades do Vale desde 2013. Sugest\u00f5es de pauta e pedidos de corre\u00e7\u00e3o: contato@aconteceunovale.com.br\",\"url\":\"https:\\\/\\\/aconteceunovale.com.br\\\/portal\\\/?author=4\"}]}<\/script>\n<!-- \/ Yoast SEO plugin. -->","yoast_head_json":{"title":"Pesquisa indica queda na produ\u00e7\u00e3o brasileira de caf\u00e9 em 2021 - Aconteceu no Vale","robots":{"index":"index","follow":"follow","max-snippet":"max-snippet:-1","max-image-preview":"max-image-preview:large","max-video-preview":"max-video-preview:-1"},"canonical":"https:\/\/aconteceunovale.com.br\/portal\/?p=172641","og_locale":"pt_BR","og_type":"article","og_title":"Pesquisa indica queda na produ\u00e7\u00e3o brasileira de caf\u00e9 em 2021 - Aconteceu no Vale","og_description":"A Companhia Nacional de Abastecimento (Conab) estima que a produ\u00e7\u00e3o total de caf\u00e9 neste ano deve ficar entre 43,8 milh\u00f5es e 49,5 milh\u00f5es de sacas, o que indica uma redu\u00e7\u00e3o entre 30,5% e 21,4%, em compara\u00e7\u00e3o ao resultado apresentado na safra passada. As raz\u00f5es s\u00e3o a falta de chuvas e o efeito da bienalidade negativa, [&hellip;]","og_url":"https:\/\/aconteceunovale.com.br\/portal\/?p=172641","og_site_name":"Aconteceu no Vale","article_publisher":"https:\/\/www.facebook.com\/aconteceunovale\/","article_published_time":"2021-01-21T18:47:04+00:00","article_modified_time":"2021-01-21T18:48:12+00:00","og_image":[{"width":674,"height":450,"url":"https:\/\/aconteceunovale.com.br\/portal\/wp-content\/uploads\/2020\/09\/cafe_mg.jpg","type":"image\/jpeg"}],"author":"Reda\u00e7\u00e3o Aconteceu no Vale","twitter_card":"summary_large_image","twitter_creator":"@noticiadosvales","twitter_site":"@noticiadosvales","twitter_misc":{"Escrito por":"Reda\u00e7\u00e3o Aconteceu no Vale","Est. tempo de leitura":"3 minutos"},"schema":{"@context":"https:\/\/schema.org","@graph":[{"@type":"Article","@id":"https:\/\/aconteceunovale.com.br\/portal\/?p=172641#article","isPartOf":{"@id":"https:\/\/aconteceunovale.com.br\/portal\/?p=172641"},"author":{"name":"Reda\u00e7\u00e3o Aconteceu no Vale","@id":"https:\/\/aconteceunovale.com.br\/portal\/#\/schema\/person\/7d2f26d1483f8a63de73da1ee0754d35"},"headline":"Pesquisa indica queda na produ\u00e7\u00e3o brasileira de caf\u00e9 em 2021","datePublished":"2021-01-21T18:47:04+00:00","dateModified":"2021-01-21T18:48:12+00:00","mainEntityOfPage":{"@id":"https:\/\/aconteceunovale.com.br\/portal\/?p=172641"},"wordCount":675,"commentCount":0,"image":{"@id":"https:\/\/aconteceunovale.com.br\/portal\/?p=172641#primaryimage"},"thumbnailUrl":"https:\/\/aconteceunovale.com.br\/portal\/wp-content\/uploads\/2020\/09\/cafe_mg.jpg","keywords":["algod\u00e3o","Brasil ter\u00e1 safra recorde de caf\u00e9 em 2020","caf\u00e9","caf\u00e9 brasileiro","Caf\u00e9 Conab","caf\u00e9 do Brasil","Conab","Conab caf\u00e9","destaque","Estado que mais produz caf\u00e9","estado que mais produz caf\u00e9 no brasil","Estiagem do ano passado prejudica produ\u00e7\u00e3o de caf\u00e9","estiagem prejudicou a produ\u00e7\u00e3o de caf\u00e9 no Brasil","Estimativa de produ\u00e7\u00e3o de caf\u00e9 no Brasil","ibge","maior produtor de caf\u00e9 foi Minas Gerais","Minas \u00e9 respons\u00e1vel por 50% da produ\u00e7\u00e3o de caf\u00e9 nacional","Minas \u00e9 respons\u00e1vel por 50% da produ\u00e7\u00e3o de caf\u00e9 nacional em 2016","produ\u00e7\u00e3o agr\u00edcola","Produ\u00e7\u00e3o Agr\u00edcola Municipal","Produ\u00e7\u00e3o de caf\u00e9 no Brasil","Safra de caf\u00e9 no Brasil"],"articleSection":["Brasil"],"inLanguage":"pt-BR","potentialAction":[{"@type":"CommentAction","name":"Comment","target":["https:\/\/aconteceunovale.com.br\/portal\/?p=172641#respond"]}]},{"@type":"WebPage","@id":"https:\/\/aconteceunovale.com.br\/portal\/?p=172641","url":"https:\/\/aconteceunovale.com.br\/portal\/?p=172641","name":"Pesquisa indica queda na produ\u00e7\u00e3o brasileira de caf\u00e9 em 2021 - Aconteceu no Vale","isPartOf":{"@id":"https:\/\/aconteceunovale.com.br\/portal\/#website"},"primaryImageOfPage":{"@id":"https:\/\/aconteceunovale.com.br\/portal\/?p=172641#primaryimage"},"image":{"@id":"https:\/\/aconteceunovale.com.br\/portal\/?p=172641#primaryimage"},"thumbnailUrl":"https:\/\/aconteceunovale.com.br\/portal\/wp-content\/uploads\/2020\/09\/cafe_mg.jpg","datePublished":"2021-01-21T18:47:04+00:00","dateModified":"2021-01-21T18:48:12+00:00","author":{"@id":"https:\/\/aconteceunovale.com.br\/portal\/#\/schema\/person\/7d2f26d1483f8a63de73da1ee0754d35"},"breadcrumb":{"@id":"https:\/\/aconteceunovale.com.br\/portal\/?p=172641#breadcrumb"},"inLanguage":"pt-BR","potentialAction":[{"@type":"ReadAction","target":["https:\/\/aconteceunovale.com.br\/portal\/?p=172641"]}]},{"@type":"ImageObject","inLanguage":"pt-BR","@id":"https:\/\/aconteceunovale.com.br\/portal\/?p=172641#primaryimage","url":"https:\/\/aconteceunovale.com.br\/portal\/wp-content\/uploads\/2020\/09\/cafe_mg.jpg","contentUrl":"https:\/\/aconteceunovale.com.br\/portal\/wp-content\/uploads\/2020\/09\/cafe_mg.jpg","width":674,"height":450},{"@type":"BreadcrumbList","@id":"https:\/\/aconteceunovale.com.br\/portal\/?p=172641#breadcrumb","itemListElement":[{"@type":"ListItem","position":1,"name":"In\u00edcio","item":"https:\/\/aconteceunovale.com.br\/portal\/"},{"@type":"ListItem","position":2,"name":"Pesquisa indica queda na produ\u00e7\u00e3o brasileira de caf\u00e9 em 2021"}]},{"@type":"WebSite","@id":"https:\/\/aconteceunovale.com.br\/portal\/#website","url":"https:\/\/aconteceunovale.com.br\/portal\/","name":"Aconteceu no Vale","description":"Portal de Not\u00edcias","potentialAction":[{"@type":"SearchAction","target":{"@type":"EntryPoint","urlTemplate":"https:\/\/aconteceunovale.com.br\/portal\/?s={search_term_string}"},"query-input":{"@type":"PropertyValueSpecification","valueRequired":true,"valueName":"search_term_string"}}],"inLanguage":"pt-BR"},{"@type":"Person","@id":"https:\/\/aconteceunovale.com.br\/portal\/#\/schema\/person\/7d2f26d1483f8a63de73da1ee0754d35","name":"Reda\u00e7\u00e3o Aconteceu no Vale","description":"Equipe de reportagem do Aconteceu no Vale, portal de not\u00edcias do Vale do Jequitinhonha, em Minas Gerais. Cobrimos as 51 cidades do Vale desde 2013. Sugest\u00f5es de pauta e pedidos de corre\u00e7\u00e3o: contato@aconteceunovale.com.br","url":"https:\/\/aconteceunovale.com.br\/portal\/?author=4"}]}},"_links":{"self":[{"href":"https:\/\/aconteceunovale.com.br\/portal\/index.php?rest_route=\/wp\/v2\/posts\/172641","targetHints":{"allow":["GET"]}}],"collection":[{"href":"https:\/\/aconteceunovale.com.br\/portal\/index.php?rest_route=\/wp\/v2\/posts"}],"about":[{"href":"https:\/\/aconteceunovale.com.br\/portal\/index.php?rest_route=\/wp\/v2\/types\/post"}],"author":[{"embeddable":true,"href":"https:\/\/aconteceunovale.com.br\/portal\/index.php?rest_route=\/wp\/v2\/users\/4"}],"replies":[{"embeddable":true,"href":"https:\/\/aconteceunovale.com.br\/portal\/index.php?rest_route=%2Fwp%2Fv2%2Fcomments&post=172641"}],"version-history":[{"count":1,"href":"https:\/\/aconteceunovale.com.br\/portal\/index.php?rest_route=\/wp\/v2\/posts\/172641\/revisions"}],"predecessor-version":[{"id":172642,"href":"https:\/\/aconteceunovale.com.br\/portal\/index.php?rest_route=\/wp\/v2\/posts\/172641\/revisions\/172642"}],"wp:featuredmedia":[{"embeddable":true,"href":"https:\/\/aconteceunovale.com.br\/portal\/index.php?rest_route=\/wp\/v2\/media\/168508"}],"wp:attachment":[{"href":"https:\/\/aconteceunovale.com.br\/portal\/index.php?rest_route=%2Fwp%2Fv2%2Fmedia&parent=172641"}],"wp:term":[{"taxonomy":"category","embeddable":true,"href":"https:\/\/aconteceunovale.com.br\/portal\/index.php?rest_route=%2Fwp%2Fv2%2Fcategories&post=172641"},{"taxonomy":"post_tag","embeddable":true,"href":"https:\/\/aconteceunovale.com.br\/portal\/index.php?rest_route=%2Fwp%2Fv2%2Ftags&post=172641"}],"curies":[{"name":"wp","href":"https:\/\/api.w.org\/{rel}","templated":true}]}}