{"id":172639,"date":"2021-01-21T15:33:01","date_gmt":"2021-01-21T18:33:01","guid":{"rendered":"https:\/\/aconteceunovale.com.br\/portal\/?p=172639"},"modified":"2021-01-21T15:33:54","modified_gmt":"2021-01-21T18:33:54","slug":"governo-da-india-autoriza-exportacao-de-vacina-contra-covid-19-para-o-brasil","status":"publish","type":"post","link":"https:\/\/aconteceunovale.com.br\/portal\/?p=172639","title":{"rendered":"Governo da \u00cdndia autoriza exporta\u00e7\u00e3o de vacina contra Covid-19 para o Brasil"},"content":{"rendered":"\n<p class=\"wp-block-paragraph\">O governo da \u00cdndia liberou as exporta\u00e7\u00f5es comerciais de vacinas contra a covid-19.\u00a0As\u00a0primeiras remessas ser\u00e3o enviadas na sexta-feira para Brasil e Marrocos, disse o secret\u00e1rio de Rela\u00e7\u00f5es Exteriores indiano,\u00a0Harsh Vardhan Shringla, nesta quinta-feira (21\/1\/2021) \u00e0 Reuters.<\/p>\n\n\n\n<p class=\"wp-block-paragraph\">O ministro das Comunica\u00e7\u00f5es do Brasil,&nbsp;F\u00e1bio Faria, compartilhou a informa\u00e7\u00e3o pelas redes sociais.&nbsp;<\/p>\n\n\n\n<p class=\"wp-block-paragraph\">As vacinas desenvolvidas pela farmac\u00eautica brit\u00e2nica AstraZeneca e pela Universidade de Oxford est\u00e3o sendo fabricadas no Instituto Serum da \u00cdndia, o maior produtor mundial de vacinas, que recebeu pedidos de pa\u00edses de todo o mundo.<\/p>\n\n\n\n<p class=\"wp-block-paragraph\">O governo indiano suspendeu a exporta\u00e7\u00e3o de doses at\u00e9 iniciar seu pr\u00f3prio programa de imuniza\u00e7\u00e3o no fim de semana passado. No in\u00edcio desta semana, a \u00cdndia enviou suprimentos gratuitos para pa\u00edses vizinhos, incluindo But\u00e3o, Maldivas, Bangladesh e Nepal.<\/p>\n\n\n\n<p class=\"wp-block-paragraph\">O secret\u00e1rio disse que o fornecimento comercial da vacina come\u00e7aria na sexta-feira, de acordo com o compromisso do primeiro-ministro Narendra Modi de que a capacidade de produ\u00e7\u00e3o da \u00cdndia seria usada por toda a humanidade para combater a pandemia.<\/p>\n\n\n\n<p class=\"wp-block-paragraph\">\u201cSeguindo essa vis\u00e3o, respondemos positivamente aos pedidos de fornecimento de vacinas manufaturadas indianas de pa\u00edses de todo o mundo, come\u00e7ando pelos nossos vizinhos\u201d, disse ele, referindo-se ao fornecimento gratuito.<\/p>\n\n\n\n<p class=\"wp-block-paragraph\">\u201cO fornecimento das quantidades comercialmente contratadas tamb\u00e9m come\u00e7ar\u00e1 a partir de amanh\u00e3, come\u00e7ando por Brasil e Marrocos, seguidos pela \u00c1frica do Sul e Ar\u00e1bia Saudita\u201d, acrescentou.<\/p>\n\n\n\n<h2 class=\"wp-block-heading\"><strong>Doses<\/strong><\/h2>\n\n\n\n<p class=\"wp-block-paragraph\">O ministro da Sa\u00fade, Eduardo Pazuello, declarou em entrevista coletiva na segunda-feira&nbsp;que a conclus\u00e3o da viagem para trazer um carregamento de vacinas importadas da \u00cdndia deveria ter uma resolu\u00e7\u00e3o ainda \u201cnesta semana\u201d.<\/p>\n\n\n\n<p class=\"wp-block-paragraph\">\u201cEstamos contando com essas 2 milh\u00f5es de doses para que a gente possa atender mais ainda a popula\u00e7\u00e3o\u201d, informou Pazuello na ocasi\u00e3o.<\/p>\n\n\n\n<p class=\"has-white-color has-black-background-color has-text-color has-background wp-block-paragraph\">Quer saber as not\u00edcias do <strong>Aconteceu no Vale<\/strong> em primeira m\u00e3o? Siga-nos no Facebook <a rel=\"noreferrer noopener\" href=\"http:\/\/facebook.com\/aconteceunovale\" target=\"_blank\">@aconteceunovale<\/a>, Twitter <a rel=\"noreferrer noopener\" href=\"https:\/\/twitter.com\/noticiadosvales\" target=\"_blank\">@noticiadosvales<\/a> e Instagram <a rel=\"noreferrer noopener\" href=\"https:\/\/www.instagram.com\/aconteceunovale\" target=\"_blank\">@aconteceunovale<\/a>.<\/p>\n","protected":false},"excerpt":{"rendered":"<p>O governo da \u00cdndia liberou as exporta\u00e7\u00f5es comerciais de vacinas contra a covid-19.\u00a0As\u00a0primeiras remessas ser\u00e3o enviadas na sexta-feira para Brasil e Marrocos, disse o secret\u00e1rio de Rela\u00e7\u00f5es Exteriores indiano,\u00a0Harsh Vardhan Shringla, nesta quinta-feira (21\/1\/2021) \u00e0 Reuters. O ministro das Comunica\u00e7\u00f5es do Brasil,&nbsp;F\u00e1bio Faria, compartilhou a informa\u00e7\u00e3o pelas redes sociais.&nbsp; As vacinas desenvolvidas pela farmac\u00eautica brit\u00e2nica [&hellip;]<\/p>\n","protected":false},"author":4,"featured_media":169944,"comment_status":"open","ping_status":"closed","sticky":false,"template":"","format":"standard","meta":{"amp_status":"","footnotes":""},"categories":[6,28848],"tags":[2278,234064,233064,233613,224214,224638,230835,232261,233065,233066,224211,214884,216498,233511,233181,224636,230836,230833,81258,82401,105724,224479,234065,232264,43376,124586,224213,224635,19326,224483,215653,140166,219687,224485,218365,219103,224484,224482,224481,39755,230827,230834,223374,232262,232263,224480,233612,224637,234066,225780,224212,224215,78002,80737,21730,224210,219775,230832,219773,230830,233614,230828,230831,230829,231097,47710,160110],"class_list":["post-172639","post","type-post","status-publish","format-standard","has-post-thumbnail","hentry","category-br","category-mundo","tag-anvisa","tag-anvisa-aprova-importacao-de-2-milhoes-de-doses-de-vacina-contra-covid-19","tag-anvisa-certifica-farmaceutica-que-desenvolveu-a-coronavac","tag-aprovacao-de-vacina-da-astrazeneca","tag-astrazeneca","tag-astrazeneca-brazil","tag-biontech-se","tag-butantan-inicia-producao-da-coronavac","tag-certificacao-da-coronavac","tag-certificacao-da-fabrica-da-coronavac","tag-chadox1-ncov-19","tag-coronavirus","tag-covid-19","tag-covid-19-anvisa-certifica-pfizer","tag-covid-19-imunizante-da-astrazeneca-recebe-certificacao-da-anvisa","tag-diretora-do-grupo-astrazeneca","tag-eficacia","tag-eficacia-da-vacina-da-pfizer","tag-fundacao-lemann","tag-governador-de-sao-paulo","tag-governo-brasileiro","tag-governo-brasileiro-anuncia-parceria-para-producao-de-vacina-contra-covid-19","tag-importacao-de-vacina-contra-covid-19","tag-imunizacao-contra-o-coronavirus","tag-instituto-butantan","tag-joao-doria","tag-jorge-paulo-lemann","tag-maria-augusta-bernardini","tag-ministerio-da-saude","tag-ministerio-da-saude-brasileiro-anuncia-parceria-para-producao-de-vacina-contra-covid-19","tag-novo-coronavirus","tag-pandemia","tag-pandemia-da-covid-19","tag-pandemia-da-covid-19-no-brasil","tag-pandemia-do-coronavirus","tag-pandemia-do-coronavirus-no-brasil","tag-pandemia-no-brasil","tag-parceria-para-producao-de-vacina-contra-covid-19","tag-parceria-para-vacina-contra-covid-19","tag-pfizer","tag-pfizer-conclui-testes-de-vacina-para-covid-19","tag-pfizer-inc","tag-producao-da-coronavac","tag-producao-da-coronavac-no-brasil","tag-producao-da-coronavac-no-instituto-butantan","tag-producao-de-vacina-contra-covid-19","tag-reino-unido-aprova-vacina-da-astrazeneca","tag-reino-unido-no-brasil","tag-serum-institute-of-india","tag-sinovac","tag-teste-da-vacina-chadox1-ncov-19","tag-testes-com-vacina-contra-covid-19-comecam-em-sao-paulo","tag-unifesp","tag-universidade-de-oxford","tag-vacina","tag-vacina-chadox1-ncov-19","tag-vacina-contra-coronavirus","tag-vacina-contra-coronavirus-da-pfizer","tag-vacina-contra-covid-19","tag-vacina-contra-covid-19-da-pfizer","tag-vacina-da-astrazeneca-e-aprovada-no-reino-unido","tag-vacina-da-pfizer","tag-vacina-para-coronavirus-da-pfizer","tag-vacina-para-covid-19-da-pfizer","tag-vacinacao-contra-o-coronavirus","tag-vacinas","tag-vijay-rangarajan"],"yoast_head":"<!-- This site is optimized with the Yoast SEO plugin v28.3 - https:\/\/yoast.com\/product\/yoast-seo-wordpress\/ -->\n<title>Governo da \u00cdndia autoriza exporta\u00e7\u00e3o de vacina contra Covid-19 para o Brasil - Aconteceu no Vale<\/title>\n<meta name=\"robots\" content=\"index, follow, max-snippet:-1, max-image-preview:large, max-video-preview:-1\" \/>\n<link rel=\"canonical\" href=\"https:\/\/aconteceunovale.com.br\/portal\/?p=172639\" \/>\n<meta property=\"og:locale\" content=\"pt_BR\" \/>\n<meta property=\"og:type\" content=\"article\" \/>\n<meta property=\"og:title\" content=\"Governo da \u00cdndia autoriza exporta\u00e7\u00e3o de vacina contra Covid-19 para o Brasil - Aconteceu no Vale\" \/>\n<meta property=\"og:description\" content=\"O governo da \u00cdndia liberou as exporta\u00e7\u00f5es comerciais de vacinas contra a covid-19.\u00a0As\u00a0primeiras remessas ser\u00e3o enviadas na sexta-feira para Brasil e Marrocos, disse o secret\u00e1rio de Rela\u00e7\u00f5es Exteriores indiano,\u00a0Harsh Vardhan Shringla, nesta quinta-feira (21\/1\/2021) \u00e0 Reuters. O ministro das Comunica\u00e7\u00f5es do Brasil,&nbsp;F\u00e1bio Faria, compartilhou a informa\u00e7\u00e3o pelas redes sociais.&nbsp; As vacinas desenvolvidas pela farmac\u00eautica brit\u00e2nica [&hellip;]\" \/>\n<meta property=\"og:url\" content=\"https:\/\/aconteceunovale.com.br\/portal\/?p=172639\" \/>\n<meta property=\"og:site_name\" content=\"Aconteceu no Vale\" \/>\n<meta property=\"article:publisher\" content=\"https:\/\/www.facebook.com\/aconteceunovale\/\" \/>\n<meta property=\"article:published_time\" content=\"2021-01-21T18:33:01+00:00\" \/>\n<meta property=\"article:modified_time\" content=\"2021-01-21T18:33:54+00:00\" \/>\n<meta property=\"og:image\" content=\"https:\/\/aconteceunovale.com.br\/portal\/wp-content\/uploads\/2020\/11\/vacina_oxford.jpg\" \/>\n\t<meta property=\"og:image:width\" content=\"678\" \/>\n\t<meta property=\"og:image:height\" content=\"406\" \/>\n\t<meta property=\"og:image:type\" content=\"image\/jpeg\" \/>\n<meta name=\"author\" content=\"Reda\u00e7\u00e3o Aconteceu no Vale\" \/>\n<meta name=\"twitter:card\" content=\"summary_large_image\" \/>\n<meta name=\"twitter:creator\" content=\"@noticiadosvales\" \/>\n<meta name=\"twitter:site\" content=\"@noticiadosvales\" \/>\n<meta name=\"twitter:label1\" content=\"Escrito por\" \/>\n\t<meta name=\"twitter:data1\" content=\"Reda\u00e7\u00e3o Aconteceu no Vale\" \/>\n\t<meta name=\"twitter:label2\" content=\"Est. tempo de leitura\" \/>\n\t<meta name=\"twitter:data2\" content=\"2 minutos\" \/>\n<script type=\"application\/ld+json\" class=\"yoast-schema-graph\">{\"@context\":\"https:\\\/\\\/schema.org\",\"@graph\":[{\"@type\":\"Article\",\"@id\":\"https:\\\/\\\/aconteceunovale.com.br\\\/portal\\\/?p=172639#article\",\"isPartOf\":{\"@id\":\"https:\\\/\\\/aconteceunovale.com.br\\\/portal\\\/?p=172639\"},\"author\":{\"name\":\"Reda\u00e7\u00e3o Aconteceu no Vale\",\"@id\":\"https:\\\/\\\/aconteceunovale.com.br\\\/portal\\\/#\\\/schema\\\/person\\\/7d2f26d1483f8a63de73da1ee0754d35\"},\"headline\":\"Governo da \u00cdndia autoriza exporta\u00e7\u00e3o de vacina contra Covid-19 para o Brasil\",\"datePublished\":\"2021-01-21T18:33:01+00:00\",\"dateModified\":\"2021-01-21T18:33:54+00:00\",\"mainEntityOfPage\":{\"@id\":\"https:\\\/\\\/aconteceunovale.com.br\\\/portal\\\/?p=172639\"},\"wordCount\":344,\"commentCount\":0,\"image\":{\"@id\":\"https:\\\/\\\/aconteceunovale.com.br\\\/portal\\\/?p=172639#primaryimage\"},\"thumbnailUrl\":\"https:\\\/\\\/aconteceunovale.com.br\\\/portal\\\/wp-content\\\/uploads\\\/2020\\\/11\\\/vacina_oxford.jpg\",\"keywords\":[\"Anvisa\",\"Anvisa aprova importa\u00e7\u00e3o de 2 milh\u00f5es de doses de vacina contra Covid-19\",\"Anvisa certifica farmac\u00eautica que desenvolveu a CoronaVac\",\"Aprova\u00e7\u00e3o de vacina da AstraZeneca\",\"AstraZeneca\",\"AstraZeneca Brazil\",\"BioNTech SE\",\"Butantan inicia produ\u00e7\u00e3o da CoronaVac\",\"Certifica\u00e7\u00e3o da Coronavac\",\"Certifica\u00e7\u00e3o da f\u00e1brica da Coronavac\",\"ChAdOx1 nCoV-19\",\"Coronav\u00edrus\",\"COVID-19\",\"Covid-19: Anvisa certifica Pfizer\",\"Covid-19: imunizante da AstraZeneca recebe certifica\u00e7\u00e3o da Anvisa\",\"Diretora do grupo Astrazeneca\",\"Efic\u00e1cia\",\"Efic\u00e1cia da vacina da Pfizer\",\"Funda\u00e7\u00e3o Lemann\",\"governador de S\u00e3o Paulo\",\"governo brasileiro\",\"Governo brasileiro anuncia parceria para produ\u00e7\u00e3o de vacina contra Covid-19\",\"Importa\u00e7\u00e3o de vacina contra covid-19\",\"Imuniza\u00e7\u00e3o contra o coronav\u00edrus\",\"Instituto Butantan\",\"Jo\u00e3o D\u00f3ria\",\"Jorge Paulo Lemann\",\"Maria Augusta Bernardini\",\"Minist\u00e9rio da Sa\u00fade\",\"Minist\u00e9rio da Sa\u00fade brasileiro anuncia parceria para produ\u00e7\u00e3o de vacina contra Covid-19\",\"Novo coronav\u00edrus\",\"pandemia\",\"Pandemia da covid-19\",\"Pandemia da Covid-19 no Brasil\",\"Pandemia do coronav\u00edrus\",\"Pandemia do coronav\u00edrus no Brasil\",\"Pandemia no Brasil\",\"Parceria para produ\u00e7\u00e3o de vacina contra Covid-19\",\"Parceria para vacina contra Covid-19\",\"Pfizer\",\"Pfizer conclui testes de vacina para Covid-19\",\"Pfizer Inc\",\"Produ\u00e7\u00e3o da CoronaVac\",\"Produ\u00e7\u00e3o da CoronaVac no Brasil\",\"Produ\u00e7\u00e3o da CoronaVac no Instituto Butantan\",\"Produ\u00e7\u00e3o de vacina contra Covid-19\",\"Reino Unido aprova vacina da AstraZeneca\",\"Reino Unido no Brasil\",\"Serum Institute of India\",\"Sinovac\",\"Teste da Vacina ChAdOx1 nCoV-19\",\"Testes com vacina contra Covid-19 come\u00e7am em S\u00e3o Paulo\",\"Unifesp\",\"Universidade de Oxford\",\"vacina\",\"Vacina ChAdOx1 nCoV-19\",\"Vacina contra coronav\u00edrus\",\"Vacina contra coronav\u00edrus da Pfizer\",\"Vacina contra covid-19\",\"Vacina contra covid-19 da Pfizer\",\"Vacina da AstraZeneca \u00e9 aprovada no Reino Unido\",\"Vacina da Pfizer\",\"Vacina para coronav\u00edrus da Pfizer\",\"Vacina para covid-19 da Pfizer\",\"Vacina\u00e7\u00e3o contra o coronav\u00edrus\",\"vacinas\",\"Vijay Rangarajan\"],\"articleSection\":[\"Brasil\",\"Mundo\"],\"inLanguage\":\"pt-BR\",\"potentialAction\":[{\"@type\":\"CommentAction\",\"name\":\"Comment\",\"target\":[\"https:\\\/\\\/aconteceunovale.com.br\\\/portal\\\/?p=172639#respond\"]}]},{\"@type\":\"WebPage\",\"@id\":\"https:\\\/\\\/aconteceunovale.com.br\\\/portal\\\/?p=172639\",\"url\":\"https:\\\/\\\/aconteceunovale.com.br\\\/portal\\\/?p=172639\",\"name\":\"Governo da \u00cdndia autoriza exporta\u00e7\u00e3o de vacina contra Covid-19 para o Brasil - Aconteceu no Vale\",\"isPartOf\":{\"@id\":\"https:\\\/\\\/aconteceunovale.com.br\\\/portal\\\/#website\"},\"primaryImageOfPage\":{\"@id\":\"https:\\\/\\\/aconteceunovale.com.br\\\/portal\\\/?p=172639#primaryimage\"},\"image\":{\"@id\":\"https:\\\/\\\/aconteceunovale.com.br\\\/portal\\\/?p=172639#primaryimage\"},\"thumbnailUrl\":\"https:\\\/\\\/aconteceunovale.com.br\\\/portal\\\/wp-content\\\/uploads\\\/2020\\\/11\\\/vacina_oxford.jpg\",\"datePublished\":\"2021-01-21T18:33:01+00:00\",\"dateModified\":\"2021-01-21T18:33:54+00:00\",\"author\":{\"@id\":\"https:\\\/\\\/aconteceunovale.com.br\\\/portal\\\/#\\\/schema\\\/person\\\/7d2f26d1483f8a63de73da1ee0754d35\"},\"breadcrumb\":{\"@id\":\"https:\\\/\\\/aconteceunovale.com.br\\\/portal\\\/?p=172639#breadcrumb\"},\"inLanguage\":\"pt-BR\",\"potentialAction\":[{\"@type\":\"ReadAction\",\"target\":[\"https:\\\/\\\/aconteceunovale.com.br\\\/portal\\\/?p=172639\"]}]},{\"@type\":\"ImageObject\",\"inLanguage\":\"pt-BR\",\"@id\":\"https:\\\/\\\/aconteceunovale.com.br\\\/portal\\\/?p=172639#primaryimage\",\"url\":\"https:\\\/\\\/aconteceunovale.com.br\\\/portal\\\/wp-content\\\/uploads\\\/2020\\\/11\\\/vacina_oxford.jpg\",\"contentUrl\":\"https:\\\/\\\/aconteceunovale.com.br\\\/portal\\\/wp-content\\\/uploads\\\/2020\\\/11\\\/vacina_oxford.jpg\",\"width\":678,\"height\":406,\"caption\":\"Foto: REUTERS\\\/Dado Ruvic\\\/Reprodu\u00e7\u00e3o Ag\u00eancia Brasil\"},{\"@type\":\"BreadcrumbList\",\"@id\":\"https:\\\/\\\/aconteceunovale.com.br\\\/portal\\\/?p=172639#breadcrumb\",\"itemListElement\":[{\"@type\":\"ListItem\",\"position\":1,\"name\":\"In\u00edcio\",\"item\":\"https:\\\/\\\/aconteceunovale.com.br\\\/portal\\\/\"},{\"@type\":\"ListItem\",\"position\":2,\"name\":\"Governo da \u00cdndia autoriza exporta\u00e7\u00e3o de vacina contra Covid-19 para o Brasil\"}]},{\"@type\":\"WebSite\",\"@id\":\"https:\\\/\\\/aconteceunovale.com.br\\\/portal\\\/#website\",\"url\":\"https:\\\/\\\/aconteceunovale.com.br\\\/portal\\\/\",\"name\":\"Aconteceu no Vale\",\"description\":\"Portal de Not\u00edcias\",\"potentialAction\":[{\"@type\":\"SearchAction\",\"target\":{\"@type\":\"EntryPoint\",\"urlTemplate\":\"https:\\\/\\\/aconteceunovale.com.br\\\/portal\\\/?s={search_term_string}\"},\"query-input\":{\"@type\":\"PropertyValueSpecification\",\"valueRequired\":true,\"valueName\":\"search_term_string\"}}],\"inLanguage\":\"pt-BR\"},{\"@type\":\"Person\",\"@id\":\"https:\\\/\\\/aconteceunovale.com.br\\\/portal\\\/#\\\/schema\\\/person\\\/7d2f26d1483f8a63de73da1ee0754d35\",\"name\":\"Reda\u00e7\u00e3o Aconteceu no Vale\",\"description\":\"Equipe de reportagem do Aconteceu no Vale, portal de not\u00edcias do Vale do Jequitinhonha, em Minas Gerais. Cobrimos as 51 cidades do Vale desde 2013. Sugest\u00f5es de pauta e pedidos de corre\u00e7\u00e3o: contato@aconteceunovale.com.br\",\"url\":\"https:\\\/\\\/aconteceunovale.com.br\\\/portal\\\/?author=4\"}]}<\/script>\n<!-- \/ Yoast SEO plugin. -->","yoast_head_json":{"title":"Governo da \u00cdndia autoriza exporta\u00e7\u00e3o de vacina contra Covid-19 para o Brasil - Aconteceu no Vale","robots":{"index":"index","follow":"follow","max-snippet":"max-snippet:-1","max-image-preview":"max-image-preview:large","max-video-preview":"max-video-preview:-1"},"canonical":"https:\/\/aconteceunovale.com.br\/portal\/?p=172639","og_locale":"pt_BR","og_type":"article","og_title":"Governo da \u00cdndia autoriza exporta\u00e7\u00e3o de vacina contra Covid-19 para o Brasil - Aconteceu no Vale","og_description":"O governo da \u00cdndia liberou as exporta\u00e7\u00f5es comerciais de vacinas contra a covid-19.\u00a0As\u00a0primeiras remessas ser\u00e3o enviadas na sexta-feira para Brasil e Marrocos, disse o secret\u00e1rio de Rela\u00e7\u00f5es Exteriores indiano,\u00a0Harsh Vardhan Shringla, nesta quinta-feira (21\/1\/2021) \u00e0 Reuters. O ministro das Comunica\u00e7\u00f5es do Brasil,&nbsp;F\u00e1bio Faria, compartilhou a informa\u00e7\u00e3o pelas redes sociais.&nbsp; As vacinas desenvolvidas pela farmac\u00eautica brit\u00e2nica [&hellip;]","og_url":"https:\/\/aconteceunovale.com.br\/portal\/?p=172639","og_site_name":"Aconteceu no Vale","article_publisher":"https:\/\/www.facebook.com\/aconteceunovale\/","article_published_time":"2021-01-21T18:33:01+00:00","article_modified_time":"2021-01-21T18:33:54+00:00","og_image":[{"width":678,"height":406,"url":"https:\/\/aconteceunovale.com.br\/portal\/wp-content\/uploads\/2020\/11\/vacina_oxford.jpg","type":"image\/jpeg"}],"author":"Reda\u00e7\u00e3o Aconteceu no Vale","twitter_card":"summary_large_image","twitter_creator":"@noticiadosvales","twitter_site":"@noticiadosvales","twitter_misc":{"Escrito por":"Reda\u00e7\u00e3o Aconteceu no Vale","Est. tempo de leitura":"2 minutos"},"schema":{"@context":"https:\/\/schema.org","@graph":[{"@type":"Article","@id":"https:\/\/aconteceunovale.com.br\/portal\/?p=172639#article","isPartOf":{"@id":"https:\/\/aconteceunovale.com.br\/portal\/?p=172639"},"author":{"name":"Reda\u00e7\u00e3o Aconteceu no Vale","@id":"https:\/\/aconteceunovale.com.br\/portal\/#\/schema\/person\/7d2f26d1483f8a63de73da1ee0754d35"},"headline":"Governo da \u00cdndia autoriza exporta\u00e7\u00e3o de vacina contra Covid-19 para o Brasil","datePublished":"2021-01-21T18:33:01+00:00","dateModified":"2021-01-21T18:33:54+00:00","mainEntityOfPage":{"@id":"https:\/\/aconteceunovale.com.br\/portal\/?p=172639"},"wordCount":344,"commentCount":0,"image":{"@id":"https:\/\/aconteceunovale.com.br\/portal\/?p=172639#primaryimage"},"thumbnailUrl":"https:\/\/aconteceunovale.com.br\/portal\/wp-content\/uploads\/2020\/11\/vacina_oxford.jpg","keywords":["Anvisa","Anvisa aprova importa\u00e7\u00e3o de 2 milh\u00f5es de doses de vacina contra Covid-19","Anvisa certifica farmac\u00eautica que desenvolveu a CoronaVac","Aprova\u00e7\u00e3o de vacina da AstraZeneca","AstraZeneca","AstraZeneca Brazil","BioNTech SE","Butantan inicia produ\u00e7\u00e3o da CoronaVac","Certifica\u00e7\u00e3o da Coronavac","Certifica\u00e7\u00e3o da f\u00e1brica da Coronavac","ChAdOx1 nCoV-19","Coronav\u00edrus","COVID-19","Covid-19: Anvisa certifica Pfizer","Covid-19: imunizante da AstraZeneca recebe certifica\u00e7\u00e3o da Anvisa","Diretora do grupo Astrazeneca","Efic\u00e1cia","Efic\u00e1cia da vacina da Pfizer","Funda\u00e7\u00e3o Lemann","governador de S\u00e3o Paulo","governo brasileiro","Governo brasileiro anuncia parceria para produ\u00e7\u00e3o de vacina contra Covid-19","Importa\u00e7\u00e3o de vacina contra covid-19","Imuniza\u00e7\u00e3o contra o coronav\u00edrus","Instituto Butantan","Jo\u00e3o D\u00f3ria","Jorge Paulo Lemann","Maria Augusta Bernardini","Minist\u00e9rio da Sa\u00fade","Minist\u00e9rio da Sa\u00fade brasileiro anuncia parceria para produ\u00e7\u00e3o de vacina contra Covid-19","Novo coronav\u00edrus","pandemia","Pandemia da covid-19","Pandemia da Covid-19 no Brasil","Pandemia do coronav\u00edrus","Pandemia do coronav\u00edrus no Brasil","Pandemia no Brasil","Parceria para produ\u00e7\u00e3o de vacina contra Covid-19","Parceria para vacina contra Covid-19","Pfizer","Pfizer conclui testes de vacina para Covid-19","Pfizer Inc","Produ\u00e7\u00e3o da CoronaVac","Produ\u00e7\u00e3o da CoronaVac no Brasil","Produ\u00e7\u00e3o da CoronaVac no Instituto Butantan","Produ\u00e7\u00e3o de vacina contra Covid-19","Reino Unido aprova vacina da AstraZeneca","Reino Unido no Brasil","Serum Institute of India","Sinovac","Teste da Vacina ChAdOx1 nCoV-19","Testes com vacina contra Covid-19 come\u00e7am em S\u00e3o Paulo","Unifesp","Universidade de Oxford","vacina","Vacina ChAdOx1 nCoV-19","Vacina contra coronav\u00edrus","Vacina contra coronav\u00edrus da Pfizer","Vacina contra covid-19","Vacina contra covid-19 da Pfizer","Vacina da AstraZeneca \u00e9 aprovada no Reino Unido","Vacina da Pfizer","Vacina para coronav\u00edrus da Pfizer","Vacina para covid-19 da Pfizer","Vacina\u00e7\u00e3o contra o coronav\u00edrus","vacinas","Vijay Rangarajan"],"articleSection":["Brasil","Mundo"],"inLanguage":"pt-BR","potentialAction":[{"@type":"CommentAction","name":"Comment","target":["https:\/\/aconteceunovale.com.br\/portal\/?p=172639#respond"]}]},{"@type":"WebPage","@id":"https:\/\/aconteceunovale.com.br\/portal\/?p=172639","url":"https:\/\/aconteceunovale.com.br\/portal\/?p=172639","name":"Governo da \u00cdndia autoriza exporta\u00e7\u00e3o de vacina contra Covid-19 para o Brasil - Aconteceu no Vale","isPartOf":{"@id":"https:\/\/aconteceunovale.com.br\/portal\/#website"},"primaryImageOfPage":{"@id":"https:\/\/aconteceunovale.com.br\/portal\/?p=172639#primaryimage"},"image":{"@id":"https:\/\/aconteceunovale.com.br\/portal\/?p=172639#primaryimage"},"thumbnailUrl":"https:\/\/aconteceunovale.com.br\/portal\/wp-content\/uploads\/2020\/11\/vacina_oxford.jpg","datePublished":"2021-01-21T18:33:01+00:00","dateModified":"2021-01-21T18:33:54+00:00","author":{"@id":"https:\/\/aconteceunovale.com.br\/portal\/#\/schema\/person\/7d2f26d1483f8a63de73da1ee0754d35"},"breadcrumb":{"@id":"https:\/\/aconteceunovale.com.br\/portal\/?p=172639#breadcrumb"},"inLanguage":"pt-BR","potentialAction":[{"@type":"ReadAction","target":["https:\/\/aconteceunovale.com.br\/portal\/?p=172639"]}]},{"@type":"ImageObject","inLanguage":"pt-BR","@id":"https:\/\/aconteceunovale.com.br\/portal\/?p=172639#primaryimage","url":"https:\/\/aconteceunovale.com.br\/portal\/wp-content\/uploads\/2020\/11\/vacina_oxford.jpg","contentUrl":"https:\/\/aconteceunovale.com.br\/portal\/wp-content\/uploads\/2020\/11\/vacina_oxford.jpg","width":678,"height":406,"caption":"Foto: REUTERS\/Dado Ruvic\/Reprodu\u00e7\u00e3o Ag\u00eancia Brasil"},{"@type":"BreadcrumbList","@id":"https:\/\/aconteceunovale.com.br\/portal\/?p=172639#breadcrumb","itemListElement":[{"@type":"ListItem","position":1,"name":"In\u00edcio","item":"https:\/\/aconteceunovale.com.br\/portal\/"},{"@type":"ListItem","position":2,"name":"Governo da \u00cdndia autoriza exporta\u00e7\u00e3o de vacina contra Covid-19 para o Brasil"}]},{"@type":"WebSite","@id":"https:\/\/aconteceunovale.com.br\/portal\/#website","url":"https:\/\/aconteceunovale.com.br\/portal\/","name":"Aconteceu no Vale","description":"Portal de Not\u00edcias","potentialAction":[{"@type":"SearchAction","target":{"@type":"EntryPoint","urlTemplate":"https:\/\/aconteceunovale.com.br\/portal\/?s={search_term_string}"},"query-input":{"@type":"PropertyValueSpecification","valueRequired":true,"valueName":"search_term_string"}}],"inLanguage":"pt-BR"},{"@type":"Person","@id":"https:\/\/aconteceunovale.com.br\/portal\/#\/schema\/person\/7d2f26d1483f8a63de73da1ee0754d35","name":"Reda\u00e7\u00e3o Aconteceu no Vale","description":"Equipe de reportagem do Aconteceu no Vale, portal de not\u00edcias do Vale do Jequitinhonha, em Minas Gerais. Cobrimos as 51 cidades do Vale desde 2013. Sugest\u00f5es de pauta e pedidos de corre\u00e7\u00e3o: contato@aconteceunovale.com.br","url":"https:\/\/aconteceunovale.com.br\/portal\/?author=4"}]}},"_links":{"self":[{"href":"https:\/\/aconteceunovale.com.br\/portal\/index.php?rest_route=\/wp\/v2\/posts\/172639","targetHints":{"allow":["GET"]}}],"collection":[{"href":"https:\/\/aconteceunovale.com.br\/portal\/index.php?rest_route=\/wp\/v2\/posts"}],"about":[{"href":"https:\/\/aconteceunovale.com.br\/portal\/index.php?rest_route=\/wp\/v2\/types\/post"}],"author":[{"embeddable":true,"href":"https:\/\/aconteceunovale.com.br\/portal\/index.php?rest_route=\/wp\/v2\/users\/4"}],"replies":[{"embeddable":true,"href":"https:\/\/aconteceunovale.com.br\/portal\/index.php?rest_route=%2Fwp%2Fv2%2Fcomments&post=172639"}],"version-history":[{"count":1,"href":"https:\/\/aconteceunovale.com.br\/portal\/index.php?rest_route=\/wp\/v2\/posts\/172639\/revisions"}],"predecessor-version":[{"id":172640,"href":"https:\/\/aconteceunovale.com.br\/portal\/index.php?rest_route=\/wp\/v2\/posts\/172639\/revisions\/172640"}],"wp:featuredmedia":[{"embeddable":true,"href":"https:\/\/aconteceunovale.com.br\/portal\/index.php?rest_route=\/wp\/v2\/media\/169944"}],"wp:attachment":[{"href":"https:\/\/aconteceunovale.com.br\/portal\/index.php?rest_route=%2Fwp%2Fv2%2Fmedia&parent=172639"}],"wp:term":[{"taxonomy":"category","embeddable":true,"href":"https:\/\/aconteceunovale.com.br\/portal\/index.php?rest_route=%2Fwp%2Fv2%2Fcategories&post=172639"},{"taxonomy":"post_tag","embeddable":true,"href":"https:\/\/aconteceunovale.com.br\/portal\/index.php?rest_route=%2Fwp%2Fv2%2Ftags&post=172639"}],"curies":[{"name":"wp","href":"https:\/\/api.w.org\/{rel}","templated":true}]}}