{"id":172636,"date":"2021-01-21T15:23:43","date_gmt":"2021-01-21T18:23:43","guid":{"rendered":"https:\/\/aconteceunovale.com.br\/portal\/?p=172636"},"modified":"2021-01-21T15:25:13","modified_gmt":"2021-01-21T18:25:13","slug":"paes-diz-que-rio-de-janeiro-nao-tera-carnaval-em-julho","status":"publish","type":"post","link":"https:\/\/aconteceunovale.com.br\/portal\/?p=172636","title":{"rendered":"Paes diz que Rio de Janeiro n\u00e3o ter\u00e1 carnaval em julho"},"content":{"rendered":"\n<p class=\"wp-block-paragraph\">O prefeito do Rio de Janeiro, Eduardo Paes, decidiu suspender o carnaval fora de \u00e9poca que havia sido planejado para julho. A cria\u00e7\u00e3o de um carnaval anual no in\u00edcio do segundo semestre foi aprovada pela Assembleia Legislativa do Estado do Rio de Janeiro e sancionada pelo governador em exerc\u00edcio, Claudio Castro.<\/p>\n\n\n\n<p class=\"wp-block-paragraph\">A decis\u00e3o da Prefeitura do Rio de Janeiro foi anunciada na tarde de hoje (21\/1\/2021), no perfil de Eduardo Paes no&nbsp;<a href=\"https:\/\/mobile.twitter.com\/eduardopaes_\/status\/1352285824872837120\" target=\"_blank\" rel=\"noreferrer noopener\"><strong>Twitter<\/strong><\/a>:<\/p>\n\n\n\n<p class=\"wp-block-paragraph\">\u201cNunca escondi minha paix\u00e3o pelo carnaval e a vis\u00e3o clara que tenho da import\u00e2ncia econ\u00f4mica dessa manifesta\u00e7\u00e3o cultural para nossa cidade. No entanto, me parece sem qq [qualquer] sentido imaginar a essa altura que teremos condi\u00e7\u00f5es de realizar o carnaval em julho\u201d, disse Paes.<\/p>\n\n\n\n<figure class=\"wp-block-gallery columns-1 is-cropped wp-block-gallery-1 is-layout-flex wp-block-gallery-is-layout-flex\"><ul class=\"blocks-gallery-grid\"><li class=\"blocks-gallery-item\"><figure><img loading=\"lazy\" decoding=\"async\" width=\"678\" height=\"406\" src=\"https:\/\/aconteceunovale.com.br\/portal\/wp-content\/uploads\/2021\/01\/carnaval_rio.jpg\" alt=\"\" data-id=\"172637\" data-full-url=\"https:\/\/aconteceunovale.com.br\/portal\/wp-content\/uploads\/2021\/01\/carnaval_rio.jpg\" data-link=\"https:\/\/aconteceunovale.com.br\/portal\/?attachment_id=172637\" class=\"wp-image-172637\" srcset=\"https:\/\/aconteceunovale.com.br\/portal\/wp-content\/uploads\/2021\/01\/carnaval_rio.jpg 678w, https:\/\/aconteceunovale.com.br\/portal\/wp-content\/uploads\/2021\/01\/carnaval_rio-300x180.jpg 300w\" sizes=\"auto, (max-width: 678px) 100vw, 678px\" \/><figcaption class=\"blocks-gallery-item__caption\"><em>Desfile na Marqu\u00eas de Sapuca\u00ed (Foto: Fernando Fraz\u00e3o\/Ag\u00eancia Brasil)<\/em><\/figcaption><\/figure><\/li><\/ul><\/figure>\n\n\n\n<p class=\"wp-block-paragraph\">Paes explicou que o carnaval exige uma grande prepara\u00e7\u00e3o por parte dos \u00f3rg\u00e3os p\u00fablicos e das agremia\u00e7\u00f5es e institui\u00e7\u00f5es ligadas ao samba, o que ele n\u00e3o considera poss\u00edvel fazer nesse momento.&nbsp;&nbsp;<\/p>\n\n\n\n<p class=\"wp-block-paragraph\">&#8220;Dessa forma, gostaria de informar que n\u00e3o teremos carnaval no meio do ano em 2021&#8243;, disse o prefeito, que completou: \u201ccertamente em 2022 poderemos (todos devidamente vacinados) celebrar a vida e nossa cultura com toda a intensidade que merecemos&#8221;.<\/p>\n\n\n\n<p class=\"wp-block-paragraph\">O projeto que prev\u00ea a realiza\u00e7\u00e3o anual de um carnaval fora de \u00e9poca em julho foi sancionado na semana passada pelo governo do estado, que ainda n\u00e3o definiu a data da celebra\u00e7\u00e3o. Na \u00e9poca, o governo esclareceu que a lei visa a estimular o turismo, o lazer e a economia, mas apenas possibilita que o evento seja realizado, o que ir\u00e1 depender das recomenda\u00e7\u00f5es das autoridades sanit\u00e1rias.<\/p>\n\n\n\n<p class=\"wp-block-paragraph\">A celebra\u00e7\u00e3o foi batizada de CarnaRio e, segundo a lei, a organiza\u00e7\u00e3o deve ser discutida entre a Secretaria de Estado de Cultura, as ligas de Escolas de Samba, agremia\u00e7\u00f5es e blocos carnavalescos.<\/p>\n\n\n\n<p class=\"wp-block-paragraph\">Antes da aprova\u00e7\u00e3o da lei, o adiamento do carnaval para julho j\u00e1 havia sido anunciado pela Liga Independente das Escolas de Samba (Liesa) e por grupos que representam blocos de carnaval tradicionais da cidade. As escolas de samba do grupo especial j\u00e1 haviam sorteado a ordem dos desfiles, que estavam previstos para ocorrer nos dias 11 (domingo) e 12 (segunda) de julho.<\/p>\n\n\n\n<p class=\"wp-block-paragraph\">Apesar disso, o presidente da Liesa, Jorge Castanheira, havia reiterado, em dezembro, que a vacina\u00e7\u00e3o da popula\u00e7\u00e3o contra a covid-19 seria fundamental para a realiza\u00e7\u00e3o do evento.<\/p>\n\n\n\n<p class=\"has-white-color has-black-background-color has-text-color has-background wp-block-paragraph\">Quer saber as not\u00edcias do <strong>Aconteceu no Vale<\/strong> em primeira m\u00e3o? Siga-nos no Facebook <a rel=\"noreferrer noopener\" href=\"http:\/\/facebook.com\/aconteceunovale\" target=\"_blank\">@aconteceunovale<\/a>, Twitter <a rel=\"noreferrer noopener\" href=\"https:\/\/twitter.com\/noticiadosvales\" target=\"_blank\">@noticiadosvales<\/a> e Instagram <a rel=\"noreferrer noopener\" href=\"https:\/\/www.instagram.com\/aconteceunovale\" target=\"_blank\">@aconteceunovale<\/a>.<\/p>\n","protected":false},"excerpt":{"rendered":"<p>O prefeito do Rio de Janeiro, Eduardo Paes, decidiu suspender o carnaval fora de \u00e9poca que havia sido planejado para julho. A cria\u00e7\u00e3o de um carnaval anual no in\u00edcio do segundo semestre foi aprovada pela Assembleia Legislativa do Estado do Rio de Janeiro e sancionada pelo governador em exerc\u00edcio, Claudio Castro. A decis\u00e3o da Prefeitura [&hellip;]<\/p>\n","protected":false},"author":4,"featured_media":172637,"comment_status":"open","ping_status":"closed","sticky":false,"template":"","format":"standard","meta":{"amp_status":"","footnotes":""},"categories":[6,125],"tags":[196620,234957,234963,33610,196656,234959,234962,234964,234958,234961,206577,92108,234956,196630,196621,234960,196660,76871,196634,196626,117150,117160,112946,1104,140147,196623,196622,196631,105293],"class_list":["post-172636","post","type-post","status-publish","format-standard","has-post-thumbnail","hentry","category-br","category-noticias","tag-beija-flor-de-nilopolis","tag-carnario","tag-carnaval-de-olinda","tag-carnaval-de-salvador","tag-carnaval-do-rio","tag-carnaval-do-rio-em-julho","tag-carnaval-em-pernambuco","tag-carnaval-em-recife","tag-carnaval-fora-de-epoca-no-rio","tag-carnaval-na-bahia","tag-claudio-castro","tag-eduardo-paes","tag-governo-do-rio-cria-carnaval-no-mes-de-julho","tag-grande-rio","tag-imperatriz-leopoldinense","tag-jorge-castanheira","tag-liesa","tag-mangueira","tag-mocidade","tag-paraiso-do-tuiuti","tag-portela","tag-prefeito-do-rio","tag-prefeito-do-rio-de-janeiro","tag-rio-de-janeiro","tag-salgueiro","tag-sao-clemente","tag-unidos-da-tijuca","tag-vila-isabel","tag-viradouro"],"yoast_head":"<!-- This site is optimized with the Yoast SEO plugin v28.3 - https:\/\/yoast.com\/product\/yoast-seo-wordpress\/ -->\n<title>Paes diz que Rio de Janeiro n\u00e3o ter\u00e1 carnaval em julho - Aconteceu no Vale<\/title>\n<meta name=\"robots\" content=\"index, follow, max-snippet:-1, max-image-preview:large, max-video-preview:-1\" \/>\n<link rel=\"canonical\" href=\"https:\/\/aconteceunovale.com.br\/portal\/?p=172636\" \/>\n<meta property=\"og:locale\" content=\"pt_BR\" \/>\n<meta property=\"og:type\" content=\"article\" \/>\n<meta property=\"og:title\" content=\"Paes diz que Rio de Janeiro n\u00e3o ter\u00e1 carnaval em julho - Aconteceu no Vale\" \/>\n<meta property=\"og:description\" content=\"O prefeito do Rio de Janeiro, Eduardo Paes, decidiu suspender o carnaval fora de \u00e9poca que havia sido planejado para julho. A cria\u00e7\u00e3o de um carnaval anual no in\u00edcio do segundo semestre foi aprovada pela Assembleia Legislativa do Estado do Rio de Janeiro e sancionada pelo governador em exerc\u00edcio, Claudio Castro. A decis\u00e3o da Prefeitura [&hellip;]\" \/>\n<meta property=\"og:url\" content=\"https:\/\/aconteceunovale.com.br\/portal\/?p=172636\" \/>\n<meta property=\"og:site_name\" content=\"Aconteceu no Vale\" \/>\n<meta property=\"article:publisher\" content=\"https:\/\/www.facebook.com\/aconteceunovale\/\" \/>\n<meta property=\"article:published_time\" content=\"2021-01-21T18:23:43+00:00\" \/>\n<meta property=\"article:modified_time\" content=\"2021-01-21T18:25:13+00:00\" \/>\n<meta property=\"og:image\" content=\"https:\/\/aconteceunovale.com.br\/portal\/wp-content\/uploads\/2021\/01\/carnaval_rio.jpg\" \/>\n\t<meta property=\"og:image:width\" content=\"678\" \/>\n\t<meta property=\"og:image:height\" content=\"406\" \/>\n\t<meta property=\"og:image:type\" content=\"image\/jpeg\" \/>\n<meta name=\"author\" content=\"Reda\u00e7\u00e3o Aconteceu no Vale\" \/>\n<meta name=\"twitter:card\" content=\"summary_large_image\" \/>\n<meta name=\"twitter:creator\" content=\"@noticiadosvales\" \/>\n<meta name=\"twitter:site\" content=\"@noticiadosvales\" \/>\n<meta name=\"twitter:label1\" content=\"Escrito por\" \/>\n\t<meta name=\"twitter:data1\" content=\"Reda\u00e7\u00e3o Aconteceu no Vale\" \/>\n\t<meta name=\"twitter:label2\" content=\"Est. tempo de leitura\" \/>\n\t<meta name=\"twitter:data2\" content=\"2 minutos\" \/>\n<script type=\"application\/ld+json\" class=\"yoast-schema-graph\">{\"@context\":\"https:\\\/\\\/schema.org\",\"@graph\":[{\"@type\":\"Article\",\"@id\":\"https:\\\/\\\/aconteceunovale.com.br\\\/portal\\\/?p=172636#article\",\"isPartOf\":{\"@id\":\"https:\\\/\\\/aconteceunovale.com.br\\\/portal\\\/?p=172636\"},\"author\":{\"name\":\"Reda\u00e7\u00e3o Aconteceu no Vale\",\"@id\":\"https:\\\/\\\/aconteceunovale.com.br\\\/portal\\\/#\\\/schema\\\/person\\\/7d2f26d1483f8a63de73da1ee0754d35\"},\"headline\":\"Paes diz que Rio de Janeiro n\u00e3o ter\u00e1 carnaval em julho\",\"datePublished\":\"2021-01-21T18:23:43+00:00\",\"dateModified\":\"2021-01-21T18:25:13+00:00\",\"mainEntityOfPage\":{\"@id\":\"https:\\\/\\\/aconteceunovale.com.br\\\/portal\\\/?p=172636\"},\"wordCount\":450,\"commentCount\":0,\"image\":{\"@id\":\"https:\\\/\\\/aconteceunovale.com.br\\\/portal\\\/?p=172636#primaryimage\"},\"thumbnailUrl\":\"https:\\\/\\\/aconteceunovale.com.br\\\/portal\\\/wp-content\\\/uploads\\\/2021\\\/01\\\/carnaval_rio.jpg\",\"keywords\":[\"Beija-Flor de Nil\u00f3polis\",\"CarnaRio\",\"Carnaval de Olinda\",\"Carnaval de Salvador\",\"Carnaval do Rio\",\"Carnaval do Rio em julho\",\"Carnaval em Pernambuco\",\"Carnaval em Recife\",\"Carnaval fora de \u00e9poca no Rio\",\"Carnaval na Bahia\",\"Cl\u00e1udio Castro\",\"Eduardo Paes\",\"Governo do Rio cria carnaval no m\u00eas de julho\",\"Grande Rio\",\"Imperatriz Leopoldinense\",\"Jorge Castanheira\",\"LIESA\",\"Mangueira\",\"Mocidade\",\"Para\u00edso do Tuiuti\",\"Portela\",\"prefeito do Rio\",\"prefeito do Rio de Janeiro\",\"Rio de Janeiro\",\"Salgueiro\",\"S\u00e3o Clemente\",\"Unidos da Tijuca\",\"Vila Isabel\",\"Viradouro\"],\"articleSection\":[\"Brasil\",\"Eventos\"],\"inLanguage\":\"pt-BR\",\"potentialAction\":[{\"@type\":\"CommentAction\",\"name\":\"Comment\",\"target\":[\"https:\\\/\\\/aconteceunovale.com.br\\\/portal\\\/?p=172636#respond\"]}]},{\"@type\":\"WebPage\",\"@id\":\"https:\\\/\\\/aconteceunovale.com.br\\\/portal\\\/?p=172636\",\"url\":\"https:\\\/\\\/aconteceunovale.com.br\\\/portal\\\/?p=172636\",\"name\":\"Paes diz que Rio de Janeiro n\u00e3o ter\u00e1 carnaval em julho - Aconteceu no Vale\",\"isPartOf\":{\"@id\":\"https:\\\/\\\/aconteceunovale.com.br\\\/portal\\\/#website\"},\"primaryImageOfPage\":{\"@id\":\"https:\\\/\\\/aconteceunovale.com.br\\\/portal\\\/?p=172636#primaryimage\"},\"image\":{\"@id\":\"https:\\\/\\\/aconteceunovale.com.br\\\/portal\\\/?p=172636#primaryimage\"},\"thumbnailUrl\":\"https:\\\/\\\/aconteceunovale.com.br\\\/portal\\\/wp-content\\\/uploads\\\/2021\\\/01\\\/carnaval_rio.jpg\",\"datePublished\":\"2021-01-21T18:23:43+00:00\",\"dateModified\":\"2021-01-21T18:25:13+00:00\",\"author\":{\"@id\":\"https:\\\/\\\/aconteceunovale.com.br\\\/portal\\\/#\\\/schema\\\/person\\\/7d2f26d1483f8a63de73da1ee0754d35\"},\"breadcrumb\":{\"@id\":\"https:\\\/\\\/aconteceunovale.com.br\\\/portal\\\/?p=172636#breadcrumb\"},\"inLanguage\":\"pt-BR\",\"potentialAction\":[{\"@type\":\"ReadAction\",\"target\":[\"https:\\\/\\\/aconteceunovale.com.br\\\/portal\\\/?p=172636\"]}]},{\"@type\":\"ImageObject\",\"inLanguage\":\"pt-BR\",\"@id\":\"https:\\\/\\\/aconteceunovale.com.br\\\/portal\\\/?p=172636#primaryimage\",\"url\":\"https:\\\/\\\/aconteceunovale.com.br\\\/portal\\\/wp-content\\\/uploads\\\/2021\\\/01\\\/carnaval_rio.jpg\",\"contentUrl\":\"https:\\\/\\\/aconteceunovale.com.br\\\/portal\\\/wp-content\\\/uploads\\\/2021\\\/01\\\/carnaval_rio.jpg\",\"width\":678,\"height\":406},{\"@type\":\"BreadcrumbList\",\"@id\":\"https:\\\/\\\/aconteceunovale.com.br\\\/portal\\\/?p=172636#breadcrumb\",\"itemListElement\":[{\"@type\":\"ListItem\",\"position\":1,\"name\":\"In\u00edcio\",\"item\":\"https:\\\/\\\/aconteceunovale.com.br\\\/portal\\\/\"},{\"@type\":\"ListItem\",\"position\":2,\"name\":\"Paes diz que Rio de Janeiro n\u00e3o ter\u00e1 carnaval em julho\"}]},{\"@type\":\"WebSite\",\"@id\":\"https:\\\/\\\/aconteceunovale.com.br\\\/portal\\\/#website\",\"url\":\"https:\\\/\\\/aconteceunovale.com.br\\\/portal\\\/\",\"name\":\"Aconteceu no Vale\",\"description\":\"Portal de Not\u00edcias\",\"potentialAction\":[{\"@type\":\"SearchAction\",\"target\":{\"@type\":\"EntryPoint\",\"urlTemplate\":\"https:\\\/\\\/aconteceunovale.com.br\\\/portal\\\/?s={search_term_string}\"},\"query-input\":{\"@type\":\"PropertyValueSpecification\",\"valueRequired\":true,\"valueName\":\"search_term_string\"}}],\"inLanguage\":\"pt-BR\"},{\"@type\":\"Person\",\"@id\":\"https:\\\/\\\/aconteceunovale.com.br\\\/portal\\\/#\\\/schema\\\/person\\\/7d2f26d1483f8a63de73da1ee0754d35\",\"name\":\"Reda\u00e7\u00e3o Aconteceu no Vale\",\"description\":\"Equipe de reportagem do Aconteceu no Vale, portal de not\u00edcias do Vale do Jequitinhonha, em Minas Gerais. Cobrimos as 51 cidades do Vale desde 2013. Sugest\u00f5es de pauta e pedidos de corre\u00e7\u00e3o: contato@aconteceunovale.com.br\",\"url\":\"https:\\\/\\\/aconteceunovale.com.br\\\/portal\\\/?author=4\"}]}<\/script>\n<!-- \/ Yoast SEO plugin. -->","yoast_head_json":{"title":"Paes diz que Rio de Janeiro n\u00e3o ter\u00e1 carnaval em julho - Aconteceu no Vale","robots":{"index":"index","follow":"follow","max-snippet":"max-snippet:-1","max-image-preview":"max-image-preview:large","max-video-preview":"max-video-preview:-1"},"canonical":"https:\/\/aconteceunovale.com.br\/portal\/?p=172636","og_locale":"pt_BR","og_type":"article","og_title":"Paes diz que Rio de Janeiro n\u00e3o ter\u00e1 carnaval em julho - Aconteceu no Vale","og_description":"O prefeito do Rio de Janeiro, Eduardo Paes, decidiu suspender o carnaval fora de \u00e9poca que havia sido planejado para julho. A cria\u00e7\u00e3o de um carnaval anual no in\u00edcio do segundo semestre foi aprovada pela Assembleia Legislativa do Estado do Rio de Janeiro e sancionada pelo governador em exerc\u00edcio, Claudio Castro. A decis\u00e3o da Prefeitura [&hellip;]","og_url":"https:\/\/aconteceunovale.com.br\/portal\/?p=172636","og_site_name":"Aconteceu no Vale","article_publisher":"https:\/\/www.facebook.com\/aconteceunovale\/","article_published_time":"2021-01-21T18:23:43+00:00","article_modified_time":"2021-01-21T18:25:13+00:00","og_image":[{"width":678,"height":406,"url":"https:\/\/aconteceunovale.com.br\/portal\/wp-content\/uploads\/2021\/01\/carnaval_rio.jpg","type":"image\/jpeg"}],"author":"Reda\u00e7\u00e3o Aconteceu no Vale","twitter_card":"summary_large_image","twitter_creator":"@noticiadosvales","twitter_site":"@noticiadosvales","twitter_misc":{"Escrito por":"Reda\u00e7\u00e3o Aconteceu no Vale","Est. tempo de leitura":"2 minutos"},"schema":{"@context":"https:\/\/schema.org","@graph":[{"@type":"Article","@id":"https:\/\/aconteceunovale.com.br\/portal\/?p=172636#article","isPartOf":{"@id":"https:\/\/aconteceunovale.com.br\/portal\/?p=172636"},"author":{"name":"Reda\u00e7\u00e3o Aconteceu no Vale","@id":"https:\/\/aconteceunovale.com.br\/portal\/#\/schema\/person\/7d2f26d1483f8a63de73da1ee0754d35"},"headline":"Paes diz que Rio de Janeiro n\u00e3o ter\u00e1 carnaval em julho","datePublished":"2021-01-21T18:23:43+00:00","dateModified":"2021-01-21T18:25:13+00:00","mainEntityOfPage":{"@id":"https:\/\/aconteceunovale.com.br\/portal\/?p=172636"},"wordCount":450,"commentCount":0,"image":{"@id":"https:\/\/aconteceunovale.com.br\/portal\/?p=172636#primaryimage"},"thumbnailUrl":"https:\/\/aconteceunovale.com.br\/portal\/wp-content\/uploads\/2021\/01\/carnaval_rio.jpg","keywords":["Beija-Flor de Nil\u00f3polis","CarnaRio","Carnaval de Olinda","Carnaval de Salvador","Carnaval do Rio","Carnaval do Rio em julho","Carnaval em Pernambuco","Carnaval em Recife","Carnaval fora de \u00e9poca no Rio","Carnaval na Bahia","Cl\u00e1udio Castro","Eduardo Paes","Governo do Rio cria carnaval no m\u00eas de julho","Grande Rio","Imperatriz Leopoldinense","Jorge Castanheira","LIESA","Mangueira","Mocidade","Para\u00edso do Tuiuti","Portela","prefeito do Rio","prefeito do Rio de Janeiro","Rio de Janeiro","Salgueiro","S\u00e3o Clemente","Unidos da Tijuca","Vila Isabel","Viradouro"],"articleSection":["Brasil","Eventos"],"inLanguage":"pt-BR","potentialAction":[{"@type":"CommentAction","name":"Comment","target":["https:\/\/aconteceunovale.com.br\/portal\/?p=172636#respond"]}]},{"@type":"WebPage","@id":"https:\/\/aconteceunovale.com.br\/portal\/?p=172636","url":"https:\/\/aconteceunovale.com.br\/portal\/?p=172636","name":"Paes diz que Rio de Janeiro n\u00e3o ter\u00e1 carnaval em julho - Aconteceu no Vale","isPartOf":{"@id":"https:\/\/aconteceunovale.com.br\/portal\/#website"},"primaryImageOfPage":{"@id":"https:\/\/aconteceunovale.com.br\/portal\/?p=172636#primaryimage"},"image":{"@id":"https:\/\/aconteceunovale.com.br\/portal\/?p=172636#primaryimage"},"thumbnailUrl":"https:\/\/aconteceunovale.com.br\/portal\/wp-content\/uploads\/2021\/01\/carnaval_rio.jpg","datePublished":"2021-01-21T18:23:43+00:00","dateModified":"2021-01-21T18:25:13+00:00","author":{"@id":"https:\/\/aconteceunovale.com.br\/portal\/#\/schema\/person\/7d2f26d1483f8a63de73da1ee0754d35"},"breadcrumb":{"@id":"https:\/\/aconteceunovale.com.br\/portal\/?p=172636#breadcrumb"},"inLanguage":"pt-BR","potentialAction":[{"@type":"ReadAction","target":["https:\/\/aconteceunovale.com.br\/portal\/?p=172636"]}]},{"@type":"ImageObject","inLanguage":"pt-BR","@id":"https:\/\/aconteceunovale.com.br\/portal\/?p=172636#primaryimage","url":"https:\/\/aconteceunovale.com.br\/portal\/wp-content\/uploads\/2021\/01\/carnaval_rio.jpg","contentUrl":"https:\/\/aconteceunovale.com.br\/portal\/wp-content\/uploads\/2021\/01\/carnaval_rio.jpg","width":678,"height":406},{"@type":"BreadcrumbList","@id":"https:\/\/aconteceunovale.com.br\/portal\/?p=172636#breadcrumb","itemListElement":[{"@type":"ListItem","position":1,"name":"In\u00edcio","item":"https:\/\/aconteceunovale.com.br\/portal\/"},{"@type":"ListItem","position":2,"name":"Paes diz que Rio de Janeiro n\u00e3o ter\u00e1 carnaval em julho"}]},{"@type":"WebSite","@id":"https:\/\/aconteceunovale.com.br\/portal\/#website","url":"https:\/\/aconteceunovale.com.br\/portal\/","name":"Aconteceu no Vale","description":"Portal de Not\u00edcias","potentialAction":[{"@type":"SearchAction","target":{"@type":"EntryPoint","urlTemplate":"https:\/\/aconteceunovale.com.br\/portal\/?s={search_term_string}"},"query-input":{"@type":"PropertyValueSpecification","valueRequired":true,"valueName":"search_term_string"}}],"inLanguage":"pt-BR"},{"@type":"Person","@id":"https:\/\/aconteceunovale.com.br\/portal\/#\/schema\/person\/7d2f26d1483f8a63de73da1ee0754d35","name":"Reda\u00e7\u00e3o Aconteceu no Vale","description":"Equipe de reportagem do Aconteceu no Vale, portal de not\u00edcias do Vale do Jequitinhonha, em Minas Gerais. Cobrimos as 51 cidades do Vale desde 2013. Sugest\u00f5es de pauta e pedidos de corre\u00e7\u00e3o: contato@aconteceunovale.com.br","url":"https:\/\/aconteceunovale.com.br\/portal\/?author=4"}]}},"_links":{"self":[{"href":"https:\/\/aconteceunovale.com.br\/portal\/index.php?rest_route=\/wp\/v2\/posts\/172636","targetHints":{"allow":["GET"]}}],"collection":[{"href":"https:\/\/aconteceunovale.com.br\/portal\/index.php?rest_route=\/wp\/v2\/posts"}],"about":[{"href":"https:\/\/aconteceunovale.com.br\/portal\/index.php?rest_route=\/wp\/v2\/types\/post"}],"author":[{"embeddable":true,"href":"https:\/\/aconteceunovale.com.br\/portal\/index.php?rest_route=\/wp\/v2\/users\/4"}],"replies":[{"embeddable":true,"href":"https:\/\/aconteceunovale.com.br\/portal\/index.php?rest_route=%2Fwp%2Fv2%2Fcomments&post=172636"}],"version-history":[{"count":1,"href":"https:\/\/aconteceunovale.com.br\/portal\/index.php?rest_route=\/wp\/v2\/posts\/172636\/revisions"}],"predecessor-version":[{"id":172638,"href":"https:\/\/aconteceunovale.com.br\/portal\/index.php?rest_route=\/wp\/v2\/posts\/172636\/revisions\/172638"}],"wp:featuredmedia":[{"embeddable":true,"href":"https:\/\/aconteceunovale.com.br\/portal\/index.php?rest_route=\/wp\/v2\/media\/172637"}],"wp:attachment":[{"href":"https:\/\/aconteceunovale.com.br\/portal\/index.php?rest_route=%2Fwp%2Fv2%2Fmedia&parent=172636"}],"wp:term":[{"taxonomy":"category","embeddable":true,"href":"https:\/\/aconteceunovale.com.br\/portal\/index.php?rest_route=%2Fwp%2Fv2%2Fcategories&post=172636"},{"taxonomy":"post_tag","embeddable":true,"href":"https:\/\/aconteceunovale.com.br\/portal\/index.php?rest_route=%2Fwp%2Fv2%2Ftags&post=172636"}],"curies":[{"name":"wp","href":"https:\/\/api.w.org\/{rel}","templated":true}]}}