{"id":172634,"date":"2021-01-21T15:07:30","date_gmt":"2021-01-21T18:07:30","guid":{"rendered":"https:\/\/aconteceunovale.com.br\/portal\/?p=172634"},"modified":"2026-09-02T13:03:50","modified_gmt":"2026-09-02T16:03:50","slug":"pequenos-produtores-de-itamarandiba-superam-crise-com-boa-safra-de-abacaxi","status":"publish","type":"post","link":"https:\/\/aconteceunovale.com.br\/portal\/?p=172634","title":{"rendered":"Pequenos produtores de Itamarandiba superam crise com boa safra de abacaxi"},"content":{"rendered":"\n<p class=\"wp-block-paragraph\">Em&nbsp;Itamarandiba, no Vale do Jequitinhonha,&nbsp;produtores rurais&nbsp;est\u00e3o comemorando aquela que ser\u00e1 a maior colheita de abacaxi&nbsp;dos \u00faltimos dez anos no munic\u00edpio.<\/p>\n\n\n\n<p class=\"wp-block-paragraph\">A previs\u00e3o \u00e9 de que a safra 2020\/2021 registre uma produ\u00e7\u00e3o de mais de mil toneladas da fruta, acr\u00e9scimo de 600 toneladas em rela\u00e7\u00e3o \u00e0 anterior. A colheita, que come\u00e7ou em dezembro, se estende at\u00e9 mar\u00e7o.<\/p>\n\n\n\n<figure class=\"wp-block-gallery columns-1 is-cropped wp-block-gallery-1 is-layout-flex wp-block-gallery-is-layout-flex\"><ul class=\"blocks-gallery-grid\"><li class=\"blocks-gallery-item\"><figure><img loading=\"lazy\" decoding=\"async\" width=\"678\" height=\"450\" src=\"https:\/\/aconteceunovale.com.br\/portal\/wp-content\/uploads\/2021\/01\/abacaxi_itamarandiba_4.jpg\" alt=\"\" data-id=\"172280\" data-full-url=\"https:\/\/aconteceunovale.com.br\/portal\/wp-content\/uploads\/2021\/01\/abacaxi_itamarandiba_4.jpg\" data-link=\"https:\/\/aconteceunovale.com.br\/portal\/?attachment_id=172280\" class=\"wp-image-172280\" srcset=\"https:\/\/aconteceunovale.com.br\/portal\/wp-content\/uploads\/2021\/01\/abacaxi_itamarandiba_4.jpg 678w, https:\/\/aconteceunovale.com.br\/portal\/wp-content\/uploads\/2021\/01\/abacaxi_itamarandiba_4-300x199.jpg 300w, https:\/\/aconteceunovale.com.br\/portal\/wp-content\/uploads\/2021\/01\/abacaxi_itamarandiba_4-633x420.jpg 633w\" sizes=\"auto, (max-width: 678px) 100vw, 678px\" \/><figcaption class=\"blocks-gallery-item__caption\"><em>Foto: Divulga\u00e7\u00e3o \/ Prefeitura de Itamarandiba<\/em><\/figcaption><\/figure><\/li><\/ul><\/figure>\n\n\n\n<h2 class=\"wp-block-heading\"><strong>Resgate<\/strong><\/h2>\n\n\n\n<p class=\"wp-block-paragraph\">Itamarandiba j\u00e1 foi um dos principais produtores de abacaxi de Minas Gerais. Chegou a ter 300 hectares plantados. Mas a grande incid\u00eancia da fusariose, uma doen\u00e7a causada por fungos, e o interesse pelo plantio de eucalipto fizeram com que o cultivo de abacaxi fosse reduzido drasticamente.<\/p>\n\n\n\n<p class=\"wp-block-paragraph\">H\u00e1 cerca de sete anos, o munic\u00edpio contava apenas com dois hectares plantados com a fruta.&nbsp;Por\u00e9m, com o controle da fusariose e os bons pre\u00e7os no mercado do abacaxi, a tradi\u00e7\u00e3o no cultivo da fruta est\u00e1 sendo resgatada. Hoje s\u00e3o 16 produtores investindo na atividade, com uma \u00e1rea plantada de 50 hectares.<\/p>\n\n\n\n<p class=\"wp-block-paragraph\">\u201cPor causa do pre\u00e7o e como \u00e9 uma cultura rent\u00e1vel, que utiliza a m\u00e3o de obra familiar, os produtores rurais de Itamarandiba retornaram o plantio de abacaxi. A d\u00fazia da fruta atualmente est\u00e1 sendo vendida por aproximadamente R$ 45, que \u00e9 um bom pre\u00e7o. Mas, no fim do ano passado, chegou a ter um pico de R$ 80 durante uma semana\u201d, explica o engenheiro agr\u00f4nomo da&nbsp;<a href=\"http:\/\/emater.mg.gov.br\/\" target=\"_blank\" rel=\"noreferrer noopener\">Empresa de Assist\u00eancia T\u00e9cnica e Extens\u00e3o Rural do Estado de Minas Gerais (Emater-MG)<\/a>&nbsp;do munic\u00edpio, Jo\u00e3o Batista Ara\u00fajo.&nbsp;<\/p>\n\n\n\n<h2 class=\"wp-block-heading\"><strong>Fruta<\/strong><\/h2>\n\n\n\n<p class=\"wp-block-paragraph\">O abacaxi cultivado em Itamarandiba \u00e9 o Jupi, uma variedade doce e de massa amarela. O clima de altitude da regi\u00e3o favorece a cultura. Quase toda a produ\u00e7\u00e3o \u00e9 vendida na Ceasa da Regi\u00e3o Metropolitana de Belo Horizonte. A safra do munic\u00edpio \u00e9 favorecida porque n\u00e3o coincide com o per\u00edodo de colheita de outras regi\u00f5es do estado.<\/p>\n\n\n\n<p class=\"wp-block-paragraph\">\u201cA safra daqui \u00e9 tardia. Enquanto o pico em outras regi\u00f5es ocorre em setembro e outubro, aqui come\u00e7amos a colher abacaxi no fim de dezembro\u201d, afirma o t\u00e9cnico da Emater-MG.<\/p>\n\n\n\n<h2 class=\"wp-block-heading\"><strong>Controle da fusariose<\/strong><\/h2>\n\n\n\n<p class=\"wp-block-paragraph\">O aumento da \u00e1rea plantada nos \u00faltimos anos s\u00f3 foi poss\u00edvel ap\u00f3s o combate \u00e0 fusariose. Para isso, a Emater-MG, vinculada \u00e0&nbsp;<a href=\"http:\/\/www.agricultura.mg.gov.br\/\" target=\"_blank\" rel=\"noreferrer noopener\">Secretaria de Estado de Agricultura, Pecu\u00e1ria e Abastecimento (Seapa)<\/a>, orienta os produtores sobre o controle fitossanit\u00e1rio e a produ\u00e7\u00e3o de mudas a partir do seccionamento do caule de plantas sadias. Segundo o t\u00e9cnico da empresa, este m\u00e9todo elimina 90% da possibilidade de desenvolvimento da doen\u00e7a.<\/p>\n\n\n\n<p class=\"wp-block-paragraph\">\u201cS\u00e3o produtores que absorvem muito bem as orienta\u00e7\u00f5es da Emater-MG, as novidades sobre uso de defensivos e aduba\u00e7\u00e3o. Contribu\u00edmos tamb\u00e9m com a comercializa\u00e7\u00e3o, no contato com redes de sacol\u00f5es de Belo Horizonte para adquirir o produto\u201d, afirma Jo\u00e3o Batista.<\/p>\n\n\n\n<p class=\"has-white-color has-black-background-color has-text-color has-background wp-block-paragraph\">Quer saber as not\u00edcias do <strong>Aconteceu no Vale<\/strong> em primeira m\u00e3o? Siga-nos no Facebook <a rel=\"noreferrer noopener\" href=\"http:\/\/facebook.com\/aconteceunovale\" target=\"_blank\">@aconteceunovale<\/a>, Twitter <a rel=\"noreferrer noopener\" href=\"https:\/\/twitter.com\/noticiadosvales\" target=\"_blank\">@noticiadosvales<\/a> e Instagram <a rel=\"noreferrer noopener\" href=\"https:\/\/www.instagram.com\/aconteceunovale\" target=\"_blank\">@aconteceunovale<\/a>.<\/p>\n","protected":false},"excerpt":{"rendered":"<p>Em&nbsp;Itamarandiba, no Vale do Jequitinhonha,&nbsp;produtores rurais&nbsp;est\u00e3o comemorando aquela que ser\u00e1 a maior colheita de abacaxi&nbsp;dos \u00faltimos dez anos no munic\u00edpio. A previs\u00e3o \u00e9 de que a safra 2020\/2021 registre uma produ\u00e7\u00e3o de mais de mil toneladas da fruta, acr\u00e9scimo de 600 toneladas em rela\u00e7\u00e3o \u00e0 anterior. A colheita, que come\u00e7ou em dezembro, se estende at\u00e9 [&hellip;]<\/p>\n","protected":false},"author":4,"featured_media":172280,"comment_status":"open","ping_status":"closed","sticky":false,"template":"","format":"standard","meta":{"amp_status":"","footnotes":""},"categories":[272549,120],"tags":[214587,234777,214584,234774,56293,104775,4775,1018,234778,25775,234772,214589,149,32613,234776,234775,214585,234771,234773],"class_list":["post-172634","post","type-post","status-publish","format-standard","has-post-thumbnail","hentry","category-itamarandiba","category-jequi","tag-abacaxi-de-itamarandiba","tag-abacaxi-jupi","tag-agricultura-em-itamarandiba","tag-areiao","tag-bom-jardim","tag-canjuru","tag-contrato","tag-destaque","tag-dirceu-pires","tag-emater-mg","tag-fruticultura-em-itamarandiba","tag-fusariose","tag-itamarandiba","tag-luiz-fernando-alves","tag-martins","tag-pedro-francisco-rodrigues-pinto","tag-producao-de-abacaxi-em-itamarandiba","tag-produtores-de-itamarandiba-comemoram-recorde-na-producao-de-abacaxi","tag-safra-de-abacaxi-em-itamarandiba"],"yoast_head":"<!-- This site is optimized with the Yoast SEO plugin v28.3 - https:\/\/yoast.com\/product\/yoast-seo-wordpress\/ -->\n<title>Pequenos produtores de Itamarandiba superam crise com boa safra de abacaxi - Aconteceu no Vale<\/title>\n<meta name=\"robots\" content=\"index, follow, max-snippet:-1, max-image-preview:large, max-video-preview:-1\" \/>\n<link rel=\"canonical\" href=\"https:\/\/aconteceunovale.com.br\/portal\/?p=172634\" \/>\n<meta property=\"og:locale\" content=\"pt_BR\" \/>\n<meta property=\"og:type\" content=\"article\" \/>\n<meta property=\"og:title\" content=\"Pequenos produtores de Itamarandiba superam crise com boa safra de abacaxi - Aconteceu no Vale\" \/>\n<meta property=\"og:description\" content=\"Em&nbsp;Itamarandiba, no Vale do Jequitinhonha,&nbsp;produtores rurais&nbsp;est\u00e3o comemorando aquela que ser\u00e1 a maior colheita de abacaxi&nbsp;dos \u00faltimos dez anos no munic\u00edpio. A previs\u00e3o \u00e9 de que a safra 2020\/2021 registre uma produ\u00e7\u00e3o de mais de mil toneladas da fruta, acr\u00e9scimo de 600 toneladas em rela\u00e7\u00e3o \u00e0 anterior. A colheita, que come\u00e7ou em dezembro, se estende at\u00e9 [&hellip;]\" \/>\n<meta property=\"og:url\" content=\"https:\/\/aconteceunovale.com.br\/portal\/?p=172634\" \/>\n<meta property=\"og:site_name\" content=\"Aconteceu no Vale\" \/>\n<meta property=\"article:publisher\" content=\"https:\/\/www.facebook.com\/aconteceunovale\/\" \/>\n<meta property=\"article:published_time\" content=\"2021-01-21T18:07:30+00:00\" \/>\n<meta property=\"article:modified_time\" content=\"2026-09-02T16:03:50+00:00\" \/>\n<meta property=\"og:image\" content=\"https:\/\/aconteceunovale.com.br\/portal\/wp-content\/uploads\/2021\/01\/abacaxi_itamarandiba_4.jpg\" \/>\n\t<meta property=\"og:image:width\" content=\"678\" \/>\n\t<meta property=\"og:image:height\" content=\"450\" \/>\n\t<meta property=\"og:image:type\" content=\"image\/jpeg\" \/>\n<meta name=\"author\" content=\"Reda\u00e7\u00e3o Aconteceu no Vale\" \/>\n<meta name=\"twitter:card\" content=\"summary_large_image\" \/>\n<meta name=\"twitter:creator\" content=\"@noticiadosvales\" \/>\n<meta name=\"twitter:site\" content=\"@noticiadosvales\" \/>\n<meta name=\"twitter:label1\" content=\"Escrito por\" \/>\n\t<meta name=\"twitter:data1\" content=\"Reda\u00e7\u00e3o Aconteceu no Vale\" \/>\n\t<meta name=\"twitter:label2\" content=\"Est. tempo de leitura\" \/>\n\t<meta name=\"twitter:data2\" content=\"3 minutos\" \/>\n<script type=\"application\/ld+json\" class=\"yoast-schema-graph\">{\"@context\":\"https:\\\/\\\/schema.org\",\"@graph\":[{\"@type\":\"Article\",\"@id\":\"https:\\\/\\\/aconteceunovale.com.br\\\/portal\\\/?p=172634#article\",\"isPartOf\":{\"@id\":\"https:\\\/\\\/aconteceunovale.com.br\\\/portal\\\/?p=172634\"},\"author\":{\"name\":\"Reda\u00e7\u00e3o Aconteceu no Vale\",\"@id\":\"https:\\\/\\\/aconteceunovale.com.br\\\/portal\\\/#\\\/schema\\\/person\\\/7d2f26d1483f8a63de73da1ee0754d35\"},\"headline\":\"Pequenos produtores de Itamarandiba superam crise com boa safra de abacaxi\",\"datePublished\":\"2021-01-21T18:07:30+00:00\",\"dateModified\":\"2026-09-02T16:03:50+00:00\",\"mainEntityOfPage\":{\"@id\":\"https:\\\/\\\/aconteceunovale.com.br\\\/portal\\\/?p=172634\"},\"wordCount\":524,\"commentCount\":0,\"image\":{\"@id\":\"https:\\\/\\\/aconteceunovale.com.br\\\/portal\\\/?p=172634#primaryimage\"},\"thumbnailUrl\":\"https:\\\/\\\/aconteceunovale.com.br\\\/portal\\\/wp-content\\\/uploads\\\/2021\\\/01\\\/abacaxi_itamarandiba_4.jpg\",\"keywords\":[\"Abacaxi de Itamarandiba\",\"Abacaxi Jupi\",\"Agricultura em Itamarandiba\",\"Arei\u00e3o\",\"Bom Jardim\",\"Canjuru\",\"Contrato\",\"destaque\",\"Dirceu Pires\",\"Emater-MG\",\"Fruticultura em Itamarandiba\",\"Fusariose\",\"Itamarandiba\",\"Luiz Fernando Alves\",\"Martins\",\"Pedro Francisco Rodrigues Pinto\",\"Produ\u00e7\u00e3o de abacaxi em Itamarandiba\",\"Produtores de Itamarandiba comemoram recorde na produ\u00e7\u00e3o de abacaxi\",\"Safra de abacaxi em Itamarandiba\"],\"articleSection\":[\"Itamarandiba\",\"Vale do Jequitinhonha\"],\"inLanguage\":\"pt-BR\",\"potentialAction\":[{\"@type\":\"CommentAction\",\"name\":\"Comment\",\"target\":[\"https:\\\/\\\/aconteceunovale.com.br\\\/portal\\\/?p=172634#respond\"]}]},{\"@type\":\"WebPage\",\"@id\":\"https:\\\/\\\/aconteceunovale.com.br\\\/portal\\\/?p=172634\",\"url\":\"https:\\\/\\\/aconteceunovale.com.br\\\/portal\\\/?p=172634\",\"name\":\"Pequenos produtores de Itamarandiba superam crise com boa safra de abacaxi - Aconteceu no Vale\",\"isPartOf\":{\"@id\":\"https:\\\/\\\/aconteceunovale.com.br\\\/portal\\\/#website\"},\"primaryImageOfPage\":{\"@id\":\"https:\\\/\\\/aconteceunovale.com.br\\\/portal\\\/?p=172634#primaryimage\"},\"image\":{\"@id\":\"https:\\\/\\\/aconteceunovale.com.br\\\/portal\\\/?p=172634#primaryimage\"},\"thumbnailUrl\":\"https:\\\/\\\/aconteceunovale.com.br\\\/portal\\\/wp-content\\\/uploads\\\/2021\\\/01\\\/abacaxi_itamarandiba_4.jpg\",\"datePublished\":\"2021-01-21T18:07:30+00:00\",\"dateModified\":\"2026-09-02T16:03:50+00:00\",\"author\":{\"@id\":\"https:\\\/\\\/aconteceunovale.com.br\\\/portal\\\/#\\\/schema\\\/person\\\/7d2f26d1483f8a63de73da1ee0754d35\"},\"breadcrumb\":{\"@id\":\"https:\\\/\\\/aconteceunovale.com.br\\\/portal\\\/?p=172634#breadcrumb\"},\"inLanguage\":\"pt-BR\",\"potentialAction\":[{\"@type\":\"ReadAction\",\"target\":[\"https:\\\/\\\/aconteceunovale.com.br\\\/portal\\\/?p=172634\"]}]},{\"@type\":\"ImageObject\",\"inLanguage\":\"pt-BR\",\"@id\":\"https:\\\/\\\/aconteceunovale.com.br\\\/portal\\\/?p=172634#primaryimage\",\"url\":\"https:\\\/\\\/aconteceunovale.com.br\\\/portal\\\/wp-content\\\/uploads\\\/2021\\\/01\\\/abacaxi_itamarandiba_4.jpg\",\"contentUrl\":\"https:\\\/\\\/aconteceunovale.com.br\\\/portal\\\/wp-content\\\/uploads\\\/2021\\\/01\\\/abacaxi_itamarandiba_4.jpg\",\"width\":678,\"height\":450},{\"@type\":\"BreadcrumbList\",\"@id\":\"https:\\\/\\\/aconteceunovale.com.br\\\/portal\\\/?p=172634#breadcrumb\",\"itemListElement\":[{\"@type\":\"ListItem\",\"position\":1,\"name\":\"In\u00edcio\",\"item\":\"https:\\\/\\\/aconteceunovale.com.br\\\/portal\\\/\"},{\"@type\":\"ListItem\",\"position\":2,\"name\":\"Pequenos produtores de Itamarandiba superam crise com boa safra de abacaxi\"}]},{\"@type\":\"WebSite\",\"@id\":\"https:\\\/\\\/aconteceunovale.com.br\\\/portal\\\/#website\",\"url\":\"https:\\\/\\\/aconteceunovale.com.br\\\/portal\\\/\",\"name\":\"Aconteceu no Vale\",\"description\":\"Portal de Not\u00edcias\",\"potentialAction\":[{\"@type\":\"SearchAction\",\"target\":{\"@type\":\"EntryPoint\",\"urlTemplate\":\"https:\\\/\\\/aconteceunovale.com.br\\\/portal\\\/?s={search_term_string}\"},\"query-input\":{\"@type\":\"PropertyValueSpecification\",\"valueRequired\":true,\"valueName\":\"search_term_string\"}}],\"inLanguage\":\"pt-BR\"},{\"@type\":\"Person\",\"@id\":\"https:\\\/\\\/aconteceunovale.com.br\\\/portal\\\/#\\\/schema\\\/person\\\/7d2f26d1483f8a63de73da1ee0754d35\",\"name\":\"Reda\u00e7\u00e3o Aconteceu no Vale\",\"description\":\"Equipe de reportagem do Aconteceu no Vale, portal de not\u00edcias do Vale do Jequitinhonha, em Minas Gerais. Cobrimos as 51 cidades do Vale desde 2013. Sugest\u00f5es de pauta e pedidos de corre\u00e7\u00e3o: contato@aconteceunovale.com.br\",\"url\":\"https:\\\/\\\/aconteceunovale.com.br\\\/portal\\\/?author=4\"}]}<\/script>\n<!-- \/ Yoast SEO plugin. -->","yoast_head_json":{"title":"Pequenos produtores de Itamarandiba superam crise com boa safra de abacaxi - Aconteceu no Vale","robots":{"index":"index","follow":"follow","max-snippet":"max-snippet:-1","max-image-preview":"max-image-preview:large","max-video-preview":"max-video-preview:-1"},"canonical":"https:\/\/aconteceunovale.com.br\/portal\/?p=172634","og_locale":"pt_BR","og_type":"article","og_title":"Pequenos produtores de Itamarandiba superam crise com boa safra de abacaxi - Aconteceu no Vale","og_description":"Em&nbsp;Itamarandiba, no Vale do Jequitinhonha,&nbsp;produtores rurais&nbsp;est\u00e3o comemorando aquela que ser\u00e1 a maior colheita de abacaxi&nbsp;dos \u00faltimos dez anos no munic\u00edpio. A previs\u00e3o \u00e9 de que a safra 2020\/2021 registre uma produ\u00e7\u00e3o de mais de mil toneladas da fruta, acr\u00e9scimo de 600 toneladas em rela\u00e7\u00e3o \u00e0 anterior. A colheita, que come\u00e7ou em dezembro, se estende at\u00e9 [&hellip;]","og_url":"https:\/\/aconteceunovale.com.br\/portal\/?p=172634","og_site_name":"Aconteceu no Vale","article_publisher":"https:\/\/www.facebook.com\/aconteceunovale\/","article_published_time":"2021-01-21T18:07:30+00:00","article_modified_time":"2026-09-02T16:03:50+00:00","og_image":[{"width":678,"height":450,"url":"https:\/\/aconteceunovale.com.br\/portal\/wp-content\/uploads\/2021\/01\/abacaxi_itamarandiba_4.jpg","type":"image\/jpeg"}],"author":"Reda\u00e7\u00e3o Aconteceu no Vale","twitter_card":"summary_large_image","twitter_creator":"@noticiadosvales","twitter_site":"@noticiadosvales","twitter_misc":{"Escrito por":"Reda\u00e7\u00e3o Aconteceu no Vale","Est. tempo de leitura":"3 minutos"},"schema":{"@context":"https:\/\/schema.org","@graph":[{"@type":"Article","@id":"https:\/\/aconteceunovale.com.br\/portal\/?p=172634#article","isPartOf":{"@id":"https:\/\/aconteceunovale.com.br\/portal\/?p=172634"},"author":{"name":"Reda\u00e7\u00e3o Aconteceu no Vale","@id":"https:\/\/aconteceunovale.com.br\/portal\/#\/schema\/person\/7d2f26d1483f8a63de73da1ee0754d35"},"headline":"Pequenos produtores de Itamarandiba superam crise com boa safra de abacaxi","datePublished":"2021-01-21T18:07:30+00:00","dateModified":"2026-09-02T16:03:50+00:00","mainEntityOfPage":{"@id":"https:\/\/aconteceunovale.com.br\/portal\/?p=172634"},"wordCount":524,"commentCount":0,"image":{"@id":"https:\/\/aconteceunovale.com.br\/portal\/?p=172634#primaryimage"},"thumbnailUrl":"https:\/\/aconteceunovale.com.br\/portal\/wp-content\/uploads\/2021\/01\/abacaxi_itamarandiba_4.jpg","keywords":["Abacaxi de Itamarandiba","Abacaxi Jupi","Agricultura em Itamarandiba","Arei\u00e3o","Bom Jardim","Canjuru","Contrato","destaque","Dirceu Pires","Emater-MG","Fruticultura em Itamarandiba","Fusariose","Itamarandiba","Luiz Fernando Alves","Martins","Pedro Francisco Rodrigues Pinto","Produ\u00e7\u00e3o de abacaxi em Itamarandiba","Produtores de Itamarandiba comemoram recorde na produ\u00e7\u00e3o de abacaxi","Safra de abacaxi em Itamarandiba"],"articleSection":["Itamarandiba","Vale do Jequitinhonha"],"inLanguage":"pt-BR","potentialAction":[{"@type":"CommentAction","name":"Comment","target":["https:\/\/aconteceunovale.com.br\/portal\/?p=172634#respond"]}]},{"@type":"WebPage","@id":"https:\/\/aconteceunovale.com.br\/portal\/?p=172634","url":"https:\/\/aconteceunovale.com.br\/portal\/?p=172634","name":"Pequenos produtores de Itamarandiba superam crise com boa safra de abacaxi - Aconteceu no Vale","isPartOf":{"@id":"https:\/\/aconteceunovale.com.br\/portal\/#website"},"primaryImageOfPage":{"@id":"https:\/\/aconteceunovale.com.br\/portal\/?p=172634#primaryimage"},"image":{"@id":"https:\/\/aconteceunovale.com.br\/portal\/?p=172634#primaryimage"},"thumbnailUrl":"https:\/\/aconteceunovale.com.br\/portal\/wp-content\/uploads\/2021\/01\/abacaxi_itamarandiba_4.jpg","datePublished":"2021-01-21T18:07:30+00:00","dateModified":"2026-09-02T16:03:50+00:00","author":{"@id":"https:\/\/aconteceunovale.com.br\/portal\/#\/schema\/person\/7d2f26d1483f8a63de73da1ee0754d35"},"breadcrumb":{"@id":"https:\/\/aconteceunovale.com.br\/portal\/?p=172634#breadcrumb"},"inLanguage":"pt-BR","potentialAction":[{"@type":"ReadAction","target":["https:\/\/aconteceunovale.com.br\/portal\/?p=172634"]}]},{"@type":"ImageObject","inLanguage":"pt-BR","@id":"https:\/\/aconteceunovale.com.br\/portal\/?p=172634#primaryimage","url":"https:\/\/aconteceunovale.com.br\/portal\/wp-content\/uploads\/2021\/01\/abacaxi_itamarandiba_4.jpg","contentUrl":"https:\/\/aconteceunovale.com.br\/portal\/wp-content\/uploads\/2021\/01\/abacaxi_itamarandiba_4.jpg","width":678,"height":450},{"@type":"BreadcrumbList","@id":"https:\/\/aconteceunovale.com.br\/portal\/?p=172634#breadcrumb","itemListElement":[{"@type":"ListItem","position":1,"name":"In\u00edcio","item":"https:\/\/aconteceunovale.com.br\/portal\/"},{"@type":"ListItem","position":2,"name":"Pequenos produtores de Itamarandiba superam crise com boa safra de abacaxi"}]},{"@type":"WebSite","@id":"https:\/\/aconteceunovale.com.br\/portal\/#website","url":"https:\/\/aconteceunovale.com.br\/portal\/","name":"Aconteceu no Vale","description":"Portal de Not\u00edcias","potentialAction":[{"@type":"SearchAction","target":{"@type":"EntryPoint","urlTemplate":"https:\/\/aconteceunovale.com.br\/portal\/?s={search_term_string}"},"query-input":{"@type":"PropertyValueSpecification","valueRequired":true,"valueName":"search_term_string"}}],"inLanguage":"pt-BR"},{"@type":"Person","@id":"https:\/\/aconteceunovale.com.br\/portal\/#\/schema\/person\/7d2f26d1483f8a63de73da1ee0754d35","name":"Reda\u00e7\u00e3o Aconteceu no Vale","description":"Equipe de reportagem do Aconteceu no Vale, portal de not\u00edcias do Vale do Jequitinhonha, em Minas Gerais. Cobrimos as 51 cidades do Vale desde 2013. Sugest\u00f5es de pauta e pedidos de corre\u00e7\u00e3o: contato@aconteceunovale.com.br","url":"https:\/\/aconteceunovale.com.br\/portal\/?author=4"}]}},"_links":{"self":[{"href":"https:\/\/aconteceunovale.com.br\/portal\/index.php?rest_route=\/wp\/v2\/posts\/172634","targetHints":{"allow":["GET"]}}],"collection":[{"href":"https:\/\/aconteceunovale.com.br\/portal\/index.php?rest_route=\/wp\/v2\/posts"}],"about":[{"href":"https:\/\/aconteceunovale.com.br\/portal\/index.php?rest_route=\/wp\/v2\/types\/post"}],"author":[{"embeddable":true,"href":"https:\/\/aconteceunovale.com.br\/portal\/index.php?rest_route=\/wp\/v2\/users\/4"}],"replies":[{"embeddable":true,"href":"https:\/\/aconteceunovale.com.br\/portal\/index.php?rest_route=%2Fwp%2Fv2%2Fcomments&post=172634"}],"version-history":[{"count":1,"href":"https:\/\/aconteceunovale.com.br\/portal\/index.php?rest_route=\/wp\/v2\/posts\/172634\/revisions"}],"predecessor-version":[{"id":172635,"href":"https:\/\/aconteceunovale.com.br\/portal\/index.php?rest_route=\/wp\/v2\/posts\/172634\/revisions\/172635"}],"wp:featuredmedia":[{"embeddable":true,"href":"https:\/\/aconteceunovale.com.br\/portal\/index.php?rest_route=\/wp\/v2\/media\/172280"}],"wp:attachment":[{"href":"https:\/\/aconteceunovale.com.br\/portal\/index.php?rest_route=%2Fwp%2Fv2%2Fmedia&parent=172634"}],"wp:term":[{"taxonomy":"category","embeddable":true,"href":"https:\/\/aconteceunovale.com.br\/portal\/index.php?rest_route=%2Fwp%2Fv2%2Fcategories&post=172634"},{"taxonomy":"post_tag","embeddable":true,"href":"https:\/\/aconteceunovale.com.br\/portal\/index.php?rest_route=%2Fwp%2Fv2%2Ftags&post=172634"}],"curies":[{"name":"wp","href":"https:\/\/api.w.org\/{rel}","templated":true}]}}