{"id":172631,"date":"2021-01-21T15:02:21","date_gmt":"2021-01-21T18:02:21","guid":{"rendered":"https:\/\/aconteceunovale.com.br\/portal\/?p=172631"},"modified":"2021-01-21T15:02:34","modified_gmt":"2021-01-21T18:02:34","slug":"decreto-de-liberdade-economica-entra-em-vigor","status":"publish","type":"post","link":"https:\/\/aconteceunovale.com.br\/portal\/?p=172631","title":{"rendered":"Decreto de Liberdade Econ\u00f4mica entra em vigor"},"content":{"rendered":"\n<p class=\"wp-block-paragraph\">A partir deste m\u00eas, empreendedores mineiros poder\u00e3o se beneficiar das iniciativas do Decreto de Liberdade Econ\u00f4mica. A implementa\u00e7\u00e3o da norma \u00e9 um dos resultados do programa Minas Livre Para Crescer, coordenado pela&nbsp;<a href=\"http:\/\/www.desenvolvimento.mg.gov.br\/\" target=\"_blank\" rel=\"noreferrer noopener\">Secretaria de Estado de Desenvolvimento Econ\u00f4mico (Sede)<\/a>. O projeto estrat\u00e9gico do Governo de Minas fomenta o desenvolvimento, reduzindo a burocracia e os entraves para a cria\u00e7\u00e3o e o desenvolvimento dos empreendimentos. Por aprova\u00e7\u00e3o t\u00e1cita, o decreto estabelece normas de prote\u00e7\u00e3o \u00e0 livre iniciativa e ao livre exerc\u00edcio de atividade econ\u00f4mica, al\u00e9m de dispor sobre a atua\u00e7\u00e3o do Estado como agente normativo e regulador.<\/p>\n\n\n\n<p class=\"wp-block-paragraph\">A finalidade \u00e9 assegurar a todos a simplifica\u00e7\u00e3o do exerc\u00edcio de qualquer atividade econ\u00f4mica em Minas Gerais, independentemente de autoriza\u00e7\u00e3o de \u00f3rg\u00e3os p\u00fablicos, salvo nos casos previstos em lei. Ele tamb\u00e9m reduz a interfer\u00eancia do Estado na atividade empresarial, simplificando o trabalho administrativo e eliminando formalidades e exig\u00eancias desproporcionais ou desnecess\u00e1rias, que n\u00e3o decorram de exig\u00eancia legal.<\/p>\n\n\n\n<p class=\"wp-block-paragraph\">Desde o dia 1 de janeiro, os \u00f3rg\u00e3os estaduais do Governo de Minas devem, na libera\u00e7\u00e3o de qualquer atividade econ\u00f4mica, estabelecer um prazo de at\u00e9 120 dias para an\u00e1lise do pleito. Caso a resposta n\u00e3o seja enviada ao solicitante dentro desse per\u00edodo, o pedido ser\u00e1 aprovado tacitamente. Outra medida do decreto \u00e9 a simplifica\u00e7\u00e3o. Com isso, os documentos digitais passam a se equiparar aos documentos f\u00edsicos para comprova\u00e7\u00e3o de direitos relacionados ao exerc\u00edcio de atividade econ\u00f4mica.<\/p>\n\n\n\n<h2 class=\"wp-block-heading\"><strong>Repercuss\u00e3o<\/strong><\/h2>\n\n\n\n<p class=\"wp-block-paragraph\">O secret\u00e1rio adjunto de Desenvolvimento Econ\u00f4mico, Fernando Passalio, destaca que essa \u00e9 uma pol\u00edtica do\u00a0Governo de Minas Gerais\u00a0que est\u00e1 tendo resson\u00e2ncia em todo o estado. Neste m\u00eas, em solenidade com o governador Romeu Zema, a cidade de Varginha assinou o Decreto Municipal de Liberdade Econ\u00f4mica, que estabelece normas de prote\u00e7\u00e3o \u00e0 livre iniciativa e ao livre exerc\u00edcio de atividade econ\u00f4mica.\u00a0<\/p>\n\n\n\n<p class=\"wp-block-paragraph\">\u201cPrecisamos que os munic\u00edpios sigam este movimento para facilitar a vida de quem tenta empreender em Minas Gerais. O objetivo do Minas Livre Para Crescer \u00e9 simplificar a vida de quem trabalha, investe e gera empregos. Varginha deu um importante passo na pol\u00edtica de liberdade econ\u00f4mica. Estamos mostrando que o governo est\u00e1 totalmente comprometido em simplificar\u201d, enfatiza Passalio.<\/p>\n\n\n\n<h2 class=\"wp-block-heading\"><strong>Altera\u00e7\u00f5es<\/strong><\/h2>\n\n\n\n<p class=\"wp-block-paragraph\">A principal mudan\u00e7a que o decreto trouxe para os empreendedores foi a dispensa de alvar\u00e1s para atividades de baixo risco. Ao todo, 642 atividades econ\u00f4micas se enquadram neste quesito. Foram revogados, tamb\u00e9m, cerca de 180 normativos legais obsoletos.<\/p>\n\n\n\n<p class=\"wp-block-paragraph\">O subsecret\u00e1rio de Desenvolvimento Regional, Douglas Cabido, ressalta que o Governo de Minas est\u00e1 totalmente comprometido com a simplifica\u00e7\u00e3o para o empreendedor. \u201cEstamos tornando nosso estado um lugar livre para crescer, onde empres\u00e1rios podem aplicar seus neg\u00f3cios sem burocracia\u201d, afirmou.<\/p>\n\n\n\n<h2 class=\"wp-block-heading\"><strong>Classifica\u00e7\u00e3o por n\u00edveis<\/strong><\/h2>\n\n\n\n<p class=\"wp-block-paragraph\">As atividades ser\u00e3o classificadas por tr\u00eas n\u00edveis de risco, sendo eles:<\/p>\n\n\n\n<p class=\"wp-block-paragraph\"><strong>N\u00edvel de risco I:<\/strong> para os casos de risco leve, irrelevante ou inexistente. Este caso dispensa a solicita\u00e7\u00e3o de qualquer ato p\u00fablico de libera\u00e7\u00e3o.<\/p>\n\n\n\n<p class=\"wp-block-paragraph\"><strong>N\u00edvel de risco II:<\/strong> os casos de risco moderado permitem vistoria posterior ao in\u00edcio da atividade, garantido seu exerc\u00edcio cont\u00ednuo e regular, desde que n\u00e3o haja previs\u00e3o legal em contr\u00e1rio e n\u00e3o sejam constatadas irregularidades.<\/p>\n\n\n\n<p class=\"wp-block-paragraph\"><strong>N\u00edvel de risco III:<\/strong> casos de risco alto, que exigem vistoria pr\u00e9via para in\u00edcio da atividade econ\u00f4mica.<\/p>\n\n\n\n<p class=\"has-white-color has-black-background-color has-text-color has-background wp-block-paragraph\">Quer saber as not\u00edcias do <strong>Aconteceu no Vale<\/strong> em primeira m\u00e3o? Siga-nos no Facebook <a rel=\"noreferrer noopener\" href=\"http:\/\/facebook.com\/aconteceunovale\" target=\"_blank\">@aconteceunovale<\/a>, Twitter <a rel=\"noreferrer noopener\" href=\"https:\/\/twitter.com\/noticiadosvales\" target=\"_blank\">@noticiadosvales<\/a> e Instagram <a rel=\"noreferrer noopener\" href=\"https:\/\/www.instagram.com\/aconteceunovale\" target=\"_blank\">@aconteceunovale<\/a>.<\/p>\n","protected":false},"excerpt":{"rendered":"<p>A partir deste m\u00eas, empreendedores mineiros poder\u00e3o se beneficiar das iniciativas do Decreto de Liberdade Econ\u00f4mica. A implementa\u00e7\u00e3o da norma \u00e9 um dos resultados do programa Minas Livre Para Crescer, coordenado pela&nbsp;Secretaria de Estado de Desenvolvimento Econ\u00f4mico (Sede). O projeto estrat\u00e9gico do Governo de Minas fomenta o desenvolvimento, reduzindo a burocracia e os entraves para [&hellip;]<\/p>\n","protected":false},"author":4,"featured_media":172632,"comment_status":"open","ping_status":"closed","sticky":false,"template":"","format":"standard","meta":{"amp_status":"","footnotes":""},"categories":[123],"tags":[235277,235280,235281,204326,202745,6546,235278,235279,225277,225222,220764],"class_list":["post-172631","post","type-post","status-publish","format-standard","has-post-thumbnail","hentry","category-gerais","tag-decreto-de-liberdade-economica","tag-desenvolvimento-economico","tag-desenvolvimento-regional","tag-douglas-cabido","tag-fernando-passalio","tag-governo-de-minas","tag-liberdade-economica-em-minas-gerais","tag-livre-exercicio-de-atividade-economica","tag-minas-livre-para-crescer","tag-programa-minas-livre-para-crescer","tag-sede-mg"],"yoast_head":"<!-- This site is optimized with the Yoast SEO plugin v28.3 - https:\/\/yoast.com\/product\/yoast-seo-wordpress\/ -->\n<title>Decreto de Liberdade Econ\u00f4mica entra em vigor - Aconteceu no Vale<\/title>\n<meta name=\"robots\" content=\"index, follow, max-snippet:-1, max-image-preview:large, max-video-preview:-1\" \/>\n<link rel=\"canonical\" href=\"https:\/\/aconteceunovale.com.br\/portal\/?p=172631\" \/>\n<meta property=\"og:locale\" content=\"pt_BR\" \/>\n<meta property=\"og:type\" content=\"article\" \/>\n<meta property=\"og:title\" content=\"Decreto de Liberdade Econ\u00f4mica entra em vigor - Aconteceu no Vale\" \/>\n<meta property=\"og:description\" content=\"A partir deste m\u00eas, empreendedores mineiros poder\u00e3o se beneficiar das iniciativas do Decreto de Liberdade Econ\u00f4mica. A implementa\u00e7\u00e3o da norma \u00e9 um dos resultados do programa Minas Livre Para Crescer, coordenado pela&nbsp;Secretaria de Estado de Desenvolvimento Econ\u00f4mico (Sede). O projeto estrat\u00e9gico do Governo de Minas fomenta o desenvolvimento, reduzindo a burocracia e os entraves para [&hellip;]\" \/>\n<meta property=\"og:url\" content=\"https:\/\/aconteceunovale.com.br\/portal\/?p=172631\" \/>\n<meta property=\"og:site_name\" content=\"Aconteceu no Vale\" \/>\n<meta property=\"article:publisher\" content=\"https:\/\/www.facebook.com\/aconteceunovale\/\" \/>\n<meta property=\"article:published_time\" content=\"2021-01-21T18:02:21+00:00\" \/>\n<meta property=\"article:modified_time\" content=\"2021-01-21T18:02:34+00:00\" \/>\n<meta property=\"og:image\" content=\"https:\/\/aconteceunovale.com.br\/portal\/wp-content\/uploads\/2021\/01\/atividade_economica.jpg\" \/>\n\t<meta property=\"og:image:width\" content=\"672\" \/>\n\t<meta property=\"og:image:height\" content=\"450\" \/>\n\t<meta property=\"og:image:type\" content=\"image\/jpeg\" \/>\n<meta name=\"author\" content=\"Reda\u00e7\u00e3o Aconteceu no Vale\" \/>\n<meta name=\"twitter:card\" content=\"summary_large_image\" \/>\n<meta name=\"twitter:creator\" content=\"@noticiadosvales\" \/>\n<meta name=\"twitter:site\" content=\"@noticiadosvales\" \/>\n<meta name=\"twitter:label1\" content=\"Escrito por\" \/>\n\t<meta name=\"twitter:data1\" content=\"Reda\u00e7\u00e3o Aconteceu no Vale\" \/>\n\t<meta name=\"twitter:label2\" content=\"Est. tempo de leitura\" \/>\n\t<meta name=\"twitter:data2\" content=\"3 minutos\" \/>\n<script type=\"application\/ld+json\" class=\"yoast-schema-graph\">{\"@context\":\"https:\\\/\\\/schema.org\",\"@graph\":[{\"@type\":\"Article\",\"@id\":\"https:\\\/\\\/aconteceunovale.com.br\\\/portal\\\/?p=172631#article\",\"isPartOf\":{\"@id\":\"https:\\\/\\\/aconteceunovale.com.br\\\/portal\\\/?p=172631\"},\"author\":{\"name\":\"Reda\u00e7\u00e3o Aconteceu no Vale\",\"@id\":\"https:\\\/\\\/aconteceunovale.com.br\\\/portal\\\/#\\\/schema\\\/person\\\/7d2f26d1483f8a63de73da1ee0754d35\"},\"headline\":\"Decreto de Liberdade Econ\u00f4mica entra em vigor\",\"datePublished\":\"2021-01-21T18:02:21+00:00\",\"dateModified\":\"2021-01-21T18:02:34+00:00\",\"mainEntityOfPage\":{\"@id\":\"https:\\\/\\\/aconteceunovale.com.br\\\/portal\\\/?p=172631\"},\"wordCount\":618,\"commentCount\":0,\"image\":{\"@id\":\"https:\\\/\\\/aconteceunovale.com.br\\\/portal\\\/?p=172631#primaryimage\"},\"thumbnailUrl\":\"https:\\\/\\\/aconteceunovale.com.br\\\/portal\\\/wp-content\\\/uploads\\\/2021\\\/01\\\/atividade_economica.jpg\",\"keywords\":[\"Decreto de Liberdade Econ\u00f4mica\",\"Desenvolvimento Econ\u00f4mico\",\"Desenvolvimento Regional\",\"Douglas Cabido\",\"Fernando Passalio\",\"Governo de Minas\",\"Liberdade Econ\u00f4mica em Minas Gerais\",\"Livre exerc\u00edcio de atividade econ\u00f4mica\",\"Minas Livre para Crescer\",\"Programa Minas Livre para Crescer\",\"Sede-MG\"],\"articleSection\":[\"Minas Gerais\"],\"inLanguage\":\"pt-BR\",\"potentialAction\":[{\"@type\":\"CommentAction\",\"name\":\"Comment\",\"target\":[\"https:\\\/\\\/aconteceunovale.com.br\\\/portal\\\/?p=172631#respond\"]}]},{\"@type\":\"WebPage\",\"@id\":\"https:\\\/\\\/aconteceunovale.com.br\\\/portal\\\/?p=172631\",\"url\":\"https:\\\/\\\/aconteceunovale.com.br\\\/portal\\\/?p=172631\",\"name\":\"Decreto de Liberdade Econ\u00f4mica entra em vigor - Aconteceu no Vale\",\"isPartOf\":{\"@id\":\"https:\\\/\\\/aconteceunovale.com.br\\\/portal\\\/#website\"},\"primaryImageOfPage\":{\"@id\":\"https:\\\/\\\/aconteceunovale.com.br\\\/portal\\\/?p=172631#primaryimage\"},\"image\":{\"@id\":\"https:\\\/\\\/aconteceunovale.com.br\\\/portal\\\/?p=172631#primaryimage\"},\"thumbnailUrl\":\"https:\\\/\\\/aconteceunovale.com.br\\\/portal\\\/wp-content\\\/uploads\\\/2021\\\/01\\\/atividade_economica.jpg\",\"datePublished\":\"2021-01-21T18:02:21+00:00\",\"dateModified\":\"2021-01-21T18:02:34+00:00\",\"author\":{\"@id\":\"https:\\\/\\\/aconteceunovale.com.br\\\/portal\\\/#\\\/schema\\\/person\\\/7d2f26d1483f8a63de73da1ee0754d35\"},\"breadcrumb\":{\"@id\":\"https:\\\/\\\/aconteceunovale.com.br\\\/portal\\\/?p=172631#breadcrumb\"},\"inLanguage\":\"pt-BR\",\"potentialAction\":[{\"@type\":\"ReadAction\",\"target\":[\"https:\\\/\\\/aconteceunovale.com.br\\\/portal\\\/?p=172631\"]}]},{\"@type\":\"ImageObject\",\"inLanguage\":\"pt-BR\",\"@id\":\"https:\\\/\\\/aconteceunovale.com.br\\\/portal\\\/?p=172631#primaryimage\",\"url\":\"https:\\\/\\\/aconteceunovale.com.br\\\/portal\\\/wp-content\\\/uploads\\\/2021\\\/01\\\/atividade_economica.jpg\",\"contentUrl\":\"https:\\\/\\\/aconteceunovale.com.br\\\/portal\\\/wp-content\\\/uploads\\\/2021\\\/01\\\/atividade_economica.jpg\",\"width\":672,\"height\":450},{\"@type\":\"BreadcrumbList\",\"@id\":\"https:\\\/\\\/aconteceunovale.com.br\\\/portal\\\/?p=172631#breadcrumb\",\"itemListElement\":[{\"@type\":\"ListItem\",\"position\":1,\"name\":\"In\u00edcio\",\"item\":\"https:\\\/\\\/aconteceunovale.com.br\\\/portal\\\/\"},{\"@type\":\"ListItem\",\"position\":2,\"name\":\"Decreto de Liberdade Econ\u00f4mica entra em vigor\"}]},{\"@type\":\"WebSite\",\"@id\":\"https:\\\/\\\/aconteceunovale.com.br\\\/portal\\\/#website\",\"url\":\"https:\\\/\\\/aconteceunovale.com.br\\\/portal\\\/\",\"name\":\"Aconteceu no Vale\",\"description\":\"Portal de Not\u00edcias\",\"potentialAction\":[{\"@type\":\"SearchAction\",\"target\":{\"@type\":\"EntryPoint\",\"urlTemplate\":\"https:\\\/\\\/aconteceunovale.com.br\\\/portal\\\/?s={search_term_string}\"},\"query-input\":{\"@type\":\"PropertyValueSpecification\",\"valueRequired\":true,\"valueName\":\"search_term_string\"}}],\"inLanguage\":\"pt-BR\"},{\"@type\":\"Person\",\"@id\":\"https:\\\/\\\/aconteceunovale.com.br\\\/portal\\\/#\\\/schema\\\/person\\\/7d2f26d1483f8a63de73da1ee0754d35\",\"name\":\"Reda\u00e7\u00e3o Aconteceu no Vale\",\"description\":\"Equipe de reportagem do Aconteceu no Vale, portal de not\u00edcias do Vale do Jequitinhonha, em Minas Gerais. Cobrimos as 51 cidades do Vale desde 2013. Sugest\u00f5es de pauta e pedidos de corre\u00e7\u00e3o: contato@aconteceunovale.com.br\",\"url\":\"https:\\\/\\\/aconteceunovale.com.br\\\/portal\\\/?author=4\"}]}<\/script>\n<!-- \/ Yoast SEO plugin. -->","yoast_head_json":{"title":"Decreto de Liberdade Econ\u00f4mica entra em vigor - Aconteceu no Vale","robots":{"index":"index","follow":"follow","max-snippet":"max-snippet:-1","max-image-preview":"max-image-preview:large","max-video-preview":"max-video-preview:-1"},"canonical":"https:\/\/aconteceunovale.com.br\/portal\/?p=172631","og_locale":"pt_BR","og_type":"article","og_title":"Decreto de Liberdade Econ\u00f4mica entra em vigor - Aconteceu no Vale","og_description":"A partir deste m\u00eas, empreendedores mineiros poder\u00e3o se beneficiar das iniciativas do Decreto de Liberdade Econ\u00f4mica. A implementa\u00e7\u00e3o da norma \u00e9 um dos resultados do programa Minas Livre Para Crescer, coordenado pela&nbsp;Secretaria de Estado de Desenvolvimento Econ\u00f4mico (Sede). O projeto estrat\u00e9gico do Governo de Minas fomenta o desenvolvimento, reduzindo a burocracia e os entraves para [&hellip;]","og_url":"https:\/\/aconteceunovale.com.br\/portal\/?p=172631","og_site_name":"Aconteceu no Vale","article_publisher":"https:\/\/www.facebook.com\/aconteceunovale\/","article_published_time":"2021-01-21T18:02:21+00:00","article_modified_time":"2021-01-21T18:02:34+00:00","og_image":[{"width":672,"height":450,"url":"https:\/\/aconteceunovale.com.br\/portal\/wp-content\/uploads\/2021\/01\/atividade_economica.jpg","type":"image\/jpeg"}],"author":"Reda\u00e7\u00e3o Aconteceu no Vale","twitter_card":"summary_large_image","twitter_creator":"@noticiadosvales","twitter_site":"@noticiadosvales","twitter_misc":{"Escrito por":"Reda\u00e7\u00e3o Aconteceu no Vale","Est. tempo de leitura":"3 minutos"},"schema":{"@context":"https:\/\/schema.org","@graph":[{"@type":"Article","@id":"https:\/\/aconteceunovale.com.br\/portal\/?p=172631#article","isPartOf":{"@id":"https:\/\/aconteceunovale.com.br\/portal\/?p=172631"},"author":{"name":"Reda\u00e7\u00e3o Aconteceu no Vale","@id":"https:\/\/aconteceunovale.com.br\/portal\/#\/schema\/person\/7d2f26d1483f8a63de73da1ee0754d35"},"headline":"Decreto de Liberdade Econ\u00f4mica entra em vigor","datePublished":"2021-01-21T18:02:21+00:00","dateModified":"2021-01-21T18:02:34+00:00","mainEntityOfPage":{"@id":"https:\/\/aconteceunovale.com.br\/portal\/?p=172631"},"wordCount":618,"commentCount":0,"image":{"@id":"https:\/\/aconteceunovale.com.br\/portal\/?p=172631#primaryimage"},"thumbnailUrl":"https:\/\/aconteceunovale.com.br\/portal\/wp-content\/uploads\/2021\/01\/atividade_economica.jpg","keywords":["Decreto de Liberdade Econ\u00f4mica","Desenvolvimento Econ\u00f4mico","Desenvolvimento Regional","Douglas Cabido","Fernando Passalio","Governo de Minas","Liberdade Econ\u00f4mica em Minas Gerais","Livre exerc\u00edcio de atividade econ\u00f4mica","Minas Livre para Crescer","Programa Minas Livre para Crescer","Sede-MG"],"articleSection":["Minas Gerais"],"inLanguage":"pt-BR","potentialAction":[{"@type":"CommentAction","name":"Comment","target":["https:\/\/aconteceunovale.com.br\/portal\/?p=172631#respond"]}]},{"@type":"WebPage","@id":"https:\/\/aconteceunovale.com.br\/portal\/?p=172631","url":"https:\/\/aconteceunovale.com.br\/portal\/?p=172631","name":"Decreto de Liberdade Econ\u00f4mica entra em vigor - Aconteceu no Vale","isPartOf":{"@id":"https:\/\/aconteceunovale.com.br\/portal\/#website"},"primaryImageOfPage":{"@id":"https:\/\/aconteceunovale.com.br\/portal\/?p=172631#primaryimage"},"image":{"@id":"https:\/\/aconteceunovale.com.br\/portal\/?p=172631#primaryimage"},"thumbnailUrl":"https:\/\/aconteceunovale.com.br\/portal\/wp-content\/uploads\/2021\/01\/atividade_economica.jpg","datePublished":"2021-01-21T18:02:21+00:00","dateModified":"2021-01-21T18:02:34+00:00","author":{"@id":"https:\/\/aconteceunovale.com.br\/portal\/#\/schema\/person\/7d2f26d1483f8a63de73da1ee0754d35"},"breadcrumb":{"@id":"https:\/\/aconteceunovale.com.br\/portal\/?p=172631#breadcrumb"},"inLanguage":"pt-BR","potentialAction":[{"@type":"ReadAction","target":["https:\/\/aconteceunovale.com.br\/portal\/?p=172631"]}]},{"@type":"ImageObject","inLanguage":"pt-BR","@id":"https:\/\/aconteceunovale.com.br\/portal\/?p=172631#primaryimage","url":"https:\/\/aconteceunovale.com.br\/portal\/wp-content\/uploads\/2021\/01\/atividade_economica.jpg","contentUrl":"https:\/\/aconteceunovale.com.br\/portal\/wp-content\/uploads\/2021\/01\/atividade_economica.jpg","width":672,"height":450},{"@type":"BreadcrumbList","@id":"https:\/\/aconteceunovale.com.br\/portal\/?p=172631#breadcrumb","itemListElement":[{"@type":"ListItem","position":1,"name":"In\u00edcio","item":"https:\/\/aconteceunovale.com.br\/portal\/"},{"@type":"ListItem","position":2,"name":"Decreto de Liberdade Econ\u00f4mica entra em vigor"}]},{"@type":"WebSite","@id":"https:\/\/aconteceunovale.com.br\/portal\/#website","url":"https:\/\/aconteceunovale.com.br\/portal\/","name":"Aconteceu no Vale","description":"Portal de Not\u00edcias","potentialAction":[{"@type":"SearchAction","target":{"@type":"EntryPoint","urlTemplate":"https:\/\/aconteceunovale.com.br\/portal\/?s={search_term_string}"},"query-input":{"@type":"PropertyValueSpecification","valueRequired":true,"valueName":"search_term_string"}}],"inLanguage":"pt-BR"},{"@type":"Person","@id":"https:\/\/aconteceunovale.com.br\/portal\/#\/schema\/person\/7d2f26d1483f8a63de73da1ee0754d35","name":"Reda\u00e7\u00e3o Aconteceu no Vale","description":"Equipe de reportagem do Aconteceu no Vale, portal de not\u00edcias do Vale do Jequitinhonha, em Minas Gerais. Cobrimos as 51 cidades do Vale desde 2013. Sugest\u00f5es de pauta e pedidos de corre\u00e7\u00e3o: contato@aconteceunovale.com.br","url":"https:\/\/aconteceunovale.com.br\/portal\/?author=4"}]}},"_links":{"self":[{"href":"https:\/\/aconteceunovale.com.br\/portal\/index.php?rest_route=\/wp\/v2\/posts\/172631","targetHints":{"allow":["GET"]}}],"collection":[{"href":"https:\/\/aconteceunovale.com.br\/portal\/index.php?rest_route=\/wp\/v2\/posts"}],"about":[{"href":"https:\/\/aconteceunovale.com.br\/portal\/index.php?rest_route=\/wp\/v2\/types\/post"}],"author":[{"embeddable":true,"href":"https:\/\/aconteceunovale.com.br\/portal\/index.php?rest_route=\/wp\/v2\/users\/4"}],"replies":[{"embeddable":true,"href":"https:\/\/aconteceunovale.com.br\/portal\/index.php?rest_route=%2Fwp%2Fv2%2Fcomments&post=172631"}],"version-history":[{"count":1,"href":"https:\/\/aconteceunovale.com.br\/portal\/index.php?rest_route=\/wp\/v2\/posts\/172631\/revisions"}],"predecessor-version":[{"id":172633,"href":"https:\/\/aconteceunovale.com.br\/portal\/index.php?rest_route=\/wp\/v2\/posts\/172631\/revisions\/172633"}],"wp:featuredmedia":[{"embeddable":true,"href":"https:\/\/aconteceunovale.com.br\/portal\/index.php?rest_route=\/wp\/v2\/media\/172632"}],"wp:attachment":[{"href":"https:\/\/aconteceunovale.com.br\/portal\/index.php?rest_route=%2Fwp%2Fv2%2Fmedia&parent=172631"}],"wp:term":[{"taxonomy":"category","embeddable":true,"href":"https:\/\/aconteceunovale.com.br\/portal\/index.php?rest_route=%2Fwp%2Fv2%2Fcategories&post=172631"},{"taxonomy":"post_tag","embeddable":true,"href":"https:\/\/aconteceunovale.com.br\/portal\/index.php?rest_route=%2Fwp%2Fv2%2Ftags&post=172631"}],"curies":[{"name":"wp","href":"https:\/\/api.w.org\/{rel}","templated":true}]}}