{"id":172626,"date":"2021-01-21T09:41:44","date_gmt":"2021-01-21T12:41:44","guid":{"rendered":"https:\/\/aconteceunovale.com.br\/portal\/?p=172626"},"modified":"2021-01-21T09:41:59","modified_gmt":"2021-01-21T12:41:59","slug":"unileste-abre-vagas-para-contratacao-de-profissionais-nas-areas-de-atendimento-e-manutencao","status":"publish","type":"post","link":"https:\/\/aconteceunovale.com.br\/portal\/?p=172626","title":{"rendered":"Unileste abre vagas para contrata\u00e7\u00e3o de profissionais nas \u00e1reas de atendimento e manuten\u00e7\u00e3o"},"content":{"rendered":"\n<p class=\"wp-block-paragraph\">O Centro Universit\u00e1rio Cat\u00f3lica do Leste de Minas Gerais (Unileste) oferta quatro vagas para contrata\u00e7\u00e3o de profissionais que ir\u00e3o compor o corpo de colaboradores da institui\u00e7\u00e3o nas \u00e1reas de atendimento e manuten\u00e7\u00e3o.&nbsp; As oportunidades s\u00e3o para Auxiliar de Servi\u00e7os Gerais, Ajudante de Manuten\u00e7\u00e3o Predial, Auxiliar de Central de Atendimento e Jardineiro.<\/p>\n\n\n\n<p class=\"wp-block-paragraph\">Para a vaga de Auxiliar de Central de Atendimento, os interessados dever\u00e3o\u00a0efetuar cadastro no Banco de Talentos e inscri\u00e7\u00e3o na vaga de interesse\u00a0na aba Trabalhe Conosco, dispon\u00edvel no\u00a0<strong><a rel=\"noreferrer noopener\" href=\"https:\/\/unileste.catolica.edu.br\/portal\/trabalhe-conosco\/\" target=\"_blank\">site<\/a>\u00a0<\/strong>da IES. J\u00e1 para se candidatar \u00e0s demais vagas, os interessados dever\u00e3o enviar curr\u00edculo atualizado para o e-mail <a rel=\"noreferrer noopener\" href=\"mailto:recrutamento@unileste.edu.br\" target=\"_blank\">recrutamento@unileste.edu.br<\/a>, com o nome da vaga no campo \u201cassunto\u201d, ou entreg\u00e1-lo presencialmente no Setor de Recursos Humanos (Bloco N, campus Cel. Fabriciano). As inscri\u00e7\u00f5es ser\u00e3o aceitas at\u00e9 domingo (24\/1\/2021).<\/p>\n\n\n\n<p class=\"wp-block-paragraph\">O candidato que deseja entregar o curr\u00edculo presencialmente dever\u00e1 comparecer ao Setor de Recursos Humanos pela manh\u00e3, entre 8h e 11h, ou \u00e0 tarde, entre 13h30 e 17h. Para acessar o campus, \u00e9 obrigat\u00f3rio o uso de m\u00e1scara de prote\u00e7\u00e3o e aferi\u00e7\u00e3o da temperatura na portaria.<\/p>\n\n\n\n<figure class=\"wp-block-gallery columns-1 is-cropped wp-block-gallery-1 is-layout-flex wp-block-gallery-is-layout-flex\"><ul class=\"blocks-gallery-grid\"><li class=\"blocks-gallery-item\"><figure><img loading=\"lazy\" decoding=\"async\" width=\"675\" height=\"450\" src=\"https:\/\/aconteceunovale.com.br\/portal\/wp-content\/uploads\/2021\/01\/unileste_coronel_fabriciano.jpg\" alt=\"\" data-id=\"172627\" data-full-url=\"https:\/\/aconteceunovale.com.br\/portal\/wp-content\/uploads\/2021\/01\/unileste_coronel_fabriciano.jpg\" data-link=\"https:\/\/aconteceunovale.com.br\/portal\/?attachment_id=172627\" class=\"wp-image-172627\" srcset=\"https:\/\/aconteceunovale.com.br\/portal\/wp-content\/uploads\/2021\/01\/unileste_coronel_fabriciano.jpg 675w, https:\/\/aconteceunovale.com.br\/portal\/wp-content\/uploads\/2021\/01\/unileste_coronel_fabriciano-300x200.jpg 300w, https:\/\/aconteceunovale.com.br\/portal\/wp-content\/uploads\/2021\/01\/unileste_coronel_fabriciano-630x420.jpg 630w\" sizes=\"auto, (max-width: 675px) 100vw, 675px\" \/><figcaption class=\"blocks-gallery-item__caption\"><em>Unileste Campus Coronel Fabriciano (Foto: Divulga\u00e7\u00e3o)<\/em><\/figcaption><\/figure><\/li><\/ul><\/figure>\n\n\n\n<p class=\"wp-block-paragraph\"><strong>Benef\u00edcios<\/strong><\/p>\n\n\n\n<p class=\"wp-block-paragraph\">Entre os benef\u00edcios oferecidos aos colaboradores efetivos da Institui\u00e7\u00e3o est\u00e3o: sal\u00e1rio, bolsa parcial de incentivo aos estudos para o colaborador e seus dependentes; (conforme regras da Conven\u00e7\u00e3o Coletiva de Trabalho); Vale-Transporte; Plano de Sa\u00fade com coparticipa\u00e7\u00e3o; Plano Odontol\u00f3gico sem coparticipa\u00e7\u00e3o; Seguro de Vida\/Acidente; Licen\u00e7a maternidade estendida; Folga no dia do anivers\u00e1rio; Academia de Muscula\u00e7\u00e3o e Centro Esportivo para promo\u00e7\u00e3o da sa\u00fade e qualidade de vida.<\/p>\n\n\n\n<p class=\"wp-block-paragraph\"><strong>Servi\u00e7o<\/strong><\/p>\n\n\n\n<p class=\"wp-block-paragraph\">Processo seletivo para vagas de Auxiliar de Servi\u00e7os Gerais, Ajudante de Manuten\u00e7\u00e3o Predial, Auxiliar de Central de Atendimento e Jardineiro.<\/p>\n\n\n\n<p class=\"wp-block-paragraph\">Cadastro e inscri\u00e7\u00e3o:&nbsp;<a href=\"https:\/\/unileste.catolica.edu.br\/portal\/trabalhe-conosco\/\" target=\"_blank\" rel=\"noreferrer noopener\">https:\/\/unileste.catolica.edu.br\/portal\/trabalhe-conosco\/<\/a><\/p>\n\n\n\n<p class=\"wp-block-paragraph\">Prazo: 24 de janeiro de 2021<\/p>\n\n\n\n<p class=\"wp-block-paragraph\">Mais informa\u00e7\u00f5es: (31) 3846-5706 e\u00a0<a rel=\"noreferrer noopener\" href=\"mailto:recrutamento@unileste.edu.br\" target=\"_blank\">recrutamento@unileste.edu.br<\/a><\/p>\n\n\n\n<p class=\"has-white-color has-black-background-color has-text-color has-background wp-block-paragraph\">Quer saber as not\u00edcias do <strong>Aconteceu no Vale<\/strong> em primeira m\u00e3o? Siga-nos no Facebook <a rel=\"noreferrer noopener\" href=\"http:\/\/facebook.com\/aconteceunovale\" target=\"_blank\">@aconteceunovale<\/a>, Twitter <a rel=\"noreferrer noopener\" href=\"https:\/\/twitter.com\/noticiadosvales\" target=\"_blank\">@noticiadosvales<\/a> e Instagram <a rel=\"noreferrer noopener\" href=\"https:\/\/www.instagram.com\/aconteceunovale\" target=\"_blank\">@aconteceunovale<\/a>.<\/p>\n","protected":false},"excerpt":{"rendered":"<p>O Centro Universit\u00e1rio Cat\u00f3lica do Leste de Minas Gerais (Unileste) oferta quatro vagas para contrata\u00e7\u00e3o de profissionais que ir\u00e3o compor o corpo de colaboradores da institui\u00e7\u00e3o nas \u00e1reas de atendimento e manuten\u00e7\u00e3o.&nbsp; As oportunidades s\u00e3o para Auxiliar de Servi\u00e7os Gerais, Ajudante de Manuten\u00e7\u00e3o Predial, Auxiliar de Central de Atendimento e Jardineiro. Para a vaga de [&hellip;]<\/p>\n","protected":false},"author":4,"featured_media":172627,"comment_status":"open","ping_status":"closed","sticky":false,"template":"","format":"standard","meta":{"amp_status":"","footnotes":""},"categories":[40236,121],"tags":[235275,1018,235272,235274,235273,197790,235270,235276,235271],"class_list":["post-172626","post","type-post","status-publish","format-standard","has-post-thumbnail","hentry","category-empregos-2","category-leste","tag-centro-universitario-catolica-do-leste-de-minas-gerais","tag-destaque","tag-emprego-unileste","tag-oportunidade-na-unileste","tag-trabalho-na-unileste","tag-unileste","tag-unileste-abre-vagas-para-contratacao-de-profissionais-nas-areas-de-atendimento-e-manutencao","tag-unileste-coronel-fabriciano","tag-vagas-unileste"],"yoast_head":"<!-- This site is optimized with the Yoast SEO plugin v28.3 - https:\/\/yoast.com\/product\/yoast-seo-wordpress\/ -->\n<title>Unileste abre vagas para contrata\u00e7\u00e3o de profissionais nas \u00e1reas de atendimento e manuten\u00e7\u00e3o - Aconteceu no Vale<\/title>\n<meta name=\"robots\" content=\"index, follow, max-snippet:-1, max-image-preview:large, max-video-preview:-1\" \/>\n<link rel=\"canonical\" href=\"https:\/\/aconteceunovale.com.br\/portal\/?p=172626\" \/>\n<meta property=\"og:locale\" content=\"pt_BR\" \/>\n<meta property=\"og:type\" content=\"article\" \/>\n<meta property=\"og:title\" content=\"Unileste abre vagas para contrata\u00e7\u00e3o de profissionais nas \u00e1reas de atendimento e manuten\u00e7\u00e3o - Aconteceu no Vale\" \/>\n<meta property=\"og:description\" content=\"O Centro Universit\u00e1rio Cat\u00f3lica do Leste de Minas Gerais (Unileste) oferta quatro vagas para contrata\u00e7\u00e3o de profissionais que ir\u00e3o compor o corpo de colaboradores da institui\u00e7\u00e3o nas \u00e1reas de atendimento e manuten\u00e7\u00e3o.&nbsp; As oportunidades s\u00e3o para Auxiliar de Servi\u00e7os Gerais, Ajudante de Manuten\u00e7\u00e3o Predial, Auxiliar de Central de Atendimento e Jardineiro. Para a vaga de [&hellip;]\" \/>\n<meta property=\"og:url\" content=\"https:\/\/aconteceunovale.com.br\/portal\/?p=172626\" \/>\n<meta property=\"og:site_name\" content=\"Aconteceu no Vale\" \/>\n<meta property=\"article:publisher\" content=\"https:\/\/www.facebook.com\/aconteceunovale\/\" \/>\n<meta property=\"article:published_time\" content=\"2021-01-21T12:41:44+00:00\" \/>\n<meta property=\"article:modified_time\" content=\"2021-01-21T12:41:59+00:00\" \/>\n<meta property=\"og:image\" content=\"https:\/\/aconteceunovale.com.br\/portal\/wp-content\/uploads\/2021\/01\/unileste_coronel_fabriciano.jpg\" \/>\n\t<meta property=\"og:image:width\" content=\"675\" \/>\n\t<meta property=\"og:image:height\" content=\"450\" \/>\n\t<meta property=\"og:image:type\" content=\"image\/jpeg\" \/>\n<meta name=\"author\" content=\"Reda\u00e7\u00e3o Aconteceu no Vale\" \/>\n<meta name=\"twitter:card\" content=\"summary_large_image\" \/>\n<meta name=\"twitter:creator\" content=\"@noticiadosvales\" \/>\n<meta name=\"twitter:site\" content=\"@noticiadosvales\" \/>\n<meta name=\"twitter:label1\" content=\"Escrito por\" \/>\n\t<meta name=\"twitter:data1\" content=\"Reda\u00e7\u00e3o Aconteceu no Vale\" \/>\n\t<meta name=\"twitter:label2\" content=\"Est. tempo de leitura\" \/>\n\t<meta name=\"twitter:data2\" content=\"2 minutos\" \/>\n<script type=\"application\/ld+json\" class=\"yoast-schema-graph\">{\"@context\":\"https:\\\/\\\/schema.org\",\"@graph\":[{\"@type\":\"Article\",\"@id\":\"https:\\\/\\\/aconteceunovale.com.br\\\/portal\\\/?p=172626#article\",\"isPartOf\":{\"@id\":\"https:\\\/\\\/aconteceunovale.com.br\\\/portal\\\/?p=172626\"},\"author\":{\"name\":\"Reda\u00e7\u00e3o Aconteceu no Vale\",\"@id\":\"https:\\\/\\\/aconteceunovale.com.br\\\/portal\\\/#\\\/schema\\\/person\\\/7d2f26d1483f8a63de73da1ee0754d35\"},\"headline\":\"Unileste abre vagas para contrata\u00e7\u00e3o de profissionais nas \u00e1reas de atendimento e manuten\u00e7\u00e3o\",\"datePublished\":\"2021-01-21T12:41:44+00:00\",\"dateModified\":\"2021-01-21T12:41:59+00:00\",\"mainEntityOfPage\":{\"@id\":\"https:\\\/\\\/aconteceunovale.com.br\\\/portal\\\/?p=172626\"},\"wordCount\":373,\"commentCount\":0,\"image\":{\"@id\":\"https:\\\/\\\/aconteceunovale.com.br\\\/portal\\\/?p=172626#primaryimage\"},\"thumbnailUrl\":\"https:\\\/\\\/aconteceunovale.com.br\\\/portal\\\/wp-content\\\/uploads\\\/2021\\\/01\\\/unileste_coronel_fabriciano.jpg\",\"keywords\":[\"Centro Universit\u00e1rio Cat\u00f3lica do Leste de Minas Gerais\",\"destaque\",\"Emprego Unileste\",\"Oportunidade na Unileste\",\"Trabalho na Unileste\",\"Unileste\",\"Unileste abre vagas para contrata\u00e7\u00e3o de profissionais nas \u00e1reas de atendimento e manuten\u00e7\u00e3o\",\"Unileste Coronel Fabriciano\",\"Vagas Unileste\"],\"articleSection\":[\"Empregos\",\"Leste de Minas\"],\"inLanguage\":\"pt-BR\",\"potentialAction\":[{\"@type\":\"CommentAction\",\"name\":\"Comment\",\"target\":[\"https:\\\/\\\/aconteceunovale.com.br\\\/portal\\\/?p=172626#respond\"]}]},{\"@type\":\"WebPage\",\"@id\":\"https:\\\/\\\/aconteceunovale.com.br\\\/portal\\\/?p=172626\",\"url\":\"https:\\\/\\\/aconteceunovale.com.br\\\/portal\\\/?p=172626\",\"name\":\"Unileste abre vagas para contrata\u00e7\u00e3o de profissionais nas \u00e1reas de atendimento e manuten\u00e7\u00e3o - Aconteceu no Vale\",\"isPartOf\":{\"@id\":\"https:\\\/\\\/aconteceunovale.com.br\\\/portal\\\/#website\"},\"primaryImageOfPage\":{\"@id\":\"https:\\\/\\\/aconteceunovale.com.br\\\/portal\\\/?p=172626#primaryimage\"},\"image\":{\"@id\":\"https:\\\/\\\/aconteceunovale.com.br\\\/portal\\\/?p=172626#primaryimage\"},\"thumbnailUrl\":\"https:\\\/\\\/aconteceunovale.com.br\\\/portal\\\/wp-content\\\/uploads\\\/2021\\\/01\\\/unileste_coronel_fabriciano.jpg\",\"datePublished\":\"2021-01-21T12:41:44+00:00\",\"dateModified\":\"2021-01-21T12:41:59+00:00\",\"author\":{\"@id\":\"https:\\\/\\\/aconteceunovale.com.br\\\/portal\\\/#\\\/schema\\\/person\\\/7d2f26d1483f8a63de73da1ee0754d35\"},\"breadcrumb\":{\"@id\":\"https:\\\/\\\/aconteceunovale.com.br\\\/portal\\\/?p=172626#breadcrumb\"},\"inLanguage\":\"pt-BR\",\"potentialAction\":[{\"@type\":\"ReadAction\",\"target\":[\"https:\\\/\\\/aconteceunovale.com.br\\\/portal\\\/?p=172626\"]}]},{\"@type\":\"ImageObject\",\"inLanguage\":\"pt-BR\",\"@id\":\"https:\\\/\\\/aconteceunovale.com.br\\\/portal\\\/?p=172626#primaryimage\",\"url\":\"https:\\\/\\\/aconteceunovale.com.br\\\/portal\\\/wp-content\\\/uploads\\\/2021\\\/01\\\/unileste_coronel_fabriciano.jpg\",\"contentUrl\":\"https:\\\/\\\/aconteceunovale.com.br\\\/portal\\\/wp-content\\\/uploads\\\/2021\\\/01\\\/unileste_coronel_fabriciano.jpg\",\"width\":675,\"height\":450},{\"@type\":\"BreadcrumbList\",\"@id\":\"https:\\\/\\\/aconteceunovale.com.br\\\/portal\\\/?p=172626#breadcrumb\",\"itemListElement\":[{\"@type\":\"ListItem\",\"position\":1,\"name\":\"In\u00edcio\",\"item\":\"https:\\\/\\\/aconteceunovale.com.br\\\/portal\\\/\"},{\"@type\":\"ListItem\",\"position\":2,\"name\":\"Unileste abre vagas para contrata\u00e7\u00e3o de profissionais nas \u00e1reas de atendimento e manuten\u00e7\u00e3o\"}]},{\"@type\":\"WebSite\",\"@id\":\"https:\\\/\\\/aconteceunovale.com.br\\\/portal\\\/#website\",\"url\":\"https:\\\/\\\/aconteceunovale.com.br\\\/portal\\\/\",\"name\":\"Aconteceu no Vale\",\"description\":\"Portal de Not\u00edcias\",\"potentialAction\":[{\"@type\":\"SearchAction\",\"target\":{\"@type\":\"EntryPoint\",\"urlTemplate\":\"https:\\\/\\\/aconteceunovale.com.br\\\/portal\\\/?s={search_term_string}\"},\"query-input\":{\"@type\":\"PropertyValueSpecification\",\"valueRequired\":true,\"valueName\":\"search_term_string\"}}],\"inLanguage\":\"pt-BR\"},{\"@type\":\"Person\",\"@id\":\"https:\\\/\\\/aconteceunovale.com.br\\\/portal\\\/#\\\/schema\\\/person\\\/7d2f26d1483f8a63de73da1ee0754d35\",\"name\":\"Reda\u00e7\u00e3o Aconteceu no Vale\",\"description\":\"Equipe de reportagem do Aconteceu no Vale, portal de not\u00edcias do Vale do Jequitinhonha, em Minas Gerais. Cobrimos as 51 cidades do Vale desde 2013. Sugest\u00f5es de pauta e pedidos de corre\u00e7\u00e3o: contato@aconteceunovale.com.br\",\"url\":\"https:\\\/\\\/aconteceunovale.com.br\\\/portal\\\/?author=4\"}]}<\/script>\n<!-- \/ Yoast SEO plugin. -->","yoast_head_json":{"title":"Unileste abre vagas para contrata\u00e7\u00e3o de profissionais nas \u00e1reas de atendimento e manuten\u00e7\u00e3o - Aconteceu no Vale","robots":{"index":"index","follow":"follow","max-snippet":"max-snippet:-1","max-image-preview":"max-image-preview:large","max-video-preview":"max-video-preview:-1"},"canonical":"https:\/\/aconteceunovale.com.br\/portal\/?p=172626","og_locale":"pt_BR","og_type":"article","og_title":"Unileste abre vagas para contrata\u00e7\u00e3o de profissionais nas \u00e1reas de atendimento e manuten\u00e7\u00e3o - Aconteceu no Vale","og_description":"O Centro Universit\u00e1rio Cat\u00f3lica do Leste de Minas Gerais (Unileste) oferta quatro vagas para contrata\u00e7\u00e3o de profissionais que ir\u00e3o compor o corpo de colaboradores da institui\u00e7\u00e3o nas \u00e1reas de atendimento e manuten\u00e7\u00e3o.&nbsp; As oportunidades s\u00e3o para Auxiliar de Servi\u00e7os Gerais, Ajudante de Manuten\u00e7\u00e3o Predial, Auxiliar de Central de Atendimento e Jardineiro. Para a vaga de [&hellip;]","og_url":"https:\/\/aconteceunovale.com.br\/portal\/?p=172626","og_site_name":"Aconteceu no Vale","article_publisher":"https:\/\/www.facebook.com\/aconteceunovale\/","article_published_time":"2021-01-21T12:41:44+00:00","article_modified_time":"2021-01-21T12:41:59+00:00","og_image":[{"width":675,"height":450,"url":"https:\/\/aconteceunovale.com.br\/portal\/wp-content\/uploads\/2021\/01\/unileste_coronel_fabriciano.jpg","type":"image\/jpeg"}],"author":"Reda\u00e7\u00e3o Aconteceu no Vale","twitter_card":"summary_large_image","twitter_creator":"@noticiadosvales","twitter_site":"@noticiadosvales","twitter_misc":{"Escrito por":"Reda\u00e7\u00e3o Aconteceu no Vale","Est. tempo de leitura":"2 minutos"},"schema":{"@context":"https:\/\/schema.org","@graph":[{"@type":"Article","@id":"https:\/\/aconteceunovale.com.br\/portal\/?p=172626#article","isPartOf":{"@id":"https:\/\/aconteceunovale.com.br\/portal\/?p=172626"},"author":{"name":"Reda\u00e7\u00e3o Aconteceu no Vale","@id":"https:\/\/aconteceunovale.com.br\/portal\/#\/schema\/person\/7d2f26d1483f8a63de73da1ee0754d35"},"headline":"Unileste abre vagas para contrata\u00e7\u00e3o de profissionais nas \u00e1reas de atendimento e manuten\u00e7\u00e3o","datePublished":"2021-01-21T12:41:44+00:00","dateModified":"2021-01-21T12:41:59+00:00","mainEntityOfPage":{"@id":"https:\/\/aconteceunovale.com.br\/portal\/?p=172626"},"wordCount":373,"commentCount":0,"image":{"@id":"https:\/\/aconteceunovale.com.br\/portal\/?p=172626#primaryimage"},"thumbnailUrl":"https:\/\/aconteceunovale.com.br\/portal\/wp-content\/uploads\/2021\/01\/unileste_coronel_fabriciano.jpg","keywords":["Centro Universit\u00e1rio Cat\u00f3lica do Leste de Minas Gerais","destaque","Emprego Unileste","Oportunidade na Unileste","Trabalho na Unileste","Unileste","Unileste abre vagas para contrata\u00e7\u00e3o de profissionais nas \u00e1reas de atendimento e manuten\u00e7\u00e3o","Unileste Coronel Fabriciano","Vagas Unileste"],"articleSection":["Empregos","Leste de Minas"],"inLanguage":"pt-BR","potentialAction":[{"@type":"CommentAction","name":"Comment","target":["https:\/\/aconteceunovale.com.br\/portal\/?p=172626#respond"]}]},{"@type":"WebPage","@id":"https:\/\/aconteceunovale.com.br\/portal\/?p=172626","url":"https:\/\/aconteceunovale.com.br\/portal\/?p=172626","name":"Unileste abre vagas para contrata\u00e7\u00e3o de profissionais nas \u00e1reas de atendimento e manuten\u00e7\u00e3o - Aconteceu no Vale","isPartOf":{"@id":"https:\/\/aconteceunovale.com.br\/portal\/#website"},"primaryImageOfPage":{"@id":"https:\/\/aconteceunovale.com.br\/portal\/?p=172626#primaryimage"},"image":{"@id":"https:\/\/aconteceunovale.com.br\/portal\/?p=172626#primaryimage"},"thumbnailUrl":"https:\/\/aconteceunovale.com.br\/portal\/wp-content\/uploads\/2021\/01\/unileste_coronel_fabriciano.jpg","datePublished":"2021-01-21T12:41:44+00:00","dateModified":"2021-01-21T12:41:59+00:00","author":{"@id":"https:\/\/aconteceunovale.com.br\/portal\/#\/schema\/person\/7d2f26d1483f8a63de73da1ee0754d35"},"breadcrumb":{"@id":"https:\/\/aconteceunovale.com.br\/portal\/?p=172626#breadcrumb"},"inLanguage":"pt-BR","potentialAction":[{"@type":"ReadAction","target":["https:\/\/aconteceunovale.com.br\/portal\/?p=172626"]}]},{"@type":"ImageObject","inLanguage":"pt-BR","@id":"https:\/\/aconteceunovale.com.br\/portal\/?p=172626#primaryimage","url":"https:\/\/aconteceunovale.com.br\/portal\/wp-content\/uploads\/2021\/01\/unileste_coronel_fabriciano.jpg","contentUrl":"https:\/\/aconteceunovale.com.br\/portal\/wp-content\/uploads\/2021\/01\/unileste_coronel_fabriciano.jpg","width":675,"height":450},{"@type":"BreadcrumbList","@id":"https:\/\/aconteceunovale.com.br\/portal\/?p=172626#breadcrumb","itemListElement":[{"@type":"ListItem","position":1,"name":"In\u00edcio","item":"https:\/\/aconteceunovale.com.br\/portal\/"},{"@type":"ListItem","position":2,"name":"Unileste abre vagas para contrata\u00e7\u00e3o de profissionais nas \u00e1reas de atendimento e manuten\u00e7\u00e3o"}]},{"@type":"WebSite","@id":"https:\/\/aconteceunovale.com.br\/portal\/#website","url":"https:\/\/aconteceunovale.com.br\/portal\/","name":"Aconteceu no Vale","description":"Portal de Not\u00edcias","potentialAction":[{"@type":"SearchAction","target":{"@type":"EntryPoint","urlTemplate":"https:\/\/aconteceunovale.com.br\/portal\/?s={search_term_string}"},"query-input":{"@type":"PropertyValueSpecification","valueRequired":true,"valueName":"search_term_string"}}],"inLanguage":"pt-BR"},{"@type":"Person","@id":"https:\/\/aconteceunovale.com.br\/portal\/#\/schema\/person\/7d2f26d1483f8a63de73da1ee0754d35","name":"Reda\u00e7\u00e3o Aconteceu no Vale","description":"Equipe de reportagem do Aconteceu no Vale, portal de not\u00edcias do Vale do Jequitinhonha, em Minas Gerais. Cobrimos as 51 cidades do Vale desde 2013. Sugest\u00f5es de pauta e pedidos de corre\u00e7\u00e3o: contato@aconteceunovale.com.br","url":"https:\/\/aconteceunovale.com.br\/portal\/?author=4"}]}},"_links":{"self":[{"href":"https:\/\/aconteceunovale.com.br\/portal\/index.php?rest_route=\/wp\/v2\/posts\/172626","targetHints":{"allow":["GET"]}}],"collection":[{"href":"https:\/\/aconteceunovale.com.br\/portal\/index.php?rest_route=\/wp\/v2\/posts"}],"about":[{"href":"https:\/\/aconteceunovale.com.br\/portal\/index.php?rest_route=\/wp\/v2\/types\/post"}],"author":[{"embeddable":true,"href":"https:\/\/aconteceunovale.com.br\/portal\/index.php?rest_route=\/wp\/v2\/users\/4"}],"replies":[{"embeddable":true,"href":"https:\/\/aconteceunovale.com.br\/portal\/index.php?rest_route=%2Fwp%2Fv2%2Fcomments&post=172626"}],"version-history":[{"count":1,"href":"https:\/\/aconteceunovale.com.br\/portal\/index.php?rest_route=\/wp\/v2\/posts\/172626\/revisions"}],"predecessor-version":[{"id":172628,"href":"https:\/\/aconteceunovale.com.br\/portal\/index.php?rest_route=\/wp\/v2\/posts\/172626\/revisions\/172628"}],"wp:featuredmedia":[{"embeddable":true,"href":"https:\/\/aconteceunovale.com.br\/portal\/index.php?rest_route=\/wp\/v2\/media\/172627"}],"wp:attachment":[{"href":"https:\/\/aconteceunovale.com.br\/portal\/index.php?rest_route=%2Fwp%2Fv2%2Fmedia&parent=172626"}],"wp:term":[{"taxonomy":"category","embeddable":true,"href":"https:\/\/aconteceunovale.com.br\/portal\/index.php?rest_route=%2Fwp%2Fv2%2Fcategories&post=172626"},{"taxonomy":"post_tag","embeddable":true,"href":"https:\/\/aconteceunovale.com.br\/portal\/index.php?rest_route=%2Fwp%2Fv2%2Ftags&post=172626"}],"curies":[{"name":"wp","href":"https:\/\/api.w.org\/{rel}","templated":true}]}}