{"id":172617,"date":"2021-01-21T08:34:33","date_gmt":"2021-01-21T11:34:33","guid":{"rendered":"https:\/\/aconteceunovale.com.br\/portal\/?p=172617"},"modified":"2021-01-21T08:34:53","modified_gmt":"2021-01-21T11:34:53","slug":"estado-retoma-nomeacao-de-aprovados-em-concurso-publico-da-educacao","status":"publish","type":"post","link":"https:\/\/aconteceunovale.com.br\/portal\/?p=172617","title":{"rendered":"Estado retoma nomea\u00e7\u00e3o de aprovados em concurso p\u00fablico da Educa\u00e7\u00e3o"},"content":{"rendered":"\n<p class=\"wp-block-paragraph\">O\u00a0Governo de Minas Gerais\u00a0publicou, nesta ter\u00e7a-feira (19\/1\/2021), no\u00a0<a rel=\"noreferrer noopener\" href=\"http:\/\/www.jornalminasgerais.mg.gov.br\/\" target=\"_blank\">Di\u00e1rio Oficial do Estado<\/a>, listagem com os nomes dos nomeados para os cargos de Professor e Especialista em Educa\u00e7\u00e3o B\u00e1sica.\u00a0<br><br>A nomea\u00e7\u00e3o contempla mil profissionais que atuar\u00e3o na rede estadual de ensino. A publica\u00e7\u00e3o marca a retomada das nomea\u00e7\u00f5es, suspensas desde o decreto de calamidade p\u00fablica institu\u00eddo no estado em preven\u00e7\u00e3o \u00e0 covid-19.<br><br><strong>Cargos<\/strong><br><br>Ao todo, foram nomeados 600 profissionais para o cargo de Professor de Educa\u00e7\u00e3o B\u00e1sica (PEB) de diferentes disciplinas e 400 para o cargo de Especialista em Educa\u00e7\u00e3o B\u00e1sica (EEB). As nomea\u00e7\u00f5es s\u00e3o referentes aos cargos disponibilizados no edital n\u00ba 07\/2017 e contemplam vagas em munic\u00edpios de todas as 47 Superintend\u00eancias Regionais de Ensino (SREs).<\/p>\n\n\n\n<p class=\"wp-block-paragraph\">A subsecret\u00e1ria de Gest\u00e3o de Recursos Humanos, Ana Costa Rego, comemorou a publica\u00e7\u00e3o das nomea\u00e7\u00f5es. \u201cEstamos muito contentes com essa retomada das nomea\u00e7\u00f5es dos aprovados neste concurso p\u00fablico. Ela \u00e9 fruto de\u00a0trabalho conjunto e esfor\u00e7o das Secretarias de Estado de\u00a0Planejamento e Gest\u00e3o (Seplag)\u00a0e de\u00a0<a rel=\"noreferrer noopener\" href=\"http:\/\/www.educacao.mg.gov.br\/\" target=\"_blank\">Educa\u00e7\u00e3o (SEE\/MG)<\/a>, que vai possibilitar o fortalecimento do quadro efetivo de profissionais que atuam nas escolas da rede p\u00fablica estadual de ensino mineira\u201d, afirma.<br><br><strong>J\u00e1 nomeados<\/strong><br><br>Desde o in\u00edcio da atual gest\u00e3o estadual, a SEE-MG j\u00e1 nomeou 4,9 mil servidores para a\u00a0 rede estadual de ensino.\u00a0<br><br>As novas nomea\u00e7\u00f5es est\u00e3o escalonadas em cinco lotes. O primeiro em agosto de 2019, com mil nomea\u00e7\u00f5es. Em outubro, outros dois lotes de chamamento dos aprovados em concurso foram realizados. Mais um ocorreu em mar\u00e7o de 2020. J\u00e1 o quinto lote se refere ao publicado nesta ter\u00e7a-feira (19\/1).<br><br><strong>Prorroga\u00e7\u00e3o do concurso<\/strong><br><br>O Governo de Minas prorrogou at\u00e9 2022 o prazo de validade do concurso para os cargos de especialista em educa\u00e7\u00e3o b\u00e1sica e professor de educa\u00e7\u00e3o b\u00e1sica, referente ao edital n\u00ba 07\/2017, da SEE\/MG. Com a extens\u00e3o do prazo, a Secretaria garante a continuidade da pol\u00edtica de nomea\u00e7\u00e3o dos servidores que vem sendo adotada desde o in\u00edcio da gest\u00e3o Romeu Zema.<\/p>\n\n\n\n<p class=\"has-white-color has-black-background-color has-text-color has-background wp-block-paragraph\">Quer saber as not\u00edcias do <strong>Aconteceu no Vale<\/strong> em primeira m\u00e3o? Siga-nos no Facebook <a rel=\"noreferrer noopener\" href=\"http:\/\/facebook.com\/aconteceunovale\" target=\"_blank\">@aconteceunovale<\/a>, Twitter <a rel=\"noreferrer noopener\" href=\"https:\/\/twitter.com\/noticiadosvales\" target=\"_blank\">@noticiadosvales<\/a> e Instagram <a rel=\"noreferrer noopener\" href=\"https:\/\/www.instagram.com\/aconteceunovale\" target=\"_blank\">@aconteceunovale<\/a>.<\/p>\n","protected":false},"excerpt":{"rendered":"<p>O\u00a0Governo de Minas Gerais\u00a0publicou, nesta ter\u00e7a-feira (19\/1\/2021), no\u00a0Di\u00e1rio Oficial do Estado, listagem com os nomes dos nomeados para os cargos de Professor e Especialista em Educa\u00e7\u00e3o B\u00e1sica.\u00a0 A nomea\u00e7\u00e3o contempla mil profissionais que atuar\u00e3o na rede estadual de ensino. A publica\u00e7\u00e3o marca a retomada das nomea\u00e7\u00f5es, suspensas desde o decreto de calamidade p\u00fablica institu\u00eddo no [&hellip;]<\/p>\n","protected":false},"author":4,"featured_media":172618,"comment_status":"open","ping_status":"closed","sticky":false,"template":"","format":"standard","meta":{"amp_status":"","footnotes":""},"categories":[40238,40236,123],"tags":[235246,235244,169769,235245,235247,6546,235243,133841,159231],"class_list":["post-172617","post","type-post","status-publish","format-standard","has-post-thumbnail","hentry","category-educacao-2","category-empregos-2","category-gerais","tag-ana-costa-rego","tag-aprovados-em-concurso-publico-da-educacao","tag-concurso-da-see-mg","tag-concurso-publico-da-educacao","tag-concurso-publico-da-see-mg","tag-governo-de-minas","tag-nomeacao-de-aprovados-em-concurso-publico-da-educacao","tag-see-mg","tag-seplag-mg"],"yoast_head":"<!-- This site is optimized with the Yoast SEO plugin v28.3 - https:\/\/yoast.com\/product\/yoast-seo-wordpress\/ -->\n<title>Estado retoma nomea\u00e7\u00e3o de aprovados em concurso p\u00fablico da Educa\u00e7\u00e3o - Aconteceu no Vale<\/title>\n<meta name=\"robots\" content=\"index, follow, max-snippet:-1, max-image-preview:large, max-video-preview:-1\" \/>\n<link rel=\"canonical\" href=\"https:\/\/aconteceunovale.com.br\/portal\/?p=172617\" \/>\n<meta property=\"og:locale\" content=\"pt_BR\" \/>\n<meta property=\"og:type\" content=\"article\" \/>\n<meta property=\"og:title\" content=\"Estado retoma nomea\u00e7\u00e3o de aprovados em concurso p\u00fablico da Educa\u00e7\u00e3o - Aconteceu no Vale\" \/>\n<meta property=\"og:description\" content=\"O\u00a0Governo de Minas Gerais\u00a0publicou, nesta ter\u00e7a-feira (19\/1\/2021), no\u00a0Di\u00e1rio Oficial do Estado, listagem com os nomes dos nomeados para os cargos de Professor e Especialista em Educa\u00e7\u00e3o B\u00e1sica.\u00a0 A nomea\u00e7\u00e3o contempla mil profissionais que atuar\u00e3o na rede estadual de ensino. A publica\u00e7\u00e3o marca a retomada das nomea\u00e7\u00f5es, suspensas desde o decreto de calamidade p\u00fablica institu\u00eddo no [&hellip;]\" \/>\n<meta property=\"og:url\" content=\"https:\/\/aconteceunovale.com.br\/portal\/?p=172617\" \/>\n<meta property=\"og:site_name\" content=\"Aconteceu no Vale\" \/>\n<meta property=\"article:publisher\" content=\"https:\/\/www.facebook.com\/aconteceunovale\/\" \/>\n<meta property=\"article:published_time\" content=\"2021-01-21T11:34:33+00:00\" \/>\n<meta property=\"article:modified_time\" content=\"2021-01-21T11:34:53+00:00\" \/>\n<meta property=\"og:image\" content=\"https:\/\/aconteceunovale.com.br\/portal\/wp-content\/uploads\/2021\/01\/nomeacao_see.jpeg\" \/>\n\t<meta property=\"og:image:width\" content=\"620\" \/>\n\t<meta property=\"og:image:height\" content=\"382\" \/>\n\t<meta property=\"og:image:type\" content=\"image\/jpeg\" \/>\n<meta name=\"author\" content=\"Reda\u00e7\u00e3o Aconteceu no Vale\" \/>\n<meta name=\"twitter:card\" content=\"summary_large_image\" \/>\n<meta name=\"twitter:creator\" content=\"@noticiadosvales\" \/>\n<meta name=\"twitter:site\" content=\"@noticiadosvales\" \/>\n<meta name=\"twitter:label1\" content=\"Escrito por\" \/>\n\t<meta name=\"twitter:data1\" content=\"Reda\u00e7\u00e3o Aconteceu no Vale\" \/>\n\t<meta name=\"twitter:label2\" content=\"Est. tempo de leitura\" \/>\n\t<meta name=\"twitter:data2\" content=\"2 minutos\" \/>\n<script type=\"application\/ld+json\" class=\"yoast-schema-graph\">{\"@context\":\"https:\\\/\\\/schema.org\",\"@graph\":[{\"@type\":\"Article\",\"@id\":\"https:\\\/\\\/aconteceunovale.com.br\\\/portal\\\/?p=172617#article\",\"isPartOf\":{\"@id\":\"https:\\\/\\\/aconteceunovale.com.br\\\/portal\\\/?p=172617\"},\"author\":{\"name\":\"Reda\u00e7\u00e3o Aconteceu no Vale\",\"@id\":\"https:\\\/\\\/aconteceunovale.com.br\\\/portal\\\/#\\\/schema\\\/person\\\/7d2f26d1483f8a63de73da1ee0754d35\"},\"headline\":\"Estado retoma nomea\u00e7\u00e3o de aprovados em concurso p\u00fablico da Educa\u00e7\u00e3o\",\"datePublished\":\"2021-01-21T11:34:33+00:00\",\"dateModified\":\"2021-01-21T11:34:53+00:00\",\"mainEntityOfPage\":{\"@id\":\"https:\\\/\\\/aconteceunovale.com.br\\\/portal\\\/?p=172617\"},\"wordCount\":392,\"commentCount\":0,\"image\":{\"@id\":\"https:\\\/\\\/aconteceunovale.com.br\\\/portal\\\/?p=172617#primaryimage\"},\"thumbnailUrl\":\"https:\\\/\\\/aconteceunovale.com.br\\\/portal\\\/wp-content\\\/uploads\\\/2021\\\/01\\\/nomeacao_see.jpeg\",\"keywords\":[\"Ana Costa Rego\",\"Aprovados em concurso p\u00fablico da Educa\u00e7\u00e3o\",\"Concurso da SEE-MG\",\"Concurso p\u00fablico da Educa\u00e7\u00e3o\",\"Concurso p\u00fablico da SEE-MG\",\"Governo de Minas\",\"Nomea\u00e7\u00e3o de aprovados em concurso p\u00fablico da Educa\u00e7\u00e3o\",\"SEE-MG\",\"Seplag MG\"],\"articleSection\":[\"Educa\u00e7\u00e3o\",\"Empregos\",\"Minas Gerais\"],\"inLanguage\":\"pt-BR\",\"potentialAction\":[{\"@type\":\"CommentAction\",\"name\":\"Comment\",\"target\":[\"https:\\\/\\\/aconteceunovale.com.br\\\/portal\\\/?p=172617#respond\"]}]},{\"@type\":\"WebPage\",\"@id\":\"https:\\\/\\\/aconteceunovale.com.br\\\/portal\\\/?p=172617\",\"url\":\"https:\\\/\\\/aconteceunovale.com.br\\\/portal\\\/?p=172617\",\"name\":\"Estado retoma nomea\u00e7\u00e3o de aprovados em concurso p\u00fablico da Educa\u00e7\u00e3o - Aconteceu no Vale\",\"isPartOf\":{\"@id\":\"https:\\\/\\\/aconteceunovale.com.br\\\/portal\\\/#website\"},\"primaryImageOfPage\":{\"@id\":\"https:\\\/\\\/aconteceunovale.com.br\\\/portal\\\/?p=172617#primaryimage\"},\"image\":{\"@id\":\"https:\\\/\\\/aconteceunovale.com.br\\\/portal\\\/?p=172617#primaryimage\"},\"thumbnailUrl\":\"https:\\\/\\\/aconteceunovale.com.br\\\/portal\\\/wp-content\\\/uploads\\\/2021\\\/01\\\/nomeacao_see.jpeg\",\"datePublished\":\"2021-01-21T11:34:33+00:00\",\"dateModified\":\"2021-01-21T11:34:53+00:00\",\"author\":{\"@id\":\"https:\\\/\\\/aconteceunovale.com.br\\\/portal\\\/#\\\/schema\\\/person\\\/7d2f26d1483f8a63de73da1ee0754d35\"},\"breadcrumb\":{\"@id\":\"https:\\\/\\\/aconteceunovale.com.br\\\/portal\\\/?p=172617#breadcrumb\"},\"inLanguage\":\"pt-BR\",\"potentialAction\":[{\"@type\":\"ReadAction\",\"target\":[\"https:\\\/\\\/aconteceunovale.com.br\\\/portal\\\/?p=172617\"]}]},{\"@type\":\"ImageObject\",\"inLanguage\":\"pt-BR\",\"@id\":\"https:\\\/\\\/aconteceunovale.com.br\\\/portal\\\/?p=172617#primaryimage\",\"url\":\"https:\\\/\\\/aconteceunovale.com.br\\\/portal\\\/wp-content\\\/uploads\\\/2021\\\/01\\\/nomeacao_see.jpeg\",\"contentUrl\":\"https:\\\/\\\/aconteceunovale.com.br\\\/portal\\\/wp-content\\\/uploads\\\/2021\\\/01\\\/nomeacao_see.jpeg\",\"width\":620,\"height\":382},{\"@type\":\"BreadcrumbList\",\"@id\":\"https:\\\/\\\/aconteceunovale.com.br\\\/portal\\\/?p=172617#breadcrumb\",\"itemListElement\":[{\"@type\":\"ListItem\",\"position\":1,\"name\":\"In\u00edcio\",\"item\":\"https:\\\/\\\/aconteceunovale.com.br\\\/portal\\\/\"},{\"@type\":\"ListItem\",\"position\":2,\"name\":\"Estado retoma nomea\u00e7\u00e3o de aprovados em concurso p\u00fablico da Educa\u00e7\u00e3o\"}]},{\"@type\":\"WebSite\",\"@id\":\"https:\\\/\\\/aconteceunovale.com.br\\\/portal\\\/#website\",\"url\":\"https:\\\/\\\/aconteceunovale.com.br\\\/portal\\\/\",\"name\":\"Aconteceu no Vale\",\"description\":\"Portal de Not\u00edcias\",\"potentialAction\":[{\"@type\":\"SearchAction\",\"target\":{\"@type\":\"EntryPoint\",\"urlTemplate\":\"https:\\\/\\\/aconteceunovale.com.br\\\/portal\\\/?s={search_term_string}\"},\"query-input\":{\"@type\":\"PropertyValueSpecification\",\"valueRequired\":true,\"valueName\":\"search_term_string\"}}],\"inLanguage\":\"pt-BR\"},{\"@type\":\"Person\",\"@id\":\"https:\\\/\\\/aconteceunovale.com.br\\\/portal\\\/#\\\/schema\\\/person\\\/7d2f26d1483f8a63de73da1ee0754d35\",\"name\":\"Reda\u00e7\u00e3o Aconteceu no Vale\",\"description\":\"Equipe de reportagem do Aconteceu no Vale, portal de not\u00edcias do Vale do Jequitinhonha, em Minas Gerais. Cobrimos as 51 cidades do Vale desde 2013. Sugest\u00f5es de pauta e pedidos de corre\u00e7\u00e3o: contato@aconteceunovale.com.br\",\"url\":\"https:\\\/\\\/aconteceunovale.com.br\\\/portal\\\/?author=4\"}]}<\/script>\n<!-- \/ Yoast SEO plugin. -->","yoast_head_json":{"title":"Estado retoma nomea\u00e7\u00e3o de aprovados em concurso p\u00fablico da Educa\u00e7\u00e3o - Aconteceu no Vale","robots":{"index":"index","follow":"follow","max-snippet":"max-snippet:-1","max-image-preview":"max-image-preview:large","max-video-preview":"max-video-preview:-1"},"canonical":"https:\/\/aconteceunovale.com.br\/portal\/?p=172617","og_locale":"pt_BR","og_type":"article","og_title":"Estado retoma nomea\u00e7\u00e3o de aprovados em concurso p\u00fablico da Educa\u00e7\u00e3o - Aconteceu no Vale","og_description":"O\u00a0Governo de Minas Gerais\u00a0publicou, nesta ter\u00e7a-feira (19\/1\/2021), no\u00a0Di\u00e1rio Oficial do Estado, listagem com os nomes dos nomeados para os cargos de Professor e Especialista em Educa\u00e7\u00e3o B\u00e1sica.\u00a0 A nomea\u00e7\u00e3o contempla mil profissionais que atuar\u00e3o na rede estadual de ensino. A publica\u00e7\u00e3o marca a retomada das nomea\u00e7\u00f5es, suspensas desde o decreto de calamidade p\u00fablica institu\u00eddo no [&hellip;]","og_url":"https:\/\/aconteceunovale.com.br\/portal\/?p=172617","og_site_name":"Aconteceu no Vale","article_publisher":"https:\/\/www.facebook.com\/aconteceunovale\/","article_published_time":"2021-01-21T11:34:33+00:00","article_modified_time":"2021-01-21T11:34:53+00:00","og_image":[{"width":620,"height":382,"url":"https:\/\/aconteceunovale.com.br\/portal\/wp-content\/uploads\/2021\/01\/nomeacao_see.jpeg","type":"image\/jpeg"}],"author":"Reda\u00e7\u00e3o Aconteceu no Vale","twitter_card":"summary_large_image","twitter_creator":"@noticiadosvales","twitter_site":"@noticiadosvales","twitter_misc":{"Escrito por":"Reda\u00e7\u00e3o Aconteceu no Vale","Est. tempo de leitura":"2 minutos"},"schema":{"@context":"https:\/\/schema.org","@graph":[{"@type":"Article","@id":"https:\/\/aconteceunovale.com.br\/portal\/?p=172617#article","isPartOf":{"@id":"https:\/\/aconteceunovale.com.br\/portal\/?p=172617"},"author":{"name":"Reda\u00e7\u00e3o Aconteceu no Vale","@id":"https:\/\/aconteceunovale.com.br\/portal\/#\/schema\/person\/7d2f26d1483f8a63de73da1ee0754d35"},"headline":"Estado retoma nomea\u00e7\u00e3o de aprovados em concurso p\u00fablico da Educa\u00e7\u00e3o","datePublished":"2021-01-21T11:34:33+00:00","dateModified":"2021-01-21T11:34:53+00:00","mainEntityOfPage":{"@id":"https:\/\/aconteceunovale.com.br\/portal\/?p=172617"},"wordCount":392,"commentCount":0,"image":{"@id":"https:\/\/aconteceunovale.com.br\/portal\/?p=172617#primaryimage"},"thumbnailUrl":"https:\/\/aconteceunovale.com.br\/portal\/wp-content\/uploads\/2021\/01\/nomeacao_see.jpeg","keywords":["Ana Costa Rego","Aprovados em concurso p\u00fablico da Educa\u00e7\u00e3o","Concurso da SEE-MG","Concurso p\u00fablico da Educa\u00e7\u00e3o","Concurso p\u00fablico da SEE-MG","Governo de Minas","Nomea\u00e7\u00e3o de aprovados em concurso p\u00fablico da Educa\u00e7\u00e3o","SEE-MG","Seplag MG"],"articleSection":["Educa\u00e7\u00e3o","Empregos","Minas Gerais"],"inLanguage":"pt-BR","potentialAction":[{"@type":"CommentAction","name":"Comment","target":["https:\/\/aconteceunovale.com.br\/portal\/?p=172617#respond"]}]},{"@type":"WebPage","@id":"https:\/\/aconteceunovale.com.br\/portal\/?p=172617","url":"https:\/\/aconteceunovale.com.br\/portal\/?p=172617","name":"Estado retoma nomea\u00e7\u00e3o de aprovados em concurso p\u00fablico da Educa\u00e7\u00e3o - Aconteceu no Vale","isPartOf":{"@id":"https:\/\/aconteceunovale.com.br\/portal\/#website"},"primaryImageOfPage":{"@id":"https:\/\/aconteceunovale.com.br\/portal\/?p=172617#primaryimage"},"image":{"@id":"https:\/\/aconteceunovale.com.br\/portal\/?p=172617#primaryimage"},"thumbnailUrl":"https:\/\/aconteceunovale.com.br\/portal\/wp-content\/uploads\/2021\/01\/nomeacao_see.jpeg","datePublished":"2021-01-21T11:34:33+00:00","dateModified":"2021-01-21T11:34:53+00:00","author":{"@id":"https:\/\/aconteceunovale.com.br\/portal\/#\/schema\/person\/7d2f26d1483f8a63de73da1ee0754d35"},"breadcrumb":{"@id":"https:\/\/aconteceunovale.com.br\/portal\/?p=172617#breadcrumb"},"inLanguage":"pt-BR","potentialAction":[{"@type":"ReadAction","target":["https:\/\/aconteceunovale.com.br\/portal\/?p=172617"]}]},{"@type":"ImageObject","inLanguage":"pt-BR","@id":"https:\/\/aconteceunovale.com.br\/portal\/?p=172617#primaryimage","url":"https:\/\/aconteceunovale.com.br\/portal\/wp-content\/uploads\/2021\/01\/nomeacao_see.jpeg","contentUrl":"https:\/\/aconteceunovale.com.br\/portal\/wp-content\/uploads\/2021\/01\/nomeacao_see.jpeg","width":620,"height":382},{"@type":"BreadcrumbList","@id":"https:\/\/aconteceunovale.com.br\/portal\/?p=172617#breadcrumb","itemListElement":[{"@type":"ListItem","position":1,"name":"In\u00edcio","item":"https:\/\/aconteceunovale.com.br\/portal\/"},{"@type":"ListItem","position":2,"name":"Estado retoma nomea\u00e7\u00e3o de aprovados em concurso p\u00fablico da Educa\u00e7\u00e3o"}]},{"@type":"WebSite","@id":"https:\/\/aconteceunovale.com.br\/portal\/#website","url":"https:\/\/aconteceunovale.com.br\/portal\/","name":"Aconteceu no Vale","description":"Portal de Not\u00edcias","potentialAction":[{"@type":"SearchAction","target":{"@type":"EntryPoint","urlTemplate":"https:\/\/aconteceunovale.com.br\/portal\/?s={search_term_string}"},"query-input":{"@type":"PropertyValueSpecification","valueRequired":true,"valueName":"search_term_string"}}],"inLanguage":"pt-BR"},{"@type":"Person","@id":"https:\/\/aconteceunovale.com.br\/portal\/#\/schema\/person\/7d2f26d1483f8a63de73da1ee0754d35","name":"Reda\u00e7\u00e3o Aconteceu no Vale","description":"Equipe de reportagem do Aconteceu no Vale, portal de not\u00edcias do Vale do Jequitinhonha, em Minas Gerais. Cobrimos as 51 cidades do Vale desde 2013. Sugest\u00f5es de pauta e pedidos de corre\u00e7\u00e3o: contato@aconteceunovale.com.br","url":"https:\/\/aconteceunovale.com.br\/portal\/?author=4"}]}},"_links":{"self":[{"href":"https:\/\/aconteceunovale.com.br\/portal\/index.php?rest_route=\/wp\/v2\/posts\/172617","targetHints":{"allow":["GET"]}}],"collection":[{"href":"https:\/\/aconteceunovale.com.br\/portal\/index.php?rest_route=\/wp\/v2\/posts"}],"about":[{"href":"https:\/\/aconteceunovale.com.br\/portal\/index.php?rest_route=\/wp\/v2\/types\/post"}],"author":[{"embeddable":true,"href":"https:\/\/aconteceunovale.com.br\/portal\/index.php?rest_route=\/wp\/v2\/users\/4"}],"replies":[{"embeddable":true,"href":"https:\/\/aconteceunovale.com.br\/portal\/index.php?rest_route=%2Fwp%2Fv2%2Fcomments&post=172617"}],"version-history":[{"count":1,"href":"https:\/\/aconteceunovale.com.br\/portal\/index.php?rest_route=\/wp\/v2\/posts\/172617\/revisions"}],"predecessor-version":[{"id":172619,"href":"https:\/\/aconteceunovale.com.br\/portal\/index.php?rest_route=\/wp\/v2\/posts\/172617\/revisions\/172619"}],"wp:featuredmedia":[{"embeddable":true,"href":"https:\/\/aconteceunovale.com.br\/portal\/index.php?rest_route=\/wp\/v2\/media\/172618"}],"wp:attachment":[{"href":"https:\/\/aconteceunovale.com.br\/portal\/index.php?rest_route=%2Fwp%2Fv2%2Fmedia&parent=172617"}],"wp:term":[{"taxonomy":"category","embeddable":true,"href":"https:\/\/aconteceunovale.com.br\/portal\/index.php?rest_route=%2Fwp%2Fv2%2Fcategories&post=172617"},{"taxonomy":"post_tag","embeddable":true,"href":"https:\/\/aconteceunovale.com.br\/portal\/index.php?rest_route=%2Fwp%2Fv2%2Ftags&post=172617"}],"curies":[{"name":"wp","href":"https:\/\/api.w.org\/{rel}","templated":true}]}}