{"id":172613,"date":"2021-01-21T07:33:15","date_gmt":"2021-01-21T10:33:15","guid":{"rendered":"https:\/\/aconteceunovale.com.br\/portal\/?p=172613"},"modified":"2021-01-21T07:35:05","modified_gmt":"2021-01-21T10:35:05","slug":"construcao-da-adutora-de-governador-valadares-chega-ao-trecho-urbano","status":"publish","type":"post","link":"https:\/\/aconteceunovale.com.br\/portal\/?p=172613","title":{"rendered":"Constru\u00e7\u00e3o da adutora de Governador Valadares chega ao trecho urbano"},"content":{"rendered":"\n<h4 class=\"has-text-align-center wp-block-heading\"><em>As obras da nova capta\u00e7\u00e3o de \u00e1gua chegam ao trecho urbano e devem gerar cerca de 550 empregos diretos e indiretos at\u00e9 o fim do primeiro semestre de 2021<\/em><\/h4>\n\n\n\n<p class=\"wp-block-paragraph\">As obras da nova capta\u00e7\u00e3o de \u00e1gua em Governador Valadares est\u00e3o entrando em uma nova fase este m\u00eas. Depois das atividades no trecho rural, a constru\u00e7\u00e3o da nova adutora chega \u00e0 cidade. A constru\u00e7\u00e3o come\u00e7a pela Avenida Rio Doce, ap\u00f3s a ponte do S\u00e3o Raimundo, no bairro S\u00e3o Paulo. Em fevereiro, chegam aos bairros Vila Bretas, na rua Lincoln Byrro, e no bairro S\u00e3o Paulo, na rua Dona Zulmira Pereira da Silva.<\/p>\n\n\n\n<p class=\"wp-block-paragraph\">A nova capta\u00e7\u00e3o de \u00e1gua de Governador Valadares vai levar \u00e1gua do rio Corrente Grande at\u00e9 as Esta\u00e7\u00f5es de Tratamento de \u00c1gua (ETAs) Santa Rita, Vila Isa e Central. Ela ter\u00e1 capacidade de fornecer 900 litros de \u00e1gua tratada por segundo.<\/p>\n\n\n\n<p class=\"wp-block-paragraph\">As obras, que acontecem sob supervis\u00e3o da Prefeitura Municipal de Governador Valadares e do Servi\u00e7o Aut\u00f4nomo de \u00c1gua e Esgoto (SAAE), trazem seguran\u00e7a h\u00eddrica para cidade e est\u00e1 contribuindo com a gera\u00e7\u00e3o de emprego e renda: mais de 550 empregos diretos e indiretos ser\u00e3o abertos at\u00e9 o fim do primeiro semestre de 2021, sendo a maioria via Odebrecht Engenharia e Constru\u00e7\u00e3o (OEC).<\/p>\n\n\n\n<figure class=\"wp-block-gallery columns-1 is-cropped wp-block-gallery-1 is-layout-flex wp-block-gallery-is-layout-flex\"><ul class=\"blocks-gallery-grid\"><li class=\"blocks-gallery-item\"><figure><img loading=\"lazy\" decoding=\"async\" width=\"675\" height=\"450\" src=\"https:\/\/aconteceunovale.com.br\/portal\/wp-content\/uploads\/2021\/01\/adutora_gv.jpg\" alt=\"\" data-id=\"172614\" data-full-url=\"https:\/\/aconteceunovale.com.br\/portal\/wp-content\/uploads\/2021\/01\/adutora_gv.jpg\" data-link=\"https:\/\/aconteceunovale.com.br\/portal\/?attachment_id=172614\" class=\"wp-image-172614\" srcset=\"https:\/\/aconteceunovale.com.br\/portal\/wp-content\/uploads\/2021\/01\/adutora_gv.jpg 675w, https:\/\/aconteceunovale.com.br\/portal\/wp-content\/uploads\/2021\/01\/adutora_gv-300x200.jpg 300w, https:\/\/aconteceunovale.com.br\/portal\/wp-content\/uploads\/2021\/01\/adutora_gv-630x420.jpg 630w\" sizes=\"auto, (max-width: 675px) 100vw, 675px\" \/><figcaption class=\"blocks-gallery-item__caption\"><em>Foto: Divulga\u00e7\u00e3o \/ Funda\u00e7\u00e3o Renova<\/em><\/figcaption><\/figure><\/li><\/ul><\/figure>\n\n\n\n<p class=\"wp-block-paragraph\"><strong>Medidas preventivas de sa\u00fade e seguran\u00e7a<\/strong><\/p>\n\n\n\n<p class=\"wp-block-paragraph\">Para assegurar a seguran\u00e7a da popula\u00e7\u00e3o que vive em torno das obras, a <a href=\"https:\/\/www.fundacaorenova.org\/\" target=\"_blank\" rel=\"noreferrer noopener\">Funda\u00e7\u00e3o Renova<\/a> adotou medidas preventivas de seguran\u00e7a.&nbsp; Para come\u00e7ar, ser\u00e3o instaladas grades de prote\u00e7\u00e3o ao longo de toda a obra, permitindo que&nbsp;os moradores caminhem com seguran\u00e7a.&nbsp;<\/p>\n\n\n\n<p class=\"wp-block-paragraph\">Algumas das outras medidas consistem em:&nbsp;<\/p>\n\n\n\n<ul class=\"wp-block-list\"><li>Ambul\u00e2ncia \u00e0 disposi\u00e7\u00e3o para eventuais necessidades de colaboradores e moradores.<\/li><li>Contrata\u00e7\u00e3o de caminh\u00f5es-pipa para diminuir a poeira.<\/li><li>Coloca\u00e7\u00e3o de avisos de seguran\u00e7a.<\/li><li>Sinaliza\u00e7\u00e3o para indicar as mudan\u00e7as na rota de carros.<\/li><li>Presen\u00e7a de profissionais da Funda\u00e7\u00e3o Renova em contato constante com os moradores.<\/li><li>Aten\u00e7\u00e3o especial com os idosos, as pessoas acamadas e com defici\u00eancia que moram&nbsp;na regi\u00e3o das obras.<\/li><\/ul>\n\n\n\n<p class=\"wp-block-paragraph\">Em fun\u00e7\u00e3o da pandemia da Covid-19, uma s\u00e9rie de protocolos est\u00e3o sendo cumpridos, como aferi\u00e7\u00e3o di\u00e1ria de temperatura dos colaboradores; altern\u00e2ncia de hor\u00e1rio das refei\u00e7\u00f5es servidas em marmitex; distanciamento social nas filas, mesas e cadeiras; intensifica\u00e7\u00e3o da higieniza\u00e7\u00e3o de equipamentos e ve\u00edculos; f\u00e1cil acesso a \u00e1lcool gel e aos pontos de higieniza\u00e7\u00e3o com sab\u00e3o; uso obrigat\u00f3rio de m\u00e1scaras; dist\u00e2ncia m\u00ednima de 2 metros entre trabalhadores; entre outras a\u00e7\u00f5es. H\u00e1, ainda, uma empresa dedicada \u00e0 orienta\u00e7\u00e3o e cumprimento dessas medidas.<\/p>\n\n\n\n<p class=\"has-white-color has-black-background-color has-text-color has-background wp-block-paragraph\">Quer saber as not\u00edcias do <strong>Aconteceu no Vale<\/strong> em primeira m\u00e3o? Siga-nos no Facebook <a rel=\"noreferrer noopener\" href=\"http:\/\/facebook.com\/aconteceunovale\" target=\"_blank\">@aconteceunovale<\/a>, Twitter <a rel=\"noreferrer noopener\" href=\"https:\/\/twitter.com\/noticiadosvales\" target=\"_blank\">@noticiadosvales<\/a> e Instagram <a rel=\"noreferrer noopener\" href=\"https:\/\/www.instagram.com\/aconteceunovale\" target=\"_blank\">@aconteceunovale<\/a>.<\/p>\n","protected":false},"excerpt":{"rendered":"<p>As obras da nova capta\u00e7\u00e3o de \u00e1gua chegam ao trecho urbano e devem gerar cerca de 550 empregos diretos e indiretos at\u00e9 o fim do primeiro semestre de 2021 As obras da nova capta\u00e7\u00e3o de \u00e1gua em Governador Valadares est\u00e3o entrando em uma nova fase este m\u00eas. Depois das atividades no trecho rural, a constru\u00e7\u00e3o [&hellip;]<\/p>\n","protected":false},"author":4,"featured_media":172614,"comment_status":"open","ping_status":"closed","sticky":false,"template":"","format":"standard","meta":{"amp_status":"","footnotes":""},"categories":[121],"tags":[52411,235242,235241,66500,229421,1018,122011,247,18800,235240,28515,35082,64405,18801],"class_list":["post-172613","post","type-post","status-publish","format-standard","has-post-thumbnail","hentry","category-leste","tag-abastecimento-de-agua-em-governador-valadares","tag-adutora-fundacao-renova","tag-adutora-governador-valadares-fundacao-renova","tag-captacao-de-agua-em-governador-valadares","tag-construcao-da-adutora-de-governador-valadares","tag-destaque","tag-fundacao-renova","tag-governador-valadares","tag-gv","tag-nova-captacao-de-agua-em-governador-valadares","tag-odebrecht","tag-prefeitura-de-governador-valadares","tag-saae-governador-valadares","tag-valadares"],"yoast_head":"<!-- This site is optimized with the Yoast SEO plugin v28.3 - https:\/\/yoast.com\/product\/yoast-seo-wordpress\/ -->\n<title>Constru\u00e7\u00e3o da adutora de Governador Valadares chega ao trecho urbano - Aconteceu no Vale<\/title>\n<meta name=\"robots\" content=\"index, follow, max-snippet:-1, max-image-preview:large, max-video-preview:-1\" \/>\n<link rel=\"canonical\" href=\"https:\/\/aconteceunovale.com.br\/portal\/?p=172613\" \/>\n<meta property=\"og:locale\" content=\"pt_BR\" \/>\n<meta property=\"og:type\" content=\"article\" \/>\n<meta property=\"og:title\" content=\"Constru\u00e7\u00e3o da adutora de Governador Valadares chega ao trecho urbano - Aconteceu no Vale\" \/>\n<meta property=\"og:description\" content=\"As obras da nova capta\u00e7\u00e3o de \u00e1gua chegam ao trecho urbano e devem gerar cerca de 550 empregos diretos e indiretos at\u00e9 o fim do primeiro semestre de 2021 As obras da nova capta\u00e7\u00e3o de \u00e1gua em Governador Valadares est\u00e3o entrando em uma nova fase este m\u00eas. Depois das atividades no trecho rural, a constru\u00e7\u00e3o [&hellip;]\" \/>\n<meta property=\"og:url\" content=\"https:\/\/aconteceunovale.com.br\/portal\/?p=172613\" \/>\n<meta property=\"og:site_name\" content=\"Aconteceu no Vale\" \/>\n<meta property=\"article:publisher\" content=\"https:\/\/www.facebook.com\/aconteceunovale\/\" \/>\n<meta property=\"article:published_time\" content=\"2021-01-21T10:33:15+00:00\" \/>\n<meta property=\"article:modified_time\" content=\"2021-01-21T10:35:05+00:00\" \/>\n<meta property=\"og:image\" content=\"https:\/\/aconteceunovale.com.br\/portal\/wp-content\/uploads\/2021\/01\/adutora_gv.jpg\" \/>\n\t<meta property=\"og:image:width\" content=\"675\" \/>\n\t<meta property=\"og:image:height\" content=\"450\" \/>\n\t<meta property=\"og:image:type\" content=\"image\/jpeg\" \/>\n<meta name=\"author\" content=\"Reda\u00e7\u00e3o Aconteceu no Vale\" \/>\n<meta name=\"twitter:card\" content=\"summary_large_image\" \/>\n<meta name=\"twitter:creator\" content=\"@noticiadosvales\" \/>\n<meta name=\"twitter:site\" content=\"@noticiadosvales\" \/>\n<meta name=\"twitter:label1\" content=\"Escrito por\" \/>\n\t<meta name=\"twitter:data1\" content=\"Reda\u00e7\u00e3o Aconteceu no Vale\" \/>\n\t<meta name=\"twitter:label2\" content=\"Est. tempo de leitura\" \/>\n\t<meta name=\"twitter:data2\" content=\"2 minutos\" \/>\n<script type=\"application\/ld+json\" class=\"yoast-schema-graph\">{\"@context\":\"https:\\\/\\\/schema.org\",\"@graph\":[{\"@type\":\"Article\",\"@id\":\"https:\\\/\\\/aconteceunovale.com.br\\\/portal\\\/?p=172613#article\",\"isPartOf\":{\"@id\":\"https:\\\/\\\/aconteceunovale.com.br\\\/portal\\\/?p=172613\"},\"author\":{\"name\":\"Reda\u00e7\u00e3o Aconteceu no Vale\",\"@id\":\"https:\\\/\\\/aconteceunovale.com.br\\\/portal\\\/#\\\/schema\\\/person\\\/7d2f26d1483f8a63de73da1ee0754d35\"},\"headline\":\"Constru\u00e7\u00e3o da adutora de Governador Valadares chega ao trecho urbano\",\"datePublished\":\"2021-01-21T10:33:15+00:00\",\"dateModified\":\"2021-01-21T10:35:05+00:00\",\"mainEntityOfPage\":{\"@id\":\"https:\\\/\\\/aconteceunovale.com.br\\\/portal\\\/?p=172613\"},\"wordCount\":494,\"commentCount\":0,\"image\":{\"@id\":\"https:\\\/\\\/aconteceunovale.com.br\\\/portal\\\/?p=172613#primaryimage\"},\"thumbnailUrl\":\"https:\\\/\\\/aconteceunovale.com.br\\\/portal\\\/wp-content\\\/uploads\\\/2021\\\/01\\\/adutora_gv.jpg\",\"keywords\":[\"Abastecimento de \u00e1gua em Governador Valadares\",\"Adutora Funda\u00e7\u00e3o Renova\",\"Adutora Governador Valadares Funda\u00e7\u00e3o Renova\",\"capta\u00e7\u00e3o de \u00e1gua em Governador Valadares\",\"Constru\u00e7\u00e3o da adutora de Governador Valadares\",\"destaque\",\"Funda\u00e7\u00e3o Renova\",\"Governador Valadares\",\"gv\",\"Nova capta\u00e7\u00e3o de \u00e1gua em Governador Valadares\",\"Odebrecht\",\"Prefeitura de Governador Valadares\",\"saae governador valadares\",\"valadares\"],\"articleSection\":[\"Leste de Minas\"],\"inLanguage\":\"pt-BR\",\"potentialAction\":[{\"@type\":\"CommentAction\",\"name\":\"Comment\",\"target\":[\"https:\\\/\\\/aconteceunovale.com.br\\\/portal\\\/?p=172613#respond\"]}]},{\"@type\":\"WebPage\",\"@id\":\"https:\\\/\\\/aconteceunovale.com.br\\\/portal\\\/?p=172613\",\"url\":\"https:\\\/\\\/aconteceunovale.com.br\\\/portal\\\/?p=172613\",\"name\":\"Constru\u00e7\u00e3o da adutora de Governador Valadares chega ao trecho urbano - Aconteceu no Vale\",\"isPartOf\":{\"@id\":\"https:\\\/\\\/aconteceunovale.com.br\\\/portal\\\/#website\"},\"primaryImageOfPage\":{\"@id\":\"https:\\\/\\\/aconteceunovale.com.br\\\/portal\\\/?p=172613#primaryimage\"},\"image\":{\"@id\":\"https:\\\/\\\/aconteceunovale.com.br\\\/portal\\\/?p=172613#primaryimage\"},\"thumbnailUrl\":\"https:\\\/\\\/aconteceunovale.com.br\\\/portal\\\/wp-content\\\/uploads\\\/2021\\\/01\\\/adutora_gv.jpg\",\"datePublished\":\"2021-01-21T10:33:15+00:00\",\"dateModified\":\"2021-01-21T10:35:05+00:00\",\"author\":{\"@id\":\"https:\\\/\\\/aconteceunovale.com.br\\\/portal\\\/#\\\/schema\\\/person\\\/7d2f26d1483f8a63de73da1ee0754d35\"},\"breadcrumb\":{\"@id\":\"https:\\\/\\\/aconteceunovale.com.br\\\/portal\\\/?p=172613#breadcrumb\"},\"inLanguage\":\"pt-BR\",\"potentialAction\":[{\"@type\":\"ReadAction\",\"target\":[\"https:\\\/\\\/aconteceunovale.com.br\\\/portal\\\/?p=172613\"]}]},{\"@type\":\"ImageObject\",\"inLanguage\":\"pt-BR\",\"@id\":\"https:\\\/\\\/aconteceunovale.com.br\\\/portal\\\/?p=172613#primaryimage\",\"url\":\"https:\\\/\\\/aconteceunovale.com.br\\\/portal\\\/wp-content\\\/uploads\\\/2021\\\/01\\\/adutora_gv.jpg\",\"contentUrl\":\"https:\\\/\\\/aconteceunovale.com.br\\\/portal\\\/wp-content\\\/uploads\\\/2021\\\/01\\\/adutora_gv.jpg\",\"width\":675,\"height\":450},{\"@type\":\"BreadcrumbList\",\"@id\":\"https:\\\/\\\/aconteceunovale.com.br\\\/portal\\\/?p=172613#breadcrumb\",\"itemListElement\":[{\"@type\":\"ListItem\",\"position\":1,\"name\":\"In\u00edcio\",\"item\":\"https:\\\/\\\/aconteceunovale.com.br\\\/portal\\\/\"},{\"@type\":\"ListItem\",\"position\":2,\"name\":\"Constru\u00e7\u00e3o da adutora de Governador Valadares chega ao trecho urbano\"}]},{\"@type\":\"WebSite\",\"@id\":\"https:\\\/\\\/aconteceunovale.com.br\\\/portal\\\/#website\",\"url\":\"https:\\\/\\\/aconteceunovale.com.br\\\/portal\\\/\",\"name\":\"Aconteceu no Vale\",\"description\":\"Portal de Not\u00edcias\",\"potentialAction\":[{\"@type\":\"SearchAction\",\"target\":{\"@type\":\"EntryPoint\",\"urlTemplate\":\"https:\\\/\\\/aconteceunovale.com.br\\\/portal\\\/?s={search_term_string}\"},\"query-input\":{\"@type\":\"PropertyValueSpecification\",\"valueRequired\":true,\"valueName\":\"search_term_string\"}}],\"inLanguage\":\"pt-BR\"},{\"@type\":\"Person\",\"@id\":\"https:\\\/\\\/aconteceunovale.com.br\\\/portal\\\/#\\\/schema\\\/person\\\/7d2f26d1483f8a63de73da1ee0754d35\",\"name\":\"Reda\u00e7\u00e3o Aconteceu no Vale\",\"description\":\"Equipe de reportagem do Aconteceu no Vale, portal de not\u00edcias do Vale do Jequitinhonha, em Minas Gerais. Cobrimos as 51 cidades do Vale desde 2013. Sugest\u00f5es de pauta e pedidos de corre\u00e7\u00e3o: contato@aconteceunovale.com.br\",\"url\":\"https:\\\/\\\/aconteceunovale.com.br\\\/portal\\\/?author=4\"}]}<\/script>\n<!-- \/ Yoast SEO plugin. -->","yoast_head_json":{"title":"Constru\u00e7\u00e3o da adutora de Governador Valadares chega ao trecho urbano - Aconteceu no Vale","robots":{"index":"index","follow":"follow","max-snippet":"max-snippet:-1","max-image-preview":"max-image-preview:large","max-video-preview":"max-video-preview:-1"},"canonical":"https:\/\/aconteceunovale.com.br\/portal\/?p=172613","og_locale":"pt_BR","og_type":"article","og_title":"Constru\u00e7\u00e3o da adutora de Governador Valadares chega ao trecho urbano - Aconteceu no Vale","og_description":"As obras da nova capta\u00e7\u00e3o de \u00e1gua chegam ao trecho urbano e devem gerar cerca de 550 empregos diretos e indiretos at\u00e9 o fim do primeiro semestre de 2021 As obras da nova capta\u00e7\u00e3o de \u00e1gua em Governador Valadares est\u00e3o entrando em uma nova fase este m\u00eas. Depois das atividades no trecho rural, a constru\u00e7\u00e3o [&hellip;]","og_url":"https:\/\/aconteceunovale.com.br\/portal\/?p=172613","og_site_name":"Aconteceu no Vale","article_publisher":"https:\/\/www.facebook.com\/aconteceunovale\/","article_published_time":"2021-01-21T10:33:15+00:00","article_modified_time":"2021-01-21T10:35:05+00:00","og_image":[{"width":675,"height":450,"url":"https:\/\/aconteceunovale.com.br\/portal\/wp-content\/uploads\/2021\/01\/adutora_gv.jpg","type":"image\/jpeg"}],"author":"Reda\u00e7\u00e3o Aconteceu no Vale","twitter_card":"summary_large_image","twitter_creator":"@noticiadosvales","twitter_site":"@noticiadosvales","twitter_misc":{"Escrito por":"Reda\u00e7\u00e3o Aconteceu no Vale","Est. tempo de leitura":"2 minutos"},"schema":{"@context":"https:\/\/schema.org","@graph":[{"@type":"Article","@id":"https:\/\/aconteceunovale.com.br\/portal\/?p=172613#article","isPartOf":{"@id":"https:\/\/aconteceunovale.com.br\/portal\/?p=172613"},"author":{"name":"Reda\u00e7\u00e3o Aconteceu no Vale","@id":"https:\/\/aconteceunovale.com.br\/portal\/#\/schema\/person\/7d2f26d1483f8a63de73da1ee0754d35"},"headline":"Constru\u00e7\u00e3o da adutora de Governador Valadares chega ao trecho urbano","datePublished":"2021-01-21T10:33:15+00:00","dateModified":"2021-01-21T10:35:05+00:00","mainEntityOfPage":{"@id":"https:\/\/aconteceunovale.com.br\/portal\/?p=172613"},"wordCount":494,"commentCount":0,"image":{"@id":"https:\/\/aconteceunovale.com.br\/portal\/?p=172613#primaryimage"},"thumbnailUrl":"https:\/\/aconteceunovale.com.br\/portal\/wp-content\/uploads\/2021\/01\/adutora_gv.jpg","keywords":["Abastecimento de \u00e1gua em Governador Valadares","Adutora Funda\u00e7\u00e3o Renova","Adutora Governador Valadares Funda\u00e7\u00e3o Renova","capta\u00e7\u00e3o de \u00e1gua em Governador Valadares","Constru\u00e7\u00e3o da adutora de Governador Valadares","destaque","Funda\u00e7\u00e3o Renova","Governador Valadares","gv","Nova capta\u00e7\u00e3o de \u00e1gua em Governador Valadares","Odebrecht","Prefeitura de Governador Valadares","saae governador valadares","valadares"],"articleSection":["Leste de Minas"],"inLanguage":"pt-BR","potentialAction":[{"@type":"CommentAction","name":"Comment","target":["https:\/\/aconteceunovale.com.br\/portal\/?p=172613#respond"]}]},{"@type":"WebPage","@id":"https:\/\/aconteceunovale.com.br\/portal\/?p=172613","url":"https:\/\/aconteceunovale.com.br\/portal\/?p=172613","name":"Constru\u00e7\u00e3o da adutora de Governador Valadares chega ao trecho urbano - Aconteceu no Vale","isPartOf":{"@id":"https:\/\/aconteceunovale.com.br\/portal\/#website"},"primaryImageOfPage":{"@id":"https:\/\/aconteceunovale.com.br\/portal\/?p=172613#primaryimage"},"image":{"@id":"https:\/\/aconteceunovale.com.br\/portal\/?p=172613#primaryimage"},"thumbnailUrl":"https:\/\/aconteceunovale.com.br\/portal\/wp-content\/uploads\/2021\/01\/adutora_gv.jpg","datePublished":"2021-01-21T10:33:15+00:00","dateModified":"2021-01-21T10:35:05+00:00","author":{"@id":"https:\/\/aconteceunovale.com.br\/portal\/#\/schema\/person\/7d2f26d1483f8a63de73da1ee0754d35"},"breadcrumb":{"@id":"https:\/\/aconteceunovale.com.br\/portal\/?p=172613#breadcrumb"},"inLanguage":"pt-BR","potentialAction":[{"@type":"ReadAction","target":["https:\/\/aconteceunovale.com.br\/portal\/?p=172613"]}]},{"@type":"ImageObject","inLanguage":"pt-BR","@id":"https:\/\/aconteceunovale.com.br\/portal\/?p=172613#primaryimage","url":"https:\/\/aconteceunovale.com.br\/portal\/wp-content\/uploads\/2021\/01\/adutora_gv.jpg","contentUrl":"https:\/\/aconteceunovale.com.br\/portal\/wp-content\/uploads\/2021\/01\/adutora_gv.jpg","width":675,"height":450},{"@type":"BreadcrumbList","@id":"https:\/\/aconteceunovale.com.br\/portal\/?p=172613#breadcrumb","itemListElement":[{"@type":"ListItem","position":1,"name":"In\u00edcio","item":"https:\/\/aconteceunovale.com.br\/portal\/"},{"@type":"ListItem","position":2,"name":"Constru\u00e7\u00e3o da adutora de Governador Valadares chega ao trecho urbano"}]},{"@type":"WebSite","@id":"https:\/\/aconteceunovale.com.br\/portal\/#website","url":"https:\/\/aconteceunovale.com.br\/portal\/","name":"Aconteceu no Vale","description":"Portal de Not\u00edcias","potentialAction":[{"@type":"SearchAction","target":{"@type":"EntryPoint","urlTemplate":"https:\/\/aconteceunovale.com.br\/portal\/?s={search_term_string}"},"query-input":{"@type":"PropertyValueSpecification","valueRequired":true,"valueName":"search_term_string"}}],"inLanguage":"pt-BR"},{"@type":"Person","@id":"https:\/\/aconteceunovale.com.br\/portal\/#\/schema\/person\/7d2f26d1483f8a63de73da1ee0754d35","name":"Reda\u00e7\u00e3o Aconteceu no Vale","description":"Equipe de reportagem do Aconteceu no Vale, portal de not\u00edcias do Vale do Jequitinhonha, em Minas Gerais. Cobrimos as 51 cidades do Vale desde 2013. Sugest\u00f5es de pauta e pedidos de corre\u00e7\u00e3o: contato@aconteceunovale.com.br","url":"https:\/\/aconteceunovale.com.br\/portal\/?author=4"}]}},"_links":{"self":[{"href":"https:\/\/aconteceunovale.com.br\/portal\/index.php?rest_route=\/wp\/v2\/posts\/172613","targetHints":{"allow":["GET"]}}],"collection":[{"href":"https:\/\/aconteceunovale.com.br\/portal\/index.php?rest_route=\/wp\/v2\/posts"}],"about":[{"href":"https:\/\/aconteceunovale.com.br\/portal\/index.php?rest_route=\/wp\/v2\/types\/post"}],"author":[{"embeddable":true,"href":"https:\/\/aconteceunovale.com.br\/portal\/index.php?rest_route=\/wp\/v2\/users\/4"}],"replies":[{"embeddable":true,"href":"https:\/\/aconteceunovale.com.br\/portal\/index.php?rest_route=%2Fwp%2Fv2%2Fcomments&post=172613"}],"version-history":[{"count":2,"href":"https:\/\/aconteceunovale.com.br\/portal\/index.php?rest_route=\/wp\/v2\/posts\/172613\/revisions"}],"predecessor-version":[{"id":172616,"href":"https:\/\/aconteceunovale.com.br\/portal\/index.php?rest_route=\/wp\/v2\/posts\/172613\/revisions\/172616"}],"wp:featuredmedia":[{"embeddable":true,"href":"https:\/\/aconteceunovale.com.br\/portal\/index.php?rest_route=\/wp\/v2\/media\/172614"}],"wp:attachment":[{"href":"https:\/\/aconteceunovale.com.br\/portal\/index.php?rest_route=%2Fwp%2Fv2%2Fmedia&parent=172613"}],"wp:term":[{"taxonomy":"category","embeddable":true,"href":"https:\/\/aconteceunovale.com.br\/portal\/index.php?rest_route=%2Fwp%2Fv2%2Fcategories&post=172613"},{"taxonomy":"post_tag","embeddable":true,"href":"https:\/\/aconteceunovale.com.br\/portal\/index.php?rest_route=%2Fwp%2Fv2%2Ftags&post=172613"}],"curies":[{"name":"wp","href":"https:\/\/api.w.org\/{rel}","templated":true}]}}