{"id":172602,"date":"2021-01-20T21:11:01","date_gmt":"2021-01-21T00:11:01","guid":{"rendered":"https:\/\/aconteceunovale.com.br\/portal\/?p=172602"},"modified":"2026-08-31T23:11:32","modified_gmt":"2026-09-01T02:11:32","slug":"fatima-da-vigilancia-e-a-primeira-vacinada-contra-a-covid-19-em-capelinha","status":"publish","type":"post","link":"https:\/\/aconteceunovale.com.br\/portal\/?p=172602","title":{"rendered":"F\u00e1tima da Vigil\u00e2ncia \u00e9 a primeira vacinada contra a Covid-19 em Capelinha"},"content":{"rendered":"\n<p class=\"wp-block-paragraph\">A enfermeira F\u00e1tima Oliveira, coordenadora da Vigil\u00e2ncia em Sa\u00fade, foi a primeira pessoa a ser vacinada contra a Covid-19 no munic\u00edpio de Capelinha (MG). Ela recebeu a primeira dose da CoronaVac (produzida pelo Instituto Butantan em parceria com a empresa farmac\u00eautica chinesa Sinovac). O imunizante foi aplicado pela tamb\u00e9m enfermeira C\u00e9lia Pe\u00e7anha de Oliveira, que \u00e9 secret\u00e1ria municipal de Sa\u00fade.<\/p>\n\n\n\n<p class=\"wp-block-paragraph\">Outros tr\u00eas profissionais de Sa\u00fade tamb\u00e9m foram vacinados: Rafael Moreira, t\u00e9cnico em Enfermagem da UTI Covid do Hospital S\u00e3o Vicente de Paulo; Dr. Carlos Magno Ferreira, m\u00e9dico do Setor de Epidemiologia da mesma unidade de sa\u00fade, e Luan Henrique, t\u00e9cnico em Enfermagem do Centro Municipal de Refer\u00eancia \u00e0 Covid.<\/p>\n\n\n\n<p class=\"wp-block-paragraph\">A cerim\u00f4nia ocorreu na tarde desta quarta-feira, dia 20 de janeiro de 2021, no Galp\u00e3o Cultural Professora Maria Odeth Sampaio. O prefeito Tadeuzinho participou virtualmente do evento, que tamb\u00e9m contou com o vice-prefeito Al\u00e9quison Gomes e o presidente da C\u00e2mara, Gilmar Santos. Os vereadores R\u00e9gis, Toz\u00e3o e Iadson, al\u00e9m de alguns profissionais de Sa\u00fade, tamb\u00e9m estiveram presentes. Foram mantidas todas as normas de sa\u00fade e de seguran\u00e7a, incluindo, claro, o distanciamento.<\/p>\n\n\n\n<p class=\"wp-block-paragraph\">CONFIRA FOTOS da cerim\u00f4nia de aplica\u00e7\u00e3o das primeiras doses da vacina contra a Covid-19 no munic\u00edpio de Capelinha.<\/p>\n\n\n\n<figure class=\"wp-block-gallery columns-1 is-cropped wp-block-gallery-1 is-layout-flex wp-block-gallery-is-layout-flex\"><ul class=\"blocks-gallery-grid\"><li class=\"blocks-gallery-item\"><figure><img loading=\"lazy\" decoding=\"async\" width=\"675\" height=\"450\" src=\"https:\/\/aconteceunovale.com.br\/portal\/wp-content\/uploads\/2021\/01\/vacina_cap_primeira_1.jpg\" alt=\"\" data-id=\"172609\" data-full-url=\"https:\/\/aconteceunovale.com.br\/portal\/wp-content\/uploads\/2021\/01\/vacina_cap_primeira_1.jpg\" data-link=\"https:\/\/aconteceunovale.com.br\/portal\/?attachment_id=172609\" class=\"wp-image-172609\" srcset=\"https:\/\/aconteceunovale.com.br\/portal\/wp-content\/uploads\/2021\/01\/vacina_cap_primeira_1.jpg 675w, https:\/\/aconteceunovale.com.br\/portal\/wp-content\/uploads\/2021\/01\/vacina_cap_primeira_1-300x200.jpg 300w, https:\/\/aconteceunovale.com.br\/portal\/wp-content\/uploads\/2021\/01\/vacina_cap_primeira_1-630x420.jpg 630w\" sizes=\"auto, (max-width: 675px) 100vw, 675px\" \/><figcaption class=\"blocks-gallery-item__caption\"><em>Foto: Divulga\u00e7\u00e3o \/ Prefeitura de Capelinha<\/em><\/figcaption><\/figure><\/li><li class=\"blocks-gallery-item\"><figure><img loading=\"lazy\" decoding=\"async\" width=\"675\" height=\"450\" src=\"https:\/\/aconteceunovale.com.br\/portal\/wp-content\/uploads\/2021\/01\/vacina_cap_primeira_2.jpg\" alt=\"\" data-id=\"172608\" data-full-url=\"https:\/\/aconteceunovale.com.br\/portal\/wp-content\/uploads\/2021\/01\/vacina_cap_primeira_2.jpg\" data-link=\"https:\/\/aconteceunovale.com.br\/portal\/?attachment_id=172608\" class=\"wp-image-172608\" srcset=\"https:\/\/aconteceunovale.com.br\/portal\/wp-content\/uploads\/2021\/01\/vacina_cap_primeira_2.jpg 675w, https:\/\/aconteceunovale.com.br\/portal\/wp-content\/uploads\/2021\/01\/vacina_cap_primeira_2-300x200.jpg 300w, https:\/\/aconteceunovale.com.br\/portal\/wp-content\/uploads\/2021\/01\/vacina_cap_primeira_2-630x420.jpg 630w\" sizes=\"auto, (max-width: 675px) 100vw, 675px\" \/><figcaption class=\"blocks-gallery-item__caption\"><em>Foto: Divulga\u00e7\u00e3o \/ Prefeitura de Capelinha<\/em><\/figcaption><\/figure><\/li><li class=\"blocks-gallery-item\"><figure><img loading=\"lazy\" decoding=\"async\" width=\"675\" height=\"450\" src=\"https:\/\/aconteceunovale.com.br\/portal\/wp-content\/uploads\/2021\/01\/vacina_cap_primeira_3.jpg\" alt=\"\" data-id=\"172607\" data-full-url=\"https:\/\/aconteceunovale.com.br\/portal\/wp-content\/uploads\/2021\/01\/vacina_cap_primeira_3.jpg\" data-link=\"https:\/\/aconteceunovale.com.br\/portal\/?attachment_id=172607\" class=\"wp-image-172607\" srcset=\"https:\/\/aconteceunovale.com.br\/portal\/wp-content\/uploads\/2021\/01\/vacina_cap_primeira_3.jpg 675w, https:\/\/aconteceunovale.com.br\/portal\/wp-content\/uploads\/2021\/01\/vacina_cap_primeira_3-300x200.jpg 300w, https:\/\/aconteceunovale.com.br\/portal\/wp-content\/uploads\/2021\/01\/vacina_cap_primeira_3-630x420.jpg 630w\" sizes=\"auto, (max-width: 675px) 100vw, 675px\" \/><figcaption class=\"blocks-gallery-item__caption\"><em>Foto: Divulga\u00e7\u00e3o \/ Prefeitura de Capelinha<\/em><\/figcaption><\/figure><\/li><li class=\"blocks-gallery-item\"><figure><img loading=\"lazy\" decoding=\"async\" width=\"675\" height=\"450\" src=\"https:\/\/aconteceunovale.com.br\/portal\/wp-content\/uploads\/2021\/01\/vacina_cap_primeira_4.jpg\" alt=\"\" data-id=\"172606\" data-full-url=\"https:\/\/aconteceunovale.com.br\/portal\/wp-content\/uploads\/2021\/01\/vacina_cap_primeira_4.jpg\" data-link=\"https:\/\/aconteceunovale.com.br\/portal\/?attachment_id=172606\" class=\"wp-image-172606\" srcset=\"https:\/\/aconteceunovale.com.br\/portal\/wp-content\/uploads\/2021\/01\/vacina_cap_primeira_4.jpg 675w, https:\/\/aconteceunovale.com.br\/portal\/wp-content\/uploads\/2021\/01\/vacina_cap_primeira_4-300x200.jpg 300w, https:\/\/aconteceunovale.com.br\/portal\/wp-content\/uploads\/2021\/01\/vacina_cap_primeira_4-630x420.jpg 630w\" sizes=\"auto, (max-width: 675px) 100vw, 675px\" \/><figcaption class=\"blocks-gallery-item__caption\"><em>Foto: Divulga\u00e7\u00e3o \/ Prefeitura de Capelinha<\/em><\/figcaption><\/figure><\/li><li class=\"blocks-gallery-item\"><figure><img loading=\"lazy\" decoding=\"async\" width=\"675\" height=\"450\" src=\"https:\/\/aconteceunovale.com.br\/portal\/wp-content\/uploads\/2021\/01\/vacina_cap_primeira_5.jpg\" alt=\"\" data-id=\"172605\" data-full-url=\"https:\/\/aconteceunovale.com.br\/portal\/wp-content\/uploads\/2021\/01\/vacina_cap_primeira_5.jpg\" data-link=\"https:\/\/aconteceunovale.com.br\/portal\/?attachment_id=172605\" class=\"wp-image-172605\" srcset=\"https:\/\/aconteceunovale.com.br\/portal\/wp-content\/uploads\/2021\/01\/vacina_cap_primeira_5.jpg 675w, https:\/\/aconteceunovale.com.br\/portal\/wp-content\/uploads\/2021\/01\/vacina_cap_primeira_5-300x200.jpg 300w, https:\/\/aconteceunovale.com.br\/portal\/wp-content\/uploads\/2021\/01\/vacina_cap_primeira_5-630x420.jpg 630w\" sizes=\"auto, (max-width: 675px) 100vw, 675px\" \/><figcaption class=\"blocks-gallery-item__caption\"><em>Foto: Divulga\u00e7\u00e3o \/ Prefeitura de Capelinha<\/em><\/figcaption><\/figure><\/li><li class=\"blocks-gallery-item\"><figure><img loading=\"lazy\" decoding=\"async\" width=\"675\" height=\"450\" src=\"https:\/\/aconteceunovale.com.br\/portal\/wp-content\/uploads\/2021\/01\/vacina_cap_primeira_6.jpg\" alt=\"\" data-id=\"172604\" data-full-url=\"https:\/\/aconteceunovale.com.br\/portal\/wp-content\/uploads\/2021\/01\/vacina_cap_primeira_6.jpg\" data-link=\"https:\/\/aconteceunovale.com.br\/portal\/?attachment_id=172604\" class=\"wp-image-172604\" srcset=\"https:\/\/aconteceunovale.com.br\/portal\/wp-content\/uploads\/2021\/01\/vacina_cap_primeira_6.jpg 675w, https:\/\/aconteceunovale.com.br\/portal\/wp-content\/uploads\/2021\/01\/vacina_cap_primeira_6-300x200.jpg 300w, https:\/\/aconteceunovale.com.br\/portal\/wp-content\/uploads\/2021\/01\/vacina_cap_primeira_6-630x420.jpg 630w\" sizes=\"auto, (max-width: 675px) 100vw, 675px\" \/><figcaption class=\"blocks-gallery-item__caption\"><em>Foto: Divulga\u00e7\u00e3o \/ Prefeitura de Capelinha<\/em><\/figcaption><\/figure><\/li><li class=\"blocks-gallery-item\"><figure><img loading=\"lazy\" decoding=\"async\" width=\"675\" height=\"450\" src=\"https:\/\/aconteceunovale.com.br\/portal\/wp-content\/uploads\/2021\/01\/vacina_cap_primeira_7.jpg\" alt=\"\" data-id=\"172603\" data-full-url=\"https:\/\/aconteceunovale.com.br\/portal\/wp-content\/uploads\/2021\/01\/vacina_cap_primeira_7.jpg\" data-link=\"https:\/\/aconteceunovale.com.br\/portal\/?attachment_id=172603\" class=\"wp-image-172603\" srcset=\"https:\/\/aconteceunovale.com.br\/portal\/wp-content\/uploads\/2021\/01\/vacina_cap_primeira_7.jpg 675w, https:\/\/aconteceunovale.com.br\/portal\/wp-content\/uploads\/2021\/01\/vacina_cap_primeira_7-300x200.jpg 300w, https:\/\/aconteceunovale.com.br\/portal\/wp-content\/uploads\/2021\/01\/vacina_cap_primeira_7-630x420.jpg 630w\" sizes=\"auto, (max-width: 675px) 100vw, 675px\" \/><figcaption class=\"blocks-gallery-item__caption\"><em>Foto: Divulga\u00e7\u00e3o \/ Prefeitura de Capelinha<\/em><\/figcaption><\/figure><\/li><\/ul><\/figure>\n\n\n\n<h2 class=\"wp-block-heading\"><strong>616 doses<\/strong><\/h2>\n\n\n\n<p class=\"wp-block-paragraph\">O munic\u00edpio de Capelinha recebeu 616 doses do primeiro lote de vacinas distribu\u00eddo pelo Governo Federal. Essa quantidade \u00e9 suficiente para imunizar 308 pessoas, j\u00e1 que s\u00e3o necess\u00e1rias duas aplica\u00e7\u00f5es.<\/p>\n\n\n\n<p class=\"wp-block-paragraph\">Nesta primeira etapa, segundo a Prefeitura Municipal, ser\u00e3o vacinadas pessoas com 60 anos ou mais (que vivem em asilos) e profissionais da Sa\u00fade da linha de frente de enfrentamento ao coronav\u00edrus (Covid-19).<\/p>\n\n\n\n<p class=\"has-white-color has-black-background-color has-text-color has-background wp-block-paragraph\">Quer saber as not\u00edcias do <strong>Aconteceu no Vale<\/strong> em primeira m\u00e3o? Siga-nos no Facebook <a rel=\"noreferrer noopener\" href=\"http:\/\/facebook.com\/aconteceunovale\" target=\"_blank\">@aconteceunovale<\/a>, Twitter <a rel=\"noreferrer noopener\" href=\"https:\/\/twitter.com\/noticiadosvales\" target=\"_blank\">@noticiadosvales<\/a> e Instagram <a rel=\"noreferrer noopener\" href=\"https:\/\/www.instagram.com\/aconteceunovale\" target=\"_blank\">@aconteceunovale<\/a>.<\/p>\n","protected":false},"excerpt":{"rendered":"<p>A enfermeira F\u00e1tima Oliveira, coordenadora da Vigil\u00e2ncia em Sa\u00fade, foi a primeira pessoa a ser vacinada contra a Covid-19 no munic\u00edpio de Capelinha (MG). Ela recebeu a primeira dose da CoronaVac (produzida pelo Instituto Butantan em parceria com a empresa farmac\u00eautica chinesa Sinovac). O imunizante foi aplicado pela tamb\u00e9m enfermeira C\u00e9lia Pe\u00e7anha de Oliveira, que [&hellip;]<\/p>\n","protected":false},"author":4,"featured_media":172609,"comment_status":"open","ping_status":"closed","sticky":false,"template":"","format":"standard","meta":{"amp_status":"","footnotes":""},"categories":[272535,40242,120],"tags":[136538,132,229836,229666,235061,224754,227487,235236,218007,221398,188052,224309,223916,223915,224224,214884,218179,216498,218765,1018,235231,235230,235234,224739,136798,235239,235237,218198,229669,224738,218201,229668,140166,44374,234795,234796,136536,65998,224633,224348,229667,235235,235238,23263,17594,136797,235233,235232],"class_list":["post-172602","post","type-post","status-publish","format-standard","has-post-thumbnail","hentry","category-capelinha","category-saude-2","category-jequi","tag-alequison-gomes","tag-capelinha","tag-capelinha-confirma-mais-dois-obitos-de-pacientes-infectados-pelo-novo-coronavirus","tag-capelinha-confirma-primeiro-obito-de-paciente-infectado-pelo-novo-coronavirus","tag-capelinha-registra-23-novos-casos-de-covid-19","tag-capelinha-registra-mais-dois-casos-de-coronavirus","tag-capelinha-registra-mais-tres-casos-de-covid-19","tag-carlos-magno-ferreira","tag-caso-de-coronavirus-em-capelinha","tag-caso-de-covid-19-em-capelinha","tag-celia-pecanha-de-oliveira","tag-confirmado-o-quarto-caso-de-covid-19-em-capelinha","tag-confirmado-o-segundo-caso-de-coronavirus-em-capelinha","tag-confirmado-o-segundo-caso-de-covid-19-em-capelinha","tag-confirmado-o-terceiro-caso-de-covid-19-em-capelinha","tag-coronavirus","tag-coronavirus-em-capelinha","tag-covid-19","tag-covid-19-em-capelinha","tag-destaque","tag-fatima-da-vigilancia","tag-fatima-da-vigilancia-e-a-primeira-vacinada-contra-a-covid-19-em-capelinha","tag-fatima-oliveira","tag-funcionamento-do-comercio-de-capelinha","tag-gilmar-santos","tag-iadson","tag-luan-henrique","tag-morte-por-coronavirus-em-capelinha","tag-morte-por-covid-19-em-capelinha","tag-novas-regras-para-o-comercio-de-capelinha-passam-a-valer-neste-sabado","tag-obito-por-coronavirus-em-capelinha","tag-obito-por-covid-19-em-capelinha","tag-pandemia","tag-prefeito-de-capelinha","tag-prefeito-de-capelinha-infectado-pela-covid-19","tag-prefeito-de-capelinha-testa-positivo-para-a-covid-19","tag-prefeito-tadeuzinho","tag-prefeitura-de-capelinha","tag-prefeitura-de-capelinha-confirma-dois-novos-casos-de-covid-19","tag-prefeitura-de-capelinha-confirma-quinto-caso-de-covid-19","tag-primeiro-obito-por-covid-19-em-capelinha","tag-rafael-moreira","tag-regis","tag-tadeu-filipe-fernandes-de-abreu","tag-tadeuzinho","tag-tozao","tag-vacinacao-contra-coronavirus-em-capelinha","tag-vacinacao-contra-covid-19-em-capelinha"],"yoast_head":"<!-- This site is optimized with the Yoast SEO plugin v28.3 - https:\/\/yoast.com\/product\/yoast-seo-wordpress\/ -->\n<title>F\u00e1tima da Vigil\u00e2ncia \u00e9 a primeira vacinada contra a Covid-19 em Capelinha - Aconteceu no Vale<\/title>\n<meta name=\"robots\" content=\"index, follow, max-snippet:-1, max-image-preview:large, max-video-preview:-1\" \/>\n<link rel=\"canonical\" href=\"https:\/\/aconteceunovale.com.br\/portal\/?p=172602\" \/>\n<meta property=\"og:locale\" content=\"pt_BR\" \/>\n<meta property=\"og:type\" content=\"article\" \/>\n<meta property=\"og:title\" content=\"F\u00e1tima da Vigil\u00e2ncia \u00e9 a primeira vacinada contra a Covid-19 em Capelinha - Aconteceu no Vale\" \/>\n<meta property=\"og:description\" content=\"A enfermeira F\u00e1tima Oliveira, coordenadora da Vigil\u00e2ncia em Sa\u00fade, foi a primeira pessoa a ser vacinada contra a Covid-19 no munic\u00edpio de Capelinha (MG). Ela recebeu a primeira dose da CoronaVac (produzida pelo Instituto Butantan em parceria com a empresa farmac\u00eautica chinesa Sinovac). O imunizante foi aplicado pela tamb\u00e9m enfermeira C\u00e9lia Pe\u00e7anha de Oliveira, que [&hellip;]\" \/>\n<meta property=\"og:url\" content=\"https:\/\/aconteceunovale.com.br\/portal\/?p=172602\" \/>\n<meta property=\"og:site_name\" content=\"Aconteceu no Vale\" \/>\n<meta property=\"article:publisher\" content=\"https:\/\/www.facebook.com\/aconteceunovale\/\" \/>\n<meta property=\"article:published_time\" content=\"2021-01-21T00:11:01+00:00\" \/>\n<meta property=\"article:modified_time\" content=\"2026-09-01T02:11:32+00:00\" \/>\n<meta property=\"og:image\" content=\"https:\/\/aconteceunovale.com.br\/portal\/wp-content\/uploads\/2021\/01\/vacina_cap_primeira_1.jpg\" \/>\n\t<meta property=\"og:image:width\" content=\"675\" \/>\n\t<meta property=\"og:image:height\" content=\"450\" \/>\n\t<meta property=\"og:image:type\" content=\"image\/jpeg\" \/>\n<meta name=\"author\" content=\"Reda\u00e7\u00e3o Aconteceu no Vale\" \/>\n<meta name=\"twitter:card\" content=\"summary_large_image\" \/>\n<meta name=\"twitter:creator\" content=\"@noticiadosvales\" \/>\n<meta name=\"twitter:site\" content=\"@noticiadosvales\" \/>\n<meta name=\"twitter:label1\" content=\"Escrito por\" \/>\n\t<meta name=\"twitter:data1\" content=\"Reda\u00e7\u00e3o Aconteceu no Vale\" \/>\n\t<meta name=\"twitter:label2\" content=\"Est. tempo de leitura\" \/>\n\t<meta name=\"twitter:data2\" content=\"2 minutos\" \/>\n<script type=\"application\/ld+json\" class=\"yoast-schema-graph\">{\"@context\":\"https:\\\/\\\/schema.org\",\"@graph\":[{\"@type\":\"Article\",\"@id\":\"https:\\\/\\\/aconteceunovale.com.br\\\/portal\\\/?p=172602#article\",\"isPartOf\":{\"@id\":\"https:\\\/\\\/aconteceunovale.com.br\\\/portal\\\/?p=172602\"},\"author\":{\"name\":\"Reda\u00e7\u00e3o Aconteceu no Vale\",\"@id\":\"https:\\\/\\\/aconteceunovale.com.br\\\/portal\\\/#\\\/schema\\\/person\\\/7d2f26d1483f8a63de73da1ee0754d35\"},\"headline\":\"F\u00e1tima da Vigil\u00e2ncia \u00e9 a primeira vacinada contra a Covid-19 em Capelinha\",\"datePublished\":\"2021-01-21T00:11:01+00:00\",\"dateModified\":\"2026-09-01T02:11:32+00:00\",\"mainEntityOfPage\":{\"@id\":\"https:\\\/\\\/aconteceunovale.com.br\\\/portal\\\/?p=172602\"},\"wordCount\":372,\"commentCount\":0,\"image\":{\"@id\":\"https:\\\/\\\/aconteceunovale.com.br\\\/portal\\\/?p=172602#primaryimage\"},\"thumbnailUrl\":\"https:\\\/\\\/aconteceunovale.com.br\\\/portal\\\/wp-content\\\/uploads\\\/2021\\\/01\\\/vacina_cap_primeira_1.jpg\",\"keywords\":[\"Al\u00e9quison Gomes\",\"Capelinha\",\"Capelinha confirma mais dois \u00f3bitos de pacientes infectados pelo novo coronav\u00edrus\",\"Capelinha confirma primeiro \u00f3bito de paciente infectado pelo novo coronav\u00edrus\",\"Capelinha registra 23 novos casos de Covid-19\",\"Capelinha registra mais dois casos de Coronav\u00edrus\",\"Capelinha registra mais tr\u00eas casos de Covid-19\",\"Carlos Magno Ferreira\",\"Caso de coronav\u00edrus em Capelinha\",\"Caso de Covid-19 em Capelinha\",\"C\u00e9lia Pe\u00e7anha de Oliveira\",\"Confirmado o quarto caso de Covid-19 em Capelinha\",\"Confirmado o segundo caso de coronav\u00edrus em Capelinha\",\"Confirmado o segundo caso de Covid-19 em Capelinha\",\"Confirmado o terceiro caso de Covid-19 em Capelinha\",\"Coronav\u00edrus\",\"Coronav\u00edrus em Capelinha\",\"COVID-19\",\"Covid-19 em Capelinha\",\"destaque\",\"F\u00e1tima da Vigil\u00e2ncia\",\"F\u00e1tima da Vigil\u00e2ncia \u00e9 a primeira vacinada contra a Covid-19 em Capelinha\",\"F\u00e1tima Oliveira\",\"Funcionamento do com\u00e9rcio de Capelinha\",\"Gilmar Santos\",\"Iadson\",\"Luan Henrique\",\"Morte por coronav\u00edrus em Capelinha\",\"Morte por covid-19 em Capelinha\",\"Novas regras para o com\u00e9rcio de Capelinha passam a valer neste s\u00e1bado\",\"\u00d3bito por coronav\u00edrus em Capelinha\",\"\u00d3bito por covid-19 em Capelinha\",\"pandemia\",\"prefeito de Capelinha\",\"Prefeito de Capelinha infectado pela covid-19\",\"Prefeito de Capelinha testa positivo para a Covid-19\",\"prefeito Tadeuzinho\",\"Prefeitura de Capelinha\",\"Prefeitura de Capelinha confirma dois novos casos de Covid-19\",\"Prefeitura de Capelinha confirma quinto caso de Covid-19\",\"Primeiro \u00f3bito por covid-19 em Capelinha\",\"Rafael Moreira\",\"R\u00e9gis\",\"Tadeu Filipe Fernandes de Abreu\",\"Tadeuzinho\",\"Toz\u00e3o\",\"Vacina\u00e7\u00e3o contra coronav\u00edrus em Capelinha\",\"Vacina\u00e7\u00e3o contra covid-19 em Capelinha\"],\"articleSection\":[\"Capelinha\",\"Sa\u00fade\",\"Vale do Jequitinhonha\"],\"inLanguage\":\"pt-BR\",\"potentialAction\":[{\"@type\":\"CommentAction\",\"name\":\"Comment\",\"target\":[\"https:\\\/\\\/aconteceunovale.com.br\\\/portal\\\/?p=172602#respond\"]}]},{\"@type\":\"WebPage\",\"@id\":\"https:\\\/\\\/aconteceunovale.com.br\\\/portal\\\/?p=172602\",\"url\":\"https:\\\/\\\/aconteceunovale.com.br\\\/portal\\\/?p=172602\",\"name\":\"F\u00e1tima da Vigil\u00e2ncia \u00e9 a primeira vacinada contra a Covid-19 em Capelinha - Aconteceu no Vale\",\"isPartOf\":{\"@id\":\"https:\\\/\\\/aconteceunovale.com.br\\\/portal\\\/#website\"},\"primaryImageOfPage\":{\"@id\":\"https:\\\/\\\/aconteceunovale.com.br\\\/portal\\\/?p=172602#primaryimage\"},\"image\":{\"@id\":\"https:\\\/\\\/aconteceunovale.com.br\\\/portal\\\/?p=172602#primaryimage\"},\"thumbnailUrl\":\"https:\\\/\\\/aconteceunovale.com.br\\\/portal\\\/wp-content\\\/uploads\\\/2021\\\/01\\\/vacina_cap_primeira_1.jpg\",\"datePublished\":\"2021-01-21T00:11:01+00:00\",\"dateModified\":\"2026-09-01T02:11:32+00:00\",\"author\":{\"@id\":\"https:\\\/\\\/aconteceunovale.com.br\\\/portal\\\/#\\\/schema\\\/person\\\/7d2f26d1483f8a63de73da1ee0754d35\"},\"breadcrumb\":{\"@id\":\"https:\\\/\\\/aconteceunovale.com.br\\\/portal\\\/?p=172602#breadcrumb\"},\"inLanguage\":\"pt-BR\",\"potentialAction\":[{\"@type\":\"ReadAction\",\"target\":[\"https:\\\/\\\/aconteceunovale.com.br\\\/portal\\\/?p=172602\"]}]},{\"@type\":\"ImageObject\",\"inLanguage\":\"pt-BR\",\"@id\":\"https:\\\/\\\/aconteceunovale.com.br\\\/portal\\\/?p=172602#primaryimage\",\"url\":\"https:\\\/\\\/aconteceunovale.com.br\\\/portal\\\/wp-content\\\/uploads\\\/2021\\\/01\\\/vacina_cap_primeira_1.jpg\",\"contentUrl\":\"https:\\\/\\\/aconteceunovale.com.br\\\/portal\\\/wp-content\\\/uploads\\\/2021\\\/01\\\/vacina_cap_primeira_1.jpg\",\"width\":675,\"height\":450},{\"@type\":\"BreadcrumbList\",\"@id\":\"https:\\\/\\\/aconteceunovale.com.br\\\/portal\\\/?p=172602#breadcrumb\",\"itemListElement\":[{\"@type\":\"ListItem\",\"position\":1,\"name\":\"In\u00edcio\",\"item\":\"https:\\\/\\\/aconteceunovale.com.br\\\/portal\\\/\"},{\"@type\":\"ListItem\",\"position\":2,\"name\":\"F\u00e1tima da Vigil\u00e2ncia \u00e9 a primeira vacinada contra a Covid-19 em Capelinha\"}]},{\"@type\":\"WebSite\",\"@id\":\"https:\\\/\\\/aconteceunovale.com.br\\\/portal\\\/#website\",\"url\":\"https:\\\/\\\/aconteceunovale.com.br\\\/portal\\\/\",\"name\":\"Aconteceu no Vale\",\"description\":\"Portal de Not\u00edcias\",\"potentialAction\":[{\"@type\":\"SearchAction\",\"target\":{\"@type\":\"EntryPoint\",\"urlTemplate\":\"https:\\\/\\\/aconteceunovale.com.br\\\/portal\\\/?s={search_term_string}\"},\"query-input\":{\"@type\":\"PropertyValueSpecification\",\"valueRequired\":true,\"valueName\":\"search_term_string\"}}],\"inLanguage\":\"pt-BR\"},{\"@type\":\"Person\",\"@id\":\"https:\\\/\\\/aconteceunovale.com.br\\\/portal\\\/#\\\/schema\\\/person\\\/7d2f26d1483f8a63de73da1ee0754d35\",\"name\":\"Reda\u00e7\u00e3o Aconteceu no Vale\",\"description\":\"Equipe de reportagem do Aconteceu no Vale, portal de not\u00edcias do Vale do Jequitinhonha, em Minas Gerais. Cobrimos as 51 cidades do Vale desde 2013. Sugest\u00f5es de pauta e pedidos de corre\u00e7\u00e3o: contato@aconteceunovale.com.br\",\"url\":\"https:\\\/\\\/aconteceunovale.com.br\\\/portal\\\/?author=4\"}]}<\/script>\n<!-- \/ Yoast SEO plugin. -->","yoast_head_json":{"title":"F\u00e1tima da Vigil\u00e2ncia \u00e9 a primeira vacinada contra a Covid-19 em Capelinha - Aconteceu no Vale","robots":{"index":"index","follow":"follow","max-snippet":"max-snippet:-1","max-image-preview":"max-image-preview:large","max-video-preview":"max-video-preview:-1"},"canonical":"https:\/\/aconteceunovale.com.br\/portal\/?p=172602","og_locale":"pt_BR","og_type":"article","og_title":"F\u00e1tima da Vigil\u00e2ncia \u00e9 a primeira vacinada contra a Covid-19 em Capelinha - Aconteceu no Vale","og_description":"A enfermeira F\u00e1tima Oliveira, coordenadora da Vigil\u00e2ncia em Sa\u00fade, foi a primeira pessoa a ser vacinada contra a Covid-19 no munic\u00edpio de Capelinha (MG). Ela recebeu a primeira dose da CoronaVac (produzida pelo Instituto Butantan em parceria com a empresa farmac\u00eautica chinesa Sinovac). O imunizante foi aplicado pela tamb\u00e9m enfermeira C\u00e9lia Pe\u00e7anha de Oliveira, que [&hellip;]","og_url":"https:\/\/aconteceunovale.com.br\/portal\/?p=172602","og_site_name":"Aconteceu no Vale","article_publisher":"https:\/\/www.facebook.com\/aconteceunovale\/","article_published_time":"2021-01-21T00:11:01+00:00","article_modified_time":"2026-09-01T02:11:32+00:00","og_image":[{"width":675,"height":450,"url":"https:\/\/aconteceunovale.com.br\/portal\/wp-content\/uploads\/2021\/01\/vacina_cap_primeira_1.jpg","type":"image\/jpeg"}],"author":"Reda\u00e7\u00e3o Aconteceu no Vale","twitter_card":"summary_large_image","twitter_creator":"@noticiadosvales","twitter_site":"@noticiadosvales","twitter_misc":{"Escrito por":"Reda\u00e7\u00e3o Aconteceu no Vale","Est. tempo de leitura":"2 minutos"},"schema":{"@context":"https:\/\/schema.org","@graph":[{"@type":"Article","@id":"https:\/\/aconteceunovale.com.br\/portal\/?p=172602#article","isPartOf":{"@id":"https:\/\/aconteceunovale.com.br\/portal\/?p=172602"},"author":{"name":"Reda\u00e7\u00e3o Aconteceu no Vale","@id":"https:\/\/aconteceunovale.com.br\/portal\/#\/schema\/person\/7d2f26d1483f8a63de73da1ee0754d35"},"headline":"F\u00e1tima da Vigil\u00e2ncia \u00e9 a primeira vacinada contra a Covid-19 em Capelinha","datePublished":"2021-01-21T00:11:01+00:00","dateModified":"2026-09-01T02:11:32+00:00","mainEntityOfPage":{"@id":"https:\/\/aconteceunovale.com.br\/portal\/?p=172602"},"wordCount":372,"commentCount":0,"image":{"@id":"https:\/\/aconteceunovale.com.br\/portal\/?p=172602#primaryimage"},"thumbnailUrl":"https:\/\/aconteceunovale.com.br\/portal\/wp-content\/uploads\/2021\/01\/vacina_cap_primeira_1.jpg","keywords":["Al\u00e9quison Gomes","Capelinha","Capelinha confirma mais dois \u00f3bitos de pacientes infectados pelo novo coronav\u00edrus","Capelinha confirma primeiro \u00f3bito de paciente infectado pelo novo coronav\u00edrus","Capelinha registra 23 novos casos de Covid-19","Capelinha registra mais dois casos de Coronav\u00edrus","Capelinha registra mais tr\u00eas casos de Covid-19","Carlos Magno Ferreira","Caso de coronav\u00edrus em Capelinha","Caso de Covid-19 em Capelinha","C\u00e9lia Pe\u00e7anha de Oliveira","Confirmado o quarto caso de Covid-19 em Capelinha","Confirmado o segundo caso de coronav\u00edrus em Capelinha","Confirmado o segundo caso de Covid-19 em Capelinha","Confirmado o terceiro caso de Covid-19 em Capelinha","Coronav\u00edrus","Coronav\u00edrus em Capelinha","COVID-19","Covid-19 em Capelinha","destaque","F\u00e1tima da Vigil\u00e2ncia","F\u00e1tima da Vigil\u00e2ncia \u00e9 a primeira vacinada contra a Covid-19 em Capelinha","F\u00e1tima Oliveira","Funcionamento do com\u00e9rcio de Capelinha","Gilmar Santos","Iadson","Luan Henrique","Morte por coronav\u00edrus em Capelinha","Morte por covid-19 em Capelinha","Novas regras para o com\u00e9rcio de Capelinha passam a valer neste s\u00e1bado","\u00d3bito por coronav\u00edrus em Capelinha","\u00d3bito por covid-19 em Capelinha","pandemia","prefeito de Capelinha","Prefeito de Capelinha infectado pela covid-19","Prefeito de Capelinha testa positivo para a Covid-19","prefeito Tadeuzinho","Prefeitura de Capelinha","Prefeitura de Capelinha confirma dois novos casos de Covid-19","Prefeitura de Capelinha confirma quinto caso de Covid-19","Primeiro \u00f3bito por covid-19 em Capelinha","Rafael Moreira","R\u00e9gis","Tadeu Filipe Fernandes de Abreu","Tadeuzinho","Toz\u00e3o","Vacina\u00e7\u00e3o contra coronav\u00edrus em Capelinha","Vacina\u00e7\u00e3o contra covid-19 em Capelinha"],"articleSection":["Capelinha","Sa\u00fade","Vale do Jequitinhonha"],"inLanguage":"pt-BR","potentialAction":[{"@type":"CommentAction","name":"Comment","target":["https:\/\/aconteceunovale.com.br\/portal\/?p=172602#respond"]}]},{"@type":"WebPage","@id":"https:\/\/aconteceunovale.com.br\/portal\/?p=172602","url":"https:\/\/aconteceunovale.com.br\/portal\/?p=172602","name":"F\u00e1tima da Vigil\u00e2ncia \u00e9 a primeira vacinada contra a Covid-19 em Capelinha - Aconteceu no Vale","isPartOf":{"@id":"https:\/\/aconteceunovale.com.br\/portal\/#website"},"primaryImageOfPage":{"@id":"https:\/\/aconteceunovale.com.br\/portal\/?p=172602#primaryimage"},"image":{"@id":"https:\/\/aconteceunovale.com.br\/portal\/?p=172602#primaryimage"},"thumbnailUrl":"https:\/\/aconteceunovale.com.br\/portal\/wp-content\/uploads\/2021\/01\/vacina_cap_primeira_1.jpg","datePublished":"2021-01-21T00:11:01+00:00","dateModified":"2026-09-01T02:11:32+00:00","author":{"@id":"https:\/\/aconteceunovale.com.br\/portal\/#\/schema\/person\/7d2f26d1483f8a63de73da1ee0754d35"},"breadcrumb":{"@id":"https:\/\/aconteceunovale.com.br\/portal\/?p=172602#breadcrumb"},"inLanguage":"pt-BR","potentialAction":[{"@type":"ReadAction","target":["https:\/\/aconteceunovale.com.br\/portal\/?p=172602"]}]},{"@type":"ImageObject","inLanguage":"pt-BR","@id":"https:\/\/aconteceunovale.com.br\/portal\/?p=172602#primaryimage","url":"https:\/\/aconteceunovale.com.br\/portal\/wp-content\/uploads\/2021\/01\/vacina_cap_primeira_1.jpg","contentUrl":"https:\/\/aconteceunovale.com.br\/portal\/wp-content\/uploads\/2021\/01\/vacina_cap_primeira_1.jpg","width":675,"height":450},{"@type":"BreadcrumbList","@id":"https:\/\/aconteceunovale.com.br\/portal\/?p=172602#breadcrumb","itemListElement":[{"@type":"ListItem","position":1,"name":"In\u00edcio","item":"https:\/\/aconteceunovale.com.br\/portal\/"},{"@type":"ListItem","position":2,"name":"F\u00e1tima da Vigil\u00e2ncia \u00e9 a primeira vacinada contra a Covid-19 em Capelinha"}]},{"@type":"WebSite","@id":"https:\/\/aconteceunovale.com.br\/portal\/#website","url":"https:\/\/aconteceunovale.com.br\/portal\/","name":"Aconteceu no Vale","description":"Portal de Not\u00edcias","potentialAction":[{"@type":"SearchAction","target":{"@type":"EntryPoint","urlTemplate":"https:\/\/aconteceunovale.com.br\/portal\/?s={search_term_string}"},"query-input":{"@type":"PropertyValueSpecification","valueRequired":true,"valueName":"search_term_string"}}],"inLanguage":"pt-BR"},{"@type":"Person","@id":"https:\/\/aconteceunovale.com.br\/portal\/#\/schema\/person\/7d2f26d1483f8a63de73da1ee0754d35","name":"Reda\u00e7\u00e3o Aconteceu no Vale","description":"Equipe de reportagem do Aconteceu no Vale, portal de not\u00edcias do Vale do Jequitinhonha, em Minas Gerais. Cobrimos as 51 cidades do Vale desde 2013. Sugest\u00f5es de pauta e pedidos de corre\u00e7\u00e3o: contato@aconteceunovale.com.br","url":"https:\/\/aconteceunovale.com.br\/portal\/?author=4"}]}},"_links":{"self":[{"href":"https:\/\/aconteceunovale.com.br\/portal\/index.php?rest_route=\/wp\/v2\/posts\/172602","targetHints":{"allow":["GET"]}}],"collection":[{"href":"https:\/\/aconteceunovale.com.br\/portal\/index.php?rest_route=\/wp\/v2\/posts"}],"about":[{"href":"https:\/\/aconteceunovale.com.br\/portal\/index.php?rest_route=\/wp\/v2\/types\/post"}],"author":[{"embeddable":true,"href":"https:\/\/aconteceunovale.com.br\/portal\/index.php?rest_route=\/wp\/v2\/users\/4"}],"replies":[{"embeddable":true,"href":"https:\/\/aconteceunovale.com.br\/portal\/index.php?rest_route=%2Fwp%2Fv2%2Fcomments&post=172602"}],"version-history":[{"count":3,"href":"https:\/\/aconteceunovale.com.br\/portal\/index.php?rest_route=\/wp\/v2\/posts\/172602\/revisions"}],"predecessor-version":[{"id":172612,"href":"https:\/\/aconteceunovale.com.br\/portal\/index.php?rest_route=\/wp\/v2\/posts\/172602\/revisions\/172612"}],"wp:featuredmedia":[{"embeddable":true,"href":"https:\/\/aconteceunovale.com.br\/portal\/index.php?rest_route=\/wp\/v2\/media\/172609"}],"wp:attachment":[{"href":"https:\/\/aconteceunovale.com.br\/portal\/index.php?rest_route=%2Fwp%2Fv2%2Fmedia&parent=172602"}],"wp:term":[{"taxonomy":"category","embeddable":true,"href":"https:\/\/aconteceunovale.com.br\/portal\/index.php?rest_route=%2Fwp%2Fv2%2Fcategories&post=172602"},{"taxonomy":"post_tag","embeddable":true,"href":"https:\/\/aconteceunovale.com.br\/portal\/index.php?rest_route=%2Fwp%2Fv2%2Ftags&post=172602"}],"curies":[{"name":"wp","href":"https:\/\/api.w.org\/{rel}","templated":true}]}}