{"id":172592,"date":"2021-01-20T19:08:40","date_gmt":"2021-01-20T22:08:40","guid":{"rendered":"https:\/\/aconteceunovale.com.br\/portal\/?p=172592"},"modified":"2021-01-20T19:09:43","modified_gmt":"2021-01-20T22:09:43","slug":"acidente-entre-caminhao-e-carreta-deixa-dois-feridos-na-br-135","status":"publish","type":"post","link":"https:\/\/aconteceunovale.com.br\/portal\/?p=172592","title":{"rendered":"Acidente entre caminh\u00e3o e carreta deixa dois feridos na BR-135"},"content":{"rendered":"\n<p class=\"wp-block-paragraph\">Duas pessoas ficaram feridas em um acidente envolvendo um caminh\u00e3o-ba\u00fa e uma carreta na BR-135, em Joaquim Fel\u00edcio (MG), na manh\u00e3 desta quarta-feira (20\/1\/2021). A colis\u00e3o traseira aconteceu na altura do quil\u00f4metro 501 da rodovia.<\/p>\n\n\n\n<p class=\"wp-block-paragraph\">Segundo informa\u00e7\u00f5es da Pol\u00edcia Militar Rodovi\u00e1ria, a suspeita inicial \u00e9 de que o motorista do caminh\u00e3o-ba\u00fa estava em alta velocidade e colidiu contra a traseira da carreta ap\u00f3s cochilar ao volante.<\/p>\n\n\n\n<p class=\"wp-block-paragraph\">O motorista do caminh\u00e3o e o passageiro ficaram presos \u00e0s ferragens. Eles foram socorridos por equipes da Eco-135 e encaminhados ao Hospital de Bocaiuva. Os dois estavam conscientes no momento do desencarceramento, mas, de acordo com a concession\u00e1ria, o caminhoneiro apresentava ferimentos graves. O condutor da carreta n\u00e3o se feriu.<\/p>\n\n\n\n<p class=\"wp-block-paragraph\">Ainda segundo a concession\u00e1ria Eco-135, somente uma faixa adicional ficou bloqueada e o tr\u00e2nsito n\u00e3o foi comprometido no trecho. As causas do acidente ser\u00e3o apuradas.<\/p>\n\n\n\n<figure class=\"wp-block-gallery columns-1 is-cropped wp-block-gallery-1 is-layout-flex wp-block-gallery-is-layout-flex\"><ul class=\"blocks-gallery-grid\"><li class=\"blocks-gallery-item\"><figure><img loading=\"lazy\" decoding=\"async\" width=\"623\" height=\"450\" src=\"https:\/\/aconteceunovale.com.br\/portal\/wp-content\/uploads\/2021\/01\/acidente_caminhoes_135.jpeg\" alt=\"\" data-id=\"172593\" data-full-url=\"https:\/\/aconteceunovale.com.br\/portal\/wp-content\/uploads\/2021\/01\/acidente_caminhoes_135.jpeg\" data-link=\"https:\/\/aconteceunovale.com.br\/portal\/?attachment_id=172593\" class=\"wp-image-172593\" srcset=\"https:\/\/aconteceunovale.com.br\/portal\/wp-content\/uploads\/2021\/01\/acidente_caminhoes_135.jpeg 623w, https:\/\/aconteceunovale.com.br\/portal\/wp-content\/uploads\/2021\/01\/acidente_caminhoes_135-300x217.jpeg 300w, https:\/\/aconteceunovale.com.br\/portal\/wp-content\/uploads\/2021\/01\/acidente_caminhoes_135-324x235.jpeg 324w, https:\/\/aconteceunovale.com.br\/portal\/wp-content\/uploads\/2021\/01\/acidente_caminhoes_135-581x420.jpeg 581w\" sizes=\"auto, (max-width: 623px) 100vw, 623px\" \/><figcaption class=\"blocks-gallery-item__caption\"><em>Caminh\u00e3o bateu na traseira de uma carreta &#8211; Foto: PM Rodovi\u00e1ria\/Divulga\u00e7\u00e3o<\/em><\/figcaption><\/figure><\/li><\/ul><\/figure>\n\n\n\n<p class=\"has-white-color has-black-background-color has-text-color has-background wp-block-paragraph\">Quer saber as not\u00edcias do <strong>Aconteceu no Vale<\/strong> em primeira m\u00e3o? Siga-nos no Facebook <a rel=\"noreferrer noopener\" href=\"http:\/\/facebook.com\/aconteceunovale\" target=\"_blank\">@aconteceunovale<\/a>, Twitter <a rel=\"noreferrer noopener\" href=\"https:\/\/twitter.com\/noticiadosvales\" target=\"_blank\">@noticiadosvales<\/a> e Instagram <a rel=\"noreferrer noopener\" href=\"https:\/\/www.instagram.com\/aconteceunovale\" target=\"_blank\">@aconteceunovale<\/a>.<\/p>\n","protected":false},"excerpt":{"rendered":"<p>Duas pessoas ficaram feridas em um acidente envolvendo um caminh\u00e3o-ba\u00fa e uma carreta na BR-135, em Joaquim Fel\u00edcio (MG), na manh\u00e3 desta quarta-feira (20\/1\/2021). A colis\u00e3o traseira aconteceu na altura do quil\u00f4metro 501 da rodovia. Segundo informa\u00e7\u00f5es da Pol\u00edcia Militar Rodovi\u00e1ria, a suspeita inicial \u00e9 de que o motorista do caminh\u00e3o-ba\u00fa estava em alta velocidade [&hellip;]<\/p>\n","protected":false},"author":4,"featured_media":172593,"comment_status":"open","ping_status":"closed","sticky":false,"template":"","format":"standard","meta":{"amp_status":"","footnotes":""},"categories":[1236],"tags":[29426,235207,235209,214913,210060,90488,104359,645,207131,235208,235210,1018,191022],"class_list":["post-172592","post","type-post","status-publish","format-standard","has-post-thumbnail","hentry","category-norte_de_minas","tag-acidente-em-joaquim-felicio","tag-acidente-entre-caminhao-e-carreta-deixa-dois-feridos-na-br-135","tag-acidente-entre-caminhao-bau-e-carreta-na-br-135","tag-acidente-entre-caminhoes-na-br-135-2","tag-acidente-na-br-135-2","tag-acidente-na-br-135-em-joaquim-felicio","tag-acidente-perto-de-bocaiuva","tag-bocaiuva","tag-br-135-2","tag-colisao-traseira-na-br-135","tag-concessionaria-eco-135","tag-destaque","tag-eco-135"],"yoast_head":"<!-- This site is optimized with the Yoast SEO plugin v28.3 - https:\/\/yoast.com\/product\/yoast-seo-wordpress\/ -->\n<title>Acidente entre caminh\u00e3o e carreta deixa dois feridos na BR-135 - Aconteceu no Vale<\/title>\n<meta name=\"robots\" content=\"index, follow, max-snippet:-1, max-image-preview:large, max-video-preview:-1\" \/>\n<link rel=\"canonical\" href=\"https:\/\/aconteceunovale.com.br\/portal\/?p=172592\" \/>\n<meta property=\"og:locale\" content=\"pt_BR\" \/>\n<meta property=\"og:type\" content=\"article\" \/>\n<meta property=\"og:title\" content=\"Acidente entre caminh\u00e3o e carreta deixa dois feridos na BR-135 - Aconteceu no Vale\" \/>\n<meta property=\"og:description\" content=\"Duas pessoas ficaram feridas em um acidente envolvendo um caminh\u00e3o-ba\u00fa e uma carreta na BR-135, em Joaquim Fel\u00edcio (MG), na manh\u00e3 desta quarta-feira (20\/1\/2021). A colis\u00e3o traseira aconteceu na altura do quil\u00f4metro 501 da rodovia. Segundo informa\u00e7\u00f5es da Pol\u00edcia Militar Rodovi\u00e1ria, a suspeita inicial \u00e9 de que o motorista do caminh\u00e3o-ba\u00fa estava em alta velocidade [&hellip;]\" \/>\n<meta property=\"og:url\" content=\"https:\/\/aconteceunovale.com.br\/portal\/?p=172592\" \/>\n<meta property=\"og:site_name\" content=\"Aconteceu no Vale\" \/>\n<meta property=\"article:publisher\" content=\"https:\/\/www.facebook.com\/aconteceunovale\/\" \/>\n<meta property=\"article:published_time\" content=\"2021-01-20T22:08:40+00:00\" \/>\n<meta property=\"article:modified_time\" content=\"2021-01-20T22:09:43+00:00\" \/>\n<meta property=\"og:image\" content=\"https:\/\/aconteceunovale.com.br\/portal\/wp-content\/uploads\/2021\/01\/acidente_caminhoes_135.jpeg\" \/>\n\t<meta property=\"og:image:width\" content=\"623\" \/>\n\t<meta property=\"og:image:height\" content=\"450\" \/>\n\t<meta property=\"og:image:type\" content=\"image\/jpeg\" \/>\n<meta name=\"author\" content=\"Reda\u00e7\u00e3o Aconteceu no Vale\" \/>\n<meta name=\"twitter:card\" content=\"summary_large_image\" \/>\n<meta name=\"twitter:creator\" content=\"@noticiadosvales\" \/>\n<meta name=\"twitter:site\" content=\"@noticiadosvales\" \/>\n<meta name=\"twitter:label1\" content=\"Escrito por\" \/>\n\t<meta name=\"twitter:data1\" content=\"Reda\u00e7\u00e3o Aconteceu no Vale\" \/>\n\t<meta name=\"twitter:label2\" content=\"Est. tempo de leitura\" \/>\n\t<meta name=\"twitter:data2\" content=\"1 minuto\" \/>\n<script type=\"application\/ld+json\" class=\"yoast-schema-graph\">{\"@context\":\"https:\\\/\\\/schema.org\",\"@graph\":[{\"@type\":\"Article\",\"@id\":\"https:\\\/\\\/aconteceunovale.com.br\\\/portal\\\/?p=172592#article\",\"isPartOf\":{\"@id\":\"https:\\\/\\\/aconteceunovale.com.br\\\/portal\\\/?p=172592\"},\"author\":{\"name\":\"Reda\u00e7\u00e3o Aconteceu no Vale\",\"@id\":\"https:\\\/\\\/aconteceunovale.com.br\\\/portal\\\/#\\\/schema\\\/person\\\/7d2f26d1483f8a63de73da1ee0754d35\"},\"headline\":\"Acidente entre caminh\u00e3o e carreta deixa dois feridos na BR-135\",\"datePublished\":\"2021-01-20T22:08:40+00:00\",\"dateModified\":\"2021-01-20T22:09:43+00:00\",\"mainEntityOfPage\":{\"@id\":\"https:\\\/\\\/aconteceunovale.com.br\\\/portal\\\/?p=172592\"},\"wordCount\":202,\"commentCount\":0,\"image\":{\"@id\":\"https:\\\/\\\/aconteceunovale.com.br\\\/portal\\\/?p=172592#primaryimage\"},\"thumbnailUrl\":\"https:\\\/\\\/aconteceunovale.com.br\\\/portal\\\/wp-content\\\/uploads\\\/2021\\\/01\\\/acidente_caminhoes_135.jpeg\",\"keywords\":[\"acidente em joaquim fel\u00edcio\",\"Acidente entre caminh\u00e3o e carreta deixa dois feridos na BR-135\",\"Acidente entre caminh\u00e3o-ba\u00fa e carreta na BR-135\",\"Acidente entre caminh\u00f5es na BR-135\",\"Acidente na BR-135\",\"Acidente na BR-135 em Joaquim Fel\u00edcio\",\"acidente perto de bocaiuva\",\"Bocai\u00fava\",\"BR-135\",\"Colis\u00e3o traseira na BR-135\",\"Concession\u00e1ria Eco-135\",\"destaque\",\"Eco-135\"],\"articleSection\":[\"Norte de Minas\"],\"inLanguage\":\"pt-BR\",\"potentialAction\":[{\"@type\":\"CommentAction\",\"name\":\"Comment\",\"target\":[\"https:\\\/\\\/aconteceunovale.com.br\\\/portal\\\/?p=172592#respond\"]}]},{\"@type\":\"WebPage\",\"@id\":\"https:\\\/\\\/aconteceunovale.com.br\\\/portal\\\/?p=172592\",\"url\":\"https:\\\/\\\/aconteceunovale.com.br\\\/portal\\\/?p=172592\",\"name\":\"Acidente entre caminh\u00e3o e carreta deixa dois feridos na BR-135 - Aconteceu no Vale\",\"isPartOf\":{\"@id\":\"https:\\\/\\\/aconteceunovale.com.br\\\/portal\\\/#website\"},\"primaryImageOfPage\":{\"@id\":\"https:\\\/\\\/aconteceunovale.com.br\\\/portal\\\/?p=172592#primaryimage\"},\"image\":{\"@id\":\"https:\\\/\\\/aconteceunovale.com.br\\\/portal\\\/?p=172592#primaryimage\"},\"thumbnailUrl\":\"https:\\\/\\\/aconteceunovale.com.br\\\/portal\\\/wp-content\\\/uploads\\\/2021\\\/01\\\/acidente_caminhoes_135.jpeg\",\"datePublished\":\"2021-01-20T22:08:40+00:00\",\"dateModified\":\"2021-01-20T22:09:43+00:00\",\"author\":{\"@id\":\"https:\\\/\\\/aconteceunovale.com.br\\\/portal\\\/#\\\/schema\\\/person\\\/7d2f26d1483f8a63de73da1ee0754d35\"},\"breadcrumb\":{\"@id\":\"https:\\\/\\\/aconteceunovale.com.br\\\/portal\\\/?p=172592#breadcrumb\"},\"inLanguage\":\"pt-BR\",\"potentialAction\":[{\"@type\":\"ReadAction\",\"target\":[\"https:\\\/\\\/aconteceunovale.com.br\\\/portal\\\/?p=172592\"]}]},{\"@type\":\"ImageObject\",\"inLanguage\":\"pt-BR\",\"@id\":\"https:\\\/\\\/aconteceunovale.com.br\\\/portal\\\/?p=172592#primaryimage\",\"url\":\"https:\\\/\\\/aconteceunovale.com.br\\\/portal\\\/wp-content\\\/uploads\\\/2021\\\/01\\\/acidente_caminhoes_135.jpeg\",\"contentUrl\":\"https:\\\/\\\/aconteceunovale.com.br\\\/portal\\\/wp-content\\\/uploads\\\/2021\\\/01\\\/acidente_caminhoes_135.jpeg\",\"width\":623,\"height\":450},{\"@type\":\"BreadcrumbList\",\"@id\":\"https:\\\/\\\/aconteceunovale.com.br\\\/portal\\\/?p=172592#breadcrumb\",\"itemListElement\":[{\"@type\":\"ListItem\",\"position\":1,\"name\":\"In\u00edcio\",\"item\":\"https:\\\/\\\/aconteceunovale.com.br\\\/portal\\\/\"},{\"@type\":\"ListItem\",\"position\":2,\"name\":\"Acidente entre caminh\u00e3o e carreta deixa dois feridos na BR-135\"}]},{\"@type\":\"WebSite\",\"@id\":\"https:\\\/\\\/aconteceunovale.com.br\\\/portal\\\/#website\",\"url\":\"https:\\\/\\\/aconteceunovale.com.br\\\/portal\\\/\",\"name\":\"Aconteceu no Vale\",\"description\":\"Portal de Not\u00edcias\",\"potentialAction\":[{\"@type\":\"SearchAction\",\"target\":{\"@type\":\"EntryPoint\",\"urlTemplate\":\"https:\\\/\\\/aconteceunovale.com.br\\\/portal\\\/?s={search_term_string}\"},\"query-input\":{\"@type\":\"PropertyValueSpecification\",\"valueRequired\":true,\"valueName\":\"search_term_string\"}}],\"inLanguage\":\"pt-BR\"},{\"@type\":\"Person\",\"@id\":\"https:\\\/\\\/aconteceunovale.com.br\\\/portal\\\/#\\\/schema\\\/person\\\/7d2f26d1483f8a63de73da1ee0754d35\",\"name\":\"Reda\u00e7\u00e3o Aconteceu no Vale\",\"description\":\"Equipe de reportagem do Aconteceu no Vale, portal de not\u00edcias do Vale do Jequitinhonha, em Minas Gerais. Cobrimos as 51 cidades do Vale desde 2013. Sugest\u00f5es de pauta e pedidos de corre\u00e7\u00e3o: contato@aconteceunovale.com.br\",\"url\":\"https:\\\/\\\/aconteceunovale.com.br\\\/portal\\\/?author=4\"}]}<\/script>\n<!-- \/ Yoast SEO plugin. -->","yoast_head_json":{"title":"Acidente entre caminh\u00e3o e carreta deixa dois feridos na BR-135 - Aconteceu no Vale","robots":{"index":"index","follow":"follow","max-snippet":"max-snippet:-1","max-image-preview":"max-image-preview:large","max-video-preview":"max-video-preview:-1"},"canonical":"https:\/\/aconteceunovale.com.br\/portal\/?p=172592","og_locale":"pt_BR","og_type":"article","og_title":"Acidente entre caminh\u00e3o e carreta deixa dois feridos na BR-135 - Aconteceu no Vale","og_description":"Duas pessoas ficaram feridas em um acidente envolvendo um caminh\u00e3o-ba\u00fa e uma carreta na BR-135, em Joaquim Fel\u00edcio (MG), na manh\u00e3 desta quarta-feira (20\/1\/2021). A colis\u00e3o traseira aconteceu na altura do quil\u00f4metro 501 da rodovia. Segundo informa\u00e7\u00f5es da Pol\u00edcia Militar Rodovi\u00e1ria, a suspeita inicial \u00e9 de que o motorista do caminh\u00e3o-ba\u00fa estava em alta velocidade [&hellip;]","og_url":"https:\/\/aconteceunovale.com.br\/portal\/?p=172592","og_site_name":"Aconteceu no Vale","article_publisher":"https:\/\/www.facebook.com\/aconteceunovale\/","article_published_time":"2021-01-20T22:08:40+00:00","article_modified_time":"2021-01-20T22:09:43+00:00","og_image":[{"width":623,"height":450,"url":"https:\/\/aconteceunovale.com.br\/portal\/wp-content\/uploads\/2021\/01\/acidente_caminhoes_135.jpeg","type":"image\/jpeg"}],"author":"Reda\u00e7\u00e3o Aconteceu no Vale","twitter_card":"summary_large_image","twitter_creator":"@noticiadosvales","twitter_site":"@noticiadosvales","twitter_misc":{"Escrito por":"Reda\u00e7\u00e3o Aconteceu no Vale","Est. tempo de leitura":"1 minuto"},"schema":{"@context":"https:\/\/schema.org","@graph":[{"@type":"Article","@id":"https:\/\/aconteceunovale.com.br\/portal\/?p=172592#article","isPartOf":{"@id":"https:\/\/aconteceunovale.com.br\/portal\/?p=172592"},"author":{"name":"Reda\u00e7\u00e3o Aconteceu no Vale","@id":"https:\/\/aconteceunovale.com.br\/portal\/#\/schema\/person\/7d2f26d1483f8a63de73da1ee0754d35"},"headline":"Acidente entre caminh\u00e3o e carreta deixa dois feridos na BR-135","datePublished":"2021-01-20T22:08:40+00:00","dateModified":"2021-01-20T22:09:43+00:00","mainEntityOfPage":{"@id":"https:\/\/aconteceunovale.com.br\/portal\/?p=172592"},"wordCount":202,"commentCount":0,"image":{"@id":"https:\/\/aconteceunovale.com.br\/portal\/?p=172592#primaryimage"},"thumbnailUrl":"https:\/\/aconteceunovale.com.br\/portal\/wp-content\/uploads\/2021\/01\/acidente_caminhoes_135.jpeg","keywords":["acidente em joaquim fel\u00edcio","Acidente entre caminh\u00e3o e carreta deixa dois feridos na BR-135","Acidente entre caminh\u00e3o-ba\u00fa e carreta na BR-135","Acidente entre caminh\u00f5es na BR-135","Acidente na BR-135","Acidente na BR-135 em Joaquim Fel\u00edcio","acidente perto de bocaiuva","Bocai\u00fava","BR-135","Colis\u00e3o traseira na BR-135","Concession\u00e1ria Eco-135","destaque","Eco-135"],"articleSection":["Norte de Minas"],"inLanguage":"pt-BR","potentialAction":[{"@type":"CommentAction","name":"Comment","target":["https:\/\/aconteceunovale.com.br\/portal\/?p=172592#respond"]}]},{"@type":"WebPage","@id":"https:\/\/aconteceunovale.com.br\/portal\/?p=172592","url":"https:\/\/aconteceunovale.com.br\/portal\/?p=172592","name":"Acidente entre caminh\u00e3o e carreta deixa dois feridos na BR-135 - Aconteceu no Vale","isPartOf":{"@id":"https:\/\/aconteceunovale.com.br\/portal\/#website"},"primaryImageOfPage":{"@id":"https:\/\/aconteceunovale.com.br\/portal\/?p=172592#primaryimage"},"image":{"@id":"https:\/\/aconteceunovale.com.br\/portal\/?p=172592#primaryimage"},"thumbnailUrl":"https:\/\/aconteceunovale.com.br\/portal\/wp-content\/uploads\/2021\/01\/acidente_caminhoes_135.jpeg","datePublished":"2021-01-20T22:08:40+00:00","dateModified":"2021-01-20T22:09:43+00:00","author":{"@id":"https:\/\/aconteceunovale.com.br\/portal\/#\/schema\/person\/7d2f26d1483f8a63de73da1ee0754d35"},"breadcrumb":{"@id":"https:\/\/aconteceunovale.com.br\/portal\/?p=172592#breadcrumb"},"inLanguage":"pt-BR","potentialAction":[{"@type":"ReadAction","target":["https:\/\/aconteceunovale.com.br\/portal\/?p=172592"]}]},{"@type":"ImageObject","inLanguage":"pt-BR","@id":"https:\/\/aconteceunovale.com.br\/portal\/?p=172592#primaryimage","url":"https:\/\/aconteceunovale.com.br\/portal\/wp-content\/uploads\/2021\/01\/acidente_caminhoes_135.jpeg","contentUrl":"https:\/\/aconteceunovale.com.br\/portal\/wp-content\/uploads\/2021\/01\/acidente_caminhoes_135.jpeg","width":623,"height":450},{"@type":"BreadcrumbList","@id":"https:\/\/aconteceunovale.com.br\/portal\/?p=172592#breadcrumb","itemListElement":[{"@type":"ListItem","position":1,"name":"In\u00edcio","item":"https:\/\/aconteceunovale.com.br\/portal\/"},{"@type":"ListItem","position":2,"name":"Acidente entre caminh\u00e3o e carreta deixa dois feridos na BR-135"}]},{"@type":"WebSite","@id":"https:\/\/aconteceunovale.com.br\/portal\/#website","url":"https:\/\/aconteceunovale.com.br\/portal\/","name":"Aconteceu no Vale","description":"Portal de Not\u00edcias","potentialAction":[{"@type":"SearchAction","target":{"@type":"EntryPoint","urlTemplate":"https:\/\/aconteceunovale.com.br\/portal\/?s={search_term_string}"},"query-input":{"@type":"PropertyValueSpecification","valueRequired":true,"valueName":"search_term_string"}}],"inLanguage":"pt-BR"},{"@type":"Person","@id":"https:\/\/aconteceunovale.com.br\/portal\/#\/schema\/person\/7d2f26d1483f8a63de73da1ee0754d35","name":"Reda\u00e7\u00e3o Aconteceu no Vale","description":"Equipe de reportagem do Aconteceu no Vale, portal de not\u00edcias do Vale do Jequitinhonha, em Minas Gerais. Cobrimos as 51 cidades do Vale desde 2013. Sugest\u00f5es de pauta e pedidos de corre\u00e7\u00e3o: contato@aconteceunovale.com.br","url":"https:\/\/aconteceunovale.com.br\/portal\/?author=4"}]}},"_links":{"self":[{"href":"https:\/\/aconteceunovale.com.br\/portal\/index.php?rest_route=\/wp\/v2\/posts\/172592","targetHints":{"allow":["GET"]}}],"collection":[{"href":"https:\/\/aconteceunovale.com.br\/portal\/index.php?rest_route=\/wp\/v2\/posts"}],"about":[{"href":"https:\/\/aconteceunovale.com.br\/portal\/index.php?rest_route=\/wp\/v2\/types\/post"}],"author":[{"embeddable":true,"href":"https:\/\/aconteceunovale.com.br\/portal\/index.php?rest_route=\/wp\/v2\/users\/4"}],"replies":[{"embeddable":true,"href":"https:\/\/aconteceunovale.com.br\/portal\/index.php?rest_route=%2Fwp%2Fv2%2Fcomments&post=172592"}],"version-history":[{"count":1,"href":"https:\/\/aconteceunovale.com.br\/portal\/index.php?rest_route=\/wp\/v2\/posts\/172592\/revisions"}],"predecessor-version":[{"id":172594,"href":"https:\/\/aconteceunovale.com.br\/portal\/index.php?rest_route=\/wp\/v2\/posts\/172592\/revisions\/172594"}],"wp:featuredmedia":[{"embeddable":true,"href":"https:\/\/aconteceunovale.com.br\/portal\/index.php?rest_route=\/wp\/v2\/media\/172593"}],"wp:attachment":[{"href":"https:\/\/aconteceunovale.com.br\/portal\/index.php?rest_route=%2Fwp%2Fv2%2Fmedia&parent=172592"}],"wp:term":[{"taxonomy":"category","embeddable":true,"href":"https:\/\/aconteceunovale.com.br\/portal\/index.php?rest_route=%2Fwp%2Fv2%2Fcategories&post=172592"},{"taxonomy":"post_tag","embeddable":true,"href":"https:\/\/aconteceunovale.com.br\/portal\/index.php?rest_route=%2Fwp%2Fv2%2Ftags&post=172592"}],"curies":[{"name":"wp","href":"https:\/\/api.w.org\/{rel}","templated":true}]}}