{"id":172585,"date":"2021-01-20T18:37:27","date_gmt":"2021-01-20T21:37:27","guid":{"rendered":"https:\/\/aconteceunovale.com.br\/portal\/?p=172585"},"modified":"2021-01-20T18:38:03","modified_gmt":"2021-01-20T21:38:03","slug":"comite-mantem-10-regioes-na-onda-vermelha-do-minas-consciente","status":"publish","type":"post","link":"https:\/\/aconteceunovale.com.br\/portal\/?p=172585","title":{"rendered":"Comit\u00ea mant\u00e9m 10 regi\u00f5es na onda vermelha do Minas Consciente"},"content":{"rendered":"\n<p class=\"wp-block-paragraph\">Com um aumento de 19% na taxa de incid\u00eancia do coronav\u00edrus em Minas na \u00faltima semana, o Comit\u00ea Extraordin\u00e1rio Covid-19 definiu, nesta quarta-feira (20\/1),\u00a0pela manuten\u00e7\u00e3o de dez das 14 macrorregi\u00f5es na onda vermelha do\u00a0<a rel=\"noreferrer noopener\" href=\"http:\/\/www.mg.gov.br\/minasconsciente\" target=\"_blank\"><strong>Minas Consciente<\/strong><\/a>. Nessa fase do plano, \u00e9 autorizada a abertura somente dos servi\u00e7os essenciais, como padarias, supermercados, farm\u00e1cias e bancos.<\/p>\n\n\n\n<p class=\"wp-block-paragraph\">As regi\u00f5es&nbsp;Norte,&nbsp;Noroeste e&nbsp;Tri\u00e2ngulo do Norte tamb\u00e9m seguir\u00e3o na onda amarela, quando s\u00e3o autorizados alguns servi\u00e7os considerados n\u00e3o essenciais, como bares (com consumo no local) e sal\u00f5es de beleza. Apenas a macrorregi\u00e3o Tri\u00e2ngulo Sul permanece na onda verde, com a permiss\u00e3o de funcionamento de atividades n\u00e3o essenciais com alto risco de cont\u00e1gio, como cinemas, parques e teatros.<\/p>\n\n\n\n<p class=\"wp-block-paragraph\">As recomenda\u00e7\u00f5es, v\u00e1lidas a partir do pr\u00f3ximo s\u00e1bado (23\/1), visam controlar o avan\u00e7o da doen\u00e7a e fazem parte das orienta\u00e7\u00f5es para a retomada segura e gradual das atividades econ\u00f4micas.<\/p>\n\n\n\n<h2 class=\"wp-block-heading\"><strong>Cautela<\/strong><\/h2>\n\n\n\n<p class=\"wp-block-paragraph\">O vice-governador Paulo Brant alertou para o aumento no n\u00famero de casos e pediu que a popula\u00e7\u00e3o mantenha todas recomenda\u00e7\u00f5es de higiene e distanciamento.&nbsp;<\/p>\n\n\n\n<p class=\"wp-block-paragraph\">&#8220;\u00c9 fundamental que a gente persista nos cuidados, nos protocolos. Houve na \u00faltima semana um aumento do n\u00famero de casos, mas, felizmente, temos uma tend\u00eancia para a estabiliza\u00e7\u00e3o. A expectativa \u00e9 de que na pr\u00f3xima semana tenhamos uma revers\u00e3o desse quadro t\u00e3o negativo, que o processo de vacina\u00e7\u00e3o se amplie e possamos finalmente encontrar o caminho para superar essa pandemia que tanto mau tem causado ao nosso estado e nosso pa\u00eds&#8221;, disse.<\/p>\n\n\n\n<p class=\"wp-block-paragraph\">De acordo com o chefe de gabinete da&nbsp;<a href=\"http:\/\/www.saude.mg.gov.br\/\" target=\"_blank\" rel=\"noreferrer noopener\">Secretaria de Estado de Sa\u00fade<\/a>, Jo\u00e3o Pinho,&nbsp;o Estado tem feito um grande esfor\u00e7o para distribuir a vacina o mais r\u00e1pido poss\u00edvel, mas o n\u00famero de doses dispon\u00edveis ainda \u00e9 limitado e os cuidados devem ser mantidos.<\/p>\n\n\n\n<p class=\"wp-block-paragraph\">\u201cA incid\u00eancia continua alta e nos demanda uma aten\u00e7\u00e3o grande, tanto por parte do estado e dos gestores municipais, quanto por parte da popula\u00e7\u00e3o. Tivemos esta semana o in\u00edcio da vacina\u00e7\u00e3o, conseguimos entregar em todas as regionais. Isso pode dar uma sensa\u00e7\u00e3o de que a briga est\u00e1 vencida, o que n\u00e3o \u00e9 a vis\u00e3o mais apropriada para o momento. A quantidade de vacinas ainda \u00e9 reduzida, ela tem o foco bem espec\u00edfico, ent\u00e3o \u00e9 muito importante que todos os cidad\u00e3os e gestores municipais permane\u00e7am com as medidas de distanciamento e com as fiscaliza\u00e7\u00f5es\u201d, alertou.<\/p>\n\n\n\n<p class=\"wp-block-paragraph\">Jo\u00e3o Pinho tamb\u00e9m destacou que a regi\u00e3o Centro apresentou uma melhora nos indicadores em rela\u00e7\u00e3o \u00e0 semana passada, mas o Comit\u00ea optou pela manuten\u00e7\u00e3o na onda vermelha at\u00e9 que os resultados sejam mais s\u00f3lidos.<\/p>\n\n\n\n<p class=\"wp-block-paragraph\">\u201cA regi\u00e3o Centro requereu uma an\u00e1lise adicional. Observamos uma pequena melhora do grau de risco, mas, dado o momento atual, o Comit\u00ea entendeu prudente manter na onda vermelha e aguardar mais uma semana para ver se, de fato, \u00e9 um vi\u00e9s de melhora ou se foi uma pequena varia\u00e7\u00e3o, para tomarmos a decis\u00e3o mais apropriada\u201d, explicou.<\/p>\n\n\n\n<figure class=\"wp-block-image size-large\"><img loading=\"lazy\" decoding=\"async\" width=\"678\" height=\"422\" src=\"https:\/\/aconteceunovale.com.br\/portal\/wp-content\/uploads\/2021\/01\/minas_consc_20jan_1.png\" alt=\"\" class=\"wp-image-172586\" srcset=\"https:\/\/aconteceunovale.com.br\/portal\/wp-content\/uploads\/2021\/01\/minas_consc_20jan_1.png 678w, https:\/\/aconteceunovale.com.br\/portal\/wp-content\/uploads\/2021\/01\/minas_consc_20jan_1-300x187.png 300w, https:\/\/aconteceunovale.com.br\/portal\/wp-content\/uploads\/2021\/01\/minas_consc_20jan_1-675x420.png 675w\" sizes=\"auto, (max-width: 678px) 100vw, 678px\" \/><\/figure>\n\n\n\n<h2 class=\"wp-block-heading\"><strong>Casos e \u00f3bitos<\/strong><\/h2>\n\n\n\n<p class=\"wp-block-paragraph\">Nos \u00faltimos sete dias, o Estado registrou aumento de 6,5% nos casos confirmados e de 4,4% no n\u00famero de \u00f3bitos. Entre as cidades com menos de 30 mil habitantes, 196 registraram menos de 50 casos por 100 mil habitantes nos \u00faltimos 14 dias e podem avan\u00e7ar de onda independentemente da situa\u00e7\u00e3o das macro ou microrregi\u00f5es nas quais est\u00e3o inseridas.\u00a0<\/p>\n\n\n\n<h2 class=\"wp-block-heading\"><strong>Onda verde<\/strong><\/h2>\n\n\n\n<figure class=\"wp-block-image size-large\"><img loading=\"lazy\" decoding=\"async\" width=\"678\" height=\"422\" src=\"https:\/\/aconteceunovale.com.br\/portal\/wp-content\/uploads\/2021\/01\/minas_consc_20jan_2.png\" alt=\"\" class=\"wp-image-172587\" srcset=\"https:\/\/aconteceunovale.com.br\/portal\/wp-content\/uploads\/2021\/01\/minas_consc_20jan_2.png 678w, https:\/\/aconteceunovale.com.br\/portal\/wp-content\/uploads\/2021\/01\/minas_consc_20jan_2-300x187.png 300w, https:\/\/aconteceunovale.com.br\/portal\/wp-content\/uploads\/2021\/01\/minas_consc_20jan_2-675x420.png 675w\" sizes=\"auto, (max-width: 678px) 100vw, 678px\" \/><\/figure>\n\n\n\n<p class=\"wp-block-paragraph\">A regi\u00e3o&nbsp;<a href=\"http:\/\/www.agenciaminas.mg.gov.br\/ckeditor_assets\/attachments\/8148\/13_-_regional_triangulo_sul.pdf\" target=\"_blank\" rel=\"noreferrer noopener\">Tri\u00e2ngulo do Sul<\/a>&nbsp;permanece na onda verde* do Minas Consciente. Essa fase possibilita a abertura de servi\u00e7os n\u00e3o essenciais com alto risco de cont\u00e1gio. S\u00e3o eles:<\/p>\n\n\n\n<p class=\"wp-block-paragraph\">&#8211; Atividades art\u00edsticas, como produ\u00e7\u00e3o teatral, musical e de dan\u00e7a e circo;<br>&#8211; Cinemas, bibliotecas, museus, arquivos;<br>&#8211; Parques, zool\u00f3gicos e jardins;<br>&#8211; Feiras, congressos, exposi\u00e7\u00f5es, filmagens de festas, casas de festas, buf\u00ea;<br>&#8211; Parques de divers\u00e3o, discotecas, boliches, sinuca;<br>&#8211; Bares com entretenimento (shows e espet\u00e1culos);<br>&#8211; Servi\u00e7os de coloca\u00e7\u00e3o de piercings e tatuagens.<\/p>\n\n\n\n<p class=\"wp-block-paragraph\"><em><strong>*<\/strong>Para avan\u00e7ar para a onda verde, as cidades precisam estar h\u00e1 28 dias consecutivos na onda amarela, sem sofrer retrocessos durante esse per\u00edodo<\/em>.<\/p>\n\n\n\n<h2 class=\"wp-block-heading\"><strong>Onda Amarela<\/strong><\/h2>\n\n\n\n<figure class=\"wp-block-image size-large\"><img loading=\"lazy\" decoding=\"async\" width=\"678\" height=\"422\" src=\"https:\/\/aconteceunovale.com.br\/portal\/wp-content\/uploads\/2021\/01\/minas_consc_20jan_3.png\" alt=\"\" class=\"wp-image-172588\" srcset=\"https:\/\/aconteceunovale.com.br\/portal\/wp-content\/uploads\/2021\/01\/minas_consc_20jan_3.png 678w, https:\/\/aconteceunovale.com.br\/portal\/wp-content\/uploads\/2021\/01\/minas_consc_20jan_3-300x187.png 300w, https:\/\/aconteceunovale.com.br\/portal\/wp-content\/uploads\/2021\/01\/minas_consc_20jan_3-675x420.png 675w\" sizes=\"auto, (max-width: 678px) 100vw, 678px\" \/><\/figure>\n\n\n\n<p class=\"wp-block-paragraph\">As regi\u00f5es&nbsp;<a href=\"http:\/\/www.agenciaminas.mg.gov.br\/ckeditor_assets\/attachments\/8143\/08_-_regional_norte.pdf\" target=\"_blank\" rel=\"noreferrer noopener\">Norte<\/a>,&nbsp;<a href=\"http:\/\/www.agenciaminas.mg.gov.br\/ckeditor_assets\/attachments\/9538\/07_-_regional_noroeste.pdf\" target=\"_blank\" rel=\"noreferrer noopener\">Noroeste<\/a>,&nbsp;e&nbsp;<a href=\"http:\/\/www.agenciaminas.mg.gov.br\/ckeditor_assets\/attachments\/8147\/12_-_regional_triangulo_norte.pdf\" target=\"_blank\" rel=\"noreferrer noopener\">Tri\u00e2ngulo do Norte<\/a>&nbsp;est\u00e3o na onda amarela, fase na qual \u00e9 permitida a abertura de servi\u00e7os n\u00e3o essenciais, como:<\/p>\n\n\n\n<p class=\"wp-block-paragraph\">&#8211; Bares (consumo no local);<br>&#8211; Autoescolas e cursos de pilotagem;<br>&#8211; Sal\u00f5es de beleza e atividades de est\u00e9tica;<br>&#8211; Com\u00e9rcio de eletrodom\u00e9sticos e equipamentos de \u00e1udio e v\u00eddeo;<br>&#8211; Papelarias, lojas de livros, discos e revistas;<br>&#8211; Lojas de roupas, bijuterias, joias, cal\u00e7ados, e artigos de viagem;<br>&#8211; Com\u00e9rcio de itens de cama, mesa e banho;<br>&#8211; Lojas de m\u00f3veis e lustres;<br>&#8211; Imobili\u00e1rias;<br>&#8211; Lojas de departamento e duty free;<br>&#8211; Lojas de brinquedos;<br>&#8211; Academias (com restri\u00e7\u00f5es);<br>&#8211; Ag\u00eancias de viagem;<br>&#8211; Clubes.<\/p>\n\n\n\n<h2 class=\"wp-block-heading\"><strong>Onda Vermelha<\/strong><\/h2>\n\n\n\n<figure class=\"wp-block-image size-large\"><img loading=\"lazy\" decoding=\"async\" width=\"678\" height=\"422\" src=\"https:\/\/aconteceunovale.com.br\/portal\/wp-content\/uploads\/2021\/01\/minas_consc_20jan_4.png\" alt=\"\" class=\"wp-image-172589\" srcset=\"https:\/\/aconteceunovale.com.br\/portal\/wp-content\/uploads\/2021\/01\/minas_consc_20jan_4.png 678w, https:\/\/aconteceunovale.com.br\/portal\/wp-content\/uploads\/2021\/01\/minas_consc_20jan_4-300x187.png 300w, https:\/\/aconteceunovale.com.br\/portal\/wp-content\/uploads\/2021\/01\/minas_consc_20jan_4-675x420.png 675w\" sizes=\"auto, (max-width: 678px) 100vw, 678px\" \/><\/figure>\n\n\n\n<p class=\"wp-block-paragraph\">As regi\u00f5es&nbsp;&nbsp;<a href=\"http:\/\/www.agenciaminas.mg.gov.br\/ckeditor_assets\/attachments\/8144\/09_-_regional_oeste.pdf\" target=\"_blank\" rel=\"noreferrer noopener\">Oeste<\/a>,&nbsp;<a href=\"http:\/\/www.agenciaminas.mg.gov.br\/ckeditor_assets\/attachments\/8231\/01_-_regional_centro_vr.pdf\" target=\"_blank\" rel=\"noreferrer noopener\">Centro<\/a>,&nbsp;<a href=\"http:\/\/www.agenciaminas.mg.gov.br\/ckeditor_assets\/attachments\/8138\/03_-_regional_jequitinhonha.pdf\" target=\"_blank\" rel=\"noreferrer noopener\">Jequitinhonha<\/a>,&nbsp;<a href=\"http:\/\/www.agenciaminas.mg.gov.br\/ckeditor_assets\/attachments\/8139\/04_-_regional_leste.pdf\" target=\"_blank\" rel=\"noreferrer noopener\">Leste<\/a>,&nbsp;<a href=\"http:\/\/www.agenciaminas.mg.gov.br\/ckeditor_assets\/attachments\/8145\/10_-_regional_sudeste.pdf\" target=\"_blank\" rel=\"noreferrer noopener\">\u200b<\/a><a href=\"http:\/\/www.agenciaminas.mg.gov.br\/ckeditor_assets\/attachments\/8140\/05_-_regional_leste_do_sul.pdf\" target=\"_blank\" rel=\"noreferrer noopener\">Leste do Sul<\/a>,&nbsp;<a href=\"http:\/\/www.agenciaminas.mg.gov.br\/ckeditor_assets\/attachments\/9540\/06_-_regional_nordeste.pdf\" target=\"_blank\" rel=\"noreferrer noopener\">Nordeste<\/a>,&nbsp;<a href=\"http:\/\/www.agenciaminas.mg.gov.br\/ckeditor_assets\/attachments\/8149\/14_-_regional_vale_do_aco.pdf\" target=\"_blank\" rel=\"noreferrer noopener\">Vale do A\u00e7o<\/a>,&nbsp;<a href=\"http:\/\/www.agenciaminas.mg.gov.br\/ckeditor_assets\/attachments\/8145\/10_-_regional_sudeste.pdf\" target=\"_blank\" rel=\"noreferrer noopener\">Sudeste<\/a>,&nbsp;<a href=\"http:\/\/www.agenciaminas.mg.gov.br\/ckeditor_assets\/attachments\/8137\/02_-_regional_centro_sul.pdf\" target=\"_blank\" rel=\"noreferrer noopener\">Centro-Sul<\/a>&nbsp;e&nbsp;<a href=\"http:\/\/www.agenciaminas.mg.gov.br\/ckeditor_assets\/attachments\/8146\/11_-_regional_sul.pdf\" target=\"_blank\" rel=\"noreferrer noopener\">Sul<\/a>&nbsp;est\u00e3o na onda vermelha, a mais restritiva do Minas Consciente, em que somente os servi\u00e7os considerados essenciais s\u00e3o permitidos, como:<\/p>\n\n\n\n<p class=\"wp-block-paragraph\">&#8211; Supermercados, padarias, lanchonetes, lojas de conveni\u00eancia;<br>&#8211; Restaurantes e bares (somente para delivery ou retirada no balc\u00e3o);<br>&#8211; A\u00e7ougues, peixarias, hortifrutigranjeiros;<br>&#8211; Servi\u00e7os de ambulantes de alimenta\u00e7\u00e3o;<br>&#8211; Farm\u00e1cias, drogarias, lojas de cosm\u00e9ticos, lavanderias, pet shop;<br>&#8211; Bancos, casas lot\u00e9ricas, cooperativas de cr\u00e9dito;<br>&#8211; Vigil\u00e2ncia e seguran\u00e7a privada;<br>&#8211; Servi\u00e7os de reparo e manuten\u00e7\u00e3o;<br>&#8211; Lojas de inform\u00e1tica e aparelhos de comunica\u00e7\u00e3o;<br>&#8211; Hot\u00e9is, mot\u00e9is, campings, alojamentos e pens\u00f5es;<br>&#8211; Constru\u00e7\u00e3o civil e obras de infraestrutura;<br>&#8211; Com\u00e9rcio de ve\u00edculos, pe\u00e7as e acess\u00f3rios automotores;<br>&#8211;\u00a0Al\u00e9m de qualquer atividade que possa ser feita a dist\u00e2ncia, por delivery ou sem a entrada dos consumidores nos estabelecimentos.<\/p>\n\n\n\n<p class=\"has-white-color has-black-background-color has-text-color has-background wp-block-paragraph\">Quer saber as not\u00edcias do <strong>Aconteceu no Vale<\/strong> em primeira m\u00e3o? Siga-nos no Facebook <a rel=\"noreferrer noopener\" href=\"http:\/\/facebook.com\/aconteceunovale\" target=\"_blank\">@aconteceunovale<\/a>, Twitter <a rel=\"noreferrer noopener\" href=\"https:\/\/twitter.com\/noticiadosvales\" target=\"_blank\">@noticiadosvales<\/a> e Instagram <a rel=\"noreferrer noopener\" href=\"https:\/\/www.instagram.com\/aconteceunovale\" target=\"_blank\">@aconteceunovale<\/a>.<\/p>\n","protected":false},"excerpt":{"rendered":"<p>Com um aumento de 19% na taxa de incid\u00eancia do coronav\u00edrus em Minas na \u00faltima semana, o Comit\u00ea Extraordin\u00e1rio Covid-19 definiu, nesta quarta-feira (20\/1),\u00a0pela manuten\u00e7\u00e3o de dez das 14 macrorregi\u00f5es na onda vermelha do\u00a0Minas Consciente. Nessa fase do plano, \u00e9 autorizada a abertura somente dos servi\u00e7os essenciais, como padarias, supermercados, farm\u00e1cias e bancos. As regi\u00f5es&nbsp;Norte,&nbsp;Noroeste [&hellip;]<\/p>\n","protected":false},"author":4,"featured_media":172590,"comment_status":"open","ping_status":"closed","sticky":false,"template":"","format":"standard","meta":{"amp_status":"","footnotes":""},"categories":[123,40242],"tags":[226899,227899,227901,752,226639,217799,219851,219853,225459,214884,216498,221718,1018,234208,226771,226773,225458,226298,233652,228272,232016,226455,219855,226300,226452,226453,226451,226299,226772,215653,226301,226535,221717,219854,219852,217692,222637,227897,230864,227898,227900,221719,226454,220285,220287,220286],"class_list":["post-172585","post","type-post","status-publish","format-standard","has-post-thumbnail","hentry","category-gerais","category-saude-2","tag-362-cidades-de-pequeno-porte-passarao-automaticamente-para-a-onda-amarela-do-minas-consciente","tag-abertura-das-academias-de-ginastica","tag-abertura-das-agencias-de-turismo","tag-almg","tag-atividades-economicas-terao-protocolo-unico-na-nova-fase-do-plano-minas-consciente","tag-casos-de-coronavirus-em-minas-gerais","tag-casos-de-covid-19-em-minas-gerais","tag-cidades-com-casos-de-coronavirus-em-minas-gerais","tag-consulta-publica-minas-consciente","tag-coronavirus","tag-covid-19","tag-curados-do-coronavirus-em-minas-gerais","tag-destaque","tag-dez-regioes-estao-na-fase-mais-restritiva-do-programa-minas-consciente","tag-entenda-a-divisao-por-ondas-nas-novas-regras-do-plano-minas-consciente","tag-entenda-as-ondas-do-minas-consciente","tag-governo-lanca-consulta-publica-sobre-o-plano-minas-consciente","tag-governo-lanca-novas-regras-para-o-plano-minas-consciente","tag-mais-duas-regioes-regridem-para-a-onda-vermelha-do-minas-consciente","tag-mais-quatro-regioes-poderao-avancar-para-a-onda-amarela-do-plano-minas-consciente","tag-metade-do-estado-regride-para-fases-mais-restritivas-do-plano-minas-consciente","tag-microrregioes-minas-consciente","tag-mortes-por-coronavirus-em-minas-gerais","tag-mudancas-no-minas-consciente","tag-municipios-pequenos","tag-municipios-pequenos-minas-consciente","tag-municipios-receberao-tratamento-individualizado-na-nova-fase-do-minas-consciente","tag-novas-regras-do-minas-consciente","tag-novas-regras-do-plano-minas-consciente","tag-novo-coronavirus","tag-novo-minas-consciente","tag-novos-indicadores-do-plano-minas-consciente-vao-simplificar-tomada-de-decisao-de-prefeitos","tag-numero-de-curados-do-coronavirus-em-minas-gerais","tag-numeros-do-coronavirus-em-minas-gerais","tag-obitos-por-coronavirus-em-minas-gerias","tag-pandemia-de-coronavirus","tag-plano-minas-consciente","tag-plano-minas-consciente-tera-protocolo-para-academias-de-ginastica-e-agencias-de-turismo-na-onda-amarela","tag-quatro-macrorregioes-regridem-para-fases-mais-restritivas-do-plano-minas-consciente","tag-reabertura-das-academias-de-ginastica","tag-reabertura-das-agencia-de-turismo","tag-recuperados-do-coronavirus-em-minas-gerais","tag-regioes-minas-consciente","tag-secretaria-de-saude-atualiza-numeros-do-coronavirus-em-minas-gerais","tag-secretaria-de-saude-de-minas-gerais-atualiza-numeros-do-coronavirus","tag-ses-mg-atualiza-numeros-do-coronavirus"],"yoast_head":"<!-- This site is optimized with the Yoast SEO plugin v28.3 - https:\/\/yoast.com\/product\/yoast-seo-wordpress\/ -->\n<title>Comit\u00ea mant\u00e9m 10 regi\u00f5es na onda vermelha do Minas Consciente - Aconteceu no Vale<\/title>\n<meta name=\"robots\" content=\"index, follow, max-snippet:-1, max-image-preview:large, max-video-preview:-1\" \/>\n<link rel=\"canonical\" href=\"https:\/\/aconteceunovale.com.br\/portal\/?p=172585\" \/>\n<meta property=\"og:locale\" content=\"pt_BR\" \/>\n<meta property=\"og:type\" content=\"article\" \/>\n<meta property=\"og:title\" content=\"Comit\u00ea mant\u00e9m 10 regi\u00f5es na onda vermelha do Minas Consciente - Aconteceu no Vale\" \/>\n<meta property=\"og:description\" content=\"Com um aumento de 19% na taxa de incid\u00eancia do coronav\u00edrus em Minas na \u00faltima semana, o Comit\u00ea Extraordin\u00e1rio Covid-19 definiu, nesta quarta-feira (20\/1),\u00a0pela manuten\u00e7\u00e3o de dez das 14 macrorregi\u00f5es na onda vermelha do\u00a0Minas Consciente. Nessa fase do plano, \u00e9 autorizada a abertura somente dos servi\u00e7os essenciais, como padarias, supermercados, farm\u00e1cias e bancos. As regi\u00f5es&nbsp;Norte,&nbsp;Noroeste [&hellip;]\" \/>\n<meta property=\"og:url\" content=\"https:\/\/aconteceunovale.com.br\/portal\/?p=172585\" \/>\n<meta property=\"og:site_name\" content=\"Aconteceu no Vale\" \/>\n<meta property=\"article:publisher\" content=\"https:\/\/www.facebook.com\/aconteceunovale\/\" \/>\n<meta property=\"article:published_time\" content=\"2021-01-20T21:37:27+00:00\" \/>\n<meta property=\"article:modified_time\" content=\"2021-01-20T21:38:03+00:00\" \/>\n<meta property=\"og:image\" content=\"https:\/\/aconteceunovale.com.br\/portal\/wp-content\/uploads\/2021\/01\/minas_consc_20jan_5.png\" \/>\n\t<meta property=\"og:image:width\" content=\"678\" \/>\n\t<meta property=\"og:image:height\" content=\"441\" \/>\n\t<meta property=\"og:image:type\" content=\"image\/png\" \/>\n<meta name=\"author\" content=\"Reda\u00e7\u00e3o Aconteceu no Vale\" \/>\n<meta name=\"twitter:card\" content=\"summary_large_image\" \/>\n<meta name=\"twitter:creator\" content=\"@noticiadosvales\" \/>\n<meta name=\"twitter:site\" content=\"@noticiadosvales\" \/>\n<meta name=\"twitter:label1\" content=\"Escrito por\" \/>\n\t<meta name=\"twitter:data1\" content=\"Reda\u00e7\u00e3o Aconteceu no Vale\" \/>\n\t<meta name=\"twitter:label2\" content=\"Est. tempo de leitura\" \/>\n\t<meta name=\"twitter:data2\" content=\"5 minutos\" \/>\n<script type=\"application\/ld+json\" class=\"yoast-schema-graph\">{\"@context\":\"https:\\\/\\\/schema.org\",\"@graph\":[{\"@type\":\"Article\",\"@id\":\"https:\\\/\\\/aconteceunovale.com.br\\\/portal\\\/?p=172585#article\",\"isPartOf\":{\"@id\":\"https:\\\/\\\/aconteceunovale.com.br\\\/portal\\\/?p=172585\"},\"author\":{\"name\":\"Reda\u00e7\u00e3o Aconteceu no Vale\",\"@id\":\"https:\\\/\\\/aconteceunovale.com.br\\\/portal\\\/#\\\/schema\\\/person\\\/7d2f26d1483f8a63de73da1ee0754d35\"},\"headline\":\"Comit\u00ea mant\u00e9m 10 regi\u00f5es na onda vermelha do Minas Consciente\",\"datePublished\":\"2021-01-20T21:37:27+00:00\",\"dateModified\":\"2021-01-20T21:38:03+00:00\",\"mainEntityOfPage\":{\"@id\":\"https:\\\/\\\/aconteceunovale.com.br\\\/portal\\\/?p=172585\"},\"wordCount\":1071,\"commentCount\":0,\"image\":{\"@id\":\"https:\\\/\\\/aconteceunovale.com.br\\\/portal\\\/?p=172585#primaryimage\"},\"thumbnailUrl\":\"https:\\\/\\\/aconteceunovale.com.br\\\/portal\\\/wp-content\\\/uploads\\\/2021\\\/01\\\/minas_consc_20jan_5.png\",\"keywords\":[\"362 cidades de pequeno porte passar\u00e3o automaticamente para a onda amarela do Minas Consciente\",\"Abertura das academias de gin\u00e1stica\",\"Abertura das ag\u00eancias de turismo\",\"ALMG\",\"Atividades econ\u00f4micas ter\u00e3o protocolo \u00fanico na nova fase do plano Minas Consciente\",\"Casos de coronav\u00edrus em Minas Gerais\",\"Casos de covid-19 em Minas Gerais\",\"Cidades com casos de coronav\u00edrus em Minas Gerais\",\"Consulta p\u00fablica Minas Consciente\",\"Coronav\u00edrus\",\"COVID-19\",\"Curados do coronav\u00edrus em Minas Gerais\",\"destaque\",\"Dez regi\u00f5es est\u00e3o na fase mais restritiva do programa Minas Consciente\",\"Entenda a divis\u00e3o por ondas nas novas regras do plano Minas Consciente\",\"Entenda as ondas do Minas Consciente\",\"Governo lan\u00e7a consulta p\u00fablica sobre o plano Minas Consciente\",\"Governo lan\u00e7a novas regras para o plano Minas Consciente\",\"Mais duas regi\u00f5es regridem para a onda vermelha do Minas Consciente\",\"Mais quatro regi\u00f5es poder\u00e3o avan\u00e7ar para a Onda Amarela do plano Minas Consciente\",\"Metade do Estado regride para fases mais restritivas do plano Minas Consciente\",\"Microrregi\u00f5es Minas Consciente\",\"Mortes por coronav\u00edrus em Minas Gerais\",\"Mudan\u00e7as no Minas Consciente\",\"Munic\u00edpios pequenos\",\"Munic\u00edpios pequenos Minas Consciente\",\"Munic\u00edpios receber\u00e3o tratamento individualizado na nova fase do Minas Consciente\",\"Novas regras do Minas Consciente\",\"Novas regras do plano Minas Consciente\",\"Novo coronav\u00edrus\",\"Novo Minas Consciente\",\"Novos indicadores do plano Minas Consciente v\u00e3o simplificar tomada de decis\u00e3o de prefeitos\",\"N\u00famero de curados do coronav\u00edrus em Minas Gerais\",\"N\u00fameros do coronav\u00edrus em Minas Gerais\",\"\u00d3bitos por coronav\u00edrus em Minas Gerias\",\"Pandemia de coronav\u00edrus\",\"Plano Minas Consciente\",\"Plano Minas Consciente ter\u00e1 protocolo para academias de gin\u00e1stica e ag\u00eancias de turismo na Onda Amarela\",\"Quatro macrorregi\u00f5es regridem para fases mais restritivas do plano Minas Consciente\",\"Reabertura das academias de gin\u00e1stica\",\"Reabertura das ag\u00eancia de turismo\",\"Recuperados do coronav\u00edrus em Minas Gerais\",\"Regi\u00f5es Minas Consciente\",\"Secretaria de Sa\u00fade atualiza n\u00fameros do coronav\u00edrus em Minas Gerais\",\"Secretaria de Sa\u00fade de Minas Gerais atualiza n\u00fameros do coronav\u00edrus\",\"SES-MG atualiza n\u00fameros do coronav\u00edrus\"],\"articleSection\":[\"Minas Gerais\",\"Sa\u00fade\"],\"inLanguage\":\"pt-BR\",\"potentialAction\":[{\"@type\":\"CommentAction\",\"name\":\"Comment\",\"target\":[\"https:\\\/\\\/aconteceunovale.com.br\\\/portal\\\/?p=172585#respond\"]}]},{\"@type\":\"WebPage\",\"@id\":\"https:\\\/\\\/aconteceunovale.com.br\\\/portal\\\/?p=172585\",\"url\":\"https:\\\/\\\/aconteceunovale.com.br\\\/portal\\\/?p=172585\",\"name\":\"Comit\u00ea mant\u00e9m 10 regi\u00f5es na onda vermelha do Minas Consciente - Aconteceu no Vale\",\"isPartOf\":{\"@id\":\"https:\\\/\\\/aconteceunovale.com.br\\\/portal\\\/#website\"},\"primaryImageOfPage\":{\"@id\":\"https:\\\/\\\/aconteceunovale.com.br\\\/portal\\\/?p=172585#primaryimage\"},\"image\":{\"@id\":\"https:\\\/\\\/aconteceunovale.com.br\\\/portal\\\/?p=172585#primaryimage\"},\"thumbnailUrl\":\"https:\\\/\\\/aconteceunovale.com.br\\\/portal\\\/wp-content\\\/uploads\\\/2021\\\/01\\\/minas_consc_20jan_5.png\",\"datePublished\":\"2021-01-20T21:37:27+00:00\",\"dateModified\":\"2021-01-20T21:38:03+00:00\",\"author\":{\"@id\":\"https:\\\/\\\/aconteceunovale.com.br\\\/portal\\\/#\\\/schema\\\/person\\\/7d2f26d1483f8a63de73da1ee0754d35\"},\"breadcrumb\":{\"@id\":\"https:\\\/\\\/aconteceunovale.com.br\\\/portal\\\/?p=172585#breadcrumb\"},\"inLanguage\":\"pt-BR\",\"potentialAction\":[{\"@type\":\"ReadAction\",\"target\":[\"https:\\\/\\\/aconteceunovale.com.br\\\/portal\\\/?p=172585\"]}]},{\"@type\":\"ImageObject\",\"inLanguage\":\"pt-BR\",\"@id\":\"https:\\\/\\\/aconteceunovale.com.br\\\/portal\\\/?p=172585#primaryimage\",\"url\":\"https:\\\/\\\/aconteceunovale.com.br\\\/portal\\\/wp-content\\\/uploads\\\/2021\\\/01\\\/minas_consc_20jan_5.png\",\"contentUrl\":\"https:\\\/\\\/aconteceunovale.com.br\\\/portal\\\/wp-content\\\/uploads\\\/2021\\\/01\\\/minas_consc_20jan_5.png\",\"width\":678,\"height\":441},{\"@type\":\"BreadcrumbList\",\"@id\":\"https:\\\/\\\/aconteceunovale.com.br\\\/portal\\\/?p=172585#breadcrumb\",\"itemListElement\":[{\"@type\":\"ListItem\",\"position\":1,\"name\":\"In\u00edcio\",\"item\":\"https:\\\/\\\/aconteceunovale.com.br\\\/portal\\\/\"},{\"@type\":\"ListItem\",\"position\":2,\"name\":\"Comit\u00ea mant\u00e9m 10 regi\u00f5es na onda vermelha do Minas Consciente\"}]},{\"@type\":\"WebSite\",\"@id\":\"https:\\\/\\\/aconteceunovale.com.br\\\/portal\\\/#website\",\"url\":\"https:\\\/\\\/aconteceunovale.com.br\\\/portal\\\/\",\"name\":\"Aconteceu no Vale\",\"description\":\"Portal de Not\u00edcias\",\"potentialAction\":[{\"@type\":\"SearchAction\",\"target\":{\"@type\":\"EntryPoint\",\"urlTemplate\":\"https:\\\/\\\/aconteceunovale.com.br\\\/portal\\\/?s={search_term_string}\"},\"query-input\":{\"@type\":\"PropertyValueSpecification\",\"valueRequired\":true,\"valueName\":\"search_term_string\"}}],\"inLanguage\":\"pt-BR\"},{\"@type\":\"Person\",\"@id\":\"https:\\\/\\\/aconteceunovale.com.br\\\/portal\\\/#\\\/schema\\\/person\\\/7d2f26d1483f8a63de73da1ee0754d35\",\"name\":\"Reda\u00e7\u00e3o Aconteceu no Vale\",\"description\":\"Equipe de reportagem do Aconteceu no Vale, portal de not\u00edcias do Vale do Jequitinhonha, em Minas Gerais. Cobrimos as 51 cidades do Vale desde 2013. Sugest\u00f5es de pauta e pedidos de corre\u00e7\u00e3o: contato@aconteceunovale.com.br\",\"url\":\"https:\\\/\\\/aconteceunovale.com.br\\\/portal\\\/?author=4\"}]}<\/script>\n<!-- \/ Yoast SEO plugin. -->","yoast_head_json":{"title":"Comit\u00ea mant\u00e9m 10 regi\u00f5es na onda vermelha do Minas Consciente - Aconteceu no Vale","robots":{"index":"index","follow":"follow","max-snippet":"max-snippet:-1","max-image-preview":"max-image-preview:large","max-video-preview":"max-video-preview:-1"},"canonical":"https:\/\/aconteceunovale.com.br\/portal\/?p=172585","og_locale":"pt_BR","og_type":"article","og_title":"Comit\u00ea mant\u00e9m 10 regi\u00f5es na onda vermelha do Minas Consciente - Aconteceu no Vale","og_description":"Com um aumento de 19% na taxa de incid\u00eancia do coronav\u00edrus em Minas na \u00faltima semana, o Comit\u00ea Extraordin\u00e1rio Covid-19 definiu, nesta quarta-feira (20\/1),\u00a0pela manuten\u00e7\u00e3o de dez das 14 macrorregi\u00f5es na onda vermelha do\u00a0Minas Consciente. Nessa fase do plano, \u00e9 autorizada a abertura somente dos servi\u00e7os essenciais, como padarias, supermercados, farm\u00e1cias e bancos. As regi\u00f5es&nbsp;Norte,&nbsp;Noroeste [&hellip;]","og_url":"https:\/\/aconteceunovale.com.br\/portal\/?p=172585","og_site_name":"Aconteceu no Vale","article_publisher":"https:\/\/www.facebook.com\/aconteceunovale\/","article_published_time":"2021-01-20T21:37:27+00:00","article_modified_time":"2021-01-20T21:38:03+00:00","og_image":[{"width":678,"height":441,"url":"https:\/\/aconteceunovale.com.br\/portal\/wp-content\/uploads\/2021\/01\/minas_consc_20jan_5.png","type":"image\/png"}],"author":"Reda\u00e7\u00e3o Aconteceu no Vale","twitter_card":"summary_large_image","twitter_creator":"@noticiadosvales","twitter_site":"@noticiadosvales","twitter_misc":{"Escrito por":"Reda\u00e7\u00e3o Aconteceu no Vale","Est. tempo de leitura":"5 minutos"},"schema":{"@context":"https:\/\/schema.org","@graph":[{"@type":"Article","@id":"https:\/\/aconteceunovale.com.br\/portal\/?p=172585#article","isPartOf":{"@id":"https:\/\/aconteceunovale.com.br\/portal\/?p=172585"},"author":{"name":"Reda\u00e7\u00e3o Aconteceu no Vale","@id":"https:\/\/aconteceunovale.com.br\/portal\/#\/schema\/person\/7d2f26d1483f8a63de73da1ee0754d35"},"headline":"Comit\u00ea mant\u00e9m 10 regi\u00f5es na onda vermelha do Minas Consciente","datePublished":"2021-01-20T21:37:27+00:00","dateModified":"2021-01-20T21:38:03+00:00","mainEntityOfPage":{"@id":"https:\/\/aconteceunovale.com.br\/portal\/?p=172585"},"wordCount":1071,"commentCount":0,"image":{"@id":"https:\/\/aconteceunovale.com.br\/portal\/?p=172585#primaryimage"},"thumbnailUrl":"https:\/\/aconteceunovale.com.br\/portal\/wp-content\/uploads\/2021\/01\/minas_consc_20jan_5.png","keywords":["362 cidades de pequeno porte passar\u00e3o automaticamente para a onda amarela do Minas Consciente","Abertura das academias de gin\u00e1stica","Abertura das ag\u00eancias de turismo","ALMG","Atividades econ\u00f4micas ter\u00e3o protocolo \u00fanico na nova fase do plano Minas Consciente","Casos de coronav\u00edrus em Minas Gerais","Casos de covid-19 em Minas Gerais","Cidades com casos de coronav\u00edrus em Minas Gerais","Consulta p\u00fablica Minas Consciente","Coronav\u00edrus","COVID-19","Curados do coronav\u00edrus em Minas Gerais","destaque","Dez regi\u00f5es est\u00e3o na fase mais restritiva do programa Minas Consciente","Entenda a divis\u00e3o por ondas nas novas regras do plano Minas Consciente","Entenda as ondas do Minas Consciente","Governo lan\u00e7a consulta p\u00fablica sobre o plano Minas Consciente","Governo lan\u00e7a novas regras para o plano Minas Consciente","Mais duas regi\u00f5es regridem para a onda vermelha do Minas Consciente","Mais quatro regi\u00f5es poder\u00e3o avan\u00e7ar para a Onda Amarela do plano Minas Consciente","Metade do Estado regride para fases mais restritivas do plano Minas Consciente","Microrregi\u00f5es Minas Consciente","Mortes por coronav\u00edrus em Minas Gerais","Mudan\u00e7as no Minas Consciente","Munic\u00edpios pequenos","Munic\u00edpios pequenos Minas Consciente","Munic\u00edpios receber\u00e3o tratamento individualizado na nova fase do Minas Consciente","Novas regras do Minas Consciente","Novas regras do plano Minas Consciente","Novo coronav\u00edrus","Novo Minas Consciente","Novos indicadores do plano Minas Consciente v\u00e3o simplificar tomada de decis\u00e3o de prefeitos","N\u00famero de curados do coronav\u00edrus em Minas Gerais","N\u00fameros do coronav\u00edrus em Minas Gerais","\u00d3bitos por coronav\u00edrus em Minas Gerias","Pandemia de coronav\u00edrus","Plano Minas Consciente","Plano Minas Consciente ter\u00e1 protocolo para academias de gin\u00e1stica e ag\u00eancias de turismo na Onda Amarela","Quatro macrorregi\u00f5es regridem para fases mais restritivas do plano Minas Consciente","Reabertura das academias de gin\u00e1stica","Reabertura das ag\u00eancia de turismo","Recuperados do coronav\u00edrus em Minas Gerais","Regi\u00f5es Minas Consciente","Secretaria de Sa\u00fade atualiza n\u00fameros do coronav\u00edrus em Minas Gerais","Secretaria de Sa\u00fade de Minas Gerais atualiza n\u00fameros do coronav\u00edrus","SES-MG atualiza n\u00fameros do coronav\u00edrus"],"articleSection":["Minas Gerais","Sa\u00fade"],"inLanguage":"pt-BR","potentialAction":[{"@type":"CommentAction","name":"Comment","target":["https:\/\/aconteceunovale.com.br\/portal\/?p=172585#respond"]}]},{"@type":"WebPage","@id":"https:\/\/aconteceunovale.com.br\/portal\/?p=172585","url":"https:\/\/aconteceunovale.com.br\/portal\/?p=172585","name":"Comit\u00ea mant\u00e9m 10 regi\u00f5es na onda vermelha do Minas Consciente - Aconteceu no Vale","isPartOf":{"@id":"https:\/\/aconteceunovale.com.br\/portal\/#website"},"primaryImageOfPage":{"@id":"https:\/\/aconteceunovale.com.br\/portal\/?p=172585#primaryimage"},"image":{"@id":"https:\/\/aconteceunovale.com.br\/portal\/?p=172585#primaryimage"},"thumbnailUrl":"https:\/\/aconteceunovale.com.br\/portal\/wp-content\/uploads\/2021\/01\/minas_consc_20jan_5.png","datePublished":"2021-01-20T21:37:27+00:00","dateModified":"2021-01-20T21:38:03+00:00","author":{"@id":"https:\/\/aconteceunovale.com.br\/portal\/#\/schema\/person\/7d2f26d1483f8a63de73da1ee0754d35"},"breadcrumb":{"@id":"https:\/\/aconteceunovale.com.br\/portal\/?p=172585#breadcrumb"},"inLanguage":"pt-BR","potentialAction":[{"@type":"ReadAction","target":["https:\/\/aconteceunovale.com.br\/portal\/?p=172585"]}]},{"@type":"ImageObject","inLanguage":"pt-BR","@id":"https:\/\/aconteceunovale.com.br\/portal\/?p=172585#primaryimage","url":"https:\/\/aconteceunovale.com.br\/portal\/wp-content\/uploads\/2021\/01\/minas_consc_20jan_5.png","contentUrl":"https:\/\/aconteceunovale.com.br\/portal\/wp-content\/uploads\/2021\/01\/minas_consc_20jan_5.png","width":678,"height":441},{"@type":"BreadcrumbList","@id":"https:\/\/aconteceunovale.com.br\/portal\/?p=172585#breadcrumb","itemListElement":[{"@type":"ListItem","position":1,"name":"In\u00edcio","item":"https:\/\/aconteceunovale.com.br\/portal\/"},{"@type":"ListItem","position":2,"name":"Comit\u00ea mant\u00e9m 10 regi\u00f5es na onda vermelha do Minas Consciente"}]},{"@type":"WebSite","@id":"https:\/\/aconteceunovale.com.br\/portal\/#website","url":"https:\/\/aconteceunovale.com.br\/portal\/","name":"Aconteceu no Vale","description":"Portal de Not\u00edcias","potentialAction":[{"@type":"SearchAction","target":{"@type":"EntryPoint","urlTemplate":"https:\/\/aconteceunovale.com.br\/portal\/?s={search_term_string}"},"query-input":{"@type":"PropertyValueSpecification","valueRequired":true,"valueName":"search_term_string"}}],"inLanguage":"pt-BR"},{"@type":"Person","@id":"https:\/\/aconteceunovale.com.br\/portal\/#\/schema\/person\/7d2f26d1483f8a63de73da1ee0754d35","name":"Reda\u00e7\u00e3o Aconteceu no Vale","description":"Equipe de reportagem do Aconteceu no Vale, portal de not\u00edcias do Vale do Jequitinhonha, em Minas Gerais. Cobrimos as 51 cidades do Vale desde 2013. Sugest\u00f5es de pauta e pedidos de corre\u00e7\u00e3o: contato@aconteceunovale.com.br","url":"https:\/\/aconteceunovale.com.br\/portal\/?author=4"}]}},"_links":{"self":[{"href":"https:\/\/aconteceunovale.com.br\/portal\/index.php?rest_route=\/wp\/v2\/posts\/172585","targetHints":{"allow":["GET"]}}],"collection":[{"href":"https:\/\/aconteceunovale.com.br\/portal\/index.php?rest_route=\/wp\/v2\/posts"}],"about":[{"href":"https:\/\/aconteceunovale.com.br\/portal\/index.php?rest_route=\/wp\/v2\/types\/post"}],"author":[{"embeddable":true,"href":"https:\/\/aconteceunovale.com.br\/portal\/index.php?rest_route=\/wp\/v2\/users\/4"}],"replies":[{"embeddable":true,"href":"https:\/\/aconteceunovale.com.br\/portal\/index.php?rest_route=%2Fwp%2Fv2%2Fcomments&post=172585"}],"version-history":[{"count":1,"href":"https:\/\/aconteceunovale.com.br\/portal\/index.php?rest_route=\/wp\/v2\/posts\/172585\/revisions"}],"predecessor-version":[{"id":172591,"href":"https:\/\/aconteceunovale.com.br\/portal\/index.php?rest_route=\/wp\/v2\/posts\/172585\/revisions\/172591"}],"wp:featuredmedia":[{"embeddable":true,"href":"https:\/\/aconteceunovale.com.br\/portal\/index.php?rest_route=\/wp\/v2\/media\/172590"}],"wp:attachment":[{"href":"https:\/\/aconteceunovale.com.br\/portal\/index.php?rest_route=%2Fwp%2Fv2%2Fmedia&parent=172585"}],"wp:term":[{"taxonomy":"category","embeddable":true,"href":"https:\/\/aconteceunovale.com.br\/portal\/index.php?rest_route=%2Fwp%2Fv2%2Fcategories&post=172585"},{"taxonomy":"post_tag","embeddable":true,"href":"https:\/\/aconteceunovale.com.br\/portal\/index.php?rest_route=%2Fwp%2Fv2%2Ftags&post=172585"}],"curies":[{"name":"wp","href":"https:\/\/api.w.org\/{rel}","templated":true}]}}