{"id":172574,"date":"2021-01-20T13:30:13","date_gmt":"2021-01-20T16:30:13","guid":{"rendered":"https:\/\/aconteceunovale.com.br\/portal\/?p=172574"},"modified":"2021-01-20T13:33:30","modified_gmt":"2021-01-20T16:33:30","slug":"presidente-da-assembleia-promulga-lei-sobre-isencao-de-tarifas-para-vitimas-de-enchentes","status":"publish","type":"post","link":"https:\/\/aconteceunovale.com.br\/portal\/?p=172574","title":{"rendered":"Presidente da Assembleia promulga lei sobre isen\u00e7\u00e3o de tarifas para v\u00edtimas de enchentes"},"content":{"rendered":"\n<p class=\"wp-block-paragraph\">O presidente da Assembleia Legislativa de Minas Gerais (ALMG), deputado Agostinho Patrus (PV), promulgou, na manh\u00e3 desta quarta-feira (20\/1\/21), a Lei 23.797, de 2021, que\u00a0disp\u00f5e sobre a concess\u00e3o, por per\u00edodo determinado, de isen\u00e7\u00e3o total das tarifas de \u00e1gua e esgoto e de energia el\u00e9trica aos consumidores residenciais, industriais e comerciais atingidos por enchentes\u00a0no Estado.<\/p>\n\n\n\n<p class=\"wp-block-paragraph\">A cerim\u00f4nia contou com a presen\u00e7a do deputado Jo\u00e3o V\u00edtor Xavier (Cidadania), vice-presidente da Comiss\u00e3o de Minas e Energia, que foi o autor do\u00a0<a href=\"https:\/\/www.almg.gov.br\/atividade_parlamentar\/tramitacao_projetos\/interna.html?a=2020&amp;n=1400&amp;t=PL\" target=\"_blank\" rel=\"noreferrer noopener\">Projeto de Lei 1.400\/20<\/a>,\u00a0aprovado definitivamente pelo Plen\u00e1rio no \u00faltimo dia 18 de dezembro e que deu origem \u00e0 norma.<\/p>\n\n\n\n<p class=\"wp-block-paragraph\">A lei permitir\u00e1 ao Poder Executivo conceder isen\u00e7\u00e3o total das tarifas de \u00e1gua e esgoto e de energia aos consumidores especificados atingidos por enchentes em Minas,\u00a0durante um per\u00edodo de tr\u00eas meses, ap\u00f3s o desastre natural.<\/p>\n\n\n\n<p class=\"wp-block-paragraph\">De acordo com a norma, as fam\u00edlias,\u00a0os empres\u00e1rios e os comerciantes afetados dever\u00e3o procurar a Copasa ou sua subsidi\u00e1ria no Norte e Nordeste do Estado, a Copanor, assim como a Cemig, para a realiza\u00e7\u00e3o de cadastro e a obten\u00e7\u00e3o da isen\u00e7\u00e3o. Caber\u00e1 a essas empresas a fiscaliza\u00e7\u00e3o dos im\u00f3veis que ser\u00e3o isentos.<\/p>\n\n\n\n<figure class=\"wp-block-gallery columns-1 is-cropped wp-block-gallery-1 is-layout-flex wp-block-gallery-is-layout-flex\"><ul class=\"blocks-gallery-grid\"><li class=\"blocks-gallery-item\"><figure><img loading=\"lazy\" decoding=\"async\" width=\"640\" height=\"427\" src=\"https:\/\/aconteceunovale.com.br\/portal\/wp-content\/uploads\/2021\/01\/lei_almg.jpg\" alt=\"\" data-id=\"172575\" data-full-url=\"https:\/\/aconteceunovale.com.br\/portal\/wp-content\/uploads\/2021\/01\/lei_almg.jpg\" data-link=\"https:\/\/aconteceunovale.com.br\/portal\/?attachment_id=172575\" class=\"wp-image-172575\" srcset=\"https:\/\/aconteceunovale.com.br\/portal\/wp-content\/uploads\/2021\/01\/lei_almg.jpg 640w, https:\/\/aconteceunovale.com.br\/portal\/wp-content\/uploads\/2021\/01\/lei_almg-300x200.jpg 300w, https:\/\/aconteceunovale.com.br\/portal\/wp-content\/uploads\/2021\/01\/lei_almg-630x420.jpg 630w\" sizes=\"auto, (max-width: 640px) 100vw, 640px\" \/><figcaption class=\"blocks-gallery-item__caption\"><em>Agostinho Patrus e Jo\u00e3o V\u00edtor Xavier &#8211; Foto: Guilherme Bergamini\/ALMG<\/em><\/figcaption><\/figure><\/li><\/ul><\/figure>\n\n\n\n<p class=\"wp-block-paragraph\"><strong>Prazo<\/strong>\u00a0\u2013\u00a0O presidente da ALMG promulgou a lei, ap\u00f3s o governador n\u00e3o ter tomado a iniciativa de sancionar ou vetar no prazo previsto. \u00c9 o que prev\u00ea o\u00a0<a href=\"https:\/\/www.almg.gov.br\/consulte\/legislacao\/index.html?aba=js_tabRegimentoInterno&amp;tipoPesquisa=legislacaoMineiraAnteriores&amp;pageNum=1&amp;riArtigo=82&amp;riAssunto=&amp;sltResultPagina=10\" target=\"_blank\" rel=\"noreferrer noopener\">artigo 82<\/a>\u00a0do Regimento Interno e tamb\u00e9m o\u00a0<a href=\"https:\/\/www.almg.gov.br\/consulte\/legislacao\/index.html?aba=js_tabConstituicaoEstadual&amp;subaba=js_tabsubConstituicaoEstadualSimples&amp;tipoPesquisa=constituicaoEstadual&amp;pageNum=1&amp;ceArtigo=70&amp;ceAssunto=&amp;ceCE=on&amp;ceEC=on&amp;ceCA=on&amp;sltResultPagina=10\" target=\"_blank\" rel=\"noreferrer noopener\">artigo 70<\/a>\u00a0da Constitui\u00e7\u00e3o do Estado.<\/p>\n\n\n\n<p class=\"wp-block-paragraph\">Conforme a Constitui\u00e7\u00e3o estadual,\u00a0o governador tem 15 dias \u00fateis para sancionar proposi\u00e7\u00e3o de lei, resultante de projeto aprovado pela Assembleia Legislativa, contados da data de seu recebimento.<\/p>\n\n\n\n<p class=\"wp-block-paragraph\">Ainda segundo a Constitui\u00e7\u00e3o, o sil\u00eancio do governador, decorrido esse prazo, importa san\u00e7\u00e3o e, se ele n\u00e3o promulgar a lei em 48 horas, o presidente da ALMG poder\u00e1 faz\u00ea-lo.<\/p>\n\n\n\n<p class=\"wp-block-paragraph\"><strong>Para parlamentares, lei traz justi\u00e7a social<\/strong><\/p>\n\n\n\n<p class=\"wp-block-paragraph\">O presidente da Assembleia, Agostinho Patrus, e o deputado Jo\u00e3o V\u00edtor Xavier destacaram na cerim\u00f4nia que a iniciativa traz justi\u00e7a social aos mineiros.<\/p>\n\n\n\n<p class=\"wp-block-paragraph\">\u201cEmbora simples, essa cerim\u00f4nia tem grande significado.\u00a0Demonstra o di\u00e1logo da Assembleia com aqueles que sofrem e que passam por dificuldades. Essa \u00e9 uma marca do Parlamento de Minas Gerais. Estamos pr\u00f3ximos da popula\u00e7\u00e3o e ouvimos suas demandas\u201d, enfatizou o presidente da ALMG.<\/p>\n\n\n\n<p class=\"wp-block-paragraph\">Agostinho Patrus acrescentou que a medida \u00e9 pontual e\u00a0n\u00e3o vai trazer desequil\u00edbrio financeiro\u00a0para as empresas p\u00fablicas. \u201cPelo contr\u00e1rio, responsabilidade social e cuidado com o pr\u00f3ximo engrandecem o balan\u00e7o dessas empresas\u201d, disse.<\/p>\n\n\n\n<p class=\"wp-block-paragraph\">O deputado Jo\u00e3o V\u00edtor Xavier elogiou o presidente da ALMG pela medida. \u201cAo promulgar a lei, a Assembleia olha pelos moradores da Avenida Tereza Cristina e da Vilarinho, na Capital, por cidades da Zona da Mata mineira, estende a m\u00e3o tamb\u00e9m para Raposos, Caet\u00e9, Sabar\u00e1 e Itabirito, entre tantas e tantas cidades de Minas afetadas pelas chuvas\u201d, salientou.<\/p>\n\n\n\n<p class=\"wp-block-paragraph\">Ele acrescentou: \u201cA ALMG mostra com a iniciativa sua caracter\u00edstica de ser uma Casa plural, de m\u00e3os dadas com o povo e com a coragem de tomar as decis\u00f5es necess\u00e1rias\u201d.<\/p>\n\n\n\n<p class=\"has-white-color has-black-background-color has-text-color has-background wp-block-paragraph\">Quer saber as not\u00edcias do <strong>Aconteceu no Vale<\/strong> em primeira m\u00e3o? Siga-nos no Facebook <a rel=\"noreferrer noopener\" href=\"http:\/\/facebook.com\/aconteceunovale\" target=\"_blank\">@aconteceunovale<\/a>, Twitter <a rel=\"noreferrer noopener\" href=\"https:\/\/twitter.com\/noticiadosvales\" target=\"_blank\">@noticiadosvales<\/a> e Instagram <a rel=\"noreferrer noopener\" href=\"https:\/\/www.instagram.com\/aconteceunovale\" target=\"_blank\">@aconteceunovale<\/a>.<\/p>\n","protected":false},"excerpt":{"rendered":"<p>O presidente da Assembleia Legislativa de Minas Gerais (ALMG), deputado Agostinho Patrus (PV), promulgou, na manh\u00e3 desta quarta-feira (20\/1\/21), a Lei 23.797, de 2021, que\u00a0disp\u00f5e sobre a concess\u00e3o, por per\u00edodo determinado, de isen\u00e7\u00e3o total das tarifas de \u00e1gua e esgoto e de energia el\u00e9trica aos consumidores residenciais, industriais e comerciais atingidos por enchentes\u00a0no Estado. A [&hellip;]<\/p>\n","protected":false},"author":4,"featured_media":172575,"comment_status":"open","ping_status":"closed","sticky":false,"template":"","format":"standard","meta":{"amp_status":"","footnotes":""},"categories":[123,40240],"tags":[2327,752,235191,24358,347,974,179,235192,235195,235193,235194,235190,235189],"class_list":["post-172574","post","type-post","status-publish","format-standard","has-post-thumbnail","hentry","category-gerais","category-politica","tag-agostinho-patrus","tag-almg","tag-assembleia","tag-assembleia-legislativa-de-minas-gerais","tag-cemig","tag-copanor","tag-copasa","tag-deputado-agostinho-patrus","tag-deputado-joao-vitor-xavier","tag-isencao-de-tarifa-de-agua-e-esgoto-para-vitimas-de-enchentes","tag-isencao-de-tarifa-de-energia-eletrica-para-vitimas-de-enchente","tag-presidente-da-assembleia","tag-presidente-da-assembleia-promulga-lei-sobre-isencao-de-tarifas-para-vitimas-de-enchentes"],"yoast_head":"<!-- This site is optimized with the Yoast SEO plugin v28.3 - https:\/\/yoast.com\/product\/yoast-seo-wordpress\/ -->\n<title>Presidente da Assembleia promulga lei sobre isen\u00e7\u00e3o de tarifas para v\u00edtimas de enchentes - Aconteceu no Vale<\/title>\n<meta name=\"robots\" content=\"index, follow, max-snippet:-1, max-image-preview:large, max-video-preview:-1\" \/>\n<link rel=\"canonical\" href=\"https:\/\/aconteceunovale.com.br\/portal\/?p=172574\" \/>\n<meta property=\"og:locale\" content=\"pt_BR\" \/>\n<meta property=\"og:type\" content=\"article\" \/>\n<meta property=\"og:title\" content=\"Presidente da Assembleia promulga lei sobre isen\u00e7\u00e3o de tarifas para v\u00edtimas de enchentes - Aconteceu no Vale\" \/>\n<meta property=\"og:description\" content=\"O presidente da Assembleia Legislativa de Minas Gerais (ALMG), deputado Agostinho Patrus (PV), promulgou, na manh\u00e3 desta quarta-feira (20\/1\/21), a Lei 23.797, de 2021, que\u00a0disp\u00f5e sobre a concess\u00e3o, por per\u00edodo determinado, de isen\u00e7\u00e3o total das tarifas de \u00e1gua e esgoto e de energia el\u00e9trica aos consumidores residenciais, industriais e comerciais atingidos por enchentes\u00a0no Estado. A [&hellip;]\" \/>\n<meta property=\"og:url\" content=\"https:\/\/aconteceunovale.com.br\/portal\/?p=172574\" \/>\n<meta property=\"og:site_name\" content=\"Aconteceu no Vale\" \/>\n<meta property=\"article:publisher\" content=\"https:\/\/www.facebook.com\/aconteceunovale\/\" \/>\n<meta property=\"article:published_time\" content=\"2021-01-20T16:30:13+00:00\" \/>\n<meta property=\"article:modified_time\" content=\"2021-01-20T16:33:30+00:00\" \/>\n<meta property=\"og:image\" content=\"https:\/\/aconteceunovale.com.br\/portal\/wp-content\/uploads\/2021\/01\/lei_almg.jpg\" \/>\n\t<meta property=\"og:image:width\" content=\"640\" \/>\n\t<meta property=\"og:image:height\" content=\"427\" \/>\n\t<meta property=\"og:image:type\" content=\"image\/jpeg\" \/>\n<meta name=\"author\" content=\"Reda\u00e7\u00e3o Aconteceu no Vale\" \/>\n<meta name=\"twitter:card\" content=\"summary_large_image\" \/>\n<meta name=\"twitter:creator\" content=\"@noticiadosvales\" \/>\n<meta name=\"twitter:site\" content=\"@noticiadosvales\" \/>\n<meta name=\"twitter:label1\" content=\"Escrito por\" \/>\n\t<meta name=\"twitter:data1\" content=\"Reda\u00e7\u00e3o Aconteceu no Vale\" \/>\n\t<meta name=\"twitter:label2\" content=\"Est. tempo de leitura\" \/>\n\t<meta name=\"twitter:data2\" content=\"3 minutos\" \/>\n<script type=\"application\/ld+json\" class=\"yoast-schema-graph\">{\"@context\":\"https:\\\/\\\/schema.org\",\"@graph\":[{\"@type\":\"Article\",\"@id\":\"https:\\\/\\\/aconteceunovale.com.br\\\/portal\\\/?p=172574#article\",\"isPartOf\":{\"@id\":\"https:\\\/\\\/aconteceunovale.com.br\\\/portal\\\/?p=172574\"},\"author\":{\"name\":\"Reda\u00e7\u00e3o Aconteceu no Vale\",\"@id\":\"https:\\\/\\\/aconteceunovale.com.br\\\/portal\\\/#\\\/schema\\\/person\\\/7d2f26d1483f8a63de73da1ee0754d35\"},\"headline\":\"Presidente da Assembleia promulga lei sobre isen\u00e7\u00e3o de tarifas para v\u00edtimas de enchentes\",\"datePublished\":\"2021-01-20T16:30:13+00:00\",\"dateModified\":\"2021-01-20T16:33:30+00:00\",\"mainEntityOfPage\":{\"@id\":\"https:\\\/\\\/aconteceunovale.com.br\\\/portal\\\/?p=172574\"},\"wordCount\":577,\"commentCount\":0,\"image\":{\"@id\":\"https:\\\/\\\/aconteceunovale.com.br\\\/portal\\\/?p=172574#primaryimage\"},\"thumbnailUrl\":\"https:\\\/\\\/aconteceunovale.com.br\\\/portal\\\/wp-content\\\/uploads\\\/2021\\\/01\\\/lei_almg.jpg\",\"keywords\":[\"Agostinho Patrus\",\"ALMG\",\"Assembleia\",\"Assembleia Legislativa de Minas Gerais\",\"cemig\",\"Copanor\",\"Copasa\",\"Deputado Agostinho Patrus\",\"Deputado Jo\u00e3o V\u00edtor Xavier\",\"Isen\u00e7\u00e3o de tarifa de \u00e1gua e esgoto para v\u00edtimas de enchentes\",\"Isen\u00e7\u00e3o de tarifa de energia el\u00e9trica para v\u00edtimas de enchente\",\"Presidente da Assembleia\",\"Presidente da Assembleia promulga lei sobre isen\u00e7\u00e3o de tarifas para v\u00edtimas de enchentes\"],\"articleSection\":[\"Minas Gerais\",\"Pol\u00edtica\"],\"inLanguage\":\"pt-BR\",\"potentialAction\":[{\"@type\":\"CommentAction\",\"name\":\"Comment\",\"target\":[\"https:\\\/\\\/aconteceunovale.com.br\\\/portal\\\/?p=172574#respond\"]}]},{\"@type\":\"WebPage\",\"@id\":\"https:\\\/\\\/aconteceunovale.com.br\\\/portal\\\/?p=172574\",\"url\":\"https:\\\/\\\/aconteceunovale.com.br\\\/portal\\\/?p=172574\",\"name\":\"Presidente da Assembleia promulga lei sobre isen\u00e7\u00e3o de tarifas para v\u00edtimas de enchentes - Aconteceu no Vale\",\"isPartOf\":{\"@id\":\"https:\\\/\\\/aconteceunovale.com.br\\\/portal\\\/#website\"},\"primaryImageOfPage\":{\"@id\":\"https:\\\/\\\/aconteceunovale.com.br\\\/portal\\\/?p=172574#primaryimage\"},\"image\":{\"@id\":\"https:\\\/\\\/aconteceunovale.com.br\\\/portal\\\/?p=172574#primaryimage\"},\"thumbnailUrl\":\"https:\\\/\\\/aconteceunovale.com.br\\\/portal\\\/wp-content\\\/uploads\\\/2021\\\/01\\\/lei_almg.jpg\",\"datePublished\":\"2021-01-20T16:30:13+00:00\",\"dateModified\":\"2021-01-20T16:33:30+00:00\",\"author\":{\"@id\":\"https:\\\/\\\/aconteceunovale.com.br\\\/portal\\\/#\\\/schema\\\/person\\\/7d2f26d1483f8a63de73da1ee0754d35\"},\"breadcrumb\":{\"@id\":\"https:\\\/\\\/aconteceunovale.com.br\\\/portal\\\/?p=172574#breadcrumb\"},\"inLanguage\":\"pt-BR\",\"potentialAction\":[{\"@type\":\"ReadAction\",\"target\":[\"https:\\\/\\\/aconteceunovale.com.br\\\/portal\\\/?p=172574\"]}]},{\"@type\":\"ImageObject\",\"inLanguage\":\"pt-BR\",\"@id\":\"https:\\\/\\\/aconteceunovale.com.br\\\/portal\\\/?p=172574#primaryimage\",\"url\":\"https:\\\/\\\/aconteceunovale.com.br\\\/portal\\\/wp-content\\\/uploads\\\/2021\\\/01\\\/lei_almg.jpg\",\"contentUrl\":\"https:\\\/\\\/aconteceunovale.com.br\\\/portal\\\/wp-content\\\/uploads\\\/2021\\\/01\\\/lei_almg.jpg\",\"width\":640,\"height\":427},{\"@type\":\"BreadcrumbList\",\"@id\":\"https:\\\/\\\/aconteceunovale.com.br\\\/portal\\\/?p=172574#breadcrumb\",\"itemListElement\":[{\"@type\":\"ListItem\",\"position\":1,\"name\":\"In\u00edcio\",\"item\":\"https:\\\/\\\/aconteceunovale.com.br\\\/portal\\\/\"},{\"@type\":\"ListItem\",\"position\":2,\"name\":\"Presidente da Assembleia promulga lei sobre isen\u00e7\u00e3o de tarifas para v\u00edtimas de enchentes\"}]},{\"@type\":\"WebSite\",\"@id\":\"https:\\\/\\\/aconteceunovale.com.br\\\/portal\\\/#website\",\"url\":\"https:\\\/\\\/aconteceunovale.com.br\\\/portal\\\/\",\"name\":\"Aconteceu no Vale\",\"description\":\"Portal de Not\u00edcias\",\"potentialAction\":[{\"@type\":\"SearchAction\",\"target\":{\"@type\":\"EntryPoint\",\"urlTemplate\":\"https:\\\/\\\/aconteceunovale.com.br\\\/portal\\\/?s={search_term_string}\"},\"query-input\":{\"@type\":\"PropertyValueSpecification\",\"valueRequired\":true,\"valueName\":\"search_term_string\"}}],\"inLanguage\":\"pt-BR\"},{\"@type\":\"Person\",\"@id\":\"https:\\\/\\\/aconteceunovale.com.br\\\/portal\\\/#\\\/schema\\\/person\\\/7d2f26d1483f8a63de73da1ee0754d35\",\"name\":\"Reda\u00e7\u00e3o Aconteceu no Vale\",\"description\":\"Equipe de reportagem do Aconteceu no Vale, portal de not\u00edcias do Vale do Jequitinhonha, em Minas Gerais. Cobrimos as 51 cidades do Vale desde 2013. Sugest\u00f5es de pauta e pedidos de corre\u00e7\u00e3o: contato@aconteceunovale.com.br\",\"url\":\"https:\\\/\\\/aconteceunovale.com.br\\\/portal\\\/?author=4\"}]}<\/script>\n<!-- \/ Yoast SEO plugin. -->","yoast_head_json":{"title":"Presidente da Assembleia promulga lei sobre isen\u00e7\u00e3o de tarifas para v\u00edtimas de enchentes - Aconteceu no Vale","robots":{"index":"index","follow":"follow","max-snippet":"max-snippet:-1","max-image-preview":"max-image-preview:large","max-video-preview":"max-video-preview:-1"},"canonical":"https:\/\/aconteceunovale.com.br\/portal\/?p=172574","og_locale":"pt_BR","og_type":"article","og_title":"Presidente da Assembleia promulga lei sobre isen\u00e7\u00e3o de tarifas para v\u00edtimas de enchentes - Aconteceu no Vale","og_description":"O presidente da Assembleia Legislativa de Minas Gerais (ALMG), deputado Agostinho Patrus (PV), promulgou, na manh\u00e3 desta quarta-feira (20\/1\/21), a Lei 23.797, de 2021, que\u00a0disp\u00f5e sobre a concess\u00e3o, por per\u00edodo determinado, de isen\u00e7\u00e3o total das tarifas de \u00e1gua e esgoto e de energia el\u00e9trica aos consumidores residenciais, industriais e comerciais atingidos por enchentes\u00a0no Estado. A [&hellip;]","og_url":"https:\/\/aconteceunovale.com.br\/portal\/?p=172574","og_site_name":"Aconteceu no Vale","article_publisher":"https:\/\/www.facebook.com\/aconteceunovale\/","article_published_time":"2021-01-20T16:30:13+00:00","article_modified_time":"2021-01-20T16:33:30+00:00","og_image":[{"width":640,"height":427,"url":"https:\/\/aconteceunovale.com.br\/portal\/wp-content\/uploads\/2021\/01\/lei_almg.jpg","type":"image\/jpeg"}],"author":"Reda\u00e7\u00e3o Aconteceu no Vale","twitter_card":"summary_large_image","twitter_creator":"@noticiadosvales","twitter_site":"@noticiadosvales","twitter_misc":{"Escrito por":"Reda\u00e7\u00e3o Aconteceu no Vale","Est. tempo de leitura":"3 minutos"},"schema":{"@context":"https:\/\/schema.org","@graph":[{"@type":"Article","@id":"https:\/\/aconteceunovale.com.br\/portal\/?p=172574#article","isPartOf":{"@id":"https:\/\/aconteceunovale.com.br\/portal\/?p=172574"},"author":{"name":"Reda\u00e7\u00e3o Aconteceu no Vale","@id":"https:\/\/aconteceunovale.com.br\/portal\/#\/schema\/person\/7d2f26d1483f8a63de73da1ee0754d35"},"headline":"Presidente da Assembleia promulga lei sobre isen\u00e7\u00e3o de tarifas para v\u00edtimas de enchentes","datePublished":"2021-01-20T16:30:13+00:00","dateModified":"2021-01-20T16:33:30+00:00","mainEntityOfPage":{"@id":"https:\/\/aconteceunovale.com.br\/portal\/?p=172574"},"wordCount":577,"commentCount":0,"image":{"@id":"https:\/\/aconteceunovale.com.br\/portal\/?p=172574#primaryimage"},"thumbnailUrl":"https:\/\/aconteceunovale.com.br\/portal\/wp-content\/uploads\/2021\/01\/lei_almg.jpg","keywords":["Agostinho Patrus","ALMG","Assembleia","Assembleia Legislativa de Minas Gerais","cemig","Copanor","Copasa","Deputado Agostinho Patrus","Deputado Jo\u00e3o V\u00edtor Xavier","Isen\u00e7\u00e3o de tarifa de \u00e1gua e esgoto para v\u00edtimas de enchentes","Isen\u00e7\u00e3o de tarifa de energia el\u00e9trica para v\u00edtimas de enchente","Presidente da Assembleia","Presidente da Assembleia promulga lei sobre isen\u00e7\u00e3o de tarifas para v\u00edtimas de enchentes"],"articleSection":["Minas Gerais","Pol\u00edtica"],"inLanguage":"pt-BR","potentialAction":[{"@type":"CommentAction","name":"Comment","target":["https:\/\/aconteceunovale.com.br\/portal\/?p=172574#respond"]}]},{"@type":"WebPage","@id":"https:\/\/aconteceunovale.com.br\/portal\/?p=172574","url":"https:\/\/aconteceunovale.com.br\/portal\/?p=172574","name":"Presidente da Assembleia promulga lei sobre isen\u00e7\u00e3o de tarifas para v\u00edtimas de enchentes - Aconteceu no Vale","isPartOf":{"@id":"https:\/\/aconteceunovale.com.br\/portal\/#website"},"primaryImageOfPage":{"@id":"https:\/\/aconteceunovale.com.br\/portal\/?p=172574#primaryimage"},"image":{"@id":"https:\/\/aconteceunovale.com.br\/portal\/?p=172574#primaryimage"},"thumbnailUrl":"https:\/\/aconteceunovale.com.br\/portal\/wp-content\/uploads\/2021\/01\/lei_almg.jpg","datePublished":"2021-01-20T16:30:13+00:00","dateModified":"2021-01-20T16:33:30+00:00","author":{"@id":"https:\/\/aconteceunovale.com.br\/portal\/#\/schema\/person\/7d2f26d1483f8a63de73da1ee0754d35"},"breadcrumb":{"@id":"https:\/\/aconteceunovale.com.br\/portal\/?p=172574#breadcrumb"},"inLanguage":"pt-BR","potentialAction":[{"@type":"ReadAction","target":["https:\/\/aconteceunovale.com.br\/portal\/?p=172574"]}]},{"@type":"ImageObject","inLanguage":"pt-BR","@id":"https:\/\/aconteceunovale.com.br\/portal\/?p=172574#primaryimage","url":"https:\/\/aconteceunovale.com.br\/portal\/wp-content\/uploads\/2021\/01\/lei_almg.jpg","contentUrl":"https:\/\/aconteceunovale.com.br\/portal\/wp-content\/uploads\/2021\/01\/lei_almg.jpg","width":640,"height":427},{"@type":"BreadcrumbList","@id":"https:\/\/aconteceunovale.com.br\/portal\/?p=172574#breadcrumb","itemListElement":[{"@type":"ListItem","position":1,"name":"In\u00edcio","item":"https:\/\/aconteceunovale.com.br\/portal\/"},{"@type":"ListItem","position":2,"name":"Presidente da Assembleia promulga lei sobre isen\u00e7\u00e3o de tarifas para v\u00edtimas de enchentes"}]},{"@type":"WebSite","@id":"https:\/\/aconteceunovale.com.br\/portal\/#website","url":"https:\/\/aconteceunovale.com.br\/portal\/","name":"Aconteceu no Vale","description":"Portal de Not\u00edcias","potentialAction":[{"@type":"SearchAction","target":{"@type":"EntryPoint","urlTemplate":"https:\/\/aconteceunovale.com.br\/portal\/?s={search_term_string}"},"query-input":{"@type":"PropertyValueSpecification","valueRequired":true,"valueName":"search_term_string"}}],"inLanguage":"pt-BR"},{"@type":"Person","@id":"https:\/\/aconteceunovale.com.br\/portal\/#\/schema\/person\/7d2f26d1483f8a63de73da1ee0754d35","name":"Reda\u00e7\u00e3o Aconteceu no Vale","description":"Equipe de reportagem do Aconteceu no Vale, portal de not\u00edcias do Vale do Jequitinhonha, em Minas Gerais. Cobrimos as 51 cidades do Vale desde 2013. Sugest\u00f5es de pauta e pedidos de corre\u00e7\u00e3o: contato@aconteceunovale.com.br","url":"https:\/\/aconteceunovale.com.br\/portal\/?author=4"}]}},"_links":{"self":[{"href":"https:\/\/aconteceunovale.com.br\/portal\/index.php?rest_route=\/wp\/v2\/posts\/172574","targetHints":{"allow":["GET"]}}],"collection":[{"href":"https:\/\/aconteceunovale.com.br\/portal\/index.php?rest_route=\/wp\/v2\/posts"}],"about":[{"href":"https:\/\/aconteceunovale.com.br\/portal\/index.php?rest_route=\/wp\/v2\/types\/post"}],"author":[{"embeddable":true,"href":"https:\/\/aconteceunovale.com.br\/portal\/index.php?rest_route=\/wp\/v2\/users\/4"}],"replies":[{"embeddable":true,"href":"https:\/\/aconteceunovale.com.br\/portal\/index.php?rest_route=%2Fwp%2Fv2%2Fcomments&post=172574"}],"version-history":[{"count":1,"href":"https:\/\/aconteceunovale.com.br\/portal\/index.php?rest_route=\/wp\/v2\/posts\/172574\/revisions"}],"predecessor-version":[{"id":172576,"href":"https:\/\/aconteceunovale.com.br\/portal\/index.php?rest_route=\/wp\/v2\/posts\/172574\/revisions\/172576"}],"wp:featuredmedia":[{"embeddable":true,"href":"https:\/\/aconteceunovale.com.br\/portal\/index.php?rest_route=\/wp\/v2\/media\/172575"}],"wp:attachment":[{"href":"https:\/\/aconteceunovale.com.br\/portal\/index.php?rest_route=%2Fwp%2Fv2%2Fmedia&parent=172574"}],"wp:term":[{"taxonomy":"category","embeddable":true,"href":"https:\/\/aconteceunovale.com.br\/portal\/index.php?rest_route=%2Fwp%2Fv2%2Fcategories&post=172574"},{"taxonomy":"post_tag","embeddable":true,"href":"https:\/\/aconteceunovale.com.br\/portal\/index.php?rest_route=%2Fwp%2Fv2%2Ftags&post=172574"}],"curies":[{"name":"wp","href":"https:\/\/api.w.org\/{rel}","templated":true}]}}