{"id":172568,"date":"2021-01-20T13:06:27","date_gmt":"2021-01-20T16:06:27","guid":{"rendered":"https:\/\/aconteceunovale.com.br\/portal\/?p=172568"},"modified":"2021-01-20T13:07:50","modified_gmt":"2021-01-20T16:07:50","slug":"etna-entra-em-erupcao","status":"publish","type":"post","link":"https:\/\/aconteceunovale.com.br\/portal\/?p=172568","title":{"rendered":"Etna entra em erup\u00e7\u00e3o"},"content":{"rendered":"\n<p class=\"wp-block-paragraph\">O vulc\u00e3o mais din\u00e2mico da Europa entrou em erup\u00e7\u00e3o e o fen\u00f4meno foi vis\u00edvel na parte leste da Sic\u00edlia. A intensa atividade vulc\u00e2nica envolveu as v\u00e1rias crateras da zona do cume e a lava transbordou, cobrindo de vermelho a montanha.<\/p>\n\n\n\n<p class=\"wp-block-paragraph\">As encostas do monte Etna, no sul de It\u00e1lia, foram envoltas em rios e ribeiros de lava que flu\u00edram para o desabitado Valle del Bove.<\/p>\n\n\n\n<p class=\"wp-block-paragraph\">A fonte de lava que jorrou da cratera sudoeste do Etna atingiu cerca de 2.900 metros acima do n\u00edvel m\u00e9dio do mar.<\/p>\n\n\n\n<p class=\"wp-block-paragraph\">O especialista&nbsp;Boris Behncke disse&nbsp;que a \u00faltima erup\u00e7\u00e3o ocorreu h\u00e1 quatro semanas, mantendo-se uma moderada atividade at\u00e9 a&nbsp;noite do dia 18.&nbsp;Esta \u00e9 a primeira erup\u00e7\u00e3o de 2021.<\/p>\n\n\n\n<p class=\"wp-block-paragraph\">&#8220;Foi apenas mais um epis\u00f3dio de fontes e fluxos de lava, como os de 13, 21 e 22 de dezembro de 2020. Breve e espetacular e completamente inofensivo&#8221;,\u00a0escreveu no Twitter.<\/p>\n\n\n\n<figure class=\"wp-block-gallery columns-1 is-cropped wp-block-gallery-1 is-layout-flex wp-block-gallery-is-layout-flex\"><ul class=\"blocks-gallery-grid\"><li class=\"blocks-gallery-item\"><figure><img loading=\"lazy\" decoding=\"async\" width=\"678\" height=\"406\" src=\"https:\/\/aconteceunovale.com.br\/portal\/wp-content\/uploads\/2021\/01\/vulcao_etna.jpg\" alt=\"\" data-id=\"172569\" data-full-url=\"https:\/\/aconteceunovale.com.br\/portal\/wp-content\/uploads\/2021\/01\/vulcao_etna.jpg\" data-link=\"https:\/\/aconteceunovale.com.br\/portal\/?attachment_id=172569\" class=\"wp-image-172569\" srcset=\"https:\/\/aconteceunovale.com.br\/portal\/wp-content\/uploads\/2021\/01\/vulcao_etna.jpg 678w, https:\/\/aconteceunovale.com.br\/portal\/wp-content\/uploads\/2021\/01\/vulcao_etna-300x180.jpg 300w\" sizes=\"auto, (max-width: 678px) 100vw, 678px\" \/><figcaption class=\"blocks-gallery-item__caption\"><em>Foto: REUTERS\/Antonio Parrinello\/Reprodu\u00e7\u00e3o Ag\u00eancia Brasil<\/em><\/figcaption><\/figure><\/li><\/ul><\/figure>\n\n\n\n<p class=\"wp-block-paragraph\">Em algumas cidades pr\u00f3ximas, como em Fleri, houve queda de cinzas, mas sem risco para a popula\u00e7\u00e3o.<\/p>\n\n\n\n<p class=\"wp-block-paragraph\">O Observat\u00f3rio do Etna, do Instituto Nacional de Geof\u00edsica e Vulcanologia, explicou&nbsp;que a exist\u00eancia de ventos, que sopraram de norte para noroeste, favoreceu a dispers\u00e3o das cinzas no sentido da costa e do Golfo da Cat\u00e2nia.<\/p>\n\n\n\n<p class=\"wp-block-paragraph\">As explos\u00f5es vulc\u00e2nicas expeliram rochas e lava colorindo o c\u00e9u, transformando-se num espet\u00e1culo para a lente dos apreciadores de vulc\u00f5es. As imagens tornaram-se virais. A atmosfera l\u00edmpida, devido ao vento frio proveniente do Norte, permitiu a visibilidade desde as montanhas Iblei at\u00e9 \u00e0s ilhas E\u00f3lias.<\/p>\n\n\n\n<p class=\"wp-block-paragraph\">O Etna \u00e9 um dos tr\u00eas vulc\u00f5es ativos em solo italiano. Os outros s\u00e3o o Stromboli, na Ilha Stromboli, e o conhecido Monte Ves\u00favio, perto de N\u00e1poles.<\/p>\n\n\n\n<p class=\"has-white-color has-black-background-color has-text-color has-background wp-block-paragraph\">Quer saber as not\u00edcias do <strong>Aconteceu no Vale<\/strong> em primeira m\u00e3o? Siga-nos no Facebook <a rel=\"noreferrer noopener\" href=\"http:\/\/facebook.com\/aconteceunovale\" target=\"_blank\">@aconteceunovale<\/a>, Twitter <a rel=\"noreferrer noopener\" href=\"https:\/\/twitter.com\/noticiadosvales\" target=\"_blank\">@noticiadosvales<\/a> e Instagram <a rel=\"noreferrer noopener\" href=\"https:\/\/www.instagram.com\/aconteceunovale\" target=\"_blank\">@aconteceunovale<\/a>.<\/p>\n","protected":false},"excerpt":{"rendered":"<p>O vulc\u00e3o mais din\u00e2mico da Europa entrou em erup\u00e7\u00e3o e o fen\u00f4meno foi vis\u00edvel na parte leste da Sic\u00edlia. A intensa atividade vulc\u00e2nica envolveu as v\u00e1rias crateras da zona do cume e a lava transbordou, cobrindo de vermelho a montanha. As encostas do monte Etna, no sul de It\u00e1lia, foram envoltas em rios e ribeiros [&hellip;]<\/p>\n","protected":false},"author":4,"featured_media":172569,"comment_status":"open","ping_status":"closed","sticky":false,"template":"","format":"standard","meta":{"amp_status":"","footnotes":""},"categories":[28848],"tags":[235180,235176,235174,235181,235183,235177,235182,235179,235178,235175],"class_list":["post-172568","post","type-post","status-publish","format-standard","has-post-thumbnail","hentry","category-mundo","tag-boris-behncke","tag-erupcao-do-etna","tag-etna-entra-em-erupcao","tag-fleri","tag-monte-vesuvio","tag-sicilia","tag-stromboli","tag-sul-da-italia","tag-valle-del-bove","tag-vulcao-etna"],"yoast_head":"<!-- This site is optimized with the Yoast SEO plugin v28.3 - https:\/\/yoast.com\/product\/yoast-seo-wordpress\/ -->\n<title>Etna entra em erup\u00e7\u00e3o - Aconteceu no Vale<\/title>\n<meta name=\"robots\" content=\"index, follow, max-snippet:-1, max-image-preview:large, max-video-preview:-1\" \/>\n<link rel=\"canonical\" href=\"https:\/\/aconteceunovale.com.br\/portal\/?p=172568\" \/>\n<meta property=\"og:locale\" content=\"pt_BR\" \/>\n<meta property=\"og:type\" content=\"article\" \/>\n<meta property=\"og:title\" content=\"Etna entra em erup\u00e7\u00e3o - Aconteceu no Vale\" \/>\n<meta property=\"og:description\" content=\"O vulc\u00e3o mais din\u00e2mico da Europa entrou em erup\u00e7\u00e3o e o fen\u00f4meno foi vis\u00edvel na parte leste da Sic\u00edlia. A intensa atividade vulc\u00e2nica envolveu as v\u00e1rias crateras da zona do cume e a lava transbordou, cobrindo de vermelho a montanha. As encostas do monte Etna, no sul de It\u00e1lia, foram envoltas em rios e ribeiros [&hellip;]\" \/>\n<meta property=\"og:url\" content=\"https:\/\/aconteceunovale.com.br\/portal\/?p=172568\" \/>\n<meta property=\"og:site_name\" content=\"Aconteceu no Vale\" \/>\n<meta property=\"article:publisher\" content=\"https:\/\/www.facebook.com\/aconteceunovale\/\" \/>\n<meta property=\"article:published_time\" content=\"2021-01-20T16:06:27+00:00\" \/>\n<meta property=\"article:modified_time\" content=\"2021-01-20T16:07:50+00:00\" \/>\n<meta property=\"og:image\" content=\"https:\/\/aconteceunovale.com.br\/portal\/wp-content\/uploads\/2021\/01\/vulcao_etna.jpg\" \/>\n\t<meta property=\"og:image:width\" content=\"678\" \/>\n\t<meta property=\"og:image:height\" content=\"406\" \/>\n\t<meta property=\"og:image:type\" content=\"image\/jpeg\" \/>\n<meta name=\"author\" content=\"Reda\u00e7\u00e3o Aconteceu no Vale\" \/>\n<meta name=\"twitter:card\" content=\"summary_large_image\" \/>\n<meta name=\"twitter:creator\" content=\"@noticiadosvales\" \/>\n<meta name=\"twitter:site\" content=\"@noticiadosvales\" \/>\n<meta name=\"twitter:label1\" content=\"Escrito por\" \/>\n\t<meta name=\"twitter:data1\" content=\"Reda\u00e7\u00e3o Aconteceu no Vale\" \/>\n\t<meta name=\"twitter:label2\" content=\"Est. tempo de leitura\" \/>\n\t<meta name=\"twitter:data2\" content=\"2 minutos\" \/>\n<script type=\"application\/ld+json\" class=\"yoast-schema-graph\">{\"@context\":\"https:\\\/\\\/schema.org\",\"@graph\":[{\"@type\":\"Article\",\"@id\":\"https:\\\/\\\/aconteceunovale.com.br\\\/portal\\\/?p=172568#article\",\"isPartOf\":{\"@id\":\"https:\\\/\\\/aconteceunovale.com.br\\\/portal\\\/?p=172568\"},\"author\":{\"name\":\"Reda\u00e7\u00e3o Aconteceu no Vale\",\"@id\":\"https:\\\/\\\/aconteceunovale.com.br\\\/portal\\\/#\\\/schema\\\/person\\\/7d2f26d1483f8a63de73da1ee0754d35\"},\"headline\":\"Etna entra em erup\u00e7\u00e3o\",\"datePublished\":\"2021-01-20T16:06:27+00:00\",\"dateModified\":\"2021-01-20T16:07:50+00:00\",\"mainEntityOfPage\":{\"@id\":\"https:\\\/\\\/aconteceunovale.com.br\\\/portal\\\/?p=172568\"},\"wordCount\":340,\"commentCount\":0,\"image\":{\"@id\":\"https:\\\/\\\/aconteceunovale.com.br\\\/portal\\\/?p=172568#primaryimage\"},\"thumbnailUrl\":\"https:\\\/\\\/aconteceunovale.com.br\\\/portal\\\/wp-content\\\/uploads\\\/2021\\\/01\\\/vulcao_etna.jpg\",\"keywords\":[\"Boris Behncke\",\"Erup\u00e7\u00e3o do Etna\",\"Etna entra em erup\u00e7\u00e3o\",\"Fleri\",\"Monte Ves\u00favio\",\"Sic\u00edlia\",\"Stromboli\",\"Sul da It\u00e1lia\",\"Valle del Bove\",\"Vulc\u00e3o Etna\"],\"articleSection\":[\"Mundo\"],\"inLanguage\":\"pt-BR\",\"potentialAction\":[{\"@type\":\"CommentAction\",\"name\":\"Comment\",\"target\":[\"https:\\\/\\\/aconteceunovale.com.br\\\/portal\\\/?p=172568#respond\"]}]},{\"@type\":\"WebPage\",\"@id\":\"https:\\\/\\\/aconteceunovale.com.br\\\/portal\\\/?p=172568\",\"url\":\"https:\\\/\\\/aconteceunovale.com.br\\\/portal\\\/?p=172568\",\"name\":\"Etna entra em erup\u00e7\u00e3o - Aconteceu no Vale\",\"isPartOf\":{\"@id\":\"https:\\\/\\\/aconteceunovale.com.br\\\/portal\\\/#website\"},\"primaryImageOfPage\":{\"@id\":\"https:\\\/\\\/aconteceunovale.com.br\\\/portal\\\/?p=172568#primaryimage\"},\"image\":{\"@id\":\"https:\\\/\\\/aconteceunovale.com.br\\\/portal\\\/?p=172568#primaryimage\"},\"thumbnailUrl\":\"https:\\\/\\\/aconteceunovale.com.br\\\/portal\\\/wp-content\\\/uploads\\\/2021\\\/01\\\/vulcao_etna.jpg\",\"datePublished\":\"2021-01-20T16:06:27+00:00\",\"dateModified\":\"2021-01-20T16:07:50+00:00\",\"author\":{\"@id\":\"https:\\\/\\\/aconteceunovale.com.br\\\/portal\\\/#\\\/schema\\\/person\\\/7d2f26d1483f8a63de73da1ee0754d35\"},\"breadcrumb\":{\"@id\":\"https:\\\/\\\/aconteceunovale.com.br\\\/portal\\\/?p=172568#breadcrumb\"},\"inLanguage\":\"pt-BR\",\"potentialAction\":[{\"@type\":\"ReadAction\",\"target\":[\"https:\\\/\\\/aconteceunovale.com.br\\\/portal\\\/?p=172568\"]}]},{\"@type\":\"ImageObject\",\"inLanguage\":\"pt-BR\",\"@id\":\"https:\\\/\\\/aconteceunovale.com.br\\\/portal\\\/?p=172568#primaryimage\",\"url\":\"https:\\\/\\\/aconteceunovale.com.br\\\/portal\\\/wp-content\\\/uploads\\\/2021\\\/01\\\/vulcao_etna.jpg\",\"contentUrl\":\"https:\\\/\\\/aconteceunovale.com.br\\\/portal\\\/wp-content\\\/uploads\\\/2021\\\/01\\\/vulcao_etna.jpg\",\"width\":678,\"height\":406},{\"@type\":\"BreadcrumbList\",\"@id\":\"https:\\\/\\\/aconteceunovale.com.br\\\/portal\\\/?p=172568#breadcrumb\",\"itemListElement\":[{\"@type\":\"ListItem\",\"position\":1,\"name\":\"In\u00edcio\",\"item\":\"https:\\\/\\\/aconteceunovale.com.br\\\/portal\\\/\"},{\"@type\":\"ListItem\",\"position\":2,\"name\":\"Etna entra em erup\u00e7\u00e3o\"}]},{\"@type\":\"WebSite\",\"@id\":\"https:\\\/\\\/aconteceunovale.com.br\\\/portal\\\/#website\",\"url\":\"https:\\\/\\\/aconteceunovale.com.br\\\/portal\\\/\",\"name\":\"Aconteceu no Vale\",\"description\":\"Portal de Not\u00edcias\",\"potentialAction\":[{\"@type\":\"SearchAction\",\"target\":{\"@type\":\"EntryPoint\",\"urlTemplate\":\"https:\\\/\\\/aconteceunovale.com.br\\\/portal\\\/?s={search_term_string}\"},\"query-input\":{\"@type\":\"PropertyValueSpecification\",\"valueRequired\":true,\"valueName\":\"search_term_string\"}}],\"inLanguage\":\"pt-BR\"},{\"@type\":\"Person\",\"@id\":\"https:\\\/\\\/aconteceunovale.com.br\\\/portal\\\/#\\\/schema\\\/person\\\/7d2f26d1483f8a63de73da1ee0754d35\",\"name\":\"Reda\u00e7\u00e3o Aconteceu no Vale\",\"description\":\"Equipe de reportagem do Aconteceu no Vale, portal de not\u00edcias do Vale do Jequitinhonha, em Minas Gerais. Cobrimos as 51 cidades do Vale desde 2013. Sugest\u00f5es de pauta e pedidos de corre\u00e7\u00e3o: contato@aconteceunovale.com.br\",\"url\":\"https:\\\/\\\/aconteceunovale.com.br\\\/portal\\\/?author=4\"}]}<\/script>\n<!-- \/ Yoast SEO plugin. -->","yoast_head_json":{"title":"Etna entra em erup\u00e7\u00e3o - Aconteceu no Vale","robots":{"index":"index","follow":"follow","max-snippet":"max-snippet:-1","max-image-preview":"max-image-preview:large","max-video-preview":"max-video-preview:-1"},"canonical":"https:\/\/aconteceunovale.com.br\/portal\/?p=172568","og_locale":"pt_BR","og_type":"article","og_title":"Etna entra em erup\u00e7\u00e3o - Aconteceu no Vale","og_description":"O vulc\u00e3o mais din\u00e2mico da Europa entrou em erup\u00e7\u00e3o e o fen\u00f4meno foi vis\u00edvel na parte leste da Sic\u00edlia. A intensa atividade vulc\u00e2nica envolveu as v\u00e1rias crateras da zona do cume e a lava transbordou, cobrindo de vermelho a montanha. As encostas do monte Etna, no sul de It\u00e1lia, foram envoltas em rios e ribeiros [&hellip;]","og_url":"https:\/\/aconteceunovale.com.br\/portal\/?p=172568","og_site_name":"Aconteceu no Vale","article_publisher":"https:\/\/www.facebook.com\/aconteceunovale\/","article_published_time":"2021-01-20T16:06:27+00:00","article_modified_time":"2021-01-20T16:07:50+00:00","og_image":[{"width":678,"height":406,"url":"https:\/\/aconteceunovale.com.br\/portal\/wp-content\/uploads\/2021\/01\/vulcao_etna.jpg","type":"image\/jpeg"}],"author":"Reda\u00e7\u00e3o Aconteceu no Vale","twitter_card":"summary_large_image","twitter_creator":"@noticiadosvales","twitter_site":"@noticiadosvales","twitter_misc":{"Escrito por":"Reda\u00e7\u00e3o Aconteceu no Vale","Est. tempo de leitura":"2 minutos"},"schema":{"@context":"https:\/\/schema.org","@graph":[{"@type":"Article","@id":"https:\/\/aconteceunovale.com.br\/portal\/?p=172568#article","isPartOf":{"@id":"https:\/\/aconteceunovale.com.br\/portal\/?p=172568"},"author":{"name":"Reda\u00e7\u00e3o Aconteceu no Vale","@id":"https:\/\/aconteceunovale.com.br\/portal\/#\/schema\/person\/7d2f26d1483f8a63de73da1ee0754d35"},"headline":"Etna entra em erup\u00e7\u00e3o","datePublished":"2021-01-20T16:06:27+00:00","dateModified":"2021-01-20T16:07:50+00:00","mainEntityOfPage":{"@id":"https:\/\/aconteceunovale.com.br\/portal\/?p=172568"},"wordCount":340,"commentCount":0,"image":{"@id":"https:\/\/aconteceunovale.com.br\/portal\/?p=172568#primaryimage"},"thumbnailUrl":"https:\/\/aconteceunovale.com.br\/portal\/wp-content\/uploads\/2021\/01\/vulcao_etna.jpg","keywords":["Boris Behncke","Erup\u00e7\u00e3o do Etna","Etna entra em erup\u00e7\u00e3o","Fleri","Monte Ves\u00favio","Sic\u00edlia","Stromboli","Sul da It\u00e1lia","Valle del Bove","Vulc\u00e3o Etna"],"articleSection":["Mundo"],"inLanguage":"pt-BR","potentialAction":[{"@type":"CommentAction","name":"Comment","target":["https:\/\/aconteceunovale.com.br\/portal\/?p=172568#respond"]}]},{"@type":"WebPage","@id":"https:\/\/aconteceunovale.com.br\/portal\/?p=172568","url":"https:\/\/aconteceunovale.com.br\/portal\/?p=172568","name":"Etna entra em erup\u00e7\u00e3o - Aconteceu no Vale","isPartOf":{"@id":"https:\/\/aconteceunovale.com.br\/portal\/#website"},"primaryImageOfPage":{"@id":"https:\/\/aconteceunovale.com.br\/portal\/?p=172568#primaryimage"},"image":{"@id":"https:\/\/aconteceunovale.com.br\/portal\/?p=172568#primaryimage"},"thumbnailUrl":"https:\/\/aconteceunovale.com.br\/portal\/wp-content\/uploads\/2021\/01\/vulcao_etna.jpg","datePublished":"2021-01-20T16:06:27+00:00","dateModified":"2021-01-20T16:07:50+00:00","author":{"@id":"https:\/\/aconteceunovale.com.br\/portal\/#\/schema\/person\/7d2f26d1483f8a63de73da1ee0754d35"},"breadcrumb":{"@id":"https:\/\/aconteceunovale.com.br\/portal\/?p=172568#breadcrumb"},"inLanguage":"pt-BR","potentialAction":[{"@type":"ReadAction","target":["https:\/\/aconteceunovale.com.br\/portal\/?p=172568"]}]},{"@type":"ImageObject","inLanguage":"pt-BR","@id":"https:\/\/aconteceunovale.com.br\/portal\/?p=172568#primaryimage","url":"https:\/\/aconteceunovale.com.br\/portal\/wp-content\/uploads\/2021\/01\/vulcao_etna.jpg","contentUrl":"https:\/\/aconteceunovale.com.br\/portal\/wp-content\/uploads\/2021\/01\/vulcao_etna.jpg","width":678,"height":406},{"@type":"BreadcrumbList","@id":"https:\/\/aconteceunovale.com.br\/portal\/?p=172568#breadcrumb","itemListElement":[{"@type":"ListItem","position":1,"name":"In\u00edcio","item":"https:\/\/aconteceunovale.com.br\/portal\/"},{"@type":"ListItem","position":2,"name":"Etna entra em erup\u00e7\u00e3o"}]},{"@type":"WebSite","@id":"https:\/\/aconteceunovale.com.br\/portal\/#website","url":"https:\/\/aconteceunovale.com.br\/portal\/","name":"Aconteceu no Vale","description":"Portal de Not\u00edcias","potentialAction":[{"@type":"SearchAction","target":{"@type":"EntryPoint","urlTemplate":"https:\/\/aconteceunovale.com.br\/portal\/?s={search_term_string}"},"query-input":{"@type":"PropertyValueSpecification","valueRequired":true,"valueName":"search_term_string"}}],"inLanguage":"pt-BR"},{"@type":"Person","@id":"https:\/\/aconteceunovale.com.br\/portal\/#\/schema\/person\/7d2f26d1483f8a63de73da1ee0754d35","name":"Reda\u00e7\u00e3o Aconteceu no Vale","description":"Equipe de reportagem do Aconteceu no Vale, portal de not\u00edcias do Vale do Jequitinhonha, em Minas Gerais. Cobrimos as 51 cidades do Vale desde 2013. Sugest\u00f5es de pauta e pedidos de corre\u00e7\u00e3o: contato@aconteceunovale.com.br","url":"https:\/\/aconteceunovale.com.br\/portal\/?author=4"}]}},"_links":{"self":[{"href":"https:\/\/aconteceunovale.com.br\/portal\/index.php?rest_route=\/wp\/v2\/posts\/172568","targetHints":{"allow":["GET"]}}],"collection":[{"href":"https:\/\/aconteceunovale.com.br\/portal\/index.php?rest_route=\/wp\/v2\/posts"}],"about":[{"href":"https:\/\/aconteceunovale.com.br\/portal\/index.php?rest_route=\/wp\/v2\/types\/post"}],"author":[{"embeddable":true,"href":"https:\/\/aconteceunovale.com.br\/portal\/index.php?rest_route=\/wp\/v2\/users\/4"}],"replies":[{"embeddable":true,"href":"https:\/\/aconteceunovale.com.br\/portal\/index.php?rest_route=%2Fwp%2Fv2%2Fcomments&post=172568"}],"version-history":[{"count":1,"href":"https:\/\/aconteceunovale.com.br\/portal\/index.php?rest_route=\/wp\/v2\/posts\/172568\/revisions"}],"predecessor-version":[{"id":172570,"href":"https:\/\/aconteceunovale.com.br\/portal\/index.php?rest_route=\/wp\/v2\/posts\/172568\/revisions\/172570"}],"wp:featuredmedia":[{"embeddable":true,"href":"https:\/\/aconteceunovale.com.br\/portal\/index.php?rest_route=\/wp\/v2\/media\/172569"}],"wp:attachment":[{"href":"https:\/\/aconteceunovale.com.br\/portal\/index.php?rest_route=%2Fwp%2Fv2%2Fmedia&parent=172568"}],"wp:term":[{"taxonomy":"category","embeddable":true,"href":"https:\/\/aconteceunovale.com.br\/portal\/index.php?rest_route=%2Fwp%2Fv2%2Fcategories&post=172568"},{"taxonomy":"post_tag","embeddable":true,"href":"https:\/\/aconteceunovale.com.br\/portal\/index.php?rest_route=%2Fwp%2Fv2%2Ftags&post=172568"}],"curies":[{"name":"wp","href":"https:\/\/api.w.org\/{rel}","templated":true}]}}