{"id":172566,"date":"2021-01-20T13:00:26","date_gmt":"2021-01-20T16:00:26","guid":{"rendered":"https:\/\/aconteceunovale.com.br\/portal\/?p=172566"},"modified":"2021-01-20T13:00:41","modified_gmt":"2021-01-20T16:00:41","slug":"prova-de-vida-de-aposentados-e-suspensa-ate-fevereiro","status":"publish","type":"post","link":"https:\/\/aconteceunovale.com.br\/portal\/?p=172566","title":{"rendered":"Prova de vida de aposentados \u00e9 suspensa at\u00e9 fevereiro"},"content":{"rendered":"\n<p class=\"wp-block-paragraph\">Os aposentados e pensionistas do Instituto Nacional do Seguro Social (INSS) que n\u00e3o fizeram a prova de vida entre mar\u00e7o de 2020 e fevereiro deste ano n\u00e3o ter\u00e3o seus benef\u00edcios bloqueados.<img decoding=\"async\" src=\"https:\/\/agenciabrasil.ebc.com.br\/ebc.png?id=1399212&amp;o=node\"><img decoding=\"async\" src=\"https:\/\/agenciabrasil.ebc.com.br\/ebc.gif?id=1399212&amp;o=node\"><\/p>\n\n\n\n<p class=\"wp-block-paragraph\">A\u00a0<a rel=\"noreferrer noopener\" href=\"https:\/\/www.in.gov.br\/en\/web\/dou\/-\/portaria-n-1.266-de-18-de-janeiro-de-2021-29977925\" target=\"_blank\">Portaria<\/a>\u00a0n\u00ba 1.266\/2021, publicada\u00a0hoje\u00a0(20\/1\/2021) no\u00a0<em>Di\u00e1rio Oficial da Uni\u00e3o<\/em>, prorroga a interrup\u00e7\u00e3o do bloqueio de benef\u00edcios para as compet\u00eancias\u00a0de janeiro\u00a0e fevereiro, ou seja, para pagamentos at\u00e9 o fim\u00a0de mar\u00e7o.<\/p>\n\n\n\n<p class=\"wp-block-paragraph\">A prorroga\u00e7\u00e3o vale para os benefici\u00e1rios residentes no Brasil e no exterior. De acordo com a portaria, a rotina e obriga\u00e7\u00f5es contratuais estabelecidas entre o INSS e a rede banc\u00e1ria que paga os benef\u00edcios permanece e a comprova\u00e7\u00e3o da prova de vida dever\u00e1 ser realizada normalmente pelos bancos.<\/p>\n\n\n\n<p class=\"wp-block-paragraph\">Realizada todos os anos, a comprova\u00e7\u00e3o de vida \u00e9 exigida para a manuten\u00e7\u00e3o do pagamento do benef\u00edcio. Para isso, o segurado ou algum representante legal ou volunt\u00e1rio deve comparecer \u00e0 institui\u00e7\u00e3o banc\u00e1ria onde saca o benef\u00edcio.&nbsp;O procedimento, entretanto, deixou de ser exigido em mar\u00e7o de 2020, entre as a\u00e7\u00f5es para o enfrentamento da pandemia do novo coronav\u00edrus, e a medida vem sendo prorrogada desde ent\u00e3o.<\/p>\n\n\n\n<p class=\"wp-block-paragraph\">Desde agosto do ano passado, o a prova de vida tamb\u00e9m pode ser feita por meio do&nbsp;<a href=\"https:\/\/meu.inss.gov.br\/central\/#\/login?redirectUrl=\/\" target=\"_blank\" rel=\"noreferrer noopener\">aplicativo Meu INSS<\/a>&nbsp;ou pelo site do \u00f3rg\u00e3o por benefici\u00e1rios com mais de 80 anos ou com restri\u00e7\u00f5es de mobilidade. A comprova\u00e7\u00e3o da dificuldade de locomo\u00e7\u00e3o exige atestado ou declara\u00e7\u00e3o m\u00e9dica. Nesse caso, todos os documentos s\u00e3o anexados e enviados eletronicamente.<\/p>\n\n\n\n<h2 class=\"wp-block-heading\">Militares inativos<\/h2>\n\n\n\n<p class=\"wp-block-paragraph\">Tamb\u00e9m foi publicada no Di\u00e1rio Oficial da Uni\u00e3o&nbsp;<a href=\"https:\/\/www.in.gov.br\/web\/dou\/-\/portaria-gm-md-n-147-de-13-de-janeiro-de-2021-299778382\" target=\"_blank\" rel=\"noreferrer noopener\">portaria do Minist\u00e9rio da Defesa<\/a>&nbsp;que tamb\u00e9m suspende, at\u00e9&nbsp;30 de junho, a atualiza\u00e7\u00e3o cadastral para prova de vida de militares inativos, pensionistas de militares, militares anistiados pol\u00edticos e dependentes habilitados. De acordo com o texto, nesse caso, o bloqueio de pagamentos por falta de realiza\u00e7\u00e3o da comprova\u00e7\u00e3o de vida voltar\u00e3o a acontecer a partir de 1\u00ba de julho.<\/p>\n\n\n\n<p class=\"wp-block-paragraph\">A medida tamb\u00e9m foi adotada em mar\u00e7o do ano passado em raz\u00e3o da pandemia de covid-19 e vem sendo prorrogada.<\/p>\n\n\n\n<p class=\"has-white-color has-black-background-color has-text-color has-background wp-block-paragraph\">Quer saber as not\u00edcias do <strong>Aconteceu no Vale<\/strong> em primeira m\u00e3o? Siga-nos no Facebook <a rel=\"noreferrer noopener\" href=\"http:\/\/facebook.com\/aconteceunovale\" target=\"_blank\">@aconteceunovale<\/a>, Twitter <a rel=\"noreferrer noopener\" href=\"https:\/\/twitter.com\/noticiadosvales\" target=\"_blank\">@noticiadosvales<\/a> e Instagram <a rel=\"noreferrer noopener\" href=\"https:\/\/www.instagram.com\/aconteceunovale\" target=\"_blank\">@aconteceunovale<\/a>.<\/p>\n","protected":false},"excerpt":{"rendered":"<p>Os aposentados e pensionistas do Instituto Nacional do Seguro Social (INSS) que n\u00e3o fizeram a prova de vida entre mar\u00e7o de 2020 e fevereiro deste ano n\u00e3o ter\u00e3o seus benef\u00edcios bloqueados. A\u00a0Portaria\u00a0n\u00ba 1.266\/2021, publicada\u00a0hoje\u00a0(20\/1\/2021) no\u00a0Di\u00e1rio Oficial da Uni\u00e3o, prorroga a interrup\u00e7\u00e3o do bloqueio de benef\u00edcios para as compet\u00eancias\u00a0de janeiro\u00a0e fevereiro, ou seja, para pagamentos at\u00e9 [&hellip;]<\/p>\n","protected":false},"author":4,"featured_media":169341,"comment_status":"open","ping_status":"closed","sticky":false,"template":"","format":"standard","meta":{"amp_status":"","footnotes":""},"categories":[6],"tags":[25201,26724,6528,235173,225302,235171,235172],"class_list":["post-172566","post","type-post","status-publish","format-standard","has-post-thumbnail","hentry","category-br","tag-aposentadoria","tag-aposentados","tag-inss","tag-portaria-sobre-prova-de-vida-de-aposentados","tag-prova-de-vida-de-aposentados","tag-prova-de-vida-de-aposentados-e-suspensa-ate-fevereiro","tag-suspensao-da-prova-de-vida-de-aposentados"],"yoast_head":"<!-- This site is optimized with the Yoast SEO plugin v28.3 - https:\/\/yoast.com\/product\/yoast-seo-wordpress\/ -->\n<title>Prova de vida de aposentados \u00e9 suspensa at\u00e9 fevereiro - Aconteceu no Vale<\/title>\n<meta name=\"robots\" content=\"index, follow, max-snippet:-1, max-image-preview:large, max-video-preview:-1\" \/>\n<link rel=\"canonical\" href=\"https:\/\/aconteceunovale.com.br\/portal\/?p=172566\" \/>\n<meta property=\"og:locale\" content=\"pt_BR\" \/>\n<meta property=\"og:type\" content=\"article\" \/>\n<meta property=\"og:title\" content=\"Prova de vida de aposentados \u00e9 suspensa at\u00e9 fevereiro - Aconteceu no Vale\" \/>\n<meta property=\"og:description\" content=\"Os aposentados e pensionistas do Instituto Nacional do Seguro Social (INSS) que n\u00e3o fizeram a prova de vida entre mar\u00e7o de 2020 e fevereiro deste ano n\u00e3o ter\u00e3o seus benef\u00edcios bloqueados. A\u00a0Portaria\u00a0n\u00ba 1.266\/2021, publicada\u00a0hoje\u00a0(20\/1\/2021) no\u00a0Di\u00e1rio Oficial da Uni\u00e3o, prorroga a interrup\u00e7\u00e3o do bloqueio de benef\u00edcios para as compet\u00eancias\u00a0de janeiro\u00a0e fevereiro, ou seja, para pagamentos at\u00e9 [&hellip;]\" \/>\n<meta property=\"og:url\" content=\"https:\/\/aconteceunovale.com.br\/portal\/?p=172566\" \/>\n<meta property=\"og:site_name\" content=\"Aconteceu no Vale\" \/>\n<meta property=\"article:publisher\" content=\"https:\/\/www.facebook.com\/aconteceunovale\/\" \/>\n<meta property=\"article:published_time\" content=\"2021-01-20T16:00:26+00:00\" \/>\n<meta property=\"article:modified_time\" content=\"2021-01-20T16:00:41+00:00\" \/>\n<meta property=\"og:image\" content=\"https:\/\/aconteceunovale.com.br\/portal\/wp-content\/uploads\/2020\/11\/auxilio_doenca_previdencia.jpg\" \/>\n\t<meta property=\"og:image:width\" content=\"678\" \/>\n\t<meta property=\"og:image:height\" content=\"406\" \/>\n\t<meta property=\"og:image:type\" content=\"image\/jpeg\" \/>\n<meta name=\"author\" content=\"Reda\u00e7\u00e3o Aconteceu no Vale\" \/>\n<meta name=\"twitter:card\" content=\"summary_large_image\" \/>\n<meta name=\"twitter:creator\" content=\"@noticiadosvales\" \/>\n<meta name=\"twitter:site\" content=\"@noticiadosvales\" \/>\n<meta name=\"twitter:label1\" content=\"Escrito por\" \/>\n\t<meta name=\"twitter:data1\" content=\"Reda\u00e7\u00e3o Aconteceu no Vale\" \/>\n\t<meta name=\"twitter:label2\" content=\"Est. tempo de leitura\" \/>\n\t<meta name=\"twitter:data2\" content=\"2 minutos\" \/>\n<script type=\"application\/ld+json\" class=\"yoast-schema-graph\">{\"@context\":\"https:\\\/\\\/schema.org\",\"@graph\":[{\"@type\":\"Article\",\"@id\":\"https:\\\/\\\/aconteceunovale.com.br\\\/portal\\\/?p=172566#article\",\"isPartOf\":{\"@id\":\"https:\\\/\\\/aconteceunovale.com.br\\\/portal\\\/?p=172566\"},\"author\":{\"name\":\"Reda\u00e7\u00e3o Aconteceu no Vale\",\"@id\":\"https:\\\/\\\/aconteceunovale.com.br\\\/portal\\\/#\\\/schema\\\/person\\\/7d2f26d1483f8a63de73da1ee0754d35\"},\"headline\":\"Prova de vida de aposentados \u00e9 suspensa at\u00e9 fevereiro\",\"datePublished\":\"2021-01-20T16:00:26+00:00\",\"dateModified\":\"2021-01-20T16:00:41+00:00\",\"mainEntityOfPage\":{\"@id\":\"https:\\\/\\\/aconteceunovale.com.br\\\/portal\\\/?p=172566\"},\"wordCount\":404,\"commentCount\":0,\"image\":{\"@id\":\"https:\\\/\\\/aconteceunovale.com.br\\\/portal\\\/?p=172566#primaryimage\"},\"thumbnailUrl\":\"https:\\\/\\\/aconteceunovale.com.br\\\/portal\\\/wp-content\\\/uploads\\\/2020\\\/11\\\/auxilio_doenca_previdencia.jpg\",\"keywords\":[\"aposentadoria\",\"aposentados\",\"INSS\",\"Portaria sobre Prova de vida de aposentados\",\"Prova de vida de aposentados\",\"Prova de vida de aposentados \u00e9 suspensa at\u00e9 fevereiro\",\"Suspens\u00e3o da Prova de vida de aposentados\"],\"articleSection\":[\"Brasil\"],\"inLanguage\":\"pt-BR\",\"potentialAction\":[{\"@type\":\"CommentAction\",\"name\":\"Comment\",\"target\":[\"https:\\\/\\\/aconteceunovale.com.br\\\/portal\\\/?p=172566#respond\"]}]},{\"@type\":\"WebPage\",\"@id\":\"https:\\\/\\\/aconteceunovale.com.br\\\/portal\\\/?p=172566\",\"url\":\"https:\\\/\\\/aconteceunovale.com.br\\\/portal\\\/?p=172566\",\"name\":\"Prova de vida de aposentados \u00e9 suspensa at\u00e9 fevereiro - Aconteceu no Vale\",\"isPartOf\":{\"@id\":\"https:\\\/\\\/aconteceunovale.com.br\\\/portal\\\/#website\"},\"primaryImageOfPage\":{\"@id\":\"https:\\\/\\\/aconteceunovale.com.br\\\/portal\\\/?p=172566#primaryimage\"},\"image\":{\"@id\":\"https:\\\/\\\/aconteceunovale.com.br\\\/portal\\\/?p=172566#primaryimage\"},\"thumbnailUrl\":\"https:\\\/\\\/aconteceunovale.com.br\\\/portal\\\/wp-content\\\/uploads\\\/2020\\\/11\\\/auxilio_doenca_previdencia.jpg\",\"datePublished\":\"2021-01-20T16:00:26+00:00\",\"dateModified\":\"2021-01-20T16:00:41+00:00\",\"author\":{\"@id\":\"https:\\\/\\\/aconteceunovale.com.br\\\/portal\\\/#\\\/schema\\\/person\\\/7d2f26d1483f8a63de73da1ee0754d35\"},\"breadcrumb\":{\"@id\":\"https:\\\/\\\/aconteceunovale.com.br\\\/portal\\\/?p=172566#breadcrumb\"},\"inLanguage\":\"pt-BR\",\"potentialAction\":[{\"@type\":\"ReadAction\",\"target\":[\"https:\\\/\\\/aconteceunovale.com.br\\\/portal\\\/?p=172566\"]}]},{\"@type\":\"ImageObject\",\"inLanguage\":\"pt-BR\",\"@id\":\"https:\\\/\\\/aconteceunovale.com.br\\\/portal\\\/?p=172566#primaryimage\",\"url\":\"https:\\\/\\\/aconteceunovale.com.br\\\/portal\\\/wp-content\\\/uploads\\\/2020\\\/11\\\/auxilio_doenca_previdencia.jpg\",\"contentUrl\":\"https:\\\/\\\/aconteceunovale.com.br\\\/portal\\\/wp-content\\\/uploads\\\/2020\\\/11\\\/auxilio_doenca_previdencia.jpg\",\"width\":678,\"height\":406,\"caption\":\"Instituto Nacional do Seguro Social (INSS)\"},{\"@type\":\"BreadcrumbList\",\"@id\":\"https:\\\/\\\/aconteceunovale.com.br\\\/portal\\\/?p=172566#breadcrumb\",\"itemListElement\":[{\"@type\":\"ListItem\",\"position\":1,\"name\":\"In\u00edcio\",\"item\":\"https:\\\/\\\/aconteceunovale.com.br\\\/portal\\\/\"},{\"@type\":\"ListItem\",\"position\":2,\"name\":\"Prova de vida de aposentados \u00e9 suspensa at\u00e9 fevereiro\"}]},{\"@type\":\"WebSite\",\"@id\":\"https:\\\/\\\/aconteceunovale.com.br\\\/portal\\\/#website\",\"url\":\"https:\\\/\\\/aconteceunovale.com.br\\\/portal\\\/\",\"name\":\"Aconteceu no Vale\",\"description\":\"Portal de Not\u00edcias\",\"potentialAction\":[{\"@type\":\"SearchAction\",\"target\":{\"@type\":\"EntryPoint\",\"urlTemplate\":\"https:\\\/\\\/aconteceunovale.com.br\\\/portal\\\/?s={search_term_string}\"},\"query-input\":{\"@type\":\"PropertyValueSpecification\",\"valueRequired\":true,\"valueName\":\"search_term_string\"}}],\"inLanguage\":\"pt-BR\"},{\"@type\":\"Person\",\"@id\":\"https:\\\/\\\/aconteceunovale.com.br\\\/portal\\\/#\\\/schema\\\/person\\\/7d2f26d1483f8a63de73da1ee0754d35\",\"name\":\"Reda\u00e7\u00e3o Aconteceu no Vale\",\"description\":\"Equipe de reportagem do Aconteceu no Vale, portal de not\u00edcias do Vale do Jequitinhonha, em Minas Gerais. Cobrimos as 51 cidades do Vale desde 2013. Sugest\u00f5es de pauta e pedidos de corre\u00e7\u00e3o: contato@aconteceunovale.com.br\",\"url\":\"https:\\\/\\\/aconteceunovale.com.br\\\/portal\\\/?author=4\"}]}<\/script>\n<!-- \/ Yoast SEO plugin. -->","yoast_head_json":{"title":"Prova de vida de aposentados \u00e9 suspensa at\u00e9 fevereiro - Aconteceu no Vale","robots":{"index":"index","follow":"follow","max-snippet":"max-snippet:-1","max-image-preview":"max-image-preview:large","max-video-preview":"max-video-preview:-1"},"canonical":"https:\/\/aconteceunovale.com.br\/portal\/?p=172566","og_locale":"pt_BR","og_type":"article","og_title":"Prova de vida de aposentados \u00e9 suspensa at\u00e9 fevereiro - Aconteceu no Vale","og_description":"Os aposentados e pensionistas do Instituto Nacional do Seguro Social (INSS) que n\u00e3o fizeram a prova de vida entre mar\u00e7o de 2020 e fevereiro deste ano n\u00e3o ter\u00e3o seus benef\u00edcios bloqueados. A\u00a0Portaria\u00a0n\u00ba 1.266\/2021, publicada\u00a0hoje\u00a0(20\/1\/2021) no\u00a0Di\u00e1rio Oficial da Uni\u00e3o, prorroga a interrup\u00e7\u00e3o do bloqueio de benef\u00edcios para as compet\u00eancias\u00a0de janeiro\u00a0e fevereiro, ou seja, para pagamentos at\u00e9 [&hellip;]","og_url":"https:\/\/aconteceunovale.com.br\/portal\/?p=172566","og_site_name":"Aconteceu no Vale","article_publisher":"https:\/\/www.facebook.com\/aconteceunovale\/","article_published_time":"2021-01-20T16:00:26+00:00","article_modified_time":"2021-01-20T16:00:41+00:00","og_image":[{"width":678,"height":406,"url":"https:\/\/aconteceunovale.com.br\/portal\/wp-content\/uploads\/2020\/11\/auxilio_doenca_previdencia.jpg","type":"image\/jpeg"}],"author":"Reda\u00e7\u00e3o Aconteceu no Vale","twitter_card":"summary_large_image","twitter_creator":"@noticiadosvales","twitter_site":"@noticiadosvales","twitter_misc":{"Escrito por":"Reda\u00e7\u00e3o Aconteceu no Vale","Est. tempo de leitura":"2 minutos"},"schema":{"@context":"https:\/\/schema.org","@graph":[{"@type":"Article","@id":"https:\/\/aconteceunovale.com.br\/portal\/?p=172566#article","isPartOf":{"@id":"https:\/\/aconteceunovale.com.br\/portal\/?p=172566"},"author":{"name":"Reda\u00e7\u00e3o Aconteceu no Vale","@id":"https:\/\/aconteceunovale.com.br\/portal\/#\/schema\/person\/7d2f26d1483f8a63de73da1ee0754d35"},"headline":"Prova de vida de aposentados \u00e9 suspensa at\u00e9 fevereiro","datePublished":"2021-01-20T16:00:26+00:00","dateModified":"2021-01-20T16:00:41+00:00","mainEntityOfPage":{"@id":"https:\/\/aconteceunovale.com.br\/portal\/?p=172566"},"wordCount":404,"commentCount":0,"image":{"@id":"https:\/\/aconteceunovale.com.br\/portal\/?p=172566#primaryimage"},"thumbnailUrl":"https:\/\/aconteceunovale.com.br\/portal\/wp-content\/uploads\/2020\/11\/auxilio_doenca_previdencia.jpg","keywords":["aposentadoria","aposentados","INSS","Portaria sobre Prova de vida de aposentados","Prova de vida de aposentados","Prova de vida de aposentados \u00e9 suspensa at\u00e9 fevereiro","Suspens\u00e3o da Prova de vida de aposentados"],"articleSection":["Brasil"],"inLanguage":"pt-BR","potentialAction":[{"@type":"CommentAction","name":"Comment","target":["https:\/\/aconteceunovale.com.br\/portal\/?p=172566#respond"]}]},{"@type":"WebPage","@id":"https:\/\/aconteceunovale.com.br\/portal\/?p=172566","url":"https:\/\/aconteceunovale.com.br\/portal\/?p=172566","name":"Prova de vida de aposentados \u00e9 suspensa at\u00e9 fevereiro - Aconteceu no Vale","isPartOf":{"@id":"https:\/\/aconteceunovale.com.br\/portal\/#website"},"primaryImageOfPage":{"@id":"https:\/\/aconteceunovale.com.br\/portal\/?p=172566#primaryimage"},"image":{"@id":"https:\/\/aconteceunovale.com.br\/portal\/?p=172566#primaryimage"},"thumbnailUrl":"https:\/\/aconteceunovale.com.br\/portal\/wp-content\/uploads\/2020\/11\/auxilio_doenca_previdencia.jpg","datePublished":"2021-01-20T16:00:26+00:00","dateModified":"2021-01-20T16:00:41+00:00","author":{"@id":"https:\/\/aconteceunovale.com.br\/portal\/#\/schema\/person\/7d2f26d1483f8a63de73da1ee0754d35"},"breadcrumb":{"@id":"https:\/\/aconteceunovale.com.br\/portal\/?p=172566#breadcrumb"},"inLanguage":"pt-BR","potentialAction":[{"@type":"ReadAction","target":["https:\/\/aconteceunovale.com.br\/portal\/?p=172566"]}]},{"@type":"ImageObject","inLanguage":"pt-BR","@id":"https:\/\/aconteceunovale.com.br\/portal\/?p=172566#primaryimage","url":"https:\/\/aconteceunovale.com.br\/portal\/wp-content\/uploads\/2020\/11\/auxilio_doenca_previdencia.jpg","contentUrl":"https:\/\/aconteceunovale.com.br\/portal\/wp-content\/uploads\/2020\/11\/auxilio_doenca_previdencia.jpg","width":678,"height":406,"caption":"Instituto Nacional do Seguro Social (INSS)"},{"@type":"BreadcrumbList","@id":"https:\/\/aconteceunovale.com.br\/portal\/?p=172566#breadcrumb","itemListElement":[{"@type":"ListItem","position":1,"name":"In\u00edcio","item":"https:\/\/aconteceunovale.com.br\/portal\/"},{"@type":"ListItem","position":2,"name":"Prova de vida de aposentados \u00e9 suspensa at\u00e9 fevereiro"}]},{"@type":"WebSite","@id":"https:\/\/aconteceunovale.com.br\/portal\/#website","url":"https:\/\/aconteceunovale.com.br\/portal\/","name":"Aconteceu no Vale","description":"Portal de Not\u00edcias","potentialAction":[{"@type":"SearchAction","target":{"@type":"EntryPoint","urlTemplate":"https:\/\/aconteceunovale.com.br\/portal\/?s={search_term_string}"},"query-input":{"@type":"PropertyValueSpecification","valueRequired":true,"valueName":"search_term_string"}}],"inLanguage":"pt-BR"},{"@type":"Person","@id":"https:\/\/aconteceunovale.com.br\/portal\/#\/schema\/person\/7d2f26d1483f8a63de73da1ee0754d35","name":"Reda\u00e7\u00e3o Aconteceu no Vale","description":"Equipe de reportagem do Aconteceu no Vale, portal de not\u00edcias do Vale do Jequitinhonha, em Minas Gerais. Cobrimos as 51 cidades do Vale desde 2013. Sugest\u00f5es de pauta e pedidos de corre\u00e7\u00e3o: contato@aconteceunovale.com.br","url":"https:\/\/aconteceunovale.com.br\/portal\/?author=4"}]}},"_links":{"self":[{"href":"https:\/\/aconteceunovale.com.br\/portal\/index.php?rest_route=\/wp\/v2\/posts\/172566","targetHints":{"allow":["GET"]}}],"collection":[{"href":"https:\/\/aconteceunovale.com.br\/portal\/index.php?rest_route=\/wp\/v2\/posts"}],"about":[{"href":"https:\/\/aconteceunovale.com.br\/portal\/index.php?rest_route=\/wp\/v2\/types\/post"}],"author":[{"embeddable":true,"href":"https:\/\/aconteceunovale.com.br\/portal\/index.php?rest_route=\/wp\/v2\/users\/4"}],"replies":[{"embeddable":true,"href":"https:\/\/aconteceunovale.com.br\/portal\/index.php?rest_route=%2Fwp%2Fv2%2Fcomments&post=172566"}],"version-history":[{"count":1,"href":"https:\/\/aconteceunovale.com.br\/portal\/index.php?rest_route=\/wp\/v2\/posts\/172566\/revisions"}],"predecessor-version":[{"id":172567,"href":"https:\/\/aconteceunovale.com.br\/portal\/index.php?rest_route=\/wp\/v2\/posts\/172566\/revisions\/172567"}],"wp:featuredmedia":[{"embeddable":true,"href":"https:\/\/aconteceunovale.com.br\/portal\/index.php?rest_route=\/wp\/v2\/media\/169341"}],"wp:attachment":[{"href":"https:\/\/aconteceunovale.com.br\/portal\/index.php?rest_route=%2Fwp%2Fv2%2Fmedia&parent=172566"}],"wp:term":[{"taxonomy":"category","embeddable":true,"href":"https:\/\/aconteceunovale.com.br\/portal\/index.php?rest_route=%2Fwp%2Fv2%2Fcategories&post=172566"},{"taxonomy":"post_tag","embeddable":true,"href":"https:\/\/aconteceunovale.com.br\/portal\/index.php?rest_route=%2Fwp%2Fv2%2Ftags&post=172566"}],"curies":[{"name":"wp","href":"https:\/\/api.w.org\/{rel}","templated":true}]}}