{"id":172563,"date":"2021-01-20T12:26:47","date_gmt":"2021-01-20T15:26:47","guid":{"rendered":"https:\/\/aconteceunovale.com.br\/portal\/?p=172563"},"modified":"2021-01-27T18:54:28","modified_gmt":"2021-01-27T21:54:28","slug":"minas-gerais-tem-recorde-de-obitos-por-covid-19-em-24h","status":"publish","type":"post","link":"https:\/\/aconteceunovale.com.br\/portal\/?p=172563","title":{"rendered":"Minas Gerais tem recorde de \u00f3bitos por Covid-19 em 24h"},"content":{"rendered":"\n<p class=\"wp-block-paragraph\">Minas Gerais teve mais um recorde de mortes por Covid-19 registradas em 24 horas, apenas quatro dias desde o anterior. Foram 214 \u00f3bitos notificados em apenas um dia, segundo o boletim epidemiol\u00f3gico da Secretaria de Estado de Sa\u00fade (SES-MG), divulgado na manh\u00e3 desta quarta-feira (20\/1\/2021).<\/p>\n\n\n\n<p class=\"wp-block-paragraph\">At\u00e9 o momento, o estado j\u00e1 teve 659.385 casos confirmados de coronav\u00edrus, dos quais 13.721 acabaram em morte. Nas \u00faltimas 24 horas, houve 7.429 novos registros de pessoas infectadas.<\/p>\n\n\n\n<p class=\"wp-block-paragraph\">Dentre os pacientes infectados pela Covid-19, 61.917 seguem em acompanhamento, internados ou em isolamento domiciliar. E 583.747 mineiros s\u00e3o considerados &#8220;recuperados&#8221; da doen\u00e7a, ou seja, s\u00e3o pessoas que receberam alta hospitalar e\/ou cumpriram isolamento domiciliar de dez dias e est\u00e3o h\u00e1 72 horas assintom\u00e1ticos e sem intercorr\u00eancias.<\/p>\n\n\n\n<p class=\"wp-block-paragraph\">Ao todo, 605.153 mineiros j\u00e1 tiveram que ficar em isolamento domiciliar, \u00e0 espera da recupera\u00e7\u00e3o de infec\u00e7\u00e3o por Covid-19, desde o in\u00edcio da pandemia. Outros 54.232 tiveram o quadro mais grave da doen\u00e7a e precisaram de interna\u00e7\u00e3o hospitalar, na rede p\u00fablica ou privada.<\/p>\n\n\n\n<p class=\"wp-block-paragraph\">Minas Gerais j\u00e1 teve casos registrados de Covid-19 em todos os seus 853 munic\u00edpios.<\/p>\n\n\n\n<h2 class=\"wp-block-heading\"><strong>Perfil dos pacientes<\/strong><\/h2>\n\n\n\n<p class=\"wp-block-paragraph\">A maioria dos pacientes que morreram com a Covid-19 em Minas Gerais era de homens: 56% do total. E idosos: 80% t\u00eam mais de 60 anos. Dos \u00f3bitos, 41% s\u00e3o de cor branca e 43% de cor parda. Al\u00e9m disso, 73% dos \u00f3bitos ocorreram em pacientes que j\u00e1 tinham fatores de risco, principalmente cardiopatia, diabetes e pneumopatia.<\/p>\n\n\n\n<p class=\"wp-block-paragraph\">Outros fatores de risco registrados foram doen\u00e7a renal, transtornos mentais, doen\u00e7a neurol\u00f3gica, tabagismo, neoplasia, hipotireoidismo e doen\u00e7a genitourin\u00e1ria.<\/p>\n\n\n\n<h2 class=\"wp-block-heading\"><strong>Boletim epidemiol\u00f3gico<\/strong><\/h2>\n\n\n\n<div class=\"wp-block-file\"><a href=\"https:\/\/aconteceunovale.com.br\/portal\/wp-content\/uploads\/2021\/01\/boletim_epidemiologico_20_01_2021_covid-19.pdf\">\u2022 Confira o boletim epidemiol\u00f3gico de 20\/1\/2021<\/a><a href=\"https:\/\/aconteceunovale.com.br\/portal\/wp-content\/uploads\/2021\/01\/boletim_epidemiologico_20_01_2021_covid-19.pdf\" class=\"wp-block-file__button\" download>Clique aqui<\/a><\/div>\n\n\n\n<p class=\"has-white-color has-black-background-color has-text-color has-background wp-block-paragraph\">Quer saber as not\u00edcias do <strong>Aconteceu no Vale<\/strong> em primeira m\u00e3o? Siga-nos no Facebook <a rel=\"noreferrer noopener\" href=\"http:\/\/facebook.com\/aconteceunovale\" target=\"_blank\">@aconteceunovale<\/a>, Twitter <a rel=\"noreferrer noopener\" href=\"https:\/\/twitter.com\/noticiadosvales\" target=\"_blank\">@noticiadosvales<\/a> e Instagram <a rel=\"noreferrer noopener\" href=\"https:\/\/www.instagram.com\/aconteceunovale\" target=\"_blank\">@aconteceunovale<\/a>.<\/p>\n","protected":false},"excerpt":{"rendered":"<p>Minas Gerais teve mais um recorde de mortes por Covid-19 registradas em 24 horas, apenas quatro dias desde o anterior. Foram 214 \u00f3bitos notificados em apenas um dia, segundo o boletim epidemiol\u00f3gico da Secretaria de Estado de Sa\u00fade (SES-MG), divulgado na manh\u00e3 desta quarta-feira (20\/1\/2021). At\u00e9 o momento, o estado j\u00e1 teve 659.385 casos confirmados [&hellip;]<\/p>\n","protected":false},"author":4,"featured_media":171108,"comment_status":"open","ping_status":"closed","sticky":false,"template":"","format":"standard","meta":{"amp_status":"","footnotes":""},"categories":[123],"tags":[217799,219851,219853,214884,216498,221718,219855,215653,221717,219854,219852,217692,221719,220285,220287,220286],"class_list":["post-172563","post","type-post","status-publish","format-standard","has-post-thumbnail","hentry","category-gerais","tag-casos-de-coronavirus-em-minas-gerais","tag-casos-de-covid-19-em-minas-gerais","tag-cidades-com-casos-de-coronavirus-em-minas-gerais","tag-coronavirus","tag-covid-19","tag-curados-do-coronavirus-em-minas-gerais","tag-mortes-por-coronavirus-em-minas-gerais","tag-novo-coronavirus","tag-numero-de-curados-do-coronavirus-em-minas-gerais","tag-numeros-do-coronavirus-em-minas-gerais","tag-obitos-por-coronavirus-em-minas-gerias","tag-pandemia-de-coronavirus","tag-recuperados-do-coronavirus-em-minas-gerais","tag-secretaria-de-saude-atualiza-numeros-do-coronavirus-em-minas-gerais","tag-secretaria-de-saude-de-minas-gerais-atualiza-numeros-do-coronavirus","tag-ses-mg-atualiza-numeros-do-coronavirus"],"yoast_head":"<!-- This site is optimized with the Yoast SEO plugin v28.3 - https:\/\/yoast.com\/product\/yoast-seo-wordpress\/ -->\n<title>Minas Gerais tem recorde de \u00f3bitos por Covid-19 em 24h - Aconteceu no Vale<\/title>\n<meta name=\"robots\" content=\"index, follow, max-snippet:-1, max-image-preview:large, max-video-preview:-1\" \/>\n<link rel=\"canonical\" href=\"https:\/\/aconteceunovale.com.br\/portal\/?p=172563\" \/>\n<meta property=\"og:locale\" content=\"pt_BR\" \/>\n<meta property=\"og:type\" content=\"article\" \/>\n<meta property=\"og:title\" content=\"Minas Gerais tem recorde de \u00f3bitos por Covid-19 em 24h - Aconteceu no Vale\" \/>\n<meta property=\"og:description\" content=\"Minas Gerais teve mais um recorde de mortes por Covid-19 registradas em 24 horas, apenas quatro dias desde o anterior. Foram 214 \u00f3bitos notificados em apenas um dia, segundo o boletim epidemiol\u00f3gico da Secretaria de Estado de Sa\u00fade (SES-MG), divulgado na manh\u00e3 desta quarta-feira (20\/1\/2021). At\u00e9 o momento, o estado j\u00e1 teve 659.385 casos confirmados [&hellip;]\" \/>\n<meta property=\"og:url\" content=\"https:\/\/aconteceunovale.com.br\/portal\/?p=172563\" \/>\n<meta property=\"og:site_name\" content=\"Aconteceu no Vale\" \/>\n<meta property=\"article:publisher\" content=\"https:\/\/www.facebook.com\/aconteceunovale\/\" \/>\n<meta property=\"article:published_time\" content=\"2021-01-20T15:26:47+00:00\" \/>\n<meta property=\"article:modified_time\" content=\"2021-01-27T21:54:28+00:00\" \/>\n<meta property=\"og:image\" content=\"https:\/\/aconteceunovale.com.br\/portal\/wp-content\/uploads\/2020\/12\/nova_cepa_corona.jpg\" \/>\n\t<meta property=\"og:image:width\" content=\"601\" \/>\n\t<meta property=\"og:image:height\" content=\"450\" \/>\n\t<meta property=\"og:image:type\" content=\"image\/jpeg\" \/>\n<meta name=\"author\" content=\"Reda\u00e7\u00e3o Aconteceu no Vale\" \/>\n<meta name=\"twitter:card\" content=\"summary_large_image\" \/>\n<meta name=\"twitter:creator\" content=\"@noticiadosvales\" \/>\n<meta name=\"twitter:site\" content=\"@noticiadosvales\" \/>\n<meta name=\"twitter:label1\" content=\"Escrito por\" \/>\n\t<meta name=\"twitter:data1\" content=\"Reda\u00e7\u00e3o Aconteceu no Vale\" \/>\n\t<meta name=\"twitter:label2\" content=\"Est. tempo de leitura\" \/>\n\t<meta name=\"twitter:data2\" content=\"1 minuto\" \/>\n<script type=\"application\/ld+json\" class=\"yoast-schema-graph\">{\"@context\":\"https:\\\/\\\/schema.org\",\"@graph\":[{\"@type\":\"Article\",\"@id\":\"https:\\\/\\\/aconteceunovale.com.br\\\/portal\\\/?p=172563#article\",\"isPartOf\":{\"@id\":\"https:\\\/\\\/aconteceunovale.com.br\\\/portal\\\/?p=172563\"},\"author\":{\"name\":\"Reda\u00e7\u00e3o Aconteceu no Vale\",\"@id\":\"https:\\\/\\\/aconteceunovale.com.br\\\/portal\\\/#\\\/schema\\\/person\\\/7d2f26d1483f8a63de73da1ee0754d35\"},\"headline\":\"Minas Gerais tem recorde de \u00f3bitos por Covid-19 em 24h\",\"datePublished\":\"2021-01-20T15:26:47+00:00\",\"dateModified\":\"2021-01-27T21:54:28+00:00\",\"mainEntityOfPage\":{\"@id\":\"https:\\\/\\\/aconteceunovale.com.br\\\/portal\\\/?p=172563\"},\"wordCount\":304,\"commentCount\":0,\"image\":{\"@id\":\"https:\\\/\\\/aconteceunovale.com.br\\\/portal\\\/?p=172563#primaryimage\"},\"thumbnailUrl\":\"https:\\\/\\\/aconteceunovale.com.br\\\/portal\\\/wp-content\\\/uploads\\\/2020\\\/12\\\/nova_cepa_corona.jpg\",\"keywords\":[\"Casos de coronav\u00edrus em Minas Gerais\",\"Casos de covid-19 em Minas Gerais\",\"Cidades com casos de coronav\u00edrus em Minas Gerais\",\"Coronav\u00edrus\",\"COVID-19\",\"Curados do coronav\u00edrus em Minas Gerais\",\"Mortes por coronav\u00edrus em Minas Gerais\",\"Novo coronav\u00edrus\",\"N\u00famero de curados do coronav\u00edrus em Minas Gerais\",\"N\u00fameros do coronav\u00edrus em Minas Gerais\",\"\u00d3bitos por coronav\u00edrus em Minas Gerias\",\"Pandemia de coronav\u00edrus\",\"Recuperados do coronav\u00edrus em Minas Gerais\",\"Secretaria de Sa\u00fade atualiza n\u00fameros do coronav\u00edrus em Minas Gerais\",\"Secretaria de Sa\u00fade de Minas Gerais atualiza n\u00fameros do coronav\u00edrus\",\"SES-MG atualiza n\u00fameros do coronav\u00edrus\"],\"articleSection\":[\"Minas Gerais\"],\"inLanguage\":\"pt-BR\",\"potentialAction\":[{\"@type\":\"CommentAction\",\"name\":\"Comment\",\"target\":[\"https:\\\/\\\/aconteceunovale.com.br\\\/portal\\\/?p=172563#respond\"]}]},{\"@type\":\"WebPage\",\"@id\":\"https:\\\/\\\/aconteceunovale.com.br\\\/portal\\\/?p=172563\",\"url\":\"https:\\\/\\\/aconteceunovale.com.br\\\/portal\\\/?p=172563\",\"name\":\"Minas Gerais tem recorde de \u00f3bitos por Covid-19 em 24h - Aconteceu no Vale\",\"isPartOf\":{\"@id\":\"https:\\\/\\\/aconteceunovale.com.br\\\/portal\\\/#website\"},\"primaryImageOfPage\":{\"@id\":\"https:\\\/\\\/aconteceunovale.com.br\\\/portal\\\/?p=172563#primaryimage\"},\"image\":{\"@id\":\"https:\\\/\\\/aconteceunovale.com.br\\\/portal\\\/?p=172563#primaryimage\"},\"thumbnailUrl\":\"https:\\\/\\\/aconteceunovale.com.br\\\/portal\\\/wp-content\\\/uploads\\\/2020\\\/12\\\/nova_cepa_corona.jpg\",\"datePublished\":\"2021-01-20T15:26:47+00:00\",\"dateModified\":\"2021-01-27T21:54:28+00:00\",\"author\":{\"@id\":\"https:\\\/\\\/aconteceunovale.com.br\\\/portal\\\/#\\\/schema\\\/person\\\/7d2f26d1483f8a63de73da1ee0754d35\"},\"breadcrumb\":{\"@id\":\"https:\\\/\\\/aconteceunovale.com.br\\\/portal\\\/?p=172563#breadcrumb\"},\"inLanguage\":\"pt-BR\",\"potentialAction\":[{\"@type\":\"ReadAction\",\"target\":[\"https:\\\/\\\/aconteceunovale.com.br\\\/portal\\\/?p=172563\"]}]},{\"@type\":\"ImageObject\",\"inLanguage\":\"pt-BR\",\"@id\":\"https:\\\/\\\/aconteceunovale.com.br\\\/portal\\\/?p=172563#primaryimage\",\"url\":\"https:\\\/\\\/aconteceunovale.com.br\\\/portal\\\/wp-content\\\/uploads\\\/2020\\\/12\\\/nova_cepa_corona.jpg\",\"contentUrl\":\"https:\\\/\\\/aconteceunovale.com.br\\\/portal\\\/wp-content\\\/uploads\\\/2020\\\/12\\\/nova_cepa_corona.jpg\",\"width\":601,\"height\":450},{\"@type\":\"BreadcrumbList\",\"@id\":\"https:\\\/\\\/aconteceunovale.com.br\\\/portal\\\/?p=172563#breadcrumb\",\"itemListElement\":[{\"@type\":\"ListItem\",\"position\":1,\"name\":\"In\u00edcio\",\"item\":\"https:\\\/\\\/aconteceunovale.com.br\\\/portal\\\/\"},{\"@type\":\"ListItem\",\"position\":2,\"name\":\"Minas Gerais tem recorde de \u00f3bitos por Covid-19 em 24h\"}]},{\"@type\":\"WebSite\",\"@id\":\"https:\\\/\\\/aconteceunovale.com.br\\\/portal\\\/#website\",\"url\":\"https:\\\/\\\/aconteceunovale.com.br\\\/portal\\\/\",\"name\":\"Aconteceu no Vale\",\"description\":\"Portal de Not\u00edcias\",\"potentialAction\":[{\"@type\":\"SearchAction\",\"target\":{\"@type\":\"EntryPoint\",\"urlTemplate\":\"https:\\\/\\\/aconteceunovale.com.br\\\/portal\\\/?s={search_term_string}\"},\"query-input\":{\"@type\":\"PropertyValueSpecification\",\"valueRequired\":true,\"valueName\":\"search_term_string\"}}],\"inLanguage\":\"pt-BR\"},{\"@type\":\"Person\",\"@id\":\"https:\\\/\\\/aconteceunovale.com.br\\\/portal\\\/#\\\/schema\\\/person\\\/7d2f26d1483f8a63de73da1ee0754d35\",\"name\":\"Reda\u00e7\u00e3o Aconteceu no Vale\",\"description\":\"Equipe de reportagem do Aconteceu no Vale, portal de not\u00edcias do Vale do Jequitinhonha, em Minas Gerais. Cobrimos as 51 cidades do Vale desde 2013. Sugest\u00f5es de pauta e pedidos de corre\u00e7\u00e3o: contato@aconteceunovale.com.br\",\"url\":\"https:\\\/\\\/aconteceunovale.com.br\\\/portal\\\/?author=4\"}]}<\/script>\n<!-- \/ Yoast SEO plugin. -->","yoast_head_json":{"title":"Minas Gerais tem recorde de \u00f3bitos por Covid-19 em 24h - Aconteceu no Vale","robots":{"index":"index","follow":"follow","max-snippet":"max-snippet:-1","max-image-preview":"max-image-preview:large","max-video-preview":"max-video-preview:-1"},"canonical":"https:\/\/aconteceunovale.com.br\/portal\/?p=172563","og_locale":"pt_BR","og_type":"article","og_title":"Minas Gerais tem recorde de \u00f3bitos por Covid-19 em 24h - Aconteceu no Vale","og_description":"Minas Gerais teve mais um recorde de mortes por Covid-19 registradas em 24 horas, apenas quatro dias desde o anterior. Foram 214 \u00f3bitos notificados em apenas um dia, segundo o boletim epidemiol\u00f3gico da Secretaria de Estado de Sa\u00fade (SES-MG), divulgado na manh\u00e3 desta quarta-feira (20\/1\/2021). At\u00e9 o momento, o estado j\u00e1 teve 659.385 casos confirmados [&hellip;]","og_url":"https:\/\/aconteceunovale.com.br\/portal\/?p=172563","og_site_name":"Aconteceu no Vale","article_publisher":"https:\/\/www.facebook.com\/aconteceunovale\/","article_published_time":"2021-01-20T15:26:47+00:00","article_modified_time":"2021-01-27T21:54:28+00:00","og_image":[{"width":601,"height":450,"url":"https:\/\/aconteceunovale.com.br\/portal\/wp-content\/uploads\/2020\/12\/nova_cepa_corona.jpg","type":"image\/jpeg"}],"author":"Reda\u00e7\u00e3o Aconteceu no Vale","twitter_card":"summary_large_image","twitter_creator":"@noticiadosvales","twitter_site":"@noticiadosvales","twitter_misc":{"Escrito por":"Reda\u00e7\u00e3o Aconteceu no Vale","Est. tempo de leitura":"1 minuto"},"schema":{"@context":"https:\/\/schema.org","@graph":[{"@type":"Article","@id":"https:\/\/aconteceunovale.com.br\/portal\/?p=172563#article","isPartOf":{"@id":"https:\/\/aconteceunovale.com.br\/portal\/?p=172563"},"author":{"name":"Reda\u00e7\u00e3o Aconteceu no Vale","@id":"https:\/\/aconteceunovale.com.br\/portal\/#\/schema\/person\/7d2f26d1483f8a63de73da1ee0754d35"},"headline":"Minas Gerais tem recorde de \u00f3bitos por Covid-19 em 24h","datePublished":"2021-01-20T15:26:47+00:00","dateModified":"2021-01-27T21:54:28+00:00","mainEntityOfPage":{"@id":"https:\/\/aconteceunovale.com.br\/portal\/?p=172563"},"wordCount":304,"commentCount":0,"image":{"@id":"https:\/\/aconteceunovale.com.br\/portal\/?p=172563#primaryimage"},"thumbnailUrl":"https:\/\/aconteceunovale.com.br\/portal\/wp-content\/uploads\/2020\/12\/nova_cepa_corona.jpg","keywords":["Casos de coronav\u00edrus em Minas Gerais","Casos de covid-19 em Minas Gerais","Cidades com casos de coronav\u00edrus em Minas Gerais","Coronav\u00edrus","COVID-19","Curados do coronav\u00edrus em Minas Gerais","Mortes por coronav\u00edrus em Minas Gerais","Novo coronav\u00edrus","N\u00famero de curados do coronav\u00edrus em Minas Gerais","N\u00fameros do coronav\u00edrus em Minas Gerais","\u00d3bitos por coronav\u00edrus em Minas Gerias","Pandemia de coronav\u00edrus","Recuperados do coronav\u00edrus em Minas Gerais","Secretaria de Sa\u00fade atualiza n\u00fameros do coronav\u00edrus em Minas Gerais","Secretaria de Sa\u00fade de Minas Gerais atualiza n\u00fameros do coronav\u00edrus","SES-MG atualiza n\u00fameros do coronav\u00edrus"],"articleSection":["Minas Gerais"],"inLanguage":"pt-BR","potentialAction":[{"@type":"CommentAction","name":"Comment","target":["https:\/\/aconteceunovale.com.br\/portal\/?p=172563#respond"]}]},{"@type":"WebPage","@id":"https:\/\/aconteceunovale.com.br\/portal\/?p=172563","url":"https:\/\/aconteceunovale.com.br\/portal\/?p=172563","name":"Minas Gerais tem recorde de \u00f3bitos por Covid-19 em 24h - Aconteceu no Vale","isPartOf":{"@id":"https:\/\/aconteceunovale.com.br\/portal\/#website"},"primaryImageOfPage":{"@id":"https:\/\/aconteceunovale.com.br\/portal\/?p=172563#primaryimage"},"image":{"@id":"https:\/\/aconteceunovale.com.br\/portal\/?p=172563#primaryimage"},"thumbnailUrl":"https:\/\/aconteceunovale.com.br\/portal\/wp-content\/uploads\/2020\/12\/nova_cepa_corona.jpg","datePublished":"2021-01-20T15:26:47+00:00","dateModified":"2021-01-27T21:54:28+00:00","author":{"@id":"https:\/\/aconteceunovale.com.br\/portal\/#\/schema\/person\/7d2f26d1483f8a63de73da1ee0754d35"},"breadcrumb":{"@id":"https:\/\/aconteceunovale.com.br\/portal\/?p=172563#breadcrumb"},"inLanguage":"pt-BR","potentialAction":[{"@type":"ReadAction","target":["https:\/\/aconteceunovale.com.br\/portal\/?p=172563"]}]},{"@type":"ImageObject","inLanguage":"pt-BR","@id":"https:\/\/aconteceunovale.com.br\/portal\/?p=172563#primaryimage","url":"https:\/\/aconteceunovale.com.br\/portal\/wp-content\/uploads\/2020\/12\/nova_cepa_corona.jpg","contentUrl":"https:\/\/aconteceunovale.com.br\/portal\/wp-content\/uploads\/2020\/12\/nova_cepa_corona.jpg","width":601,"height":450},{"@type":"BreadcrumbList","@id":"https:\/\/aconteceunovale.com.br\/portal\/?p=172563#breadcrumb","itemListElement":[{"@type":"ListItem","position":1,"name":"In\u00edcio","item":"https:\/\/aconteceunovale.com.br\/portal\/"},{"@type":"ListItem","position":2,"name":"Minas Gerais tem recorde de \u00f3bitos por Covid-19 em 24h"}]},{"@type":"WebSite","@id":"https:\/\/aconteceunovale.com.br\/portal\/#website","url":"https:\/\/aconteceunovale.com.br\/portal\/","name":"Aconteceu no Vale","description":"Portal de Not\u00edcias","potentialAction":[{"@type":"SearchAction","target":{"@type":"EntryPoint","urlTemplate":"https:\/\/aconteceunovale.com.br\/portal\/?s={search_term_string}"},"query-input":{"@type":"PropertyValueSpecification","valueRequired":true,"valueName":"search_term_string"}}],"inLanguage":"pt-BR"},{"@type":"Person","@id":"https:\/\/aconteceunovale.com.br\/portal\/#\/schema\/person\/7d2f26d1483f8a63de73da1ee0754d35","name":"Reda\u00e7\u00e3o Aconteceu no Vale","description":"Equipe de reportagem do Aconteceu no Vale, portal de not\u00edcias do Vale do Jequitinhonha, em Minas Gerais. Cobrimos as 51 cidades do Vale desde 2013. Sugest\u00f5es de pauta e pedidos de corre\u00e7\u00e3o: contato@aconteceunovale.com.br","url":"https:\/\/aconteceunovale.com.br\/portal\/?author=4"}]}},"_links":{"self":[{"href":"https:\/\/aconteceunovale.com.br\/portal\/index.php?rest_route=\/wp\/v2\/posts\/172563","targetHints":{"allow":["GET"]}}],"collection":[{"href":"https:\/\/aconteceunovale.com.br\/portal\/index.php?rest_route=\/wp\/v2\/posts"}],"about":[{"href":"https:\/\/aconteceunovale.com.br\/portal\/index.php?rest_route=\/wp\/v2\/types\/post"}],"author":[{"embeddable":true,"href":"https:\/\/aconteceunovale.com.br\/portal\/index.php?rest_route=\/wp\/v2\/users\/4"}],"replies":[{"embeddable":true,"href":"https:\/\/aconteceunovale.com.br\/portal\/index.php?rest_route=%2Fwp%2Fv2%2Fcomments&post=172563"}],"version-history":[{"count":1,"href":"https:\/\/aconteceunovale.com.br\/portal\/index.php?rest_route=\/wp\/v2\/posts\/172563\/revisions"}],"predecessor-version":[{"id":172565,"href":"https:\/\/aconteceunovale.com.br\/portal\/index.php?rest_route=\/wp\/v2\/posts\/172563\/revisions\/172565"}],"wp:featuredmedia":[{"embeddable":true,"href":"https:\/\/aconteceunovale.com.br\/portal\/index.php?rest_route=\/wp\/v2\/media\/171108"}],"wp:attachment":[{"href":"https:\/\/aconteceunovale.com.br\/portal\/index.php?rest_route=%2Fwp%2Fv2%2Fmedia&parent=172563"}],"wp:term":[{"taxonomy":"category","embeddable":true,"href":"https:\/\/aconteceunovale.com.br\/portal\/index.php?rest_route=%2Fwp%2Fv2%2Fcategories&post=172563"},{"taxonomy":"post_tag","embeddable":true,"href":"https:\/\/aconteceunovale.com.br\/portal\/index.php?rest_route=%2Fwp%2Fv2%2Ftags&post=172563"}],"curies":[{"name":"wp","href":"https:\/\/api.w.org\/{rel}","templated":true}]}}