{"id":172539,"date":"2021-01-19T23:19:38","date_gmt":"2021-01-20T02:19:38","guid":{"rendered":"https:\/\/aconteceunovale.com.br\/portal\/?p=172539"},"modified":"2021-01-19T23:21:46","modified_gmt":"2021-01-20T02:21:46","slug":"homem-e-preso-por-homicidio-em-salinas","status":"publish","type":"post","link":"https:\/\/aconteceunovale.com.br\/portal\/?p=172539","title":{"rendered":"Homem \u00e9 preso por homic\u00eddio em Salinas"},"content":{"rendered":"\n<p class=\"wp-block-paragraph\">Um homem foi preso suspeito de matar o ex-companheiro de sua mulher em Salinas, na regi\u00e3o Norte de Minas, nesta ter\u00e7a-feira (19\/1\/2021). O crime aconteceu no Centro da cidade. Segundo informa\u00e7\u00f5es da Pol\u00edcia Militar, a v\u00edtima foi morta em casa e levou v\u00e1rias facadas, sendo cinco no peito.<\/p>\n\n\n\n<p class=\"wp-block-paragraph\">Uma equipe policial foi at\u00e9 a resid\u00eancia ap\u00f3s receber den\u00fancias an\u00f4nimas relatando a ocorr\u00eancia de uma gritaria no local. Ao chegarem no endere\u00e7o indicado, os militares depararam com o suspeito e a v\u00edtima em um dos quartos. A mulher estava no im\u00f3vel, mas afirmou que n\u00e3o presenciou o assassinato.<\/p>\n\n\n\n<p class=\"wp-block-paragraph\">De acordo com a PM, o homem falou que j\u00e1 havia se desentendido v\u00e1rias vezes com a v\u00edtima e que foi amea\u00e7ado, mas nenhum registro foi feito na pol\u00edcia. Ele admitiu ainda que cometeu o homic\u00eddio por ci\u00fames da mulher. Uma faca foi apreendida pela per\u00edcia da Pol\u00edcia Civil.<\/p>\n\n\n\n<p class=\"wp-block-paragraph\">O suspeito foi ouvido e levado para o pres\u00eddio. O caso ser\u00e1 investigado.<\/p>\n\n\n\n<figure class=\"wp-block-gallery columns-1 is-cropped wp-block-gallery-1 is-layout-flex wp-block-gallery-is-layout-flex\"><ul class=\"blocks-gallery-grid\"><li class=\"blocks-gallery-item\"><figure><img loading=\"lazy\" decoding=\"async\" width=\"678\" height=\"382\" src=\"https:\/\/aconteceunovale.com.br\/portal\/wp-content\/uploads\/2021\/01\/homicidio_salinas.jpeg\" alt=\"\" data-id=\"172540\" data-full-url=\"https:\/\/aconteceunovale.com.br\/portal\/wp-content\/uploads\/2021\/01\/homicidio_salinas.jpeg\" data-link=\"https:\/\/aconteceunovale.com.br\/portal\/?attachment_id=172540\" class=\"wp-image-172540\" srcset=\"https:\/\/aconteceunovale.com.br\/portal\/wp-content\/uploads\/2021\/01\/homicidio_salinas.jpeg 678w, https:\/\/aconteceunovale.com.br\/portal\/wp-content\/uploads\/2021\/01\/homicidio_salinas-300x169.jpeg 300w\" sizes=\"auto, (max-width: 678px) 100vw, 678px\" \/><figcaption class=\"blocks-gallery-item__caption\"><em>Foto: Pol\u00edcia Militar\/Divulga\u00e7\u00e3o<\/em><\/figcaption><\/figure><\/li><\/ul><\/figure>\n\n\n\n<p class=\"has-white-color has-black-background-color has-text-color has-background wp-block-paragraph\">Quer saber as not\u00edcias do <strong>Aconteceu no Vale<\/strong> em primeira m\u00e3o? Siga-nos no Facebook <a rel=\"noreferrer noopener\" href=\"http:\/\/facebook.com\/aconteceunovale\" target=\"_blank\">@aconteceunovale<\/a>, Twitter <a rel=\"noreferrer noopener\" href=\"https:\/\/twitter.com\/noticiadosvales\" target=\"_blank\">@noticiadosvales<\/a> e Instagram <a rel=\"noreferrer noopener\" href=\"https:\/\/www.instagram.com\/aconteceunovale\" target=\"_blank\">@aconteceunovale<\/a>.<\/p>\n","protected":false},"excerpt":{"rendered":"<p>Um homem foi preso suspeito de matar o ex-companheiro de sua mulher em Salinas, na regi\u00e3o Norte de Minas, nesta ter\u00e7a-feira (19\/1\/2021). O crime aconteceu no Centro da cidade. Segundo informa\u00e7\u00f5es da Pol\u00edcia Militar, a v\u00edtima foi morta em casa e levou v\u00e1rias facadas, sendo cinco no peito. Uma equipe policial foi at\u00e9 a resid\u00eancia [&hellip;]<\/p>\n","protected":false},"author":4,"featured_media":172540,"comment_status":"open","ping_status":"closed","sticky":false,"template":"","format":"standard","meta":{"amp_status":"","footnotes":""},"categories":[1236],"tags":[67256,67255,235127,203746,55061,67258,235128,67257,190],"class_list":["post-172539","post","type-post","status-publish","format-standard","has-post-thumbnail","hentry","category-norte_de_minas","tag-assassinado-em-salinas","tag-assassinato-em-salinas","tag-homem-e-preso-por-homicidio-em-salinas","tag-homem-morto-em-salinas","tag-homicidio-em-salinas","tag-morte-em-salinas","tag-morte-por-ciumes-em-salinas","tag-morto-em-salinas","tag-salinas"],"yoast_head":"<!-- This site is optimized with the Yoast SEO plugin v28.3 - https:\/\/yoast.com\/product\/yoast-seo-wordpress\/ -->\n<title>Homem \u00e9 preso por homic\u00eddio em Salinas - Aconteceu no Vale<\/title>\n<meta name=\"robots\" content=\"index, follow, max-snippet:-1, max-image-preview:large, max-video-preview:-1\" \/>\n<link rel=\"canonical\" href=\"https:\/\/aconteceunovale.com.br\/portal\/?p=172539\" \/>\n<meta property=\"og:locale\" content=\"pt_BR\" \/>\n<meta property=\"og:type\" content=\"article\" \/>\n<meta property=\"og:title\" content=\"Homem \u00e9 preso por homic\u00eddio em Salinas - Aconteceu no Vale\" \/>\n<meta property=\"og:description\" content=\"Um homem foi preso suspeito de matar o ex-companheiro de sua mulher em Salinas, na regi\u00e3o Norte de Minas, nesta ter\u00e7a-feira (19\/1\/2021). O crime aconteceu no Centro da cidade. Segundo informa\u00e7\u00f5es da Pol\u00edcia Militar, a v\u00edtima foi morta em casa e levou v\u00e1rias facadas, sendo cinco no peito. Uma equipe policial foi at\u00e9 a resid\u00eancia [&hellip;]\" \/>\n<meta property=\"og:url\" content=\"https:\/\/aconteceunovale.com.br\/portal\/?p=172539\" \/>\n<meta property=\"og:site_name\" content=\"Aconteceu no Vale\" \/>\n<meta property=\"article:publisher\" content=\"https:\/\/www.facebook.com\/aconteceunovale\/\" \/>\n<meta property=\"article:published_time\" content=\"2021-01-20T02:19:38+00:00\" \/>\n<meta property=\"article:modified_time\" content=\"2021-01-20T02:21:46+00:00\" \/>\n<meta property=\"og:image\" content=\"https:\/\/aconteceunovale.com.br\/portal\/wp-content\/uploads\/2021\/01\/homicidio_salinas.jpeg\" \/>\n\t<meta property=\"og:image:width\" content=\"678\" \/>\n\t<meta property=\"og:image:height\" content=\"382\" \/>\n\t<meta property=\"og:image:type\" content=\"image\/jpeg\" \/>\n<meta name=\"author\" content=\"Reda\u00e7\u00e3o Aconteceu no Vale\" \/>\n<meta name=\"twitter:card\" content=\"summary_large_image\" \/>\n<meta name=\"twitter:creator\" content=\"@noticiadosvales\" \/>\n<meta name=\"twitter:site\" content=\"@noticiadosvales\" \/>\n<meta name=\"twitter:label1\" content=\"Escrito por\" \/>\n\t<meta name=\"twitter:data1\" content=\"Reda\u00e7\u00e3o Aconteceu no Vale\" \/>\n\t<meta name=\"twitter:label2\" content=\"Est. tempo de leitura\" \/>\n\t<meta name=\"twitter:data2\" content=\"1 minuto\" \/>\n<script type=\"application\/ld+json\" class=\"yoast-schema-graph\">{\"@context\":\"https:\\\/\\\/schema.org\",\"@graph\":[{\"@type\":\"Article\",\"@id\":\"https:\\\/\\\/aconteceunovale.com.br\\\/portal\\\/?p=172539#article\",\"isPartOf\":{\"@id\":\"https:\\\/\\\/aconteceunovale.com.br\\\/portal\\\/?p=172539\"},\"author\":{\"name\":\"Reda\u00e7\u00e3o Aconteceu no Vale\",\"@id\":\"https:\\\/\\\/aconteceunovale.com.br\\\/portal\\\/#\\\/schema\\\/person\\\/7d2f26d1483f8a63de73da1ee0754d35\"},\"headline\":\"Homem \u00e9 preso por homic\u00eddio em Salinas\",\"datePublished\":\"2021-01-20T02:19:38+00:00\",\"dateModified\":\"2021-01-20T02:21:46+00:00\",\"mainEntityOfPage\":{\"@id\":\"https:\\\/\\\/aconteceunovale.com.br\\\/portal\\\/?p=172539\"},\"wordCount\":217,\"commentCount\":0,\"image\":{\"@id\":\"https:\\\/\\\/aconteceunovale.com.br\\\/portal\\\/?p=172539#primaryimage\"},\"thumbnailUrl\":\"https:\\\/\\\/aconteceunovale.com.br\\\/portal\\\/wp-content\\\/uploads\\\/2021\\\/01\\\/homicidio_salinas.jpeg\",\"keywords\":[\"assassinado em Salinas\",\"assassinato em Salinas\",\"Homem \u00e9 preso por homic\u00eddio em Salinas\",\"Homem morto em Salinas\",\"homic\u00eddio em salinas\",\"morte em Salinas\",\"Morte por ci\u00fames em Salinas\",\"morto em Salinas\",\"Salinas\"],\"articleSection\":[\"Norte de Minas\"],\"inLanguage\":\"pt-BR\",\"potentialAction\":[{\"@type\":\"CommentAction\",\"name\":\"Comment\",\"target\":[\"https:\\\/\\\/aconteceunovale.com.br\\\/portal\\\/?p=172539#respond\"]}]},{\"@type\":\"WebPage\",\"@id\":\"https:\\\/\\\/aconteceunovale.com.br\\\/portal\\\/?p=172539\",\"url\":\"https:\\\/\\\/aconteceunovale.com.br\\\/portal\\\/?p=172539\",\"name\":\"Homem \u00e9 preso por homic\u00eddio em Salinas - Aconteceu no Vale\",\"isPartOf\":{\"@id\":\"https:\\\/\\\/aconteceunovale.com.br\\\/portal\\\/#website\"},\"primaryImageOfPage\":{\"@id\":\"https:\\\/\\\/aconteceunovale.com.br\\\/portal\\\/?p=172539#primaryimage\"},\"image\":{\"@id\":\"https:\\\/\\\/aconteceunovale.com.br\\\/portal\\\/?p=172539#primaryimage\"},\"thumbnailUrl\":\"https:\\\/\\\/aconteceunovale.com.br\\\/portal\\\/wp-content\\\/uploads\\\/2021\\\/01\\\/homicidio_salinas.jpeg\",\"datePublished\":\"2021-01-20T02:19:38+00:00\",\"dateModified\":\"2021-01-20T02:21:46+00:00\",\"author\":{\"@id\":\"https:\\\/\\\/aconteceunovale.com.br\\\/portal\\\/#\\\/schema\\\/person\\\/7d2f26d1483f8a63de73da1ee0754d35\"},\"breadcrumb\":{\"@id\":\"https:\\\/\\\/aconteceunovale.com.br\\\/portal\\\/?p=172539#breadcrumb\"},\"inLanguage\":\"pt-BR\",\"potentialAction\":[{\"@type\":\"ReadAction\",\"target\":[\"https:\\\/\\\/aconteceunovale.com.br\\\/portal\\\/?p=172539\"]}]},{\"@type\":\"ImageObject\",\"inLanguage\":\"pt-BR\",\"@id\":\"https:\\\/\\\/aconteceunovale.com.br\\\/portal\\\/?p=172539#primaryimage\",\"url\":\"https:\\\/\\\/aconteceunovale.com.br\\\/portal\\\/wp-content\\\/uploads\\\/2021\\\/01\\\/homicidio_salinas.jpeg\",\"contentUrl\":\"https:\\\/\\\/aconteceunovale.com.br\\\/portal\\\/wp-content\\\/uploads\\\/2021\\\/01\\\/homicidio_salinas.jpeg\",\"width\":678,\"height\":382},{\"@type\":\"BreadcrumbList\",\"@id\":\"https:\\\/\\\/aconteceunovale.com.br\\\/portal\\\/?p=172539#breadcrumb\",\"itemListElement\":[{\"@type\":\"ListItem\",\"position\":1,\"name\":\"In\u00edcio\",\"item\":\"https:\\\/\\\/aconteceunovale.com.br\\\/portal\\\/\"},{\"@type\":\"ListItem\",\"position\":2,\"name\":\"Homem \u00e9 preso por homic\u00eddio em Salinas\"}]},{\"@type\":\"WebSite\",\"@id\":\"https:\\\/\\\/aconteceunovale.com.br\\\/portal\\\/#website\",\"url\":\"https:\\\/\\\/aconteceunovale.com.br\\\/portal\\\/\",\"name\":\"Aconteceu no Vale\",\"description\":\"Portal de Not\u00edcias\",\"potentialAction\":[{\"@type\":\"SearchAction\",\"target\":{\"@type\":\"EntryPoint\",\"urlTemplate\":\"https:\\\/\\\/aconteceunovale.com.br\\\/portal\\\/?s={search_term_string}\"},\"query-input\":{\"@type\":\"PropertyValueSpecification\",\"valueRequired\":true,\"valueName\":\"search_term_string\"}}],\"inLanguage\":\"pt-BR\"},{\"@type\":\"Person\",\"@id\":\"https:\\\/\\\/aconteceunovale.com.br\\\/portal\\\/#\\\/schema\\\/person\\\/7d2f26d1483f8a63de73da1ee0754d35\",\"name\":\"Reda\u00e7\u00e3o Aconteceu no Vale\",\"description\":\"Equipe de reportagem do Aconteceu no Vale, portal de not\u00edcias do Vale do Jequitinhonha, em Minas Gerais. Cobrimos as 51 cidades do Vale desde 2013. Sugest\u00f5es de pauta e pedidos de corre\u00e7\u00e3o: contato@aconteceunovale.com.br\",\"url\":\"https:\\\/\\\/aconteceunovale.com.br\\\/portal\\\/?author=4\"}]}<\/script>\n<!-- \/ Yoast SEO plugin. -->","yoast_head_json":{"title":"Homem \u00e9 preso por homic\u00eddio em Salinas - Aconteceu no Vale","robots":{"index":"index","follow":"follow","max-snippet":"max-snippet:-1","max-image-preview":"max-image-preview:large","max-video-preview":"max-video-preview:-1"},"canonical":"https:\/\/aconteceunovale.com.br\/portal\/?p=172539","og_locale":"pt_BR","og_type":"article","og_title":"Homem \u00e9 preso por homic\u00eddio em Salinas - Aconteceu no Vale","og_description":"Um homem foi preso suspeito de matar o ex-companheiro de sua mulher em Salinas, na regi\u00e3o Norte de Minas, nesta ter\u00e7a-feira (19\/1\/2021). O crime aconteceu no Centro da cidade. Segundo informa\u00e7\u00f5es da Pol\u00edcia Militar, a v\u00edtima foi morta em casa e levou v\u00e1rias facadas, sendo cinco no peito. Uma equipe policial foi at\u00e9 a resid\u00eancia [&hellip;]","og_url":"https:\/\/aconteceunovale.com.br\/portal\/?p=172539","og_site_name":"Aconteceu no Vale","article_publisher":"https:\/\/www.facebook.com\/aconteceunovale\/","article_published_time":"2021-01-20T02:19:38+00:00","article_modified_time":"2021-01-20T02:21:46+00:00","og_image":[{"width":678,"height":382,"url":"https:\/\/aconteceunovale.com.br\/portal\/wp-content\/uploads\/2021\/01\/homicidio_salinas.jpeg","type":"image\/jpeg"}],"author":"Reda\u00e7\u00e3o Aconteceu no Vale","twitter_card":"summary_large_image","twitter_creator":"@noticiadosvales","twitter_site":"@noticiadosvales","twitter_misc":{"Escrito por":"Reda\u00e7\u00e3o Aconteceu no Vale","Est. tempo de leitura":"1 minuto"},"schema":{"@context":"https:\/\/schema.org","@graph":[{"@type":"Article","@id":"https:\/\/aconteceunovale.com.br\/portal\/?p=172539#article","isPartOf":{"@id":"https:\/\/aconteceunovale.com.br\/portal\/?p=172539"},"author":{"name":"Reda\u00e7\u00e3o Aconteceu no Vale","@id":"https:\/\/aconteceunovale.com.br\/portal\/#\/schema\/person\/7d2f26d1483f8a63de73da1ee0754d35"},"headline":"Homem \u00e9 preso por homic\u00eddio em Salinas","datePublished":"2021-01-20T02:19:38+00:00","dateModified":"2021-01-20T02:21:46+00:00","mainEntityOfPage":{"@id":"https:\/\/aconteceunovale.com.br\/portal\/?p=172539"},"wordCount":217,"commentCount":0,"image":{"@id":"https:\/\/aconteceunovale.com.br\/portal\/?p=172539#primaryimage"},"thumbnailUrl":"https:\/\/aconteceunovale.com.br\/portal\/wp-content\/uploads\/2021\/01\/homicidio_salinas.jpeg","keywords":["assassinado em Salinas","assassinato em Salinas","Homem \u00e9 preso por homic\u00eddio em Salinas","Homem morto em Salinas","homic\u00eddio em salinas","morte em Salinas","Morte por ci\u00fames em Salinas","morto em Salinas","Salinas"],"articleSection":["Norte de Minas"],"inLanguage":"pt-BR","potentialAction":[{"@type":"CommentAction","name":"Comment","target":["https:\/\/aconteceunovale.com.br\/portal\/?p=172539#respond"]}]},{"@type":"WebPage","@id":"https:\/\/aconteceunovale.com.br\/portal\/?p=172539","url":"https:\/\/aconteceunovale.com.br\/portal\/?p=172539","name":"Homem \u00e9 preso por homic\u00eddio em Salinas - Aconteceu no Vale","isPartOf":{"@id":"https:\/\/aconteceunovale.com.br\/portal\/#website"},"primaryImageOfPage":{"@id":"https:\/\/aconteceunovale.com.br\/portal\/?p=172539#primaryimage"},"image":{"@id":"https:\/\/aconteceunovale.com.br\/portal\/?p=172539#primaryimage"},"thumbnailUrl":"https:\/\/aconteceunovale.com.br\/portal\/wp-content\/uploads\/2021\/01\/homicidio_salinas.jpeg","datePublished":"2021-01-20T02:19:38+00:00","dateModified":"2021-01-20T02:21:46+00:00","author":{"@id":"https:\/\/aconteceunovale.com.br\/portal\/#\/schema\/person\/7d2f26d1483f8a63de73da1ee0754d35"},"breadcrumb":{"@id":"https:\/\/aconteceunovale.com.br\/portal\/?p=172539#breadcrumb"},"inLanguage":"pt-BR","potentialAction":[{"@type":"ReadAction","target":["https:\/\/aconteceunovale.com.br\/portal\/?p=172539"]}]},{"@type":"ImageObject","inLanguage":"pt-BR","@id":"https:\/\/aconteceunovale.com.br\/portal\/?p=172539#primaryimage","url":"https:\/\/aconteceunovale.com.br\/portal\/wp-content\/uploads\/2021\/01\/homicidio_salinas.jpeg","contentUrl":"https:\/\/aconteceunovale.com.br\/portal\/wp-content\/uploads\/2021\/01\/homicidio_salinas.jpeg","width":678,"height":382},{"@type":"BreadcrumbList","@id":"https:\/\/aconteceunovale.com.br\/portal\/?p=172539#breadcrumb","itemListElement":[{"@type":"ListItem","position":1,"name":"In\u00edcio","item":"https:\/\/aconteceunovale.com.br\/portal\/"},{"@type":"ListItem","position":2,"name":"Homem \u00e9 preso por homic\u00eddio em Salinas"}]},{"@type":"WebSite","@id":"https:\/\/aconteceunovale.com.br\/portal\/#website","url":"https:\/\/aconteceunovale.com.br\/portal\/","name":"Aconteceu no Vale","description":"Portal de Not\u00edcias","potentialAction":[{"@type":"SearchAction","target":{"@type":"EntryPoint","urlTemplate":"https:\/\/aconteceunovale.com.br\/portal\/?s={search_term_string}"},"query-input":{"@type":"PropertyValueSpecification","valueRequired":true,"valueName":"search_term_string"}}],"inLanguage":"pt-BR"},{"@type":"Person","@id":"https:\/\/aconteceunovale.com.br\/portal\/#\/schema\/person\/7d2f26d1483f8a63de73da1ee0754d35","name":"Reda\u00e7\u00e3o Aconteceu no Vale","description":"Equipe de reportagem do Aconteceu no Vale, portal de not\u00edcias do Vale do Jequitinhonha, em Minas Gerais. Cobrimos as 51 cidades do Vale desde 2013. Sugest\u00f5es de pauta e pedidos de corre\u00e7\u00e3o: contato@aconteceunovale.com.br","url":"https:\/\/aconteceunovale.com.br\/portal\/?author=4"}]}},"_links":{"self":[{"href":"https:\/\/aconteceunovale.com.br\/portal\/index.php?rest_route=\/wp\/v2\/posts\/172539","targetHints":{"allow":["GET"]}}],"collection":[{"href":"https:\/\/aconteceunovale.com.br\/portal\/index.php?rest_route=\/wp\/v2\/posts"}],"about":[{"href":"https:\/\/aconteceunovale.com.br\/portal\/index.php?rest_route=\/wp\/v2\/types\/post"}],"author":[{"embeddable":true,"href":"https:\/\/aconteceunovale.com.br\/portal\/index.php?rest_route=\/wp\/v2\/users\/4"}],"replies":[{"embeddable":true,"href":"https:\/\/aconteceunovale.com.br\/portal\/index.php?rest_route=%2Fwp%2Fv2%2Fcomments&post=172539"}],"version-history":[{"count":1,"href":"https:\/\/aconteceunovale.com.br\/portal\/index.php?rest_route=\/wp\/v2\/posts\/172539\/revisions"}],"predecessor-version":[{"id":172541,"href":"https:\/\/aconteceunovale.com.br\/portal\/index.php?rest_route=\/wp\/v2\/posts\/172539\/revisions\/172541"}],"wp:featuredmedia":[{"embeddable":true,"href":"https:\/\/aconteceunovale.com.br\/portal\/index.php?rest_route=\/wp\/v2\/media\/172540"}],"wp:attachment":[{"href":"https:\/\/aconteceunovale.com.br\/portal\/index.php?rest_route=%2Fwp%2Fv2%2Fmedia&parent=172539"}],"wp:term":[{"taxonomy":"category","embeddable":true,"href":"https:\/\/aconteceunovale.com.br\/portal\/index.php?rest_route=%2Fwp%2Fv2%2Fcategories&post=172539"},{"taxonomy":"post_tag","embeddable":true,"href":"https:\/\/aconteceunovale.com.br\/portal\/index.php?rest_route=%2Fwp%2Fv2%2Ftags&post=172539"}],"curies":[{"name":"wp","href":"https:\/\/api.w.org\/{rel}","templated":true}]}}