{"id":172537,"date":"2021-01-19T23:04:38","date_gmt":"2021-01-20T02:04:38","guid":{"rendered":"https:\/\/aconteceunovale.com.br\/portal\/?p=172537"},"modified":"2021-01-19T23:05:45","modified_gmt":"2021-01-20T02:05:45","slug":"adolescente-mata-o-proprio-pai-em-montes-claros","status":"publish","type":"post","link":"https:\/\/aconteceunovale.com.br\/portal\/?p=172537","title":{"rendered":"Adolescente mata o pr\u00f3prio pai em Montes Claros"},"content":{"rendered":"\n<p class=\"wp-block-paragraph\">Um adolescente de 13 anos foi detido suspeito de matar o pai no bairro Cintra, em Montes Claros, na regi\u00e3o Norte de Minas. Segundo informa\u00e7\u00f5es da Pol\u00edcia Militar (PM), o menor tentava proteger a m\u00e3e, que estaria sendo agredida. O crime aconteceu no in\u00edcio da madrugada desta ter\u00e7a-feira (19\/1\/2021).<\/p>\n\n\n\n<p class=\"wp-block-paragraph\">Ainda de acordo com a PM, o adolescente contou que o pai, de 44 anos, chegou em casa alcoolizado e n\u00e3o conseguiu estacionar o carro corretamente na garagem. A m\u00e3e pediu que ele colocasse o ve\u00edculo no lugar certo e o homem se irritou, come\u00e7ou a discutir com a esposa e depois a agrediu com chutes nas pernas e um tapa no rosto.<\/p>\n\n\n\n<p class=\"wp-block-paragraph\">Ao presenciar as agress\u00f5es, o menor foi na cozinha e pegou uma faca para defender a m\u00e3e. Segundo a PM, ele relatou que no momento que retornou armado, tamb\u00e9m foi agredido com um soco e deferiu tr\u00eas golpes contra o pai.<\/p>\n\n\n\n<p class=\"wp-block-paragraph\">Em seguida, o adolescente acionou o socorro e uma equipe do Samu chegou a ir ao local, mas o homem j\u00e1 estava morto. Segundo os socorristas, ele foi atingido por tr\u00eas facadas na regi\u00e3o do t\u00f3rax.<\/p>\n\n\n\n<p class=\"wp-block-paragraph\">O adolescente foi encaminhado \u00e0 delegacia e a Pol\u00edcia Civil j\u00e1 instaurou um inqu\u00e9rito para investigar o caso.<\/p>\n\n\n\n<p class=\"wp-block-paragraph\">\u201cEle alega em depoimento que o pai agredia a m\u00e3e desde que tinha sete anos. O menor tamb\u00e9m relata que foi agredido v\u00e1rias vezes, e disse que o pai fazia muito uso de bebida alco\u00f3lica e ele ficava transtornado com essa situa\u00e7\u00e3o\u201d, explicou o delegado Alberto Ten\u00f3rio.<\/p>\n\n\n\n<p class=\"wp-block-paragraph\">Ainda de acordo o delegado, foi feito procedimento de flagrante por ato infracional e foram ouvidas testemunhas. O adolescente ser\u00e1 apresentado ao Minist\u00e9rio P\u00fablico de Minas Gerais (MPMG) e o \u00f3rg\u00e3o vai decidir sobre a interna\u00e7\u00e3o.<\/p>\n\n\n\n<p class=\"has-white-color has-black-background-color has-text-color has-background wp-block-paragraph\">Quer saber as not\u00edcias do <strong>Aconteceu no Vale<\/strong> em primeira m\u00e3o? Siga-nos no Facebook <a rel=\"noreferrer noopener\" href=\"http:\/\/facebook.com\/aconteceunovale\" target=\"_blank\">@aconteceunovale<\/a>, Twitter <a rel=\"noreferrer noopener\" href=\"https:\/\/twitter.com\/noticiadosvales\" target=\"_blank\">@noticiadosvales<\/a> e Instagram <a rel=\"noreferrer noopener\" href=\"https:\/\/www.instagram.com\/aconteceunovale\" target=\"_blank\">@aconteceunovale<\/a>.<\/p>\n","protected":false},"excerpt":{"rendered":"<p>Um adolescente de 13 anos foi detido suspeito de matar o pai no bairro Cintra, em Montes Claros, na regi\u00e3o Norte de Minas. Segundo informa\u00e7\u00f5es da Pol\u00edcia Militar (PM), o menor tentava proteger a m\u00e3e, que estaria sendo agredida. O crime aconteceu no in\u00edcio da madrugada desta ter\u00e7a-feira (19\/1\/2021). Ainda de acordo com a PM, [&hellip;]<\/p>\n","protected":false},"author":4,"featured_media":151866,"comment_status":"open","ping_status":"closed","sticky":false,"template":"","format":"standard","meta":{"amp_status":"","footnotes":""},"categories":[1236],"tags":[235122,1018,235124,235125,235126,25220,210,235123],"class_list":["post-172537","post","type-post","status-publish","format-standard","has-post-thumbnail","hentry","category-norte_de_minas","tag-adolescente-mata-o-proprio-pai-em-montes-claros","tag-destaque","tag-filho-mata-o-pai-em-montes-claros","tag-fratricidio-em-montes-claros","tag-homem-morto-pelo-filho-em-montes-claros","tag-homicidio-em-montes-claros","tag-montes-claros","tag-morto-pelo-filho-em-montes-claros"],"yoast_head":"<!-- This site is optimized with the Yoast SEO plugin v28.3 - https:\/\/yoast.com\/product\/yoast-seo-wordpress\/ -->\n<title>Adolescente mata o pr\u00f3prio pai em Montes Claros - Aconteceu no Vale<\/title>\n<meta name=\"robots\" content=\"index, follow, max-snippet:-1, max-image-preview:large, max-video-preview:-1\" \/>\n<link rel=\"canonical\" href=\"https:\/\/aconteceunovale.com.br\/portal\/?p=172537\" \/>\n<meta property=\"og:locale\" content=\"pt_BR\" \/>\n<meta property=\"og:type\" content=\"article\" \/>\n<meta property=\"og:title\" content=\"Adolescente mata o pr\u00f3prio pai em Montes Claros - Aconteceu no Vale\" \/>\n<meta property=\"og:description\" content=\"Um adolescente de 13 anos foi detido suspeito de matar o pai no bairro Cintra, em Montes Claros, na regi\u00e3o Norte de Minas. Segundo informa\u00e7\u00f5es da Pol\u00edcia Militar (PM), o menor tentava proteger a m\u00e3e, que estaria sendo agredida. O crime aconteceu no in\u00edcio da madrugada desta ter\u00e7a-feira (19\/1\/2021). Ainda de acordo com a PM, [&hellip;]\" \/>\n<meta property=\"og:url\" content=\"https:\/\/aconteceunovale.com.br\/portal\/?p=172537\" \/>\n<meta property=\"og:site_name\" content=\"Aconteceu no Vale\" \/>\n<meta property=\"article:publisher\" content=\"https:\/\/www.facebook.com\/aconteceunovale\/\" \/>\n<meta property=\"article:published_time\" content=\"2021-01-20T02:04:38+00:00\" \/>\n<meta property=\"article:modified_time\" content=\"2021-01-20T02:05:45+00:00\" \/>\n<meta property=\"og:image\" content=\"https:\/\/aconteceunovale.com.br\/portal\/wp-content\/uploads\/2019\/08\/plantao_giroflex.jpg\" \/>\n\t<meta property=\"og:image:width\" content=\"678\" \/>\n\t<meta property=\"og:image:height\" content=\"430\" \/>\n\t<meta property=\"og:image:type\" content=\"image\/jpeg\" \/>\n<meta name=\"author\" content=\"Reda\u00e7\u00e3o Aconteceu no Vale\" \/>\n<meta name=\"twitter:card\" content=\"summary_large_image\" \/>\n<meta name=\"twitter:creator\" content=\"@noticiadosvales\" \/>\n<meta name=\"twitter:site\" content=\"@noticiadosvales\" \/>\n<meta name=\"twitter:label1\" content=\"Escrito por\" \/>\n\t<meta name=\"twitter:data1\" content=\"Reda\u00e7\u00e3o Aconteceu no Vale\" \/>\n\t<meta name=\"twitter:label2\" content=\"Est. tempo de leitura\" \/>\n\t<meta name=\"twitter:data2\" content=\"2 minutos\" \/>\n<script type=\"application\/ld+json\" class=\"yoast-schema-graph\">{\"@context\":\"https:\\\/\\\/schema.org\",\"@graph\":[{\"@type\":\"Article\",\"@id\":\"https:\\\/\\\/aconteceunovale.com.br\\\/portal\\\/?p=172537#article\",\"isPartOf\":{\"@id\":\"https:\\\/\\\/aconteceunovale.com.br\\\/portal\\\/?p=172537\"},\"author\":{\"name\":\"Reda\u00e7\u00e3o Aconteceu no Vale\",\"@id\":\"https:\\\/\\\/aconteceunovale.com.br\\\/portal\\\/#\\\/schema\\\/person\\\/7d2f26d1483f8a63de73da1ee0754d35\"},\"headline\":\"Adolescente mata o pr\u00f3prio pai em Montes Claros\",\"datePublished\":\"2021-01-20T02:04:38+00:00\",\"dateModified\":\"2021-01-20T02:05:45+00:00\",\"mainEntityOfPage\":{\"@id\":\"https:\\\/\\\/aconteceunovale.com.br\\\/portal\\\/?p=172537\"},\"wordCount\":346,\"commentCount\":0,\"image\":{\"@id\":\"https:\\\/\\\/aconteceunovale.com.br\\\/portal\\\/?p=172537#primaryimage\"},\"thumbnailUrl\":\"https:\\\/\\\/aconteceunovale.com.br\\\/portal\\\/wp-content\\\/uploads\\\/2019\\\/08\\\/plantao_giroflex.jpg\",\"keywords\":[\"Adolescente mata o pr\u00f3prio pai em Montes Claros\",\"destaque\",\"Filho mata o pai em Montes Claros\",\"Fratric\u00eddio em Montes Claros\",\"Homem morto pelo filho em Montes Claros\",\"homic\u00eddio em montes claros\",\"Montes Claros\",\"Morto pelo filho em Montes Claros\"],\"articleSection\":[\"Norte de Minas\"],\"inLanguage\":\"pt-BR\",\"potentialAction\":[{\"@type\":\"CommentAction\",\"name\":\"Comment\",\"target\":[\"https:\\\/\\\/aconteceunovale.com.br\\\/portal\\\/?p=172537#respond\"]}]},{\"@type\":\"WebPage\",\"@id\":\"https:\\\/\\\/aconteceunovale.com.br\\\/portal\\\/?p=172537\",\"url\":\"https:\\\/\\\/aconteceunovale.com.br\\\/portal\\\/?p=172537\",\"name\":\"Adolescente mata o pr\u00f3prio pai em Montes Claros - Aconteceu no Vale\",\"isPartOf\":{\"@id\":\"https:\\\/\\\/aconteceunovale.com.br\\\/portal\\\/#website\"},\"primaryImageOfPage\":{\"@id\":\"https:\\\/\\\/aconteceunovale.com.br\\\/portal\\\/?p=172537#primaryimage\"},\"image\":{\"@id\":\"https:\\\/\\\/aconteceunovale.com.br\\\/portal\\\/?p=172537#primaryimage\"},\"thumbnailUrl\":\"https:\\\/\\\/aconteceunovale.com.br\\\/portal\\\/wp-content\\\/uploads\\\/2019\\\/08\\\/plantao_giroflex.jpg\",\"datePublished\":\"2021-01-20T02:04:38+00:00\",\"dateModified\":\"2021-01-20T02:05:45+00:00\",\"author\":{\"@id\":\"https:\\\/\\\/aconteceunovale.com.br\\\/portal\\\/#\\\/schema\\\/person\\\/7d2f26d1483f8a63de73da1ee0754d35\"},\"breadcrumb\":{\"@id\":\"https:\\\/\\\/aconteceunovale.com.br\\\/portal\\\/?p=172537#breadcrumb\"},\"inLanguage\":\"pt-BR\",\"potentialAction\":[{\"@type\":\"ReadAction\",\"target\":[\"https:\\\/\\\/aconteceunovale.com.br\\\/portal\\\/?p=172537\"]}]},{\"@type\":\"ImageObject\",\"inLanguage\":\"pt-BR\",\"@id\":\"https:\\\/\\\/aconteceunovale.com.br\\\/portal\\\/?p=172537#primaryimage\",\"url\":\"https:\\\/\\\/aconteceunovale.com.br\\\/portal\\\/wp-content\\\/uploads\\\/2019\\\/08\\\/plantao_giroflex.jpg\",\"contentUrl\":\"https:\\\/\\\/aconteceunovale.com.br\\\/portal\\\/wp-content\\\/uploads\\\/2019\\\/08\\\/plantao_giroflex.jpg\",\"width\":678,\"height\":430},{\"@type\":\"BreadcrumbList\",\"@id\":\"https:\\\/\\\/aconteceunovale.com.br\\\/portal\\\/?p=172537#breadcrumb\",\"itemListElement\":[{\"@type\":\"ListItem\",\"position\":1,\"name\":\"In\u00edcio\",\"item\":\"https:\\\/\\\/aconteceunovale.com.br\\\/portal\\\/\"},{\"@type\":\"ListItem\",\"position\":2,\"name\":\"Adolescente mata o pr\u00f3prio pai em Montes Claros\"}]},{\"@type\":\"WebSite\",\"@id\":\"https:\\\/\\\/aconteceunovale.com.br\\\/portal\\\/#website\",\"url\":\"https:\\\/\\\/aconteceunovale.com.br\\\/portal\\\/\",\"name\":\"Aconteceu no Vale\",\"description\":\"Portal de Not\u00edcias\",\"potentialAction\":[{\"@type\":\"SearchAction\",\"target\":{\"@type\":\"EntryPoint\",\"urlTemplate\":\"https:\\\/\\\/aconteceunovale.com.br\\\/portal\\\/?s={search_term_string}\"},\"query-input\":{\"@type\":\"PropertyValueSpecification\",\"valueRequired\":true,\"valueName\":\"search_term_string\"}}],\"inLanguage\":\"pt-BR\"},{\"@type\":\"Person\",\"@id\":\"https:\\\/\\\/aconteceunovale.com.br\\\/portal\\\/#\\\/schema\\\/person\\\/7d2f26d1483f8a63de73da1ee0754d35\",\"name\":\"Reda\u00e7\u00e3o Aconteceu no Vale\",\"description\":\"Equipe de reportagem do Aconteceu no Vale, portal de not\u00edcias do Vale do Jequitinhonha, em Minas Gerais. Cobrimos as 51 cidades do Vale desde 2013. Sugest\u00f5es de pauta e pedidos de corre\u00e7\u00e3o: contato@aconteceunovale.com.br\",\"url\":\"https:\\\/\\\/aconteceunovale.com.br\\\/portal\\\/?author=4\"}]}<\/script>\n<!-- \/ Yoast SEO plugin. -->","yoast_head_json":{"title":"Adolescente mata o pr\u00f3prio pai em Montes Claros - Aconteceu no Vale","robots":{"index":"index","follow":"follow","max-snippet":"max-snippet:-1","max-image-preview":"max-image-preview:large","max-video-preview":"max-video-preview:-1"},"canonical":"https:\/\/aconteceunovale.com.br\/portal\/?p=172537","og_locale":"pt_BR","og_type":"article","og_title":"Adolescente mata o pr\u00f3prio pai em Montes Claros - Aconteceu no Vale","og_description":"Um adolescente de 13 anos foi detido suspeito de matar o pai no bairro Cintra, em Montes Claros, na regi\u00e3o Norte de Minas. Segundo informa\u00e7\u00f5es da Pol\u00edcia Militar (PM), o menor tentava proteger a m\u00e3e, que estaria sendo agredida. O crime aconteceu no in\u00edcio da madrugada desta ter\u00e7a-feira (19\/1\/2021). Ainda de acordo com a PM, [&hellip;]","og_url":"https:\/\/aconteceunovale.com.br\/portal\/?p=172537","og_site_name":"Aconteceu no Vale","article_publisher":"https:\/\/www.facebook.com\/aconteceunovale\/","article_published_time":"2021-01-20T02:04:38+00:00","article_modified_time":"2021-01-20T02:05:45+00:00","og_image":[{"width":678,"height":430,"url":"https:\/\/aconteceunovale.com.br\/portal\/wp-content\/uploads\/2019\/08\/plantao_giroflex.jpg","type":"image\/jpeg"}],"author":"Reda\u00e7\u00e3o Aconteceu no Vale","twitter_card":"summary_large_image","twitter_creator":"@noticiadosvales","twitter_site":"@noticiadosvales","twitter_misc":{"Escrito por":"Reda\u00e7\u00e3o Aconteceu no Vale","Est. tempo de leitura":"2 minutos"},"schema":{"@context":"https:\/\/schema.org","@graph":[{"@type":"Article","@id":"https:\/\/aconteceunovale.com.br\/portal\/?p=172537#article","isPartOf":{"@id":"https:\/\/aconteceunovale.com.br\/portal\/?p=172537"},"author":{"name":"Reda\u00e7\u00e3o Aconteceu no Vale","@id":"https:\/\/aconteceunovale.com.br\/portal\/#\/schema\/person\/7d2f26d1483f8a63de73da1ee0754d35"},"headline":"Adolescente mata o pr\u00f3prio pai em Montes Claros","datePublished":"2021-01-20T02:04:38+00:00","dateModified":"2021-01-20T02:05:45+00:00","mainEntityOfPage":{"@id":"https:\/\/aconteceunovale.com.br\/portal\/?p=172537"},"wordCount":346,"commentCount":0,"image":{"@id":"https:\/\/aconteceunovale.com.br\/portal\/?p=172537#primaryimage"},"thumbnailUrl":"https:\/\/aconteceunovale.com.br\/portal\/wp-content\/uploads\/2019\/08\/plantao_giroflex.jpg","keywords":["Adolescente mata o pr\u00f3prio pai em Montes Claros","destaque","Filho mata o pai em Montes Claros","Fratric\u00eddio em Montes Claros","Homem morto pelo filho em Montes Claros","homic\u00eddio em montes claros","Montes Claros","Morto pelo filho em Montes Claros"],"articleSection":["Norte de Minas"],"inLanguage":"pt-BR","potentialAction":[{"@type":"CommentAction","name":"Comment","target":["https:\/\/aconteceunovale.com.br\/portal\/?p=172537#respond"]}]},{"@type":"WebPage","@id":"https:\/\/aconteceunovale.com.br\/portal\/?p=172537","url":"https:\/\/aconteceunovale.com.br\/portal\/?p=172537","name":"Adolescente mata o pr\u00f3prio pai em Montes Claros - Aconteceu no Vale","isPartOf":{"@id":"https:\/\/aconteceunovale.com.br\/portal\/#website"},"primaryImageOfPage":{"@id":"https:\/\/aconteceunovale.com.br\/portal\/?p=172537#primaryimage"},"image":{"@id":"https:\/\/aconteceunovale.com.br\/portal\/?p=172537#primaryimage"},"thumbnailUrl":"https:\/\/aconteceunovale.com.br\/portal\/wp-content\/uploads\/2019\/08\/plantao_giroflex.jpg","datePublished":"2021-01-20T02:04:38+00:00","dateModified":"2021-01-20T02:05:45+00:00","author":{"@id":"https:\/\/aconteceunovale.com.br\/portal\/#\/schema\/person\/7d2f26d1483f8a63de73da1ee0754d35"},"breadcrumb":{"@id":"https:\/\/aconteceunovale.com.br\/portal\/?p=172537#breadcrumb"},"inLanguage":"pt-BR","potentialAction":[{"@type":"ReadAction","target":["https:\/\/aconteceunovale.com.br\/portal\/?p=172537"]}]},{"@type":"ImageObject","inLanguage":"pt-BR","@id":"https:\/\/aconteceunovale.com.br\/portal\/?p=172537#primaryimage","url":"https:\/\/aconteceunovale.com.br\/portal\/wp-content\/uploads\/2019\/08\/plantao_giroflex.jpg","contentUrl":"https:\/\/aconteceunovale.com.br\/portal\/wp-content\/uploads\/2019\/08\/plantao_giroflex.jpg","width":678,"height":430},{"@type":"BreadcrumbList","@id":"https:\/\/aconteceunovale.com.br\/portal\/?p=172537#breadcrumb","itemListElement":[{"@type":"ListItem","position":1,"name":"In\u00edcio","item":"https:\/\/aconteceunovale.com.br\/portal\/"},{"@type":"ListItem","position":2,"name":"Adolescente mata o pr\u00f3prio pai em Montes Claros"}]},{"@type":"WebSite","@id":"https:\/\/aconteceunovale.com.br\/portal\/#website","url":"https:\/\/aconteceunovale.com.br\/portal\/","name":"Aconteceu no Vale","description":"Portal de Not\u00edcias","potentialAction":[{"@type":"SearchAction","target":{"@type":"EntryPoint","urlTemplate":"https:\/\/aconteceunovale.com.br\/portal\/?s={search_term_string}"},"query-input":{"@type":"PropertyValueSpecification","valueRequired":true,"valueName":"search_term_string"}}],"inLanguage":"pt-BR"},{"@type":"Person","@id":"https:\/\/aconteceunovale.com.br\/portal\/#\/schema\/person\/7d2f26d1483f8a63de73da1ee0754d35","name":"Reda\u00e7\u00e3o Aconteceu no Vale","description":"Equipe de reportagem do Aconteceu no Vale, portal de not\u00edcias do Vale do Jequitinhonha, em Minas Gerais. Cobrimos as 51 cidades do Vale desde 2013. Sugest\u00f5es de pauta e pedidos de corre\u00e7\u00e3o: contato@aconteceunovale.com.br","url":"https:\/\/aconteceunovale.com.br\/portal\/?author=4"}]}},"_links":{"self":[{"href":"https:\/\/aconteceunovale.com.br\/portal\/index.php?rest_route=\/wp\/v2\/posts\/172537","targetHints":{"allow":["GET"]}}],"collection":[{"href":"https:\/\/aconteceunovale.com.br\/portal\/index.php?rest_route=\/wp\/v2\/posts"}],"about":[{"href":"https:\/\/aconteceunovale.com.br\/portal\/index.php?rest_route=\/wp\/v2\/types\/post"}],"author":[{"embeddable":true,"href":"https:\/\/aconteceunovale.com.br\/portal\/index.php?rest_route=\/wp\/v2\/users\/4"}],"replies":[{"embeddable":true,"href":"https:\/\/aconteceunovale.com.br\/portal\/index.php?rest_route=%2Fwp%2Fv2%2Fcomments&post=172537"}],"version-history":[{"count":1,"href":"https:\/\/aconteceunovale.com.br\/portal\/index.php?rest_route=\/wp\/v2\/posts\/172537\/revisions"}],"predecessor-version":[{"id":172538,"href":"https:\/\/aconteceunovale.com.br\/portal\/index.php?rest_route=\/wp\/v2\/posts\/172537\/revisions\/172538"}],"wp:featuredmedia":[{"embeddable":true,"href":"https:\/\/aconteceunovale.com.br\/portal\/index.php?rest_route=\/wp\/v2\/media\/151866"}],"wp:attachment":[{"href":"https:\/\/aconteceunovale.com.br\/portal\/index.php?rest_route=%2Fwp%2Fv2%2Fmedia&parent=172537"}],"wp:term":[{"taxonomy":"category","embeddable":true,"href":"https:\/\/aconteceunovale.com.br\/portal\/index.php?rest_route=%2Fwp%2Fv2%2Fcategories&post=172537"},{"taxonomy":"post_tag","embeddable":true,"href":"https:\/\/aconteceunovale.com.br\/portal\/index.php?rest_route=%2Fwp%2Fv2%2Ftags&post=172537"}],"curies":[{"name":"wp","href":"https:\/\/api.w.org\/{rel}","templated":true}]}}