{"id":172530,"date":"2021-01-19T16:48:56","date_gmt":"2021-01-19T19:48:56","guid":{"rendered":"https:\/\/aconteceunovale.com.br\/portal\/?p=172530"},"modified":"2021-01-19T16:51:20","modified_gmt":"2021-01-19T19:51:20","slug":"idosos-que-vivem-em-asilo-em-montes-claros-sao-os-primeiros-vacinados-contra-a-covid-19-no-interior-de-minas","status":"publish","type":"post","link":"https:\/\/aconteceunovale.com.br\/portal\/?p=172530","title":{"rendered":"Idosos que vivem em asilo em Montes Claros s\u00e3o os primeiros vacinados contra a Covid-19 no interior de Minas"},"content":{"rendered":"\n<h4 class=\"has-text-align-center wp-block-heading\"><em>Governador Romeu Zema acompanhou a imuniza\u00e7\u00e3o contra a covid de dois moradores do Asilo S\u00e3o Vicente de Paulo<\/em><\/h4>\n\n\n\n<p class=\"wp-block-paragraph\">\u201cA sa\u00fade \u00e9 a nossa felicidade, \u00e9 o que a gente tem de melhor no mundo. Faltou a sa\u00fade, faltou tudo. Ao receber a not\u00edcia de que seria vacinado, fiquei muito alegre. Gra\u00e7as a Deus fui vacinado. Estou livre dessa doen\u00e7a\u201d. O relato emocionante \u00e9 do senhor Erotides Cardoso, de 96 anos, o primeiro residente de uma institui\u00e7\u00e3o de longa perman\u00eancia para pessoas idosas a ser vacinado contra a covid-19 no estado.<\/p>\n\n\n\n<p class=\"wp-block-paragraph\">A imuniza\u00e7\u00e3o do morador do Asilo S\u00e3o Vicente de Paulo, em Montes Claros, no Norte de Minas, foi acompanhada pelo governador Romeu Zema, assim como a vacina\u00e7\u00e3o da dona Maria dos Reis, de 90 anos. Emocionada, Maria afirmou que a vacina representa esperan\u00e7a na sua vida. \u201c\u00c9 uma felicidade que n\u00e3o cabe dentro da gente. Fiquei muito alegre ao saber que seria vacinada e que minha vida voltaria ao normal\u201d, explicou.<\/p>\n\n\n\n<p class=\"wp-block-paragraph\">O governador Romeu Zema lembrou que a prioridade desta primeira etapa de vacina\u00e7\u00e3o, que come\u00e7ou nesta segunda-feira \u00e0 noite, em Belo Horizonte, s\u00e3o os profissionais de sa\u00fade que est\u00e3o expostos a riscos, idosos em institui\u00e7\u00f5es de longa perman\u00eancia, como \u00e9 o caso do Asilo S\u00e3o Vicente de Paulo, e tamb\u00e9m os ind\u00edgenas que vivem em aldeias.<\/p>\n\n\n\n<p class=\"wp-block-paragraph\">\u201cIniciamos hoje a vacina\u00e7\u00e3o na regi\u00e3o Norte de Minas aqui neste ato. \u00a0As 577 mil doses que o Estado de Minas recebeu na data de ontem j\u00e1 foram distribu\u00eddas e direcionas \u00e0s regionais\u201d, afirmou.<\/p>\n\n\n\n<figure class=\"wp-block-gallery columns-1 is-cropped wp-block-gallery-1 is-layout-flex wp-block-gallery-is-layout-flex\"><ul class=\"blocks-gallery-grid\"><li class=\"blocks-gallery-item\"><figure><img loading=\"lazy\" decoding=\"async\" width=\"675\" height=\"450\" src=\"https:\/\/aconteceunovale.com.br\/portal\/wp-content\/uploads\/2021\/01\/vacina_moc_3.jpg\" alt=\"\" data-id=\"172531\" data-full-url=\"https:\/\/aconteceunovale.com.br\/portal\/wp-content\/uploads\/2021\/01\/vacina_moc_3.jpg\" data-link=\"https:\/\/aconteceunovale.com.br\/portal\/?attachment_id=172531\" class=\"wp-image-172531\" srcset=\"https:\/\/aconteceunovale.com.br\/portal\/wp-content\/uploads\/2021\/01\/vacina_moc_3.jpg 675w, https:\/\/aconteceunovale.com.br\/portal\/wp-content\/uploads\/2021\/01\/vacina_moc_3-300x200.jpg 300w, https:\/\/aconteceunovale.com.br\/portal\/wp-content\/uploads\/2021\/01\/vacina_moc_3-630x420.jpg 630w\" sizes=\"auto, (max-width: 675px) 100vw, 675px\" \/><figcaption class=\"blocks-gallery-item__caption\"><em>Foto: F\u00e1bio Marchetto \/ Ag\u00eancia Minas<\/em><\/figcaption><\/figure><\/li><\/ul><\/figure>\n\n\n\n<h2 class=\"wp-block-heading\"><strong>Otimismo<\/strong><\/h2>\n\n\n\n<p class=\"wp-block-paragraph\">O governador afirmou que n\u00e3o s\u00f3 o Brasil, mas todos os pa\u00edses do mundo est\u00e3o enfrentando problemas de fornecimento de vacinas. \u201cMas estou otimista de que teremos um aumento na quantidade de vacinas fornecidas nos pr\u00f3ximos meses\u201d, disse.<\/p>\n\n\n\n<p class=\"wp-block-paragraph\">Para Zema, haver\u00e1 vacina para todos na medida em que a ind\u00fastria farmac\u00eautica acelerar o processo de produ\u00e7\u00e3o. \u201cNo entanto, quero lembrar que os cuidados ainda s\u00e3o exigidos. \u00c9 um p\u00fablico pequeno que j\u00e1 est\u00e1 recebendo a vacina, e o v\u00edrus continua no meio de n\u00f3s at\u00e9 com mais intensidade do que esteve no ano passado. Por isso, devemos continuar vigilantes\u201d, alertou.<\/p>\n\n\n\n<figure class=\"wp-block-gallery columns-1 is-cropped wp-block-gallery-2 is-layout-flex wp-block-gallery-is-layout-flex\"><ul class=\"blocks-gallery-grid\"><li class=\"blocks-gallery-item\"><figure><img loading=\"lazy\" decoding=\"async\" width=\"675\" height=\"450\" src=\"https:\/\/aconteceunovale.com.br\/portal\/wp-content\/uploads\/2021\/01\/vacina_moc_2.jpg\" alt=\"\" data-id=\"172532\" data-full-url=\"https:\/\/aconteceunovale.com.br\/portal\/wp-content\/uploads\/2021\/01\/vacina_moc_2.jpg\" data-link=\"https:\/\/aconteceunovale.com.br\/portal\/?attachment_id=172532\" class=\"wp-image-172532\" srcset=\"https:\/\/aconteceunovale.com.br\/portal\/wp-content\/uploads\/2021\/01\/vacina_moc_2.jpg 675w, https:\/\/aconteceunovale.com.br\/portal\/wp-content\/uploads\/2021\/01\/vacina_moc_2-300x200.jpg 300w, https:\/\/aconteceunovale.com.br\/portal\/wp-content\/uploads\/2021\/01\/vacina_moc_2-630x420.jpg 630w\" sizes=\"auto, (max-width: 675px) 100vw, 675px\" \/><figcaption class=\"blocks-gallery-item__caption\"><em>Erotides Cardoso &#8211; Foto: F\u00e1bio Marchetto \/ Ag\u00eancia Minas<\/em><\/figcaption><\/figure><\/li><li class=\"blocks-gallery-item\"><figure><img loading=\"lazy\" decoding=\"async\" width=\"675\" height=\"450\" src=\"https:\/\/aconteceunovale.com.br\/portal\/wp-content\/uploads\/2021\/01\/vacina_moc_1.jpg\" alt=\"\" data-id=\"172533\" data-full-url=\"https:\/\/aconteceunovale.com.br\/portal\/wp-content\/uploads\/2021\/01\/vacina_moc_1.jpg\" data-link=\"https:\/\/aconteceunovale.com.br\/portal\/?attachment_id=172533\" class=\"wp-image-172533\" srcset=\"https:\/\/aconteceunovale.com.br\/portal\/wp-content\/uploads\/2021\/01\/vacina_moc_1.jpg 675w, https:\/\/aconteceunovale.com.br\/portal\/wp-content\/uploads\/2021\/01\/vacina_moc_1-300x200.jpg 300w, https:\/\/aconteceunovale.com.br\/portal\/wp-content\/uploads\/2021\/01\/vacina_moc_1-630x420.jpg 630w\" sizes=\"auto, (max-width: 675px) 100vw, 675px\" \/><figcaption class=\"blocks-gallery-item__caption\"><em>Maria dos Reis &#8211; Foto: F\u00e1bio Marchetto \/ Ag\u00eancia Minas<\/em><\/figcaption><\/figure><\/li><\/ul><\/figure>\n\n\n\n<p class=\"has-white-color has-black-background-color has-text-color has-background wp-block-paragraph\">Quer saber as not\u00edcias do <strong>Aconteceu no Vale<\/strong> em primeira m\u00e3o? Siga-nos no Facebook <a rel=\"noreferrer noopener\" href=\"http:\/\/facebook.com\/aconteceunovale\" target=\"_blank\">@aconteceunovale<\/a>, Twitter <a rel=\"noreferrer noopener\" href=\"https:\/\/twitter.com\/noticiadosvales\" target=\"_blank\">@noticiadosvales<\/a> e Instagram <a rel=\"noreferrer noopener\" href=\"https:\/\/www.instagram.com\/aconteceunovale\" target=\"_blank\">@aconteceunovale<\/a>.<\/p>\n","protected":false},"excerpt":{"rendered":"<p>Governador Romeu Zema acompanhou a imuniza\u00e7\u00e3o contra a covid de dois moradores do Asilo S\u00e3o Vicente de Paulo \u201cA sa\u00fade \u00e9 a nossa felicidade, \u00e9 o que a gente tem de melhor no mundo. Faltou a sa\u00fade, faltou tudo. Ao receber a not\u00edcia de que seria vacinado, fiquei muito alegre. Gra\u00e7as a Deus fui vacinado. [&hellip;]<\/p>\n","protected":false},"author":4,"featured_media":172531,"comment_status":"open","ping_status":"closed","sticky":false,"template":"","format":"standard","meta":{"amp_status":"","footnotes":""},"categories":[1236,40242],"tags":[24498,101100,223371,223372,216498,1018,235115,235110,235117,210,235114,178207,235116,235112,235111,235113],"class_list":["post-172530","post","type-post","status-publish","format-standard","has-post-thumbnail","hentry","category-norte_de_minas","category-saude-2","tag-asilo-sao-vicente-de-paulo","tag-asilo-sao-vicente-de-paulo-em-montes-claros","tag-butantan","tag-coronavac","tag-covid-19","tag-destaque","tag-erotides-cardoso","tag-idosos-que-vivem-em-asilo-em-montes-claros-sao-os-primeiros-vacinados-contra-a-covid-19-no-interior-de-minas","tag-maria-dos-reis","tag-montes-claros","tag-primeiros-vacinados-em-montes-claros","tag-romeu-zema","tag-romeu-zema-em-montes-claros","tag-vacina-contra-coronavirus-em-montes-claros","tag-vacina-contra-covid-19-em-montes-claros","tag-vacinacao-em-montes-claros"],"yoast_head":"<!-- This site is optimized with the Yoast SEO plugin v28.3 - https:\/\/yoast.com\/product\/yoast-seo-wordpress\/ -->\n<title>Idosos que vivem em asilo em Montes Claros s\u00e3o os primeiros vacinados contra a Covid-19 no interior de Minas - Aconteceu no Vale<\/title>\n<meta name=\"robots\" content=\"index, follow, max-snippet:-1, max-image-preview:large, max-video-preview:-1\" \/>\n<link rel=\"canonical\" href=\"https:\/\/aconteceunovale.com.br\/portal\/?p=172530\" \/>\n<meta property=\"og:locale\" content=\"pt_BR\" \/>\n<meta property=\"og:type\" content=\"article\" \/>\n<meta property=\"og:title\" content=\"Idosos que vivem em asilo em Montes Claros s\u00e3o os primeiros vacinados contra a Covid-19 no interior de Minas - Aconteceu no Vale\" \/>\n<meta property=\"og:description\" content=\"Governador Romeu Zema acompanhou a imuniza\u00e7\u00e3o contra a covid de dois moradores do Asilo S\u00e3o Vicente de Paulo \u201cA sa\u00fade \u00e9 a nossa felicidade, \u00e9 o que a gente tem de melhor no mundo. Faltou a sa\u00fade, faltou tudo. Ao receber a not\u00edcia de que seria vacinado, fiquei muito alegre. Gra\u00e7as a Deus fui vacinado. [&hellip;]\" \/>\n<meta property=\"og:url\" content=\"https:\/\/aconteceunovale.com.br\/portal\/?p=172530\" \/>\n<meta property=\"og:site_name\" content=\"Aconteceu no Vale\" \/>\n<meta property=\"article:publisher\" content=\"https:\/\/www.facebook.com\/aconteceunovale\/\" \/>\n<meta property=\"article:published_time\" content=\"2021-01-19T19:48:56+00:00\" \/>\n<meta property=\"article:modified_time\" content=\"2021-01-19T19:51:20+00:00\" \/>\n<meta property=\"og:image\" content=\"https:\/\/aconteceunovale.com.br\/portal\/wp-content\/uploads\/2021\/01\/vacina_moc_3.jpg\" \/>\n\t<meta property=\"og:image:width\" content=\"675\" \/>\n\t<meta property=\"og:image:height\" content=\"450\" \/>\n\t<meta property=\"og:image:type\" content=\"image\/jpeg\" \/>\n<meta name=\"author\" content=\"Reda\u00e7\u00e3o Aconteceu no Vale\" \/>\n<meta name=\"twitter:card\" content=\"summary_large_image\" \/>\n<meta name=\"twitter:creator\" content=\"@noticiadosvales\" \/>\n<meta name=\"twitter:site\" content=\"@noticiadosvales\" \/>\n<meta name=\"twitter:label1\" content=\"Escrito por\" \/>\n\t<meta name=\"twitter:data1\" content=\"Reda\u00e7\u00e3o Aconteceu no Vale\" \/>\n\t<meta name=\"twitter:label2\" content=\"Est. tempo de leitura\" \/>\n\t<meta name=\"twitter:data2\" content=\"2 minutos\" \/>\n<script type=\"application\/ld+json\" class=\"yoast-schema-graph\">{\"@context\":\"https:\\\/\\\/schema.org\",\"@graph\":[{\"@type\":\"Article\",\"@id\":\"https:\\\/\\\/aconteceunovale.com.br\\\/portal\\\/?p=172530#article\",\"isPartOf\":{\"@id\":\"https:\\\/\\\/aconteceunovale.com.br\\\/portal\\\/?p=172530\"},\"author\":{\"name\":\"Reda\u00e7\u00e3o Aconteceu no Vale\",\"@id\":\"https:\\\/\\\/aconteceunovale.com.br\\\/portal\\\/#\\\/schema\\\/person\\\/7d2f26d1483f8a63de73da1ee0754d35\"},\"headline\":\"Idosos que vivem em asilo em Montes Claros s\u00e3o os primeiros vacinados contra a Covid-19 no interior de Minas\",\"datePublished\":\"2021-01-19T19:48:56+00:00\",\"dateModified\":\"2021-01-19T19:51:20+00:00\",\"mainEntityOfPage\":{\"@id\":\"https:\\\/\\\/aconteceunovale.com.br\\\/portal\\\/?p=172530\"},\"wordCount\":450,\"commentCount\":0,\"image\":{\"@id\":\"https:\\\/\\\/aconteceunovale.com.br\\\/portal\\\/?p=172530#primaryimage\"},\"thumbnailUrl\":\"https:\\\/\\\/aconteceunovale.com.br\\\/portal\\\/wp-content\\\/uploads\\\/2021\\\/01\\\/vacina_moc_3.jpg\",\"keywords\":[\"Asilo S\u00e3o Vicente de Paulo\",\"Asilo S\u00e3o Vicente de Paulo em Montes Claros\",\"Butantan\",\"CoronaVac\",\"COVID-19\",\"destaque\",\"Erotides Cardoso\",\"Idosos que vivem em asilo em Montes Claros s\u00e3o os primeiros vacinados contra a Covid-19 no interior de Minas\",\"Maria dos Reis\",\"Montes Claros\",\"Primeiros vacinados em Montes Claros\",\"Romeu Zema\",\"Romeu Zema em Montes Claros\",\"Vacina contra coronav\u00edrus em Montes Claros\",\"Vacina contra covid-19 em Montes Claros\",\"Vacina\u00e7\u00e3o em Montes Claros\"],\"articleSection\":[\"Norte de Minas\",\"Sa\u00fade\"],\"inLanguage\":\"pt-BR\",\"potentialAction\":[{\"@type\":\"CommentAction\",\"name\":\"Comment\",\"target\":[\"https:\\\/\\\/aconteceunovale.com.br\\\/portal\\\/?p=172530#respond\"]}]},{\"@type\":\"WebPage\",\"@id\":\"https:\\\/\\\/aconteceunovale.com.br\\\/portal\\\/?p=172530\",\"url\":\"https:\\\/\\\/aconteceunovale.com.br\\\/portal\\\/?p=172530\",\"name\":\"Idosos que vivem em asilo em Montes Claros s\u00e3o os primeiros vacinados contra a Covid-19 no interior de Minas - Aconteceu no Vale\",\"isPartOf\":{\"@id\":\"https:\\\/\\\/aconteceunovale.com.br\\\/portal\\\/#website\"},\"primaryImageOfPage\":{\"@id\":\"https:\\\/\\\/aconteceunovale.com.br\\\/portal\\\/?p=172530#primaryimage\"},\"image\":{\"@id\":\"https:\\\/\\\/aconteceunovale.com.br\\\/portal\\\/?p=172530#primaryimage\"},\"thumbnailUrl\":\"https:\\\/\\\/aconteceunovale.com.br\\\/portal\\\/wp-content\\\/uploads\\\/2021\\\/01\\\/vacina_moc_3.jpg\",\"datePublished\":\"2021-01-19T19:48:56+00:00\",\"dateModified\":\"2021-01-19T19:51:20+00:00\",\"author\":{\"@id\":\"https:\\\/\\\/aconteceunovale.com.br\\\/portal\\\/#\\\/schema\\\/person\\\/7d2f26d1483f8a63de73da1ee0754d35\"},\"breadcrumb\":{\"@id\":\"https:\\\/\\\/aconteceunovale.com.br\\\/portal\\\/?p=172530#breadcrumb\"},\"inLanguage\":\"pt-BR\",\"potentialAction\":[{\"@type\":\"ReadAction\",\"target\":[\"https:\\\/\\\/aconteceunovale.com.br\\\/portal\\\/?p=172530\"]}]},{\"@type\":\"ImageObject\",\"inLanguage\":\"pt-BR\",\"@id\":\"https:\\\/\\\/aconteceunovale.com.br\\\/portal\\\/?p=172530#primaryimage\",\"url\":\"https:\\\/\\\/aconteceunovale.com.br\\\/portal\\\/wp-content\\\/uploads\\\/2021\\\/01\\\/vacina_moc_3.jpg\",\"contentUrl\":\"https:\\\/\\\/aconteceunovale.com.br\\\/portal\\\/wp-content\\\/uploads\\\/2021\\\/01\\\/vacina_moc_3.jpg\",\"width\":675,\"height\":450},{\"@type\":\"BreadcrumbList\",\"@id\":\"https:\\\/\\\/aconteceunovale.com.br\\\/portal\\\/?p=172530#breadcrumb\",\"itemListElement\":[{\"@type\":\"ListItem\",\"position\":1,\"name\":\"In\u00edcio\",\"item\":\"https:\\\/\\\/aconteceunovale.com.br\\\/portal\\\/\"},{\"@type\":\"ListItem\",\"position\":2,\"name\":\"Idosos que vivem em asilo em Montes Claros s\u00e3o os primeiros vacinados contra a Covid-19 no interior de Minas\"}]},{\"@type\":\"WebSite\",\"@id\":\"https:\\\/\\\/aconteceunovale.com.br\\\/portal\\\/#website\",\"url\":\"https:\\\/\\\/aconteceunovale.com.br\\\/portal\\\/\",\"name\":\"Aconteceu no Vale\",\"description\":\"Portal de Not\u00edcias\",\"potentialAction\":[{\"@type\":\"SearchAction\",\"target\":{\"@type\":\"EntryPoint\",\"urlTemplate\":\"https:\\\/\\\/aconteceunovale.com.br\\\/portal\\\/?s={search_term_string}\"},\"query-input\":{\"@type\":\"PropertyValueSpecification\",\"valueRequired\":true,\"valueName\":\"search_term_string\"}}],\"inLanguage\":\"pt-BR\"},{\"@type\":\"Person\",\"@id\":\"https:\\\/\\\/aconteceunovale.com.br\\\/portal\\\/#\\\/schema\\\/person\\\/7d2f26d1483f8a63de73da1ee0754d35\",\"name\":\"Reda\u00e7\u00e3o Aconteceu no Vale\",\"description\":\"Equipe de reportagem do Aconteceu no Vale, portal de not\u00edcias do Vale do Jequitinhonha, em Minas Gerais. Cobrimos as 51 cidades do Vale desde 2013. Sugest\u00f5es de pauta e pedidos de corre\u00e7\u00e3o: contato@aconteceunovale.com.br\",\"url\":\"https:\\\/\\\/aconteceunovale.com.br\\\/portal\\\/?author=4\"}]}<\/script>\n<!-- \/ Yoast SEO plugin. -->","yoast_head_json":{"title":"Idosos que vivem em asilo em Montes Claros s\u00e3o os primeiros vacinados contra a Covid-19 no interior de Minas - Aconteceu no Vale","robots":{"index":"index","follow":"follow","max-snippet":"max-snippet:-1","max-image-preview":"max-image-preview:large","max-video-preview":"max-video-preview:-1"},"canonical":"https:\/\/aconteceunovale.com.br\/portal\/?p=172530","og_locale":"pt_BR","og_type":"article","og_title":"Idosos que vivem em asilo em Montes Claros s\u00e3o os primeiros vacinados contra a Covid-19 no interior de Minas - Aconteceu no Vale","og_description":"Governador Romeu Zema acompanhou a imuniza\u00e7\u00e3o contra a covid de dois moradores do Asilo S\u00e3o Vicente de Paulo \u201cA sa\u00fade \u00e9 a nossa felicidade, \u00e9 o que a gente tem de melhor no mundo. Faltou a sa\u00fade, faltou tudo. Ao receber a not\u00edcia de que seria vacinado, fiquei muito alegre. Gra\u00e7as a Deus fui vacinado. [&hellip;]","og_url":"https:\/\/aconteceunovale.com.br\/portal\/?p=172530","og_site_name":"Aconteceu no Vale","article_publisher":"https:\/\/www.facebook.com\/aconteceunovale\/","article_published_time":"2021-01-19T19:48:56+00:00","article_modified_time":"2021-01-19T19:51:20+00:00","og_image":[{"width":675,"height":450,"url":"https:\/\/aconteceunovale.com.br\/portal\/wp-content\/uploads\/2021\/01\/vacina_moc_3.jpg","type":"image\/jpeg"}],"author":"Reda\u00e7\u00e3o Aconteceu no Vale","twitter_card":"summary_large_image","twitter_creator":"@noticiadosvales","twitter_site":"@noticiadosvales","twitter_misc":{"Escrito por":"Reda\u00e7\u00e3o Aconteceu no Vale","Est. tempo de leitura":"2 minutos"},"schema":{"@context":"https:\/\/schema.org","@graph":[{"@type":"Article","@id":"https:\/\/aconteceunovale.com.br\/portal\/?p=172530#article","isPartOf":{"@id":"https:\/\/aconteceunovale.com.br\/portal\/?p=172530"},"author":{"name":"Reda\u00e7\u00e3o Aconteceu no Vale","@id":"https:\/\/aconteceunovale.com.br\/portal\/#\/schema\/person\/7d2f26d1483f8a63de73da1ee0754d35"},"headline":"Idosos que vivem em asilo em Montes Claros s\u00e3o os primeiros vacinados contra a Covid-19 no interior de Minas","datePublished":"2021-01-19T19:48:56+00:00","dateModified":"2021-01-19T19:51:20+00:00","mainEntityOfPage":{"@id":"https:\/\/aconteceunovale.com.br\/portal\/?p=172530"},"wordCount":450,"commentCount":0,"image":{"@id":"https:\/\/aconteceunovale.com.br\/portal\/?p=172530#primaryimage"},"thumbnailUrl":"https:\/\/aconteceunovale.com.br\/portal\/wp-content\/uploads\/2021\/01\/vacina_moc_3.jpg","keywords":["Asilo S\u00e3o Vicente de Paulo","Asilo S\u00e3o Vicente de Paulo em Montes Claros","Butantan","CoronaVac","COVID-19","destaque","Erotides Cardoso","Idosos que vivem em asilo em Montes Claros s\u00e3o os primeiros vacinados contra a Covid-19 no interior de Minas","Maria dos Reis","Montes Claros","Primeiros vacinados em Montes Claros","Romeu Zema","Romeu Zema em Montes Claros","Vacina contra coronav\u00edrus em Montes Claros","Vacina contra covid-19 em Montes Claros","Vacina\u00e7\u00e3o em Montes Claros"],"articleSection":["Norte de Minas","Sa\u00fade"],"inLanguage":"pt-BR","potentialAction":[{"@type":"CommentAction","name":"Comment","target":["https:\/\/aconteceunovale.com.br\/portal\/?p=172530#respond"]}]},{"@type":"WebPage","@id":"https:\/\/aconteceunovale.com.br\/portal\/?p=172530","url":"https:\/\/aconteceunovale.com.br\/portal\/?p=172530","name":"Idosos que vivem em asilo em Montes Claros s\u00e3o os primeiros vacinados contra a Covid-19 no interior de Minas - Aconteceu no Vale","isPartOf":{"@id":"https:\/\/aconteceunovale.com.br\/portal\/#website"},"primaryImageOfPage":{"@id":"https:\/\/aconteceunovale.com.br\/portal\/?p=172530#primaryimage"},"image":{"@id":"https:\/\/aconteceunovale.com.br\/portal\/?p=172530#primaryimage"},"thumbnailUrl":"https:\/\/aconteceunovale.com.br\/portal\/wp-content\/uploads\/2021\/01\/vacina_moc_3.jpg","datePublished":"2021-01-19T19:48:56+00:00","dateModified":"2021-01-19T19:51:20+00:00","author":{"@id":"https:\/\/aconteceunovale.com.br\/portal\/#\/schema\/person\/7d2f26d1483f8a63de73da1ee0754d35"},"breadcrumb":{"@id":"https:\/\/aconteceunovale.com.br\/portal\/?p=172530#breadcrumb"},"inLanguage":"pt-BR","potentialAction":[{"@type":"ReadAction","target":["https:\/\/aconteceunovale.com.br\/portal\/?p=172530"]}]},{"@type":"ImageObject","inLanguage":"pt-BR","@id":"https:\/\/aconteceunovale.com.br\/portal\/?p=172530#primaryimage","url":"https:\/\/aconteceunovale.com.br\/portal\/wp-content\/uploads\/2021\/01\/vacina_moc_3.jpg","contentUrl":"https:\/\/aconteceunovale.com.br\/portal\/wp-content\/uploads\/2021\/01\/vacina_moc_3.jpg","width":675,"height":450},{"@type":"BreadcrumbList","@id":"https:\/\/aconteceunovale.com.br\/portal\/?p=172530#breadcrumb","itemListElement":[{"@type":"ListItem","position":1,"name":"In\u00edcio","item":"https:\/\/aconteceunovale.com.br\/portal\/"},{"@type":"ListItem","position":2,"name":"Idosos que vivem em asilo em Montes Claros s\u00e3o os primeiros vacinados contra a Covid-19 no interior de Minas"}]},{"@type":"WebSite","@id":"https:\/\/aconteceunovale.com.br\/portal\/#website","url":"https:\/\/aconteceunovale.com.br\/portal\/","name":"Aconteceu no Vale","description":"Portal de Not\u00edcias","potentialAction":[{"@type":"SearchAction","target":{"@type":"EntryPoint","urlTemplate":"https:\/\/aconteceunovale.com.br\/portal\/?s={search_term_string}"},"query-input":{"@type":"PropertyValueSpecification","valueRequired":true,"valueName":"search_term_string"}}],"inLanguage":"pt-BR"},{"@type":"Person","@id":"https:\/\/aconteceunovale.com.br\/portal\/#\/schema\/person\/7d2f26d1483f8a63de73da1ee0754d35","name":"Reda\u00e7\u00e3o Aconteceu no Vale","description":"Equipe de reportagem do Aconteceu no Vale, portal de not\u00edcias do Vale do Jequitinhonha, em Minas Gerais. Cobrimos as 51 cidades do Vale desde 2013. Sugest\u00f5es de pauta e pedidos de corre\u00e7\u00e3o: contato@aconteceunovale.com.br","url":"https:\/\/aconteceunovale.com.br\/portal\/?author=4"}]}},"_links":{"self":[{"href":"https:\/\/aconteceunovale.com.br\/portal\/index.php?rest_route=\/wp\/v2\/posts\/172530","targetHints":{"allow":["GET"]}}],"collection":[{"href":"https:\/\/aconteceunovale.com.br\/portal\/index.php?rest_route=\/wp\/v2\/posts"}],"about":[{"href":"https:\/\/aconteceunovale.com.br\/portal\/index.php?rest_route=\/wp\/v2\/types\/post"}],"author":[{"embeddable":true,"href":"https:\/\/aconteceunovale.com.br\/portal\/index.php?rest_route=\/wp\/v2\/users\/4"}],"replies":[{"embeddable":true,"href":"https:\/\/aconteceunovale.com.br\/portal\/index.php?rest_route=%2Fwp%2Fv2%2Fcomments&post=172530"}],"version-history":[{"count":1,"href":"https:\/\/aconteceunovale.com.br\/portal\/index.php?rest_route=\/wp\/v2\/posts\/172530\/revisions"}],"predecessor-version":[{"id":172534,"href":"https:\/\/aconteceunovale.com.br\/portal\/index.php?rest_route=\/wp\/v2\/posts\/172530\/revisions\/172534"}],"wp:featuredmedia":[{"embeddable":true,"href":"https:\/\/aconteceunovale.com.br\/portal\/index.php?rest_route=\/wp\/v2\/media\/172531"}],"wp:attachment":[{"href":"https:\/\/aconteceunovale.com.br\/portal\/index.php?rest_route=%2Fwp%2Fv2%2Fmedia&parent=172530"}],"wp:term":[{"taxonomy":"category","embeddable":true,"href":"https:\/\/aconteceunovale.com.br\/portal\/index.php?rest_route=%2Fwp%2Fv2%2Fcategories&post=172530"},{"taxonomy":"post_tag","embeddable":true,"href":"https:\/\/aconteceunovale.com.br\/portal\/index.php?rest_route=%2Fwp%2Fv2%2Ftags&post=172530"}],"curies":[{"name":"wp","href":"https:\/\/api.w.org\/{rel}","templated":true}]}}