{"id":172526,"date":"2021-01-19T16:36:34","date_gmt":"2021-01-19T19:36:34","guid":{"rendered":"https:\/\/aconteceunovale.com.br\/portal\/?p=172526"},"modified":"2021-01-19T16:38:30","modified_gmt":"2021-01-19T19:38:30","slug":"policia-civil-de-minas-gerais-define-casos-prioritarios-para-emissao-de-carteiras-de-identidade","status":"publish","type":"post","link":"https:\/\/aconteceunovale.com.br\/portal\/?p=172526","title":{"rendered":"Pol\u00edcia Civil de Minas Gerais define casos priorit\u00e1rios para emiss\u00e3o de carteiras de identidade"},"content":{"rendered":"\n<p class=\"wp-block-paragraph\">A\u00a0<a rel=\"noreferrer noopener\" href=\"http:\/\/www.policiacivil.mg.gov.br\/\" target=\"_blank\">Pol\u00edcia Civil de Minas Gerais (PCMG)<\/a>\u00a0trabalha, neste momento, com uma nova rela\u00e7\u00e3o\u00a0de casos priorit\u00e1rios para emiss\u00e3o de carteiras de identidade e de atestados de antecedentes. A medida alcan\u00e7a os Postos de Identifica\u00e7\u00e3o em todo o estado, gerenciados pelo Instituto de Identifica\u00e7\u00e3o e pelas Delegacias Regionais.<\/p>\n\n\n\n<p class=\"wp-block-paragraph\">O ajuste\u00a0se d\u00e1 em virtude da reclassifica\u00e7\u00e3o dos munic\u00edpios mineiros nas ondas do plano\u00a0<a rel=\"noreferrer noopener\" href=\"http:\/\/www.mg.gov.br\/minasconsciente\" target=\"_blank\">Minas Consciente<\/a>, que avalia indicadores de capacidade assistencial e de propaga\u00e7\u00e3o da covid-19.<\/p>\n\n\n\n<p class=\"wp-block-paragraph\">De acordo com a portaria da Superintend\u00eancia de Informa\u00e7\u00f5es e Intelig\u00eancia Policial (SIIP), publicada na \u00faltima sexta-feira (15\/1\/2021), est\u00e3o sendo atendidos, prioritariamente, quem precisa dos documentos para solicitar medicamentos, consultas ou tratamentos m\u00e9dicos (na rede p\u00fablica ou privada de sa\u00fade); cumprir exig\u00eancias das rela\u00e7\u00f5es de trabalho ou emprego; bem como para realizar viagens nacionais ou internacionais, mediante comprova\u00e7\u00e3o documental de urg\u00eancia.<\/p>\n\n\n\n<p class=\"wp-block-paragraph\">Tamb\u00e9m s\u00e3o consideradas situa\u00e7\u00f5es priorit\u00e1rias aquelas em que o cidad\u00e3o necessita da carteira de identidade ou do atestado de antecedentes para: participar de certames, como concursos p\u00fablicos e exames em geral (escolas, universidades, Detran, dentre outros); apresentar em \u00f3rg\u00e3os p\u00fablicos e\/ou privados, mediante agendamento pr\u00e9vio ou em casos de processos em andamento (Tribunais de Justi\u00e7a, Pol\u00edcia Federal, Receita Federal, INSS, bancos etc.); e pessoas em situa\u00e7\u00e3o de vulnerabilidade social, como idosos, acamados, deficientes, hospitalizados e pessoas em situa\u00e7\u00e3o de rua.<\/p>\n\n\n\n<figure class=\"wp-block-gallery columns-1 is-cropped wp-block-gallery-1 is-layout-flex wp-block-gallery-is-layout-flex\"><ul class=\"blocks-gallery-grid\"><li class=\"blocks-gallery-item\"><figure><img loading=\"lazy\" decoding=\"async\" width=\"634\" height=\"450\" src=\"https:\/\/aconteceunovale.com.br\/portal\/wp-content\/uploads\/2021\/01\/emissao_rg.jpg\" alt=\"\" data-id=\"172527\" data-full-url=\"https:\/\/aconteceunovale.com.br\/portal\/wp-content\/uploads\/2021\/01\/emissao_rg.jpg\" data-link=\"https:\/\/aconteceunovale.com.br\/portal\/?attachment_id=172527\" class=\"wp-image-172527\" srcset=\"https:\/\/aconteceunovale.com.br\/portal\/wp-content\/uploads\/2021\/01\/emissao_rg.jpg 634w, https:\/\/aconteceunovale.com.br\/portal\/wp-content\/uploads\/2021\/01\/emissao_rg-300x213.jpg 300w, https:\/\/aconteceunovale.com.br\/portal\/wp-content\/uploads\/2021\/01\/emissao_rg-100x70.jpg 100w, https:\/\/aconteceunovale.com.br\/portal\/wp-content\/uploads\/2021\/01\/emissao_rg-592x420.jpg 592w\" sizes=\"auto, (max-width: 634px) 100vw, 634px\" \/><figcaption class=\"blocks-gallery-item__caption\"><em>Foto: PCMG \/ Divulga\u00e7\u00e3o<\/em><\/figcaption><\/figure><\/li><\/ul><\/figure>\n\n\n\n<h2 class=\"wp-block-heading\"><strong>Atendimento<\/strong><\/h2>\n\n\n\n<p class=\"wp-block-paragraph\">As situa\u00e7\u00f5es previstas na portaria s\u00e3o aplicadas aos Postos de Identifica\u00e7\u00e3o sediados no interior do estado, dentro e fora das depend\u00eancias da PCMG, exceto se todas as atividades ou o acesso ao p\u00fablico no local forem interrompidos pelo \u00f3rg\u00e3o respons\u00e1vel.<\/p>\n\n\n\n<p class=\"wp-block-paragraph\">Nesses casos, o interessado deve apresentar a demanda \u00e0 Delegacia de Pol\u00edcia Civil mais pr\u00f3xima, para fins de viabiliza\u00e7\u00e3o do atendimento emergencial. Os telefones e endere\u00e7os est\u00e3o dispon\u00edveis no site da PCMG\u00a0&#8211;\u00a0<a rel=\"noreferrer noopener\" href=\"http:\/\/www.policiacivil.mg.gov.br\/\" target=\"_blank\">www.policiacivil.mg.gov.br<\/a>, na aba \u201cUnidades\u201d.<br><br>A portaria ainda se aplica ao Posto de Identifica\u00e7\u00e3o sediado na C\u00e2mara Municipal de Belo Horizonte, e o atendimento deve ser agendado por e-mail (postoidentificacao@cmbh.mg.gov.br). Em raz\u00e3o do recesso, a unidade da Assembleia Legislativa, tamb\u00e9m na capital, est\u00e1 temporariamente fechada.<br><br>Os Postos de Identifica\u00e7\u00e3o localizados nas Unidades de Atendimento Integrado (UAIs), em raz\u00e3o de suas especificidades, permanecem atendendo o p\u00fablico mediante\u00a0<a rel=\"noreferrer noopener\" href=\"https:\/\/www.mg.gov.br\/conteudo\/geral\/agendamento-online-gratuito\" target=\"_blank\">agendamento eletr\u00f4nico pelo site<\/a>\u00a0ou via aplicativo\u00a0<a rel=\"noreferrer noopener\" href=\"https:\/\/www.mg.gov.br\/conteudo\/geral\/mgapp\" target=\"_blank\">MG app \u2013 Cidad\u00e3o<\/a>. Nas UAIs\u00a0prevalecem as normas da\u00a0<a rel=\"noreferrer noopener\" href=\"http:\/\/www.planejamento.mg.gov.br\/\" target=\"_blank\">Secretaria de Estado de Planejamento e Gest\u00e3o (Seplag)<\/a>.<br><br>A Pol\u00edcia Civil informa, tamb\u00e9m, que o atestado de antecedentes pode ser emitido pela internet, por meio\u00a0<a rel=\"noreferrer noopener\" href=\"https:\/\/wwws.pc.mg.gov.br\/atestado\/solicitarsel.do?evento=x&amp;fwPlc=s\" target=\"_blank\">deste link<\/a>, no site da PCMG.<\/p>\n\n\n\n<p class=\"has-white-color has-black-background-color has-text-color has-background wp-block-paragraph\">Quer saber as not\u00edcias do <strong>Aconteceu no Vale<\/strong> em primeira m\u00e3o? Siga-nos no Facebook <a rel=\"noreferrer noopener\" href=\"http:\/\/facebook.com\/aconteceunovale\" target=\"_blank\">@aconteceunovale<\/a>, Twitter <a rel=\"noreferrer noopener\" href=\"https:\/\/twitter.com\/noticiadosvales\" target=\"_blank\">@noticiadosvales<\/a> e Instagram <a rel=\"noreferrer noopener\" href=\"https:\/\/www.instagram.com\/aconteceunovale\" target=\"_blank\">@aconteceunovale<\/a>.<\/p>\n","protected":false},"excerpt":{"rendered":"<p>A\u00a0Pol\u00edcia Civil de Minas Gerais (PCMG)\u00a0trabalha, neste momento, com uma nova rela\u00e7\u00e3o\u00a0de casos priorit\u00e1rios para emiss\u00e3o de carteiras de identidade e de atestados de antecedentes. A medida alcan\u00e7a os Postos de Identifica\u00e7\u00e3o em todo o estado, gerenciados pelo Instituto de Identifica\u00e7\u00e3o e pelas Delegacias Regionais. O ajuste\u00a0se d\u00e1 em virtude da reclassifica\u00e7\u00e3o dos munic\u00edpios mineiros [&hellip;]<\/p>\n","protected":false},"author":4,"featured_media":172527,"comment_status":"open","ping_status":"closed","sticky":false,"template":"","format":"standard","meta":{"amp_status":"","footnotes":""},"categories":[123],"tags":[235107,235108,235109,604,44644,235106],"class_list":["post-172526","post","type-post","status-publish","format-standard","has-post-thumbnail","hentry","category-gerais","tag-emissao-de-carteiras-de-identidade","tag-emissao-de-carteiras-de-identidade-em-minas-gerais","tag-emissao-de-rg-em-minas-gerais","tag-pcmg","tag-policia-civil-de-minas-gerais","tag-policia-civil-de-minas-gerais-define-casos-prioritarios-para-emissao-de-carteiras-de-identidade"],"yoast_head":"<!-- This site is optimized with the Yoast SEO plugin v28.3 - https:\/\/yoast.com\/product\/yoast-seo-wordpress\/ -->\n<title>Pol\u00edcia Civil de Minas Gerais define casos priorit\u00e1rios para emiss\u00e3o de carteiras de identidade - Aconteceu no Vale<\/title>\n<meta name=\"robots\" content=\"index, follow, max-snippet:-1, max-image-preview:large, max-video-preview:-1\" \/>\n<link rel=\"canonical\" href=\"https:\/\/aconteceunovale.com.br\/portal\/?p=172526\" \/>\n<meta property=\"og:locale\" content=\"pt_BR\" \/>\n<meta property=\"og:type\" content=\"article\" \/>\n<meta property=\"og:title\" content=\"Pol\u00edcia Civil de Minas Gerais define casos priorit\u00e1rios para emiss\u00e3o de carteiras de identidade - Aconteceu no Vale\" \/>\n<meta property=\"og:description\" content=\"A\u00a0Pol\u00edcia Civil de Minas Gerais (PCMG)\u00a0trabalha, neste momento, com uma nova rela\u00e7\u00e3o\u00a0de casos priorit\u00e1rios para emiss\u00e3o de carteiras de identidade e de atestados de antecedentes. A medida alcan\u00e7a os Postos de Identifica\u00e7\u00e3o em todo o estado, gerenciados pelo Instituto de Identifica\u00e7\u00e3o e pelas Delegacias Regionais. O ajuste\u00a0se d\u00e1 em virtude da reclassifica\u00e7\u00e3o dos munic\u00edpios mineiros [&hellip;]\" \/>\n<meta property=\"og:url\" content=\"https:\/\/aconteceunovale.com.br\/portal\/?p=172526\" \/>\n<meta property=\"og:site_name\" content=\"Aconteceu no Vale\" \/>\n<meta property=\"article:publisher\" content=\"https:\/\/www.facebook.com\/aconteceunovale\/\" \/>\n<meta property=\"article:published_time\" content=\"2021-01-19T19:36:34+00:00\" \/>\n<meta property=\"article:modified_time\" content=\"2021-01-19T19:38:30+00:00\" \/>\n<meta property=\"og:image\" content=\"https:\/\/aconteceunovale.com.br\/portal\/wp-content\/uploads\/2021\/01\/emissao_rg.jpg\" \/>\n\t<meta property=\"og:image:width\" content=\"634\" \/>\n\t<meta property=\"og:image:height\" content=\"450\" \/>\n\t<meta property=\"og:image:type\" content=\"image\/jpeg\" \/>\n<meta name=\"author\" content=\"Reda\u00e7\u00e3o Aconteceu no Vale\" \/>\n<meta name=\"twitter:card\" content=\"summary_large_image\" \/>\n<meta name=\"twitter:creator\" content=\"@noticiadosvales\" \/>\n<meta name=\"twitter:site\" content=\"@noticiadosvales\" \/>\n<meta name=\"twitter:label1\" content=\"Escrito por\" \/>\n\t<meta name=\"twitter:data1\" content=\"Reda\u00e7\u00e3o Aconteceu no Vale\" \/>\n\t<meta name=\"twitter:label2\" content=\"Est. tempo de leitura\" \/>\n\t<meta name=\"twitter:data2\" content=\"2 minutos\" \/>\n<script type=\"application\/ld+json\" class=\"yoast-schema-graph\">{\"@context\":\"https:\\\/\\\/schema.org\",\"@graph\":[{\"@type\":\"Article\",\"@id\":\"https:\\\/\\\/aconteceunovale.com.br\\\/portal\\\/?p=172526#article\",\"isPartOf\":{\"@id\":\"https:\\\/\\\/aconteceunovale.com.br\\\/portal\\\/?p=172526\"},\"author\":{\"name\":\"Reda\u00e7\u00e3o Aconteceu no Vale\",\"@id\":\"https:\\\/\\\/aconteceunovale.com.br\\\/portal\\\/#\\\/schema\\\/person\\\/7d2f26d1483f8a63de73da1ee0754d35\"},\"headline\":\"Pol\u00edcia Civil de Minas Gerais define casos priorit\u00e1rios para emiss\u00e3o de carteiras de identidade\",\"datePublished\":\"2021-01-19T19:36:34+00:00\",\"dateModified\":\"2021-01-19T19:38:30+00:00\",\"mainEntityOfPage\":{\"@id\":\"https:\\\/\\\/aconteceunovale.com.br\\\/portal\\\/?p=172526\"},\"wordCount\":512,\"commentCount\":0,\"image\":{\"@id\":\"https:\\\/\\\/aconteceunovale.com.br\\\/portal\\\/?p=172526#primaryimage\"},\"thumbnailUrl\":\"https:\\\/\\\/aconteceunovale.com.br\\\/portal\\\/wp-content\\\/uploads\\\/2021\\\/01\\\/emissao_rg.jpg\",\"keywords\":[\"Emiss\u00e3o de carteiras de identidade\",\"Emiss\u00e3o de carteiras de identidade em Minas Gerais\",\"Emiss\u00e3o de RG em Minas Gerais\",\"PCMG\",\"Pol\u00edcia Civil de Minas Gerais\",\"Pol\u00edcia Civil de Minas Gerais define casos priorit\u00e1rios para emiss\u00e3o de carteiras de identidade\"],\"articleSection\":[\"Minas Gerais\"],\"inLanguage\":\"pt-BR\",\"potentialAction\":[{\"@type\":\"CommentAction\",\"name\":\"Comment\",\"target\":[\"https:\\\/\\\/aconteceunovale.com.br\\\/portal\\\/?p=172526#respond\"]}]},{\"@type\":\"WebPage\",\"@id\":\"https:\\\/\\\/aconteceunovale.com.br\\\/portal\\\/?p=172526\",\"url\":\"https:\\\/\\\/aconteceunovale.com.br\\\/portal\\\/?p=172526\",\"name\":\"Pol\u00edcia Civil de Minas Gerais define casos priorit\u00e1rios para emiss\u00e3o de carteiras de identidade - Aconteceu no Vale\",\"isPartOf\":{\"@id\":\"https:\\\/\\\/aconteceunovale.com.br\\\/portal\\\/#website\"},\"primaryImageOfPage\":{\"@id\":\"https:\\\/\\\/aconteceunovale.com.br\\\/portal\\\/?p=172526#primaryimage\"},\"image\":{\"@id\":\"https:\\\/\\\/aconteceunovale.com.br\\\/portal\\\/?p=172526#primaryimage\"},\"thumbnailUrl\":\"https:\\\/\\\/aconteceunovale.com.br\\\/portal\\\/wp-content\\\/uploads\\\/2021\\\/01\\\/emissao_rg.jpg\",\"datePublished\":\"2021-01-19T19:36:34+00:00\",\"dateModified\":\"2021-01-19T19:38:30+00:00\",\"author\":{\"@id\":\"https:\\\/\\\/aconteceunovale.com.br\\\/portal\\\/#\\\/schema\\\/person\\\/7d2f26d1483f8a63de73da1ee0754d35\"},\"breadcrumb\":{\"@id\":\"https:\\\/\\\/aconteceunovale.com.br\\\/portal\\\/?p=172526#breadcrumb\"},\"inLanguage\":\"pt-BR\",\"potentialAction\":[{\"@type\":\"ReadAction\",\"target\":[\"https:\\\/\\\/aconteceunovale.com.br\\\/portal\\\/?p=172526\"]}]},{\"@type\":\"ImageObject\",\"inLanguage\":\"pt-BR\",\"@id\":\"https:\\\/\\\/aconteceunovale.com.br\\\/portal\\\/?p=172526#primaryimage\",\"url\":\"https:\\\/\\\/aconteceunovale.com.br\\\/portal\\\/wp-content\\\/uploads\\\/2021\\\/01\\\/emissao_rg.jpg\",\"contentUrl\":\"https:\\\/\\\/aconteceunovale.com.br\\\/portal\\\/wp-content\\\/uploads\\\/2021\\\/01\\\/emissao_rg.jpg\",\"width\":634,\"height\":450},{\"@type\":\"BreadcrumbList\",\"@id\":\"https:\\\/\\\/aconteceunovale.com.br\\\/portal\\\/?p=172526#breadcrumb\",\"itemListElement\":[{\"@type\":\"ListItem\",\"position\":1,\"name\":\"In\u00edcio\",\"item\":\"https:\\\/\\\/aconteceunovale.com.br\\\/portal\\\/\"},{\"@type\":\"ListItem\",\"position\":2,\"name\":\"Pol\u00edcia Civil de Minas Gerais define casos priorit\u00e1rios para emiss\u00e3o de carteiras de identidade\"}]},{\"@type\":\"WebSite\",\"@id\":\"https:\\\/\\\/aconteceunovale.com.br\\\/portal\\\/#website\",\"url\":\"https:\\\/\\\/aconteceunovale.com.br\\\/portal\\\/\",\"name\":\"Aconteceu no Vale\",\"description\":\"Portal de Not\u00edcias\",\"potentialAction\":[{\"@type\":\"SearchAction\",\"target\":{\"@type\":\"EntryPoint\",\"urlTemplate\":\"https:\\\/\\\/aconteceunovale.com.br\\\/portal\\\/?s={search_term_string}\"},\"query-input\":{\"@type\":\"PropertyValueSpecification\",\"valueRequired\":true,\"valueName\":\"search_term_string\"}}],\"inLanguage\":\"pt-BR\"},{\"@type\":\"Person\",\"@id\":\"https:\\\/\\\/aconteceunovale.com.br\\\/portal\\\/#\\\/schema\\\/person\\\/7d2f26d1483f8a63de73da1ee0754d35\",\"name\":\"Reda\u00e7\u00e3o Aconteceu no Vale\",\"description\":\"Equipe de reportagem do Aconteceu no Vale, portal de not\u00edcias do Vale do Jequitinhonha, em Minas Gerais. Cobrimos as 51 cidades do Vale desde 2013. Sugest\u00f5es de pauta e pedidos de corre\u00e7\u00e3o: contato@aconteceunovale.com.br\",\"url\":\"https:\\\/\\\/aconteceunovale.com.br\\\/portal\\\/?author=4\"}]}<\/script>\n<!-- \/ Yoast SEO plugin. -->","yoast_head_json":{"title":"Pol\u00edcia Civil de Minas Gerais define casos priorit\u00e1rios para emiss\u00e3o de carteiras de identidade - Aconteceu no Vale","robots":{"index":"index","follow":"follow","max-snippet":"max-snippet:-1","max-image-preview":"max-image-preview:large","max-video-preview":"max-video-preview:-1"},"canonical":"https:\/\/aconteceunovale.com.br\/portal\/?p=172526","og_locale":"pt_BR","og_type":"article","og_title":"Pol\u00edcia Civil de Minas Gerais define casos priorit\u00e1rios para emiss\u00e3o de carteiras de identidade - Aconteceu no Vale","og_description":"A\u00a0Pol\u00edcia Civil de Minas Gerais (PCMG)\u00a0trabalha, neste momento, com uma nova rela\u00e7\u00e3o\u00a0de casos priorit\u00e1rios para emiss\u00e3o de carteiras de identidade e de atestados de antecedentes. A medida alcan\u00e7a os Postos de Identifica\u00e7\u00e3o em todo o estado, gerenciados pelo Instituto de Identifica\u00e7\u00e3o e pelas Delegacias Regionais. O ajuste\u00a0se d\u00e1 em virtude da reclassifica\u00e7\u00e3o dos munic\u00edpios mineiros [&hellip;]","og_url":"https:\/\/aconteceunovale.com.br\/portal\/?p=172526","og_site_name":"Aconteceu no Vale","article_publisher":"https:\/\/www.facebook.com\/aconteceunovale\/","article_published_time":"2021-01-19T19:36:34+00:00","article_modified_time":"2021-01-19T19:38:30+00:00","og_image":[{"width":634,"height":450,"url":"https:\/\/aconteceunovale.com.br\/portal\/wp-content\/uploads\/2021\/01\/emissao_rg.jpg","type":"image\/jpeg"}],"author":"Reda\u00e7\u00e3o Aconteceu no Vale","twitter_card":"summary_large_image","twitter_creator":"@noticiadosvales","twitter_site":"@noticiadosvales","twitter_misc":{"Escrito por":"Reda\u00e7\u00e3o Aconteceu no Vale","Est. tempo de leitura":"2 minutos"},"schema":{"@context":"https:\/\/schema.org","@graph":[{"@type":"Article","@id":"https:\/\/aconteceunovale.com.br\/portal\/?p=172526#article","isPartOf":{"@id":"https:\/\/aconteceunovale.com.br\/portal\/?p=172526"},"author":{"name":"Reda\u00e7\u00e3o Aconteceu no Vale","@id":"https:\/\/aconteceunovale.com.br\/portal\/#\/schema\/person\/7d2f26d1483f8a63de73da1ee0754d35"},"headline":"Pol\u00edcia Civil de Minas Gerais define casos priorit\u00e1rios para emiss\u00e3o de carteiras de identidade","datePublished":"2021-01-19T19:36:34+00:00","dateModified":"2021-01-19T19:38:30+00:00","mainEntityOfPage":{"@id":"https:\/\/aconteceunovale.com.br\/portal\/?p=172526"},"wordCount":512,"commentCount":0,"image":{"@id":"https:\/\/aconteceunovale.com.br\/portal\/?p=172526#primaryimage"},"thumbnailUrl":"https:\/\/aconteceunovale.com.br\/portal\/wp-content\/uploads\/2021\/01\/emissao_rg.jpg","keywords":["Emiss\u00e3o de carteiras de identidade","Emiss\u00e3o de carteiras de identidade em Minas Gerais","Emiss\u00e3o de RG em Minas Gerais","PCMG","Pol\u00edcia Civil de Minas Gerais","Pol\u00edcia Civil de Minas Gerais define casos priorit\u00e1rios para emiss\u00e3o de carteiras de identidade"],"articleSection":["Minas Gerais"],"inLanguage":"pt-BR","potentialAction":[{"@type":"CommentAction","name":"Comment","target":["https:\/\/aconteceunovale.com.br\/portal\/?p=172526#respond"]}]},{"@type":"WebPage","@id":"https:\/\/aconteceunovale.com.br\/portal\/?p=172526","url":"https:\/\/aconteceunovale.com.br\/portal\/?p=172526","name":"Pol\u00edcia Civil de Minas Gerais define casos priorit\u00e1rios para emiss\u00e3o de carteiras de identidade - Aconteceu no Vale","isPartOf":{"@id":"https:\/\/aconteceunovale.com.br\/portal\/#website"},"primaryImageOfPage":{"@id":"https:\/\/aconteceunovale.com.br\/portal\/?p=172526#primaryimage"},"image":{"@id":"https:\/\/aconteceunovale.com.br\/portal\/?p=172526#primaryimage"},"thumbnailUrl":"https:\/\/aconteceunovale.com.br\/portal\/wp-content\/uploads\/2021\/01\/emissao_rg.jpg","datePublished":"2021-01-19T19:36:34+00:00","dateModified":"2021-01-19T19:38:30+00:00","author":{"@id":"https:\/\/aconteceunovale.com.br\/portal\/#\/schema\/person\/7d2f26d1483f8a63de73da1ee0754d35"},"breadcrumb":{"@id":"https:\/\/aconteceunovale.com.br\/portal\/?p=172526#breadcrumb"},"inLanguage":"pt-BR","potentialAction":[{"@type":"ReadAction","target":["https:\/\/aconteceunovale.com.br\/portal\/?p=172526"]}]},{"@type":"ImageObject","inLanguage":"pt-BR","@id":"https:\/\/aconteceunovale.com.br\/portal\/?p=172526#primaryimage","url":"https:\/\/aconteceunovale.com.br\/portal\/wp-content\/uploads\/2021\/01\/emissao_rg.jpg","contentUrl":"https:\/\/aconteceunovale.com.br\/portal\/wp-content\/uploads\/2021\/01\/emissao_rg.jpg","width":634,"height":450},{"@type":"BreadcrumbList","@id":"https:\/\/aconteceunovale.com.br\/portal\/?p=172526#breadcrumb","itemListElement":[{"@type":"ListItem","position":1,"name":"In\u00edcio","item":"https:\/\/aconteceunovale.com.br\/portal\/"},{"@type":"ListItem","position":2,"name":"Pol\u00edcia Civil de Minas Gerais define casos priorit\u00e1rios para emiss\u00e3o de carteiras de identidade"}]},{"@type":"WebSite","@id":"https:\/\/aconteceunovale.com.br\/portal\/#website","url":"https:\/\/aconteceunovale.com.br\/portal\/","name":"Aconteceu no Vale","description":"Portal de Not\u00edcias","potentialAction":[{"@type":"SearchAction","target":{"@type":"EntryPoint","urlTemplate":"https:\/\/aconteceunovale.com.br\/portal\/?s={search_term_string}"},"query-input":{"@type":"PropertyValueSpecification","valueRequired":true,"valueName":"search_term_string"}}],"inLanguage":"pt-BR"},{"@type":"Person","@id":"https:\/\/aconteceunovale.com.br\/portal\/#\/schema\/person\/7d2f26d1483f8a63de73da1ee0754d35","name":"Reda\u00e7\u00e3o Aconteceu no Vale","description":"Equipe de reportagem do Aconteceu no Vale, portal de not\u00edcias do Vale do Jequitinhonha, em Minas Gerais. Cobrimos as 51 cidades do Vale desde 2013. Sugest\u00f5es de pauta e pedidos de corre\u00e7\u00e3o: contato@aconteceunovale.com.br","url":"https:\/\/aconteceunovale.com.br\/portal\/?author=4"}]}},"_links":{"self":[{"href":"https:\/\/aconteceunovale.com.br\/portal\/index.php?rest_route=\/wp\/v2\/posts\/172526","targetHints":{"allow":["GET"]}}],"collection":[{"href":"https:\/\/aconteceunovale.com.br\/portal\/index.php?rest_route=\/wp\/v2\/posts"}],"about":[{"href":"https:\/\/aconteceunovale.com.br\/portal\/index.php?rest_route=\/wp\/v2\/types\/post"}],"author":[{"embeddable":true,"href":"https:\/\/aconteceunovale.com.br\/portal\/index.php?rest_route=\/wp\/v2\/users\/4"}],"replies":[{"embeddable":true,"href":"https:\/\/aconteceunovale.com.br\/portal\/index.php?rest_route=%2Fwp%2Fv2%2Fcomments&post=172526"}],"version-history":[{"count":2,"href":"https:\/\/aconteceunovale.com.br\/portal\/index.php?rest_route=\/wp\/v2\/posts\/172526\/revisions"}],"predecessor-version":[{"id":172529,"href":"https:\/\/aconteceunovale.com.br\/portal\/index.php?rest_route=\/wp\/v2\/posts\/172526\/revisions\/172529"}],"wp:featuredmedia":[{"embeddable":true,"href":"https:\/\/aconteceunovale.com.br\/portal\/index.php?rest_route=\/wp\/v2\/media\/172527"}],"wp:attachment":[{"href":"https:\/\/aconteceunovale.com.br\/portal\/index.php?rest_route=%2Fwp%2Fv2%2Fmedia&parent=172526"}],"wp:term":[{"taxonomy":"category","embeddable":true,"href":"https:\/\/aconteceunovale.com.br\/portal\/index.php?rest_route=%2Fwp%2Fv2%2Fcategories&post=172526"},{"taxonomy":"post_tag","embeddable":true,"href":"https:\/\/aconteceunovale.com.br\/portal\/index.php?rest_route=%2Fwp%2Fv2%2Ftags&post=172526"}],"curies":[{"name":"wp","href":"https:\/\/api.w.org\/{rel}","templated":true}]}}