{"id":172509,"date":"2021-01-18T20:14:40","date_gmt":"2021-01-18T23:14:40","guid":{"rendered":"https:\/\/aconteceunovale.com.br\/portal\/?p=172509"},"modified":"2026-08-31T23:11:32","modified_gmt":"2026-09-01T02:11:32","slug":"capelinha-registra-23-novos-casos-de-covid-19","status":"publish","type":"post","link":"https:\/\/aconteceunovale.com.br\/portal\/?p=172509","title":{"rendered":"Capelinha registra 23 novos casos de Covid-19"},"content":{"rendered":"\n<p class=\"wp-block-paragraph\">Capelinha (MG) confirmou nesta segunda-feira (18\/1\/2021), atrav\u00e9s do boletim epidemiol\u00f3gico di\u00e1rio, 23 novos casos de pacientes infectados com coronav\u00edrus (Covid-19). No total, 485 pessoas j\u00e1 foram diagnosticadas com a doen\u00e7a no munic\u00edpio.<\/p>\n\n\n\n<p class=\"wp-block-paragraph\">O levantamento aponta que 169 pessoas aguardam o resultado de exame RT-PCR e\/ou o tempo necess\u00e1rio para realiza\u00e7\u00e3o de teste r\u00e1pido. Segundo o boletim, 407 pacientes j\u00e1 est\u00e3o recuperados da doen\u00e7a, seis morreram (um de outro munic\u00edpio) e quatro est\u00e3o internados (dois em UTI e dois em enfermaria).\u00a0<\/p>\n\n\n\n<p class=\"wp-block-paragraph\">O boletim epidemiol\u00f3gico desta segunda-feira conta com dados referentes aos dias 15, 16 e 17 de janeiro, j\u00e1 que a secretaria da Sa\u00fade de Capelinha n\u00e3o divulga informa\u00e7\u00f5es sobre a covid-19 aos finais de semana.<\/p>\n\n\n\n<h4 class=\"wp-block-heading\"><strong>Boletim epidemiol\u00f3gico de 18\/1\/2021:<\/strong><\/h4>\n\n\n\n<figure class=\"wp-block-image size-large\"><img decoding=\"async\" src=\"https:\/\/scontent.ftfl3-1.fna.fbcdn.net\/v\/t1.0-9\/140388267_2823070111353294_4885640498120196653_o.png?_nc_cat=100&amp;ccb=2&amp;_nc_sid=730e14&amp;_nc_ohc=SNqVj7QooO4AX8_eUTt&amp;_nc_ht=scontent.ftfl3-1.fna&amp;oh=0397bc82e275ffd4d0c93deb2f55a8e1&amp;oe=602D11D7\" alt=\"\"\/><\/figure>\n\n\n\n<figure class=\"wp-block-image size-large\"><img decoding=\"async\" src=\"https:\/\/scontent.ftfl3-1.fna.fbcdn.net\/v\/t1.0-9\/140175470_2823065324687106_3698036982036844674_o.png?_nc_cat=108&amp;ccb=2&amp;_nc_sid=730e14&amp;_nc_ohc=M31N7H3sKCsAX9YCo-d&amp;_nc_ht=scontent.ftfl3-1.fna&amp;oh=89e8dd2ba21ebdb78feed72b7f2746f9&amp;oe=602C4ED4\" alt=\"\"\/><\/figure>\n\n\n\n<figure class=\"wp-block-image size-large\"><img decoding=\"async\" src=\"https:\/\/scontent.ftfl3-1.fna.fbcdn.net\/v\/t1.0-9\/140043996_2823055878021384_4988806052152479063_o.jpg?_nc_cat=102&amp;ccb=2&amp;_nc_sid=730e14&amp;_nc_ohc=uZPOXQhrTakAX82L1BW&amp;_nc_ht=scontent.ftfl3-1.fna&amp;oh=a7b2ed8d3408c3c9409cda81d56ad296&amp;oe=602C7694\" alt=\"\"\/><\/figure>\n\n\n\n<figure class=\"wp-block-image size-large\"><img decoding=\"async\" src=\"https:\/\/scontent.ftfl3-1.fna.fbcdn.net\/v\/t1.0-9\/140513933_2823055884688050_3098010238240242496_o.jpg?_nc_cat=107&amp;ccb=2&amp;_nc_sid=730e14&amp;_nc_ohc=l15Np2sWrR0AX_GS3sq&amp;_nc_ht=scontent.ftfl3-1.fna&amp;oh=f918a3eaf40e3adbd66070ec4a6c49db&amp;oe=602D97D2\" alt=\"\"\/><\/figure>\n\n\n\n<p class=\"has-white-color has-black-background-color has-text-color has-background wp-block-paragraph\">Quer saber as not\u00edcias do <strong>Aconteceu no Vale<\/strong> em primeira m\u00e3o? Siga-nos no Facebook <a rel=\"noreferrer noopener\" href=\"http:\/\/facebook.com\/aconteceunovale\" target=\"_blank\">@aconteceunovale<\/a>, Twitter <a rel=\"noreferrer noopener\" href=\"https:\/\/twitter.com\/noticiadosvales\" target=\"_blank\">@noticiadosvales<\/a> e Instagram <a rel=\"noreferrer noopener\" href=\"https:\/\/www.instagram.com\/aconteceunovale\" target=\"_blank\">@aconteceunovale<\/a>.<\/p>\n","protected":false},"excerpt":{"rendered":"<p>Capelinha (MG) confirmou nesta segunda-feira (18\/1\/2021), atrav\u00e9s do boletim epidemiol\u00f3gico di\u00e1rio, 23 novos casos de pacientes infectados com coronav\u00edrus (Covid-19). No total, 485 pessoas j\u00e1 foram diagnosticadas com a doen\u00e7a no munic\u00edpio. O levantamento aponta que 169 pessoas aguardam o resultado de exame RT-PCR e\/ou o tempo necess\u00e1rio para realiza\u00e7\u00e3o de teste r\u00e1pido. Segundo o [&hellip;]<\/p>\n","protected":false},"author":4,"featured_media":165086,"comment_status":"open","ping_status":"closed","sticky":false,"template":"","format":"standard","meta":{"amp_status":"","footnotes":""},"categories":[272535,40242,120],"tags":[132,229836,229666,235061,224754,227487,218007,221398,224309,223916,223915,224224,214884,218179,216498,218765,1018,224739,218198,229669,224738,218201,229668,140166,44374,234795,234796,65998,224633,224348,229667,23263,17594],"class_list":["post-172509","post","type-post","status-publish","format-standard","has-post-thumbnail","hentry","category-capelinha","category-saude-2","category-jequi","tag-capelinha","tag-capelinha-confirma-mais-dois-obitos-de-pacientes-infectados-pelo-novo-coronavirus","tag-capelinha-confirma-primeiro-obito-de-paciente-infectado-pelo-novo-coronavirus","tag-capelinha-registra-23-novos-casos-de-covid-19","tag-capelinha-registra-mais-dois-casos-de-coronavirus","tag-capelinha-registra-mais-tres-casos-de-covid-19","tag-caso-de-coronavirus-em-capelinha","tag-caso-de-covid-19-em-capelinha","tag-confirmado-o-quarto-caso-de-covid-19-em-capelinha","tag-confirmado-o-segundo-caso-de-coronavirus-em-capelinha","tag-confirmado-o-segundo-caso-de-covid-19-em-capelinha","tag-confirmado-o-terceiro-caso-de-covid-19-em-capelinha","tag-coronavirus","tag-coronavirus-em-capelinha","tag-covid-19","tag-covid-19-em-capelinha","tag-destaque","tag-funcionamento-do-comercio-de-capelinha","tag-morte-por-coronavirus-em-capelinha","tag-morte-por-covid-19-em-capelinha","tag-novas-regras-para-o-comercio-de-capelinha-passam-a-valer-neste-sabado","tag-obito-por-coronavirus-em-capelinha","tag-obito-por-covid-19-em-capelinha","tag-pandemia","tag-prefeito-de-capelinha","tag-prefeito-de-capelinha-infectado-pela-covid-19","tag-prefeito-de-capelinha-testa-positivo-para-a-covid-19","tag-prefeitura-de-capelinha","tag-prefeitura-de-capelinha-confirma-dois-novos-casos-de-covid-19","tag-prefeitura-de-capelinha-confirma-quinto-caso-de-covid-19","tag-primeiro-obito-por-covid-19-em-capelinha","tag-tadeu-filipe-fernandes-de-abreu","tag-tadeuzinho"],"yoast_head":"<!-- This site is optimized with the Yoast SEO plugin v28.3 - https:\/\/yoast.com\/product\/yoast-seo-wordpress\/ -->\n<title>Capelinha registra 23 novos casos de Covid-19 - Aconteceu no Vale<\/title>\n<meta name=\"robots\" content=\"index, follow, max-snippet:-1, max-image-preview:large, max-video-preview:-1\" \/>\n<link rel=\"canonical\" href=\"https:\/\/aconteceunovale.com.br\/portal\/?p=172509\" \/>\n<meta property=\"og:locale\" content=\"pt_BR\" \/>\n<meta property=\"og:type\" content=\"article\" \/>\n<meta property=\"og:title\" content=\"Capelinha registra 23 novos casos de Covid-19 - Aconteceu no Vale\" \/>\n<meta property=\"og:description\" content=\"Capelinha (MG) confirmou nesta segunda-feira (18\/1\/2021), atrav\u00e9s do boletim epidemiol\u00f3gico di\u00e1rio, 23 novos casos de pacientes infectados com coronav\u00edrus (Covid-19). No total, 485 pessoas j\u00e1 foram diagnosticadas com a doen\u00e7a no munic\u00edpio. O levantamento aponta que 169 pessoas aguardam o resultado de exame RT-PCR e\/ou o tempo necess\u00e1rio para realiza\u00e7\u00e3o de teste r\u00e1pido. Segundo o [&hellip;]\" \/>\n<meta property=\"og:url\" content=\"https:\/\/aconteceunovale.com.br\/portal\/?p=172509\" \/>\n<meta property=\"og:site_name\" content=\"Aconteceu no Vale\" \/>\n<meta property=\"article:publisher\" content=\"https:\/\/www.facebook.com\/aconteceunovale\/\" \/>\n<meta property=\"article:published_time\" content=\"2021-01-18T23:14:40+00:00\" \/>\n<meta property=\"article:modified_time\" content=\"2026-09-01T02:11:32+00:00\" \/>\n<meta property=\"og:image\" content=\"https:\/\/aconteceunovale.com.br\/portal\/wp-content\/uploads\/2020\/07\/capelinha_decreto_1.jpg\" \/>\n\t<meta property=\"og:image:width\" content=\"678\" \/>\n\t<meta property=\"og:image:height\" content=\"450\" \/>\n\t<meta property=\"og:image:type\" content=\"image\/jpeg\" \/>\n<meta name=\"author\" content=\"Reda\u00e7\u00e3o Aconteceu no Vale\" \/>\n<meta name=\"twitter:card\" content=\"summary_large_image\" \/>\n<meta name=\"twitter:creator\" content=\"@noticiadosvales\" \/>\n<meta name=\"twitter:site\" content=\"@noticiadosvales\" \/>\n<meta name=\"twitter:label1\" content=\"Escrito por\" \/>\n\t<meta name=\"twitter:data1\" content=\"Reda\u00e7\u00e3o Aconteceu no Vale\" \/>\n\t<meta name=\"twitter:label2\" content=\"Est. tempo de leitura\" \/>\n\t<meta name=\"twitter:data2\" content=\"1 minuto\" \/>\n<script type=\"application\/ld+json\" class=\"yoast-schema-graph\">{\"@context\":\"https:\\\/\\\/schema.org\",\"@graph\":[{\"@type\":\"Article\",\"@id\":\"https:\\\/\\\/aconteceunovale.com.br\\\/portal\\\/?p=172509#article\",\"isPartOf\":{\"@id\":\"https:\\\/\\\/aconteceunovale.com.br\\\/portal\\\/?p=172509\"},\"author\":{\"name\":\"Reda\u00e7\u00e3o Aconteceu no Vale\",\"@id\":\"https:\\\/\\\/aconteceunovale.com.br\\\/portal\\\/#\\\/schema\\\/person\\\/7d2f26d1483f8a63de73da1ee0754d35\"},\"headline\":\"Capelinha registra 23 novos casos de Covid-19\",\"datePublished\":\"2021-01-18T23:14:40+00:00\",\"dateModified\":\"2026-09-01T02:11:32+00:00\",\"mainEntityOfPage\":{\"@id\":\"https:\\\/\\\/aconteceunovale.com.br\\\/portal\\\/?p=172509\"},\"wordCount\":157,\"commentCount\":0,\"image\":{\"@id\":\"https:\\\/\\\/aconteceunovale.com.br\\\/portal\\\/?p=172509#primaryimage\"},\"thumbnailUrl\":\"https:\\\/\\\/aconteceunovale.com.br\\\/portal\\\/wp-content\\\/uploads\\\/2020\\\/07\\\/capelinha_decreto_1.jpg\",\"keywords\":[\"Capelinha\",\"Capelinha confirma mais dois \u00f3bitos de pacientes infectados pelo novo coronav\u00edrus\",\"Capelinha confirma primeiro \u00f3bito de paciente infectado pelo novo coronav\u00edrus\",\"Capelinha registra 23 novos casos de Covid-19\",\"Capelinha registra mais dois casos de Coronav\u00edrus\",\"Capelinha registra mais tr\u00eas casos de Covid-19\",\"Caso de coronav\u00edrus em Capelinha\",\"Caso de Covid-19 em Capelinha\",\"Confirmado o quarto caso de Covid-19 em Capelinha\",\"Confirmado o segundo caso de coronav\u00edrus em Capelinha\",\"Confirmado o segundo caso de Covid-19 em Capelinha\",\"Confirmado o terceiro caso de Covid-19 em Capelinha\",\"Coronav\u00edrus\",\"Coronav\u00edrus em Capelinha\",\"COVID-19\",\"Covid-19 em Capelinha\",\"destaque\",\"Funcionamento do com\u00e9rcio de Capelinha\",\"Morte por coronav\u00edrus em Capelinha\",\"Morte por covid-19 em Capelinha\",\"Novas regras para o com\u00e9rcio de Capelinha passam a valer neste s\u00e1bado\",\"\u00d3bito por coronav\u00edrus em Capelinha\",\"\u00d3bito por covid-19 em Capelinha\",\"pandemia\",\"prefeito de Capelinha\",\"Prefeito de Capelinha infectado pela covid-19\",\"Prefeito de Capelinha testa positivo para a Covid-19\",\"Prefeitura de Capelinha\",\"Prefeitura de Capelinha confirma dois novos casos de Covid-19\",\"Prefeitura de Capelinha confirma quinto caso de Covid-19\",\"Primeiro \u00f3bito por covid-19 em Capelinha\",\"Tadeu Filipe Fernandes de Abreu\",\"Tadeuzinho\"],\"articleSection\":[\"Capelinha\",\"Sa\u00fade\",\"Vale do Jequitinhonha\"],\"inLanguage\":\"pt-BR\",\"potentialAction\":[{\"@type\":\"CommentAction\",\"name\":\"Comment\",\"target\":[\"https:\\\/\\\/aconteceunovale.com.br\\\/portal\\\/?p=172509#respond\"]}]},{\"@type\":\"WebPage\",\"@id\":\"https:\\\/\\\/aconteceunovale.com.br\\\/portal\\\/?p=172509\",\"url\":\"https:\\\/\\\/aconteceunovale.com.br\\\/portal\\\/?p=172509\",\"name\":\"Capelinha registra 23 novos casos de Covid-19 - Aconteceu no Vale\",\"isPartOf\":{\"@id\":\"https:\\\/\\\/aconteceunovale.com.br\\\/portal\\\/#website\"},\"primaryImageOfPage\":{\"@id\":\"https:\\\/\\\/aconteceunovale.com.br\\\/portal\\\/?p=172509#primaryimage\"},\"image\":{\"@id\":\"https:\\\/\\\/aconteceunovale.com.br\\\/portal\\\/?p=172509#primaryimage\"},\"thumbnailUrl\":\"https:\\\/\\\/aconteceunovale.com.br\\\/portal\\\/wp-content\\\/uploads\\\/2020\\\/07\\\/capelinha_decreto_1.jpg\",\"datePublished\":\"2021-01-18T23:14:40+00:00\",\"dateModified\":\"2026-09-01T02:11:32+00:00\",\"author\":{\"@id\":\"https:\\\/\\\/aconteceunovale.com.br\\\/portal\\\/#\\\/schema\\\/person\\\/7d2f26d1483f8a63de73da1ee0754d35\"},\"breadcrumb\":{\"@id\":\"https:\\\/\\\/aconteceunovale.com.br\\\/portal\\\/?p=172509#breadcrumb\"},\"inLanguage\":\"pt-BR\",\"potentialAction\":[{\"@type\":\"ReadAction\",\"target\":[\"https:\\\/\\\/aconteceunovale.com.br\\\/portal\\\/?p=172509\"]}]},{\"@type\":\"ImageObject\",\"inLanguage\":\"pt-BR\",\"@id\":\"https:\\\/\\\/aconteceunovale.com.br\\\/portal\\\/?p=172509#primaryimage\",\"url\":\"https:\\\/\\\/aconteceunovale.com.br\\\/portal\\\/wp-content\\\/uploads\\\/2020\\\/07\\\/capelinha_decreto_1.jpg\",\"contentUrl\":\"https:\\\/\\\/aconteceunovale.com.br\\\/portal\\\/wp-content\\\/uploads\\\/2020\\\/07\\\/capelinha_decreto_1.jpg\",\"width\":678,\"height\":450},{\"@type\":\"BreadcrumbList\",\"@id\":\"https:\\\/\\\/aconteceunovale.com.br\\\/portal\\\/?p=172509#breadcrumb\",\"itemListElement\":[{\"@type\":\"ListItem\",\"position\":1,\"name\":\"In\u00edcio\",\"item\":\"https:\\\/\\\/aconteceunovale.com.br\\\/portal\\\/\"},{\"@type\":\"ListItem\",\"position\":2,\"name\":\"Capelinha registra 23 novos casos de Covid-19\"}]},{\"@type\":\"WebSite\",\"@id\":\"https:\\\/\\\/aconteceunovale.com.br\\\/portal\\\/#website\",\"url\":\"https:\\\/\\\/aconteceunovale.com.br\\\/portal\\\/\",\"name\":\"Aconteceu no Vale\",\"description\":\"Portal de Not\u00edcias\",\"potentialAction\":[{\"@type\":\"SearchAction\",\"target\":{\"@type\":\"EntryPoint\",\"urlTemplate\":\"https:\\\/\\\/aconteceunovale.com.br\\\/portal\\\/?s={search_term_string}\"},\"query-input\":{\"@type\":\"PropertyValueSpecification\",\"valueRequired\":true,\"valueName\":\"search_term_string\"}}],\"inLanguage\":\"pt-BR\"},{\"@type\":\"Person\",\"@id\":\"https:\\\/\\\/aconteceunovale.com.br\\\/portal\\\/#\\\/schema\\\/person\\\/7d2f26d1483f8a63de73da1ee0754d35\",\"name\":\"Reda\u00e7\u00e3o Aconteceu no Vale\",\"description\":\"Equipe de reportagem do Aconteceu no Vale, portal de not\u00edcias do Vale do Jequitinhonha, em Minas Gerais. Cobrimos as 51 cidades do Vale desde 2013. Sugest\u00f5es de pauta e pedidos de corre\u00e7\u00e3o: contato@aconteceunovale.com.br\",\"url\":\"https:\\\/\\\/aconteceunovale.com.br\\\/portal\\\/?author=4\"}]}<\/script>\n<!-- \/ Yoast SEO plugin. -->","yoast_head_json":{"title":"Capelinha registra 23 novos casos de Covid-19 - Aconteceu no Vale","robots":{"index":"index","follow":"follow","max-snippet":"max-snippet:-1","max-image-preview":"max-image-preview:large","max-video-preview":"max-video-preview:-1"},"canonical":"https:\/\/aconteceunovale.com.br\/portal\/?p=172509","og_locale":"pt_BR","og_type":"article","og_title":"Capelinha registra 23 novos casos de Covid-19 - Aconteceu no Vale","og_description":"Capelinha (MG) confirmou nesta segunda-feira (18\/1\/2021), atrav\u00e9s do boletim epidemiol\u00f3gico di\u00e1rio, 23 novos casos de pacientes infectados com coronav\u00edrus (Covid-19). No total, 485 pessoas j\u00e1 foram diagnosticadas com a doen\u00e7a no munic\u00edpio. O levantamento aponta que 169 pessoas aguardam o resultado de exame RT-PCR e\/ou o tempo necess\u00e1rio para realiza\u00e7\u00e3o de teste r\u00e1pido. Segundo o [&hellip;]","og_url":"https:\/\/aconteceunovale.com.br\/portal\/?p=172509","og_site_name":"Aconteceu no Vale","article_publisher":"https:\/\/www.facebook.com\/aconteceunovale\/","article_published_time":"2021-01-18T23:14:40+00:00","article_modified_time":"2026-09-01T02:11:32+00:00","og_image":[{"width":678,"height":450,"url":"https:\/\/aconteceunovale.com.br\/portal\/wp-content\/uploads\/2020\/07\/capelinha_decreto_1.jpg","type":"image\/jpeg"}],"author":"Reda\u00e7\u00e3o Aconteceu no Vale","twitter_card":"summary_large_image","twitter_creator":"@noticiadosvales","twitter_site":"@noticiadosvales","twitter_misc":{"Escrito por":"Reda\u00e7\u00e3o Aconteceu no Vale","Est. tempo de leitura":"1 minuto"},"schema":{"@context":"https:\/\/schema.org","@graph":[{"@type":"Article","@id":"https:\/\/aconteceunovale.com.br\/portal\/?p=172509#article","isPartOf":{"@id":"https:\/\/aconteceunovale.com.br\/portal\/?p=172509"},"author":{"name":"Reda\u00e7\u00e3o Aconteceu no Vale","@id":"https:\/\/aconteceunovale.com.br\/portal\/#\/schema\/person\/7d2f26d1483f8a63de73da1ee0754d35"},"headline":"Capelinha registra 23 novos casos de Covid-19","datePublished":"2021-01-18T23:14:40+00:00","dateModified":"2026-09-01T02:11:32+00:00","mainEntityOfPage":{"@id":"https:\/\/aconteceunovale.com.br\/portal\/?p=172509"},"wordCount":157,"commentCount":0,"image":{"@id":"https:\/\/aconteceunovale.com.br\/portal\/?p=172509#primaryimage"},"thumbnailUrl":"https:\/\/aconteceunovale.com.br\/portal\/wp-content\/uploads\/2020\/07\/capelinha_decreto_1.jpg","keywords":["Capelinha","Capelinha confirma mais dois \u00f3bitos de pacientes infectados pelo novo coronav\u00edrus","Capelinha confirma primeiro \u00f3bito de paciente infectado pelo novo coronav\u00edrus","Capelinha registra 23 novos casos de Covid-19","Capelinha registra mais dois casos de Coronav\u00edrus","Capelinha registra mais tr\u00eas casos de Covid-19","Caso de coronav\u00edrus em Capelinha","Caso de Covid-19 em Capelinha","Confirmado o quarto caso de Covid-19 em Capelinha","Confirmado o segundo caso de coronav\u00edrus em Capelinha","Confirmado o segundo caso de Covid-19 em Capelinha","Confirmado o terceiro caso de Covid-19 em Capelinha","Coronav\u00edrus","Coronav\u00edrus em Capelinha","COVID-19","Covid-19 em Capelinha","destaque","Funcionamento do com\u00e9rcio de Capelinha","Morte por coronav\u00edrus em Capelinha","Morte por covid-19 em Capelinha","Novas regras para o com\u00e9rcio de Capelinha passam a valer neste s\u00e1bado","\u00d3bito por coronav\u00edrus em Capelinha","\u00d3bito por covid-19 em Capelinha","pandemia","prefeito de Capelinha","Prefeito de Capelinha infectado pela covid-19","Prefeito de Capelinha testa positivo para a Covid-19","Prefeitura de Capelinha","Prefeitura de Capelinha confirma dois novos casos de Covid-19","Prefeitura de Capelinha confirma quinto caso de Covid-19","Primeiro \u00f3bito por covid-19 em Capelinha","Tadeu Filipe Fernandes de Abreu","Tadeuzinho"],"articleSection":["Capelinha","Sa\u00fade","Vale do Jequitinhonha"],"inLanguage":"pt-BR","potentialAction":[{"@type":"CommentAction","name":"Comment","target":["https:\/\/aconteceunovale.com.br\/portal\/?p=172509#respond"]}]},{"@type":"WebPage","@id":"https:\/\/aconteceunovale.com.br\/portal\/?p=172509","url":"https:\/\/aconteceunovale.com.br\/portal\/?p=172509","name":"Capelinha registra 23 novos casos de Covid-19 - Aconteceu no Vale","isPartOf":{"@id":"https:\/\/aconteceunovale.com.br\/portal\/#website"},"primaryImageOfPage":{"@id":"https:\/\/aconteceunovale.com.br\/portal\/?p=172509#primaryimage"},"image":{"@id":"https:\/\/aconteceunovale.com.br\/portal\/?p=172509#primaryimage"},"thumbnailUrl":"https:\/\/aconteceunovale.com.br\/portal\/wp-content\/uploads\/2020\/07\/capelinha_decreto_1.jpg","datePublished":"2021-01-18T23:14:40+00:00","dateModified":"2026-09-01T02:11:32+00:00","author":{"@id":"https:\/\/aconteceunovale.com.br\/portal\/#\/schema\/person\/7d2f26d1483f8a63de73da1ee0754d35"},"breadcrumb":{"@id":"https:\/\/aconteceunovale.com.br\/portal\/?p=172509#breadcrumb"},"inLanguage":"pt-BR","potentialAction":[{"@type":"ReadAction","target":["https:\/\/aconteceunovale.com.br\/portal\/?p=172509"]}]},{"@type":"ImageObject","inLanguage":"pt-BR","@id":"https:\/\/aconteceunovale.com.br\/portal\/?p=172509#primaryimage","url":"https:\/\/aconteceunovale.com.br\/portal\/wp-content\/uploads\/2020\/07\/capelinha_decreto_1.jpg","contentUrl":"https:\/\/aconteceunovale.com.br\/portal\/wp-content\/uploads\/2020\/07\/capelinha_decreto_1.jpg","width":678,"height":450},{"@type":"BreadcrumbList","@id":"https:\/\/aconteceunovale.com.br\/portal\/?p=172509#breadcrumb","itemListElement":[{"@type":"ListItem","position":1,"name":"In\u00edcio","item":"https:\/\/aconteceunovale.com.br\/portal\/"},{"@type":"ListItem","position":2,"name":"Capelinha registra 23 novos casos de Covid-19"}]},{"@type":"WebSite","@id":"https:\/\/aconteceunovale.com.br\/portal\/#website","url":"https:\/\/aconteceunovale.com.br\/portal\/","name":"Aconteceu no Vale","description":"Portal de Not\u00edcias","potentialAction":[{"@type":"SearchAction","target":{"@type":"EntryPoint","urlTemplate":"https:\/\/aconteceunovale.com.br\/portal\/?s={search_term_string}"},"query-input":{"@type":"PropertyValueSpecification","valueRequired":true,"valueName":"search_term_string"}}],"inLanguage":"pt-BR"},{"@type":"Person","@id":"https:\/\/aconteceunovale.com.br\/portal\/#\/schema\/person\/7d2f26d1483f8a63de73da1ee0754d35","name":"Reda\u00e7\u00e3o Aconteceu no Vale","description":"Equipe de reportagem do Aconteceu no Vale, portal de not\u00edcias do Vale do Jequitinhonha, em Minas Gerais. Cobrimos as 51 cidades do Vale desde 2013. Sugest\u00f5es de pauta e pedidos de corre\u00e7\u00e3o: contato@aconteceunovale.com.br","url":"https:\/\/aconteceunovale.com.br\/portal\/?author=4"}]}},"_links":{"self":[{"href":"https:\/\/aconteceunovale.com.br\/portal\/index.php?rest_route=\/wp\/v2\/posts\/172509","targetHints":{"allow":["GET"]}}],"collection":[{"href":"https:\/\/aconteceunovale.com.br\/portal\/index.php?rest_route=\/wp\/v2\/posts"}],"about":[{"href":"https:\/\/aconteceunovale.com.br\/portal\/index.php?rest_route=\/wp\/v2\/types\/post"}],"author":[{"embeddable":true,"href":"https:\/\/aconteceunovale.com.br\/portal\/index.php?rest_route=\/wp\/v2\/users\/4"}],"replies":[{"embeddable":true,"href":"https:\/\/aconteceunovale.com.br\/portal\/index.php?rest_route=%2Fwp%2Fv2%2Fcomments&post=172509"}],"version-history":[{"count":1,"href":"https:\/\/aconteceunovale.com.br\/portal\/index.php?rest_route=\/wp\/v2\/posts\/172509\/revisions"}],"predecessor-version":[{"id":172510,"href":"https:\/\/aconteceunovale.com.br\/portal\/index.php?rest_route=\/wp\/v2\/posts\/172509\/revisions\/172510"}],"wp:featuredmedia":[{"embeddable":true,"href":"https:\/\/aconteceunovale.com.br\/portal\/index.php?rest_route=\/wp\/v2\/media\/165086"}],"wp:attachment":[{"href":"https:\/\/aconteceunovale.com.br\/portal\/index.php?rest_route=%2Fwp%2Fv2%2Fmedia&parent=172509"}],"wp:term":[{"taxonomy":"category","embeddable":true,"href":"https:\/\/aconteceunovale.com.br\/portal\/index.php?rest_route=%2Fwp%2Fv2%2Fcategories&post=172509"},{"taxonomy":"post_tag","embeddable":true,"href":"https:\/\/aconteceunovale.com.br\/portal\/index.php?rest_route=%2Fwp%2Fv2%2Ftags&post=172509"}],"curies":[{"name":"wp","href":"https:\/\/api.w.org\/{rel}","templated":true}]}}