{"id":172503,"date":"2021-01-18T17:06:43","date_gmt":"2021-01-18T20:06:43","guid":{"rendered":"https:\/\/aconteceunovale.com.br\/portal\/?p=172503"},"modified":"2021-01-18T17:12:21","modified_gmt":"2021-01-18T20:12:21","slug":"butantan-faz-pedido-de-uso-emergencial-de-mais-48-milhoes-de-doses-da-coronavac","status":"publish","type":"post","link":"https:\/\/aconteceunovale.com.br\/portal\/?p=172503","title":{"rendered":"Butantan faz pedido de uso emergencial de mais 4,8 milh\u00f5es de doses da CoronaVac"},"content":{"rendered":"\n<p class=\"wp-block-paragraph\">O Instituto Butantan, respons\u00e1vel pela vacina CoronaVac, encaminhou hoje (18\/1\/2021) um novo pedido de uso emergencial do imunizante para a Ag\u00eancia Nacional de Vigil\u00e2ncia Sanit\u00e1ria (Anvisa). Dessa vez, ser\u00e1 avaliada a libera\u00e7\u00e3o de 4,8 milh\u00f5es de doses.<\/p>\n\n\n\n<p class=\"wp-block-paragraph\">Ontem (17), a Anvisa aprovou, por unanimidade, o pedido de uso emergencial para 6 milh\u00f5es de doses da CoronaVac que j\u00e1 est\u00e3o prontas para aplica\u00e7\u00e3o. Dessas 6 milh\u00f5es de doses, o governo de\u00a0S\u00e3o Paulo\u00a0encaminhou 4,6 milh\u00f5es delas ao Minist\u00e9rio da Sa\u00fade e segurou 1,4 milh\u00f5es de doses para a vacina\u00e7\u00e3o no estado paulista. Ontem, logo ap\u00f3s a aprova\u00e7\u00e3o da Anvisa, o Estado de S\u00e3o Paulo j\u00e1 deu in\u00edcio ao processo de vacina\u00e7\u00e3o. A primeira vacinada foi\u00a0<a href=\"https:\/\/aconteceunovale.com.br\/portal\/?p=172394\" data-type=\"post\" data-id=\"172394\" target=\"_blank\" rel=\"noreferrer noopener\"><strong>M\u00f4nica Calazans<\/strong><\/a>, de 54 anos, enfermeira que j\u00e1 participava dos testes da vacina no Brasil, mas que havia tomado placebo (uma subst\u00e2ncia in\u00f3cua).<\/p>\n\n\n\n<p class=\"wp-block-paragraph\">Pelo acordo assinado com a empresa farmac\u00eautica chinesa Sinovac, o Instituto Butantan vai receber 46 milh\u00f5es de doses da vacina at\u00e9 abril. Atualmente, o estado recebeu 10,8 milh\u00f5es de doses, sendo que 6 milh\u00f5es delas j\u00e1 foram aprovadas pela Anvisa para o in\u00edcio da vacina\u00e7\u00e3o emergencial.<\/p>\n\n\n\n<p class=\"wp-block-paragraph\">\u201cA autoriza\u00e7\u00e3o para o uso emergencial que a Anvisa concedeu ontem era exclusivamente v\u00e1lida para o lote de 6 milh\u00f5es de doses da vacina, todos elas j\u00e1 distribu\u00eddas ao Minist\u00e9rio da Sa\u00fade. Estamos seguros de que essa nova an\u00e1lise ser\u00e1 feita com o mesmo crit\u00e9rio, o mesmo cuidado e a mesma agilidade com que ontem liberaram a vacina do Butantan\u201d, disse o governador de S\u00e3o Paulo, Jo\u00e3o Doria.<\/p>\n\n\n\n<p class=\"wp-block-paragraph\">Segundo o Diretor do Instituto Butantan, Dimas Covas, o pedido de autoriza\u00e7\u00e3o do uso emergencial do segundo lote abranger\u00e1 um n\u00famero ainda maior de doses. \u201cA primeira partida \u00e9 de 4 milh\u00f5es e 800 mil j\u00e1 em disponibilidade na medida em que for feita essa segunda autoriza\u00e7\u00e3o. Uma vez aprovado, da\u00ed a produ\u00e7\u00e3o do Butantan ser\u00e1 feita de acordo com essa autoriza\u00e7\u00e3o, isto \u00e9, n\u00e3o haver\u00e1 a necessidade de todo o lote ser requisitado (o pedido emergencial), podendo chegar a uma produ\u00e7\u00e3o adicional de 35 milh\u00f5es de doses\u201d, explicou.<\/p>\n\n\n\n<p class=\"wp-block-paragraph\">O governo paulista ainda aguarda pela chegada do restante das doses. Novas remessas de insumos para envase dever\u00e3o chegar nas pr\u00f3ximas semanas, aguardando apenas aval do governo da China para serem liberadas ao Brasil. Esses insumos, segundo Dimas Covas, s\u00e3o litros de vacina concentrada que, depois, no Brasil, ser\u00e3o transformadas em doses e frascos. \u201cMil litros [de insumo] d\u00e1 origem a aproximadamente 1 milh\u00e3o de doses\u201d, explicou Covas.<\/p>\n\n\n\n<p class=\"wp-block-paragraph\">Das 8,7 milh\u00f5es de doses provenientes da China previstas em contrato para entrega at\u00e9 31 de janeiro, 6 milh\u00f5es j\u00e1 foram encaminhadas. As demais devem chegar at\u00e9 o final deste m\u00eas.<\/p>\n\n\n\n<figure class=\"wp-block-gallery columns-1 is-cropped wp-block-gallery-1 is-layout-flex wp-block-gallery-is-layout-flex\"><ul class=\"blocks-gallery-grid\"><li class=\"blocks-gallery-item\"><figure><img loading=\"lazy\" decoding=\"async\" width=\"659\" height=\"450\" src=\"https:\/\/aconteceunovale.com.br\/portal\/wp-content\/uploads\/2021\/01\/lote_coronavac.jpg\" alt=\"\" data-id=\"172504\" data-full-url=\"https:\/\/aconteceunovale.com.br\/portal\/wp-content\/uploads\/2021\/01\/lote_coronavac.jpg\" data-link=\"https:\/\/aconteceunovale.com.br\/portal\/?attachment_id=172504\" class=\"wp-image-172504\" srcset=\"https:\/\/aconteceunovale.com.br\/portal\/wp-content\/uploads\/2021\/01\/lote_coronavac.jpg 659w, https:\/\/aconteceunovale.com.br\/portal\/wp-content\/uploads\/2021\/01\/lote_coronavac-300x205.jpg 300w, https:\/\/aconteceunovale.com.br\/portal\/wp-content\/uploads\/2021\/01\/lote_coronavac-218x150.jpg 218w, https:\/\/aconteceunovale.com.br\/portal\/wp-content\/uploads\/2021\/01\/lote_coronavac-615x420.jpg 615w\" sizes=\"auto, (max-width: 659px) 100vw, 659px\" \/><\/figure><\/li><\/ul><\/figure>\n\n\n\n<h2 class=\"wp-block-heading\"><strong>Pr\u00e9-cadastro<\/strong><\/h2>\n\n\n\n<p class=\"wp-block-paragraph\">Tamb\u00e9m ontem, o governo paulista criou o&nbsp;<em>site<\/em>&nbsp;<a href=\"http:\/\/www.vacinaja.sp.gov.br\/\" target=\"_blank\" rel=\"noreferrer noopener\"><strong>Vacina J\u00e1<\/strong><\/a>, que pretende agilizar o atendimento nos locais de vacina\u00e7\u00e3o. Por meio desse&nbsp;<em>site<\/em>, todas as pessoas aptas a receber a vacina no estado de S\u00e3o Paulo podem fazer um pr\u00e9-cadastro. Nesta primeira etapa de vacina\u00e7\u00e3o, o grupo priorit\u00e1rio \u00e9 formado por profissionais de sa\u00fade e ind\u00edgenas.<\/p>\n\n\n\n<p class=\"wp-block-paragraph\">Segundo o governo paulista, o pr\u00e9-cadastro n\u00e3o \u00e9 um agendamento, mas vai garantir um atendimento mais r\u00e1pido nos locais de vacina\u00e7\u00e3o e evitar a forma\u00e7\u00e3o de aglomera\u00e7\u00f5es. Quem n\u00e3o conseguir fazer o pr\u00e9-cadastro n\u00e3o precisa se preocupar, pois a vacina\u00e7\u00e3o tamb\u00e9m ser\u00e1 feita sem ele.<\/p>\n\n\n\n<p class=\"wp-block-paragraph\">At\u00e9 as 21h de ontem, mais de 500 mil pessoas j\u00e1 haviam feito o pr\u00e9-cadastro para a vacina.<\/p>\n\n\n\n<h2 class=\"wp-block-heading\"><strong>Pior semana<\/strong><\/h2>\n\n\n\n<p class=\"wp-block-paragraph\">Em entrevista coletiva hoje, o secret\u00e1rio estadual da Sa\u00fade, Jean Gorinchteyn, disse que o estado de S\u00e3o Paulo teve, na semana passada, a pior semana desde o in\u00edcio da pandemia, batendo recorde na m\u00e9dia m\u00f3vel di\u00e1ria de novos casos.<\/p>\n\n\n\n<p class=\"wp-block-paragraph\">\u201cEssa foi a pior semana epidemiol\u00f3gica da hist\u00f3ria da pandemia no estado de S\u00e3o Paulo\u201d, disse Gorinchteyn.<\/p>\n\n\n\n<p class=\"wp-block-paragraph\">Na segunda Semana Epidemiol\u00f3gica do ano, entre 10 e 16 de janeiro, o estado registrou 79.106 novos casos do novo coronav\u00edrus, m\u00e9dia m\u00f3vel de 11,3 mil casos por dia, aumento de 9% em rela\u00e7\u00e3o \u00e0 semana anterior. A m\u00e9dia m\u00f3vel \u00e9 calculada somando-se o total de casos registrados durante a semana e dividindo-o pelo n\u00famero de dias da semana.<\/p>\n\n\n\n<p class=\"wp-block-paragraph\">At\u00e9 ent\u00e3o, a maior m\u00e9dia m\u00f3vel de casos havia sido registrada na 33\u00aa Semana Epidemiol\u00f3gica do ano passado, entre 9 e 15 de agosto, quando o estado somou 10.828 casos por dia. Ou seja, o estado levou cinco meses,&nbsp;de mar\u00e7o at\u00e9 agosto, para conseguir atingir o primeiro pico de casos. Depois de algumas semanas em queda, foram precisos apenas 45 dias para o estado voltar a ultrapassar o pico de casos. Isso indica que a transmiss\u00e3o da epidemia est\u00e1 ocorrendo de forma muito mais acelerada agora em S\u00e3o Paulo do que foi no ano passado.<\/p>\n\n\n\n<p class=\"wp-block-paragraph\">Em rela\u00e7\u00e3o \u00e0s interna\u00e7\u00f5es, o crescimento foi de 12%, com m\u00e9dia m\u00f3vel di\u00e1ria de 1.747 novas interna\u00e7\u00f5es. J\u00e1 em rela\u00e7\u00e3o aos \u00f3bitos, o crescimento foi 7% em rela\u00e7\u00e3o \u00e0 semana anterior, com 227 novas mortes por dia.<\/p>\n\n\n\n<p class=\"wp-block-paragraph\">Quando, no entanto, se faz uma compara\u00e7\u00e3o com a \u00faltima semana de dezembro, ou seja, com tr\u00eas semanas atr\u00e1s, o crescimento foi de 77% no n\u00famero de casos, saltando de uma m\u00e9dia m\u00f3vel de 6.373 novos casos por dia para 11.300. Em rela\u00e7\u00e3o aos \u00f3bitos, o crescimento foi de 59%, passando de 143 mortes por dia para 227. Quanto \u00e0s interna\u00e7\u00f5es, o aumento foi 28%, passando de 1.364 novas interna\u00e7\u00f5es por dia registradas na \u00faltima semana de dezembro para 1.747 na semana passada.<\/p>\n\n\n\n<p class=\"wp-block-paragraph\">Hoje, a taxa de ocupa\u00e7\u00e3o de leitos de unidades de terapia intensiva (UTI) do estado est\u00e1 em 69,1%, enquanto na Grande S\u00e3o Paulo ela est\u00e1 em 70,1%, com um total de 6.004 pessoas internadas em estado grave. O estado est\u00e1 perto de atingir 50 mil mortes por covid-19. At\u00e9 este momento, o estado registra 1.628.272 casos confirmados da doen\u00e7a, com 49.987 mortes.<\/p>\n\n\n\n<p class=\"has-white-color has-black-background-color has-text-color has-background wp-block-paragraph\">Quer saber as not\u00edcias do <strong>Aconteceu no Vale<\/strong> em primeira m\u00e3o? Siga-nos no Facebook <a rel=\"noreferrer noopener\" href=\"http:\/\/facebook.com\/aconteceunovale\" target=\"_blank\">@aconteceunovale<\/a>, Twitter <a rel=\"noreferrer noopener\" href=\"https:\/\/twitter.com\/noticiadosvales\" target=\"_blank\">@noticiadosvales<\/a> e Instagram <a rel=\"noreferrer noopener\" href=\"https:\/\/www.instagram.com\/aconteceunovale\" target=\"_blank\">@aconteceunovale<\/a>.<\/p>\n","protected":false},"excerpt":{"rendered":"<p>O Instituto Butantan, respons\u00e1vel pela vacina CoronaVac, encaminhou hoje (18\/1\/2021) um novo pedido de uso emergencial do imunizante para a Ag\u00eancia Nacional de Vigil\u00e2ncia Sanit\u00e1ria (Anvisa). Dessa vez, ser\u00e1 avaliada a libera\u00e7\u00e3o de 4,8 milh\u00f5es de doses. Ontem (17), a Anvisa aprovou, por unanimidade, o pedido de uso emergencial para 6 milh\u00f5es de doses da [&hellip;]<\/p>\n","protected":false},"author":4,"featured_media":172504,"comment_status":"open","ping_status":"closed","sticky":false,"template":"","format":"standard","meta":{"amp_status":"","footnotes":""},"categories":[6,40242],"tags":[2278,233064,233613,224214,224638,234924,234926,234925,234927,230835,232261,233065,233066,224211,214884,216498,233511,233181,1018,224636,230836,230837,230833,234275,234277,234276,234935,234934,234940,81258,82401,105724,224479,232264,43376,234943,124586,224213,224635,19326,224483,234936,215653,140166,219687,224485,218365,219103,224484,224482,224481,39755,230827,230834,234941,234938,234939,234937,234944,223374,232262,232263,224480,233612,224637,225780,224212,224215,78002,80737,234942,21730,224210,219775,230832,219773,230830,233614,230828,234274,234273,230831,230829,231097,47710,160110],"class_list":["post-172503","post","type-post","status-publish","format-standard","has-post-thumbnail","hentry","category-br","category-saude-2","tag-anvisa","tag-anvisa-certifica-farmaceutica-que-desenvolveu-a-coronavac","tag-aprovacao-de-vacina-da-astrazeneca","tag-astrazeneca","tag-astrazeneca-brazil","tag-autorizacao-da-coronavac","tag-autorizacao-da-vacina-de-oxford","tag-autorizacao-da-vacina-do-butantan","tag-autorizacao-de-vacina-contra-a-covid-19","tag-biontech-se","tag-butantan-inicia-producao-da-coronavac","tag-certificacao-da-coronavac","tag-certificacao-da-fabrica-da-coronavac","tag-chadox1-ncov-19","tag-coronavirus","tag-covid-19","tag-covid-19-anvisa-certifica-pfizer","tag-covid-19-imunizante-da-astrazeneca-recebe-certificacao-da-anvisa","tag-destaque","tag-diretora-do-grupo-astrazeneca","tag-eficacia","tag-eficacia-da-coronavac","tag-eficacia-da-vacina-da-pfizer","tag-eficacia-da-vacina-do-instituto-butantan","tag-eficiencia-da-coronavac","tag-eficiencia-da-vacina-do-instituto-butantan","tag-enfermeira-monica-calazans","tag-enfermeira-monica-calazans-e-a-primeira-pessoa-vacinada-contra-a-covid-19-no-brasil","tag-enfermeira-vacinada-em-sao-paulo","tag-fundacao-lemann","tag-governador-de-sao-paulo","tag-governo-brasileiro","tag-governo-brasileiro-anuncia-parceria-para-producao-de-vacina-contra-covid-19","tag-imunizacao-contra-o-coronavirus","tag-instituto-butantan","tag-jessica-pires-de-camargo","tag-joao-doria","tag-jorge-paulo-lemann","tag-maria-augusta-bernardini","tag-ministerio-da-saude","tag-ministerio-da-saude-brasileiro-anuncia-parceria-para-producao-de-vacina-contra-covid-19","tag-monica-calazans","tag-novo-coronavirus","tag-pandemia","tag-pandemia-da-covid-19","tag-pandemia-da-covid-19-no-brasil","tag-pandemia-do-coronavirus","tag-pandemia-do-coronavirus-no-brasil","tag-pandemia-no-brasil","tag-parceria-para-producao-de-vacina-contra-covid-19","tag-parceria-para-vacina-contra-covid-19","tag-pfizer","tag-pfizer-conclui-testes-de-vacina-para-covid-19","tag-pfizer-inc","tag-primeira-pessoa-imunizada-contra-covid-19-no-brasil","tag-primeira-pessoa-vacinada-com-a-vacina-do-butantan","tag-primeira-vacinada-com-a-coronavac","tag-primeira-vacinada-contra-covid-19-no-brasil","tag-primeira-vacinadora-contra-covid-19-no-brasil","tag-producao-da-coronavac","tag-producao-da-coronavac-no-brasil","tag-producao-da-coronavac-no-instituto-butantan","tag-producao-de-vacina-contra-covid-19","tag-reino-unido-aprova-vacina-da-astrazeneca","tag-reino-unido-no-brasil","tag-sinovac","tag-teste-da-vacina-chadox1-ncov-19","tag-testes-com-vacina-contra-covid-19-comecam-em-sao-paulo","tag-unifesp","tag-universidade-de-oxford","tag-uti-do-emilio-ribas","tag-vacina","tag-vacina-chadox1-ncov-19","tag-vacina-contra-coronavirus","tag-vacina-contra-coronavirus-da-pfizer","tag-vacina-contra-covid-19","tag-vacina-contra-covid-19-da-pfizer","tag-vacina-da-astrazeneca-e-aprovada-no-reino-unido","tag-vacina-da-pfizer","tag-vacina-do-instituto-butantan","tag-vacina-do-instituto-butantan-atinge-100-de-eficacia-para-casos-moderados-e-graves","tag-vacina-para-coronavirus-da-pfizer","tag-vacina-para-covid-19-da-pfizer","tag-vacinacao-contra-o-coronavirus","tag-vacinas","tag-vijay-rangarajan"],"yoast_head":"<!-- This site is optimized with the Yoast SEO plugin v28.3 - https:\/\/yoast.com\/product\/yoast-seo-wordpress\/ -->\n<title>Butantan faz pedido de uso emergencial de mais 4,8 milh\u00f5es de doses da CoronaVac - Aconteceu no Vale<\/title>\n<meta name=\"robots\" content=\"index, follow, max-snippet:-1, max-image-preview:large, max-video-preview:-1\" \/>\n<link rel=\"canonical\" href=\"https:\/\/aconteceunovale.com.br\/portal\/?p=172503\" \/>\n<meta property=\"og:locale\" content=\"pt_BR\" \/>\n<meta property=\"og:type\" content=\"article\" \/>\n<meta property=\"og:title\" content=\"Butantan faz pedido de uso emergencial de mais 4,8 milh\u00f5es de doses da CoronaVac - Aconteceu no Vale\" \/>\n<meta property=\"og:description\" content=\"O Instituto Butantan, respons\u00e1vel pela vacina CoronaVac, encaminhou hoje (18\/1\/2021) um novo pedido de uso emergencial do imunizante para a Ag\u00eancia Nacional de Vigil\u00e2ncia Sanit\u00e1ria (Anvisa). Dessa vez, ser\u00e1 avaliada a libera\u00e7\u00e3o de 4,8 milh\u00f5es de doses. Ontem (17), a Anvisa aprovou, por unanimidade, o pedido de uso emergencial para 6 milh\u00f5es de doses da [&hellip;]\" \/>\n<meta property=\"og:url\" content=\"https:\/\/aconteceunovale.com.br\/portal\/?p=172503\" \/>\n<meta property=\"og:site_name\" content=\"Aconteceu no Vale\" \/>\n<meta property=\"article:publisher\" content=\"https:\/\/www.facebook.com\/aconteceunovale\/\" \/>\n<meta property=\"article:published_time\" content=\"2021-01-18T20:06:43+00:00\" \/>\n<meta property=\"article:modified_time\" content=\"2021-01-18T20:12:21+00:00\" \/>\n<meta property=\"og:image\" content=\"https:\/\/aconteceunovale.com.br\/portal\/wp-content\/uploads\/2021\/01\/lote_coronavac.jpg\" \/>\n\t<meta property=\"og:image:width\" content=\"659\" \/>\n\t<meta property=\"og:image:height\" content=\"450\" \/>\n\t<meta property=\"og:image:type\" content=\"image\/jpeg\" \/>\n<meta name=\"author\" content=\"Reda\u00e7\u00e3o Aconteceu no Vale\" \/>\n<meta name=\"twitter:card\" content=\"summary_large_image\" \/>\n<meta name=\"twitter:creator\" content=\"@noticiadosvales\" \/>\n<meta name=\"twitter:site\" content=\"@noticiadosvales\" \/>\n<meta name=\"twitter:label1\" content=\"Escrito por\" \/>\n\t<meta name=\"twitter:data1\" content=\"Reda\u00e7\u00e3o Aconteceu no Vale\" \/>\n\t<meta name=\"twitter:label2\" content=\"Est. tempo de leitura\" \/>\n\t<meta name=\"twitter:data2\" content=\"5 minutos\" \/>\n<script type=\"application\/ld+json\" class=\"yoast-schema-graph\">{\"@context\":\"https:\\\/\\\/schema.org\",\"@graph\":[{\"@type\":\"Article\",\"@id\":\"https:\\\/\\\/aconteceunovale.com.br\\\/portal\\\/?p=172503#article\",\"isPartOf\":{\"@id\":\"https:\\\/\\\/aconteceunovale.com.br\\\/portal\\\/?p=172503\"},\"author\":{\"name\":\"Reda\u00e7\u00e3o Aconteceu no Vale\",\"@id\":\"https:\\\/\\\/aconteceunovale.com.br\\\/portal\\\/#\\\/schema\\\/person\\\/7d2f26d1483f8a63de73da1ee0754d35\"},\"headline\":\"Butantan faz pedido de uso emergencial de mais 4,8 milh\u00f5es de doses da CoronaVac\",\"datePublished\":\"2021-01-18T20:06:43+00:00\",\"dateModified\":\"2021-01-18T20:12:21+00:00\",\"mainEntityOfPage\":{\"@id\":\"https:\\\/\\\/aconteceunovale.com.br\\\/portal\\\/?p=172503\"},\"wordCount\":1062,\"commentCount\":1,\"image\":{\"@id\":\"https:\\\/\\\/aconteceunovale.com.br\\\/portal\\\/?p=172503#primaryimage\"},\"thumbnailUrl\":\"https:\\\/\\\/aconteceunovale.com.br\\\/portal\\\/wp-content\\\/uploads\\\/2021\\\/01\\\/lote_coronavac.jpg\",\"keywords\":[\"Anvisa\",\"Anvisa certifica farmac\u00eautica que desenvolveu a CoronaVac\",\"Aprova\u00e7\u00e3o de vacina da AstraZeneca\",\"AstraZeneca\",\"AstraZeneca Brazil\",\"Autoriza\u00e7\u00e3o da Coronavac\",\"Autoriza\u00e7\u00e3o da vacina de Oxford\",\"Autoriza\u00e7\u00e3o da vacina do Butantan\",\"Autoriza\u00e7\u00e3o de vacina contra a covid-19\",\"BioNTech SE\",\"Butantan inicia produ\u00e7\u00e3o da CoronaVac\",\"Certifica\u00e7\u00e3o da Coronavac\",\"Certifica\u00e7\u00e3o da f\u00e1brica da Coronavac\",\"ChAdOx1 nCoV-19\",\"Coronav\u00edrus\",\"COVID-19\",\"Covid-19: Anvisa certifica Pfizer\",\"Covid-19: imunizante da AstraZeneca recebe certifica\u00e7\u00e3o da Anvisa\",\"destaque\",\"Diretora do grupo Astrazeneca\",\"Efic\u00e1cia\",\"Efic\u00e1cia da CoronaVac\",\"Efic\u00e1cia da vacina da Pfizer\",\"Efic\u00e1cia da Vacina do Instituto Butantan\",\"Efici\u00eancia da Coronavac\",\"Efici\u00eancia da Vacina do Instituto Butantan\",\"Enfermeira M\u00f4nica Calazans\",\"Enfermeira M\u00f4nica Calazans \u00e9 a primeira pessoa vacinada contra a Covid-19 no Brasil\",\"Enfermeira vacinada em S\u00e3o Paulo\",\"Funda\u00e7\u00e3o Lemann\",\"governador de S\u00e3o Paulo\",\"governo brasileiro\",\"Governo brasileiro anuncia parceria para produ\u00e7\u00e3o de vacina contra Covid-19\",\"Imuniza\u00e7\u00e3o contra o coronav\u00edrus\",\"Instituto Butantan\",\"J\u00e9ssica Pires de Camargo\",\"Jo\u00e3o D\u00f3ria\",\"Jorge Paulo Lemann\",\"Maria Augusta Bernardini\",\"Minist\u00e9rio da Sa\u00fade\",\"Minist\u00e9rio da Sa\u00fade brasileiro anuncia parceria para produ\u00e7\u00e3o de vacina contra Covid-19\",\"M\u00f4nica Calazans\",\"Novo coronav\u00edrus\",\"pandemia\",\"Pandemia da covid-19\",\"Pandemia da Covid-19 no Brasil\",\"Pandemia do coronav\u00edrus\",\"Pandemia do coronav\u00edrus no Brasil\",\"Pandemia no Brasil\",\"Parceria para produ\u00e7\u00e3o de vacina contra Covid-19\",\"Parceria para vacina contra Covid-19\",\"Pfizer\",\"Pfizer conclui testes de vacina para Covid-19\",\"Pfizer Inc\",\"Primeira pessoa imunizada contra covid-19 no Brasil\",\"Primeira pessoa vacinada com a vacina do Butantan\",\"Primeira vacinada com a Coronavac\",\"Primeira vacinada contra covid-19 no Brasil\",\"Primeira vacinadora contra covid-19 no Brasil\",\"Produ\u00e7\u00e3o da CoronaVac\",\"Produ\u00e7\u00e3o da CoronaVac no Brasil\",\"Produ\u00e7\u00e3o da CoronaVac no Instituto Butantan\",\"Produ\u00e7\u00e3o de vacina contra Covid-19\",\"Reino Unido aprova vacina da AstraZeneca\",\"Reino Unido no Brasil\",\"Sinovac\",\"Teste da Vacina ChAdOx1 nCoV-19\",\"Testes com vacina contra Covid-19 come\u00e7am em S\u00e3o Paulo\",\"Unifesp\",\"Universidade de Oxford\",\"UTI do Em\u00edlio Ribas\",\"vacina\",\"Vacina ChAdOx1 nCoV-19\",\"Vacina contra coronav\u00edrus\",\"Vacina contra coronav\u00edrus da Pfizer\",\"Vacina contra covid-19\",\"Vacina contra covid-19 da Pfizer\",\"Vacina da AstraZeneca \u00e9 aprovada no Reino Unido\",\"Vacina da Pfizer\",\"Vacina do Instituto Butantan\",\"Vacina do Instituto Butantan atinge 100% de efic\u00e1cia para casos moderados e graves\",\"Vacina para coronav\u00edrus da Pfizer\",\"Vacina para covid-19 da Pfizer\",\"Vacina\u00e7\u00e3o contra o coronav\u00edrus\",\"vacinas\",\"Vijay Rangarajan\"],\"articleSection\":[\"Brasil\",\"Sa\u00fade\"],\"inLanguage\":\"pt-BR\",\"potentialAction\":[{\"@type\":\"CommentAction\",\"name\":\"Comment\",\"target\":[\"https:\\\/\\\/aconteceunovale.com.br\\\/portal\\\/?p=172503#respond\"]}]},{\"@type\":\"WebPage\",\"@id\":\"https:\\\/\\\/aconteceunovale.com.br\\\/portal\\\/?p=172503\",\"url\":\"https:\\\/\\\/aconteceunovale.com.br\\\/portal\\\/?p=172503\",\"name\":\"Butantan faz pedido de uso emergencial de mais 4,8 milh\u00f5es de doses da CoronaVac - Aconteceu no Vale\",\"isPartOf\":{\"@id\":\"https:\\\/\\\/aconteceunovale.com.br\\\/portal\\\/#website\"},\"primaryImageOfPage\":{\"@id\":\"https:\\\/\\\/aconteceunovale.com.br\\\/portal\\\/?p=172503#primaryimage\"},\"image\":{\"@id\":\"https:\\\/\\\/aconteceunovale.com.br\\\/portal\\\/?p=172503#primaryimage\"},\"thumbnailUrl\":\"https:\\\/\\\/aconteceunovale.com.br\\\/portal\\\/wp-content\\\/uploads\\\/2021\\\/01\\\/lote_coronavac.jpg\",\"datePublished\":\"2021-01-18T20:06:43+00:00\",\"dateModified\":\"2021-01-18T20:12:21+00:00\",\"author\":{\"@id\":\"https:\\\/\\\/aconteceunovale.com.br\\\/portal\\\/#\\\/schema\\\/person\\\/7d2f26d1483f8a63de73da1ee0754d35\"},\"breadcrumb\":{\"@id\":\"https:\\\/\\\/aconteceunovale.com.br\\\/portal\\\/?p=172503#breadcrumb\"},\"inLanguage\":\"pt-BR\",\"potentialAction\":[{\"@type\":\"ReadAction\",\"target\":[\"https:\\\/\\\/aconteceunovale.com.br\\\/portal\\\/?p=172503\"]}]},{\"@type\":\"ImageObject\",\"inLanguage\":\"pt-BR\",\"@id\":\"https:\\\/\\\/aconteceunovale.com.br\\\/portal\\\/?p=172503#primaryimage\",\"url\":\"https:\\\/\\\/aconteceunovale.com.br\\\/portal\\\/wp-content\\\/uploads\\\/2021\\\/01\\\/lote_coronavac.jpg\",\"contentUrl\":\"https:\\\/\\\/aconteceunovale.com.br\\\/portal\\\/wp-content\\\/uploads\\\/2021\\\/01\\\/lote_coronavac.jpg\",\"width\":659,\"height\":450},{\"@type\":\"BreadcrumbList\",\"@id\":\"https:\\\/\\\/aconteceunovale.com.br\\\/portal\\\/?p=172503#breadcrumb\",\"itemListElement\":[{\"@type\":\"ListItem\",\"position\":1,\"name\":\"In\u00edcio\",\"item\":\"https:\\\/\\\/aconteceunovale.com.br\\\/portal\\\/\"},{\"@type\":\"ListItem\",\"position\":2,\"name\":\"Butantan faz pedido de uso emergencial de mais 4,8 milh\u00f5es de doses da CoronaVac\"}]},{\"@type\":\"WebSite\",\"@id\":\"https:\\\/\\\/aconteceunovale.com.br\\\/portal\\\/#website\",\"url\":\"https:\\\/\\\/aconteceunovale.com.br\\\/portal\\\/\",\"name\":\"Aconteceu no Vale\",\"description\":\"Portal de Not\u00edcias\",\"potentialAction\":[{\"@type\":\"SearchAction\",\"target\":{\"@type\":\"EntryPoint\",\"urlTemplate\":\"https:\\\/\\\/aconteceunovale.com.br\\\/portal\\\/?s={search_term_string}\"},\"query-input\":{\"@type\":\"PropertyValueSpecification\",\"valueRequired\":true,\"valueName\":\"search_term_string\"}}],\"inLanguage\":\"pt-BR\"},{\"@type\":\"Person\",\"@id\":\"https:\\\/\\\/aconteceunovale.com.br\\\/portal\\\/#\\\/schema\\\/person\\\/7d2f26d1483f8a63de73da1ee0754d35\",\"name\":\"Reda\u00e7\u00e3o Aconteceu no Vale\",\"description\":\"Equipe de reportagem do Aconteceu no Vale, portal de not\u00edcias do Vale do Jequitinhonha, em Minas Gerais. Cobrimos as 51 cidades do Vale desde 2013. Sugest\u00f5es de pauta e pedidos de corre\u00e7\u00e3o: contato@aconteceunovale.com.br\",\"url\":\"https:\\\/\\\/aconteceunovale.com.br\\\/portal\\\/?author=4\"}]}<\/script>\n<!-- \/ Yoast SEO plugin. -->","yoast_head_json":{"title":"Butantan faz pedido de uso emergencial de mais 4,8 milh\u00f5es de doses da CoronaVac - Aconteceu no Vale","robots":{"index":"index","follow":"follow","max-snippet":"max-snippet:-1","max-image-preview":"max-image-preview:large","max-video-preview":"max-video-preview:-1"},"canonical":"https:\/\/aconteceunovale.com.br\/portal\/?p=172503","og_locale":"pt_BR","og_type":"article","og_title":"Butantan faz pedido de uso emergencial de mais 4,8 milh\u00f5es de doses da CoronaVac - Aconteceu no Vale","og_description":"O Instituto Butantan, respons\u00e1vel pela vacina CoronaVac, encaminhou hoje (18\/1\/2021) um novo pedido de uso emergencial do imunizante para a Ag\u00eancia Nacional de Vigil\u00e2ncia Sanit\u00e1ria (Anvisa). Dessa vez, ser\u00e1 avaliada a libera\u00e7\u00e3o de 4,8 milh\u00f5es de doses. Ontem (17), a Anvisa aprovou, por unanimidade, o pedido de uso emergencial para 6 milh\u00f5es de doses da [&hellip;]","og_url":"https:\/\/aconteceunovale.com.br\/portal\/?p=172503","og_site_name":"Aconteceu no Vale","article_publisher":"https:\/\/www.facebook.com\/aconteceunovale\/","article_published_time":"2021-01-18T20:06:43+00:00","article_modified_time":"2021-01-18T20:12:21+00:00","og_image":[{"width":659,"height":450,"url":"https:\/\/aconteceunovale.com.br\/portal\/wp-content\/uploads\/2021\/01\/lote_coronavac.jpg","type":"image\/jpeg"}],"author":"Reda\u00e7\u00e3o Aconteceu no Vale","twitter_card":"summary_large_image","twitter_creator":"@noticiadosvales","twitter_site":"@noticiadosvales","twitter_misc":{"Escrito por":"Reda\u00e7\u00e3o Aconteceu no Vale","Est. tempo de leitura":"5 minutos"},"schema":{"@context":"https:\/\/schema.org","@graph":[{"@type":"Article","@id":"https:\/\/aconteceunovale.com.br\/portal\/?p=172503#article","isPartOf":{"@id":"https:\/\/aconteceunovale.com.br\/portal\/?p=172503"},"author":{"name":"Reda\u00e7\u00e3o Aconteceu no Vale","@id":"https:\/\/aconteceunovale.com.br\/portal\/#\/schema\/person\/7d2f26d1483f8a63de73da1ee0754d35"},"headline":"Butantan faz pedido de uso emergencial de mais 4,8 milh\u00f5es de doses da CoronaVac","datePublished":"2021-01-18T20:06:43+00:00","dateModified":"2021-01-18T20:12:21+00:00","mainEntityOfPage":{"@id":"https:\/\/aconteceunovale.com.br\/portal\/?p=172503"},"wordCount":1062,"commentCount":1,"image":{"@id":"https:\/\/aconteceunovale.com.br\/portal\/?p=172503#primaryimage"},"thumbnailUrl":"https:\/\/aconteceunovale.com.br\/portal\/wp-content\/uploads\/2021\/01\/lote_coronavac.jpg","keywords":["Anvisa","Anvisa certifica farmac\u00eautica que desenvolveu a CoronaVac","Aprova\u00e7\u00e3o de vacina da AstraZeneca","AstraZeneca","AstraZeneca Brazil","Autoriza\u00e7\u00e3o da Coronavac","Autoriza\u00e7\u00e3o da vacina de Oxford","Autoriza\u00e7\u00e3o da vacina do Butantan","Autoriza\u00e7\u00e3o de vacina contra a covid-19","BioNTech SE","Butantan inicia produ\u00e7\u00e3o da CoronaVac","Certifica\u00e7\u00e3o da Coronavac","Certifica\u00e7\u00e3o da f\u00e1brica da Coronavac","ChAdOx1 nCoV-19","Coronav\u00edrus","COVID-19","Covid-19: Anvisa certifica Pfizer","Covid-19: imunizante da AstraZeneca recebe certifica\u00e7\u00e3o da Anvisa","destaque","Diretora do grupo Astrazeneca","Efic\u00e1cia","Efic\u00e1cia da CoronaVac","Efic\u00e1cia da vacina da Pfizer","Efic\u00e1cia da Vacina do Instituto Butantan","Efici\u00eancia da Coronavac","Efici\u00eancia da Vacina do Instituto Butantan","Enfermeira M\u00f4nica Calazans","Enfermeira M\u00f4nica Calazans \u00e9 a primeira pessoa vacinada contra a Covid-19 no Brasil","Enfermeira vacinada em S\u00e3o Paulo","Funda\u00e7\u00e3o Lemann","governador de S\u00e3o Paulo","governo brasileiro","Governo brasileiro anuncia parceria para produ\u00e7\u00e3o de vacina contra Covid-19","Imuniza\u00e7\u00e3o contra o coronav\u00edrus","Instituto Butantan","J\u00e9ssica Pires de Camargo","Jo\u00e3o D\u00f3ria","Jorge Paulo Lemann","Maria Augusta Bernardini","Minist\u00e9rio da Sa\u00fade","Minist\u00e9rio da Sa\u00fade brasileiro anuncia parceria para produ\u00e7\u00e3o de vacina contra Covid-19","M\u00f4nica Calazans","Novo coronav\u00edrus","pandemia","Pandemia da covid-19","Pandemia da Covid-19 no Brasil","Pandemia do coronav\u00edrus","Pandemia do coronav\u00edrus no Brasil","Pandemia no Brasil","Parceria para produ\u00e7\u00e3o de vacina contra Covid-19","Parceria para vacina contra Covid-19","Pfizer","Pfizer conclui testes de vacina para Covid-19","Pfizer Inc","Primeira pessoa imunizada contra covid-19 no Brasil","Primeira pessoa vacinada com a vacina do Butantan","Primeira vacinada com a Coronavac","Primeira vacinada contra covid-19 no Brasil","Primeira vacinadora contra covid-19 no Brasil","Produ\u00e7\u00e3o da CoronaVac","Produ\u00e7\u00e3o da CoronaVac no Brasil","Produ\u00e7\u00e3o da CoronaVac no Instituto Butantan","Produ\u00e7\u00e3o de vacina contra Covid-19","Reino Unido aprova vacina da AstraZeneca","Reino Unido no Brasil","Sinovac","Teste da Vacina ChAdOx1 nCoV-19","Testes com vacina contra Covid-19 come\u00e7am em S\u00e3o Paulo","Unifesp","Universidade de Oxford","UTI do Em\u00edlio Ribas","vacina","Vacina ChAdOx1 nCoV-19","Vacina contra coronav\u00edrus","Vacina contra coronav\u00edrus da Pfizer","Vacina contra covid-19","Vacina contra covid-19 da Pfizer","Vacina da AstraZeneca \u00e9 aprovada no Reino Unido","Vacina da Pfizer","Vacina do Instituto Butantan","Vacina do Instituto Butantan atinge 100% de efic\u00e1cia para casos moderados e graves","Vacina para coronav\u00edrus da Pfizer","Vacina para covid-19 da Pfizer","Vacina\u00e7\u00e3o contra o coronav\u00edrus","vacinas","Vijay Rangarajan"],"articleSection":["Brasil","Sa\u00fade"],"inLanguage":"pt-BR","potentialAction":[{"@type":"CommentAction","name":"Comment","target":["https:\/\/aconteceunovale.com.br\/portal\/?p=172503#respond"]}]},{"@type":"WebPage","@id":"https:\/\/aconteceunovale.com.br\/portal\/?p=172503","url":"https:\/\/aconteceunovale.com.br\/portal\/?p=172503","name":"Butantan faz pedido de uso emergencial de mais 4,8 milh\u00f5es de doses da CoronaVac - Aconteceu no Vale","isPartOf":{"@id":"https:\/\/aconteceunovale.com.br\/portal\/#website"},"primaryImageOfPage":{"@id":"https:\/\/aconteceunovale.com.br\/portal\/?p=172503#primaryimage"},"image":{"@id":"https:\/\/aconteceunovale.com.br\/portal\/?p=172503#primaryimage"},"thumbnailUrl":"https:\/\/aconteceunovale.com.br\/portal\/wp-content\/uploads\/2021\/01\/lote_coronavac.jpg","datePublished":"2021-01-18T20:06:43+00:00","dateModified":"2021-01-18T20:12:21+00:00","author":{"@id":"https:\/\/aconteceunovale.com.br\/portal\/#\/schema\/person\/7d2f26d1483f8a63de73da1ee0754d35"},"breadcrumb":{"@id":"https:\/\/aconteceunovale.com.br\/portal\/?p=172503#breadcrumb"},"inLanguage":"pt-BR","potentialAction":[{"@type":"ReadAction","target":["https:\/\/aconteceunovale.com.br\/portal\/?p=172503"]}]},{"@type":"ImageObject","inLanguage":"pt-BR","@id":"https:\/\/aconteceunovale.com.br\/portal\/?p=172503#primaryimage","url":"https:\/\/aconteceunovale.com.br\/portal\/wp-content\/uploads\/2021\/01\/lote_coronavac.jpg","contentUrl":"https:\/\/aconteceunovale.com.br\/portal\/wp-content\/uploads\/2021\/01\/lote_coronavac.jpg","width":659,"height":450},{"@type":"BreadcrumbList","@id":"https:\/\/aconteceunovale.com.br\/portal\/?p=172503#breadcrumb","itemListElement":[{"@type":"ListItem","position":1,"name":"In\u00edcio","item":"https:\/\/aconteceunovale.com.br\/portal\/"},{"@type":"ListItem","position":2,"name":"Butantan faz pedido de uso emergencial de mais 4,8 milh\u00f5es de doses da CoronaVac"}]},{"@type":"WebSite","@id":"https:\/\/aconteceunovale.com.br\/portal\/#website","url":"https:\/\/aconteceunovale.com.br\/portal\/","name":"Aconteceu no Vale","description":"Portal de Not\u00edcias","potentialAction":[{"@type":"SearchAction","target":{"@type":"EntryPoint","urlTemplate":"https:\/\/aconteceunovale.com.br\/portal\/?s={search_term_string}"},"query-input":{"@type":"PropertyValueSpecification","valueRequired":true,"valueName":"search_term_string"}}],"inLanguage":"pt-BR"},{"@type":"Person","@id":"https:\/\/aconteceunovale.com.br\/portal\/#\/schema\/person\/7d2f26d1483f8a63de73da1ee0754d35","name":"Reda\u00e7\u00e3o Aconteceu no Vale","description":"Equipe de reportagem do Aconteceu no Vale, portal de not\u00edcias do Vale do Jequitinhonha, em Minas Gerais. Cobrimos as 51 cidades do Vale desde 2013. Sugest\u00f5es de pauta e pedidos de corre\u00e7\u00e3o: contato@aconteceunovale.com.br","url":"https:\/\/aconteceunovale.com.br\/portal\/?author=4"}]}},"_links":{"self":[{"href":"https:\/\/aconteceunovale.com.br\/portal\/index.php?rest_route=\/wp\/v2\/posts\/172503","targetHints":{"allow":["GET"]}}],"collection":[{"href":"https:\/\/aconteceunovale.com.br\/portal\/index.php?rest_route=\/wp\/v2\/posts"}],"about":[{"href":"https:\/\/aconteceunovale.com.br\/portal\/index.php?rest_route=\/wp\/v2\/types\/post"}],"author":[{"embeddable":true,"href":"https:\/\/aconteceunovale.com.br\/portal\/index.php?rest_route=\/wp\/v2\/users\/4"}],"replies":[{"embeddable":true,"href":"https:\/\/aconteceunovale.com.br\/portal\/index.php?rest_route=%2Fwp%2Fv2%2Fcomments&post=172503"}],"version-history":[{"count":1,"href":"https:\/\/aconteceunovale.com.br\/portal\/index.php?rest_route=\/wp\/v2\/posts\/172503\/revisions"}],"predecessor-version":[{"id":172505,"href":"https:\/\/aconteceunovale.com.br\/portal\/index.php?rest_route=\/wp\/v2\/posts\/172503\/revisions\/172505"}],"wp:featuredmedia":[{"embeddable":true,"href":"https:\/\/aconteceunovale.com.br\/portal\/index.php?rest_route=\/wp\/v2\/media\/172504"}],"wp:attachment":[{"href":"https:\/\/aconteceunovale.com.br\/portal\/index.php?rest_route=%2Fwp%2Fv2%2Fmedia&parent=172503"}],"wp:term":[{"taxonomy":"category","embeddable":true,"href":"https:\/\/aconteceunovale.com.br\/portal\/index.php?rest_route=%2Fwp%2Fv2%2Fcategories&post=172503"},{"taxonomy":"post_tag","embeddable":true,"href":"https:\/\/aconteceunovale.com.br\/portal\/index.php?rest_route=%2Fwp%2Fv2%2Ftags&post=172503"}],"curies":[{"name":"wp","href":"https:\/\/api.w.org\/{rel}","templated":true}]}}