{"id":172501,"date":"2021-01-18T15:14:19","date_gmt":"2021-01-18T18:14:19","guid":{"rendered":"https:\/\/aconteceunovale.com.br\/portal\/?p=172501"},"modified":"2021-01-18T15:15:39","modified_gmt":"2021-01-18T18:15:39","slug":"portaria-do-ministerio-da-saude-institui-obrigatoriedade-do-registro-de-aplicacao-de-vacinas-contra-a-covid-19","status":"publish","type":"post","link":"https:\/\/aconteceunovale.com.br\/portal\/?p=172501","title":{"rendered":"Portaria do Minist\u00e9rio da Sa\u00fade institui obrigatoriedade do registro de aplica\u00e7\u00e3o de vacinas contra a Covid-19"},"content":{"rendered":"\n<p class=\"wp-block-paragraph\">O Minist\u00e9rio da Sa\u00fade publicou, hoje (18\/1\/2021), no&nbsp;<em>Di\u00e1rio Oficial da Uni\u00e3o (DOU)<\/em>, a&nbsp;<a href=\"https:\/\/www.in.gov.br\/en\/web\/dou\/-\/portaria-gm\/ms-n-69-de-14-de-janeiro-de-2021-299306102\" target=\"_blank\" rel=\"noreferrer noopener\"><strong>portaria<\/strong><\/a>&nbsp;instituindo a obrigatoriedade do registro de aplica\u00e7\u00e3o de vacinas contra a covid-19 nos sistemas de informa\u00e7\u00e3o disponibilizados pela pasta. A medida vale para as institui\u00e7\u00f5es p\u00fablicas e privadas que realizarem o procedimento de vacina\u00e7\u00e3o. No caso das institui\u00e7\u00f5es p\u00fablicas, as informa\u00e7\u00f5es dever\u00e3o ser registradas de maneira individualizada.<\/p>\n\n\n\n<p class=\"wp-block-paragraph\">Segundo a portaria, a medida levou em considera\u00e7\u00e3o a necessidade de planejar e executar respostas adequadas para o enfrentamento da pandemia, que &#8220;sejam condizentes com a velocidade da mudan\u00e7a no cen\u00e1rio epidemiol\u00f3gico e o potencial esgotamento da capacidade instalada dos servi\u00e7os de sa\u00fade&#8221;.<\/p>\n\n\n\n<p class=\"wp-block-paragraph\">De acordo com o minist\u00e9rio, tamb\u00e9m foi levada em considera\u00e7\u00e3o, a necessidade de articular a\u00e7\u00f5es para a integra\u00e7\u00e3o de servi\u00e7os de sa\u00fade, em especial da vigil\u00e2ncia, com o objetivo de dar uma resposta mais r\u00e1pida para as diferentes situa\u00e7\u00f5es que possam vir a ocorrer.<\/p>\n\n\n\n<p class=\"wp-block-paragraph\">Segundo a portaria, as institui\u00e7\u00f5es que quiserem vacinar contra o coronav\u00edrus dever\u00e3o estar devidamente licenciadas para a atividade pela autoridade sanit\u00e1ria competente e tamb\u00e9m estar inscritas no Cadastro Nacional de Estabelecimentos de Sa\u00fade (CNES).<\/p>\n\n\n\n<p class=\"wp-block-paragraph\">Entre outras obriga\u00e7\u00f5es, os servi\u00e7os dever\u00e3o manter acess\u00edveis \u00e0 autoridade sanit\u00e1ria documentos que comprovem a origem das vacinas utilizadas contra a covid-19; notificar a ocorr\u00eancia de eventos adversos p\u00f3s-vacina\u00e7\u00e3o; investigar incidentes e falhas em seus processos que podem ter contribu\u00eddo para a ocorr\u00eancia de erros de vacina\u00e7\u00e3o.<\/p>\n\n\n\n<p class=\"wp-block-paragraph\">As institui\u00e7\u00f5es ter\u00e3o ainda que registrar as vacinas contra a covid-19 adquiridas ou recebidas, com a identifica\u00e7\u00e3o dos lotes e laborat\u00f3rios.<\/p>\n\n\n\n<p class=\"wp-block-paragraph\">No caso dos servi\u00e7os de vacina\u00e7\u00e3o p\u00fablicos, eles tamb\u00e9m dever\u00e3o controlar e registrar os estoques e a distribui\u00e7\u00e3o de vacinas contra a covid-19, por meio de sistema do Minist\u00e9rio da Sa\u00fade. Essas institui\u00e7\u00f5es dever\u00e3o ainda registrar e controlar as perdas f\u00edsicas e t\u00e9cnicas das vacinas.<\/p>\n\n\n\n<h2 class=\"wp-block-heading\"><strong>Dados cadastrais<\/strong><\/h2>\n\n\n\n<p class=\"wp-block-paragraph\">As institui\u00e7\u00f5es p\u00fablicas ter\u00e3o que manter atualizados os dados cadastrais de resid\u00eancia do cidad\u00e3o vacinado no Sistema de Cadastramento de Usu\u00e1rios do SUS (Cadsus). Entre outras informa\u00e7\u00f5es dever\u00e3o constar dados como o n\u00famero do CPF ou do Cart\u00e3o Nacional de Sa\u00fade (CNS), nome completo do vacinado, sexo, data de nascimento e nome da m\u00e3e do vacinado.<\/p>\n\n\n\n<p class=\"wp-block-paragraph\">Tamb\u00e9m ser\u00e3o solicitadas informa\u00e7\u00f5es adicionais como data da vacina\u00e7\u00e3o; a qual grupo priorit\u00e1rio para vacina\u00e7\u00e3o pertence a pessoa vacinada; o nome e o c\u00f3digo da vacina; n\u00famero do lote da vacina; nome do fabricante; CPF do vacinador; tipo de dose aplicada e CNES do servi\u00e7o de vacina\u00e7\u00e3o.<\/p>\n\n\n\n<p class=\"wp-block-paragraph\">A portaria tamb\u00e9m traz instru\u00e7\u00f5es sobre as informa\u00e7\u00f5es m\u00ednimas que devem constar no cart\u00e3o de vacina\u00e7\u00e3o contra a covid-19. S\u00e3o elas o nome completo, documento de identifica\u00e7\u00e3o e data de nascimento da pessoa vacinada; nome da vacina; dose aplicada; data da vacina\u00e7\u00e3o; n\u00famero do lote da vacina; nome do fabricante; identifica\u00e7\u00e3o do servi\u00e7o de vacina\u00e7\u00e3o; identifica\u00e7\u00e3o do vacinador; e data da pr\u00f3xima dose, quando aplic\u00e1vel.<\/p>\n\n\n\n<p class=\"wp-block-paragraph\">A comprova\u00e7\u00e3o da vacina\u00e7\u00e3o poder\u00e1 ser feita por meio do cart\u00e3o de vacina\u00e7\u00e3o, do Certificado Nacional de Vacina\u00e7\u00e3o emitido pelo servi\u00e7o de vacina\u00e7\u00e3o ou pelo pr\u00f3prio cidad\u00e3o, via\u00a0<a rel=\"noreferrer noopener\" href=\"https:\/\/conectesus-paciente.saude.gov.br\/\" target=\"_blank\"><strong>aplicativo Conecte SUS<\/strong><\/a>\u00a0disponibilizado pelo Minist\u00e9rio da Sa\u00fade.<\/p>\n\n\n\n<p class=\"has-white-color has-black-background-color has-text-color has-background wp-block-paragraph\">Quer saber as not\u00edcias do <strong>Aconteceu no Vale<\/strong> em primeira m\u00e3o? Siga-nos no Facebook <a rel=\"noreferrer noopener\" href=\"http:\/\/facebook.com\/aconteceunovale\" target=\"_blank\">@aconteceunovale<\/a>, Twitter <a rel=\"noreferrer noopener\" href=\"https:\/\/twitter.com\/noticiadosvales\" target=\"_blank\">@noticiadosvales<\/a> e Instagram <a rel=\"noreferrer noopener\" href=\"https:\/\/www.instagram.com\/aconteceunovale\" target=\"_blank\">@aconteceunovale<\/a>.<\/p>\n","protected":false},"excerpt":{"rendered":"<p>O Minist\u00e9rio da Sa\u00fade publicou, hoje (18\/1\/2021), no&nbsp;Di\u00e1rio Oficial da Uni\u00e3o (DOU), a&nbsp;portaria&nbsp;instituindo a obrigatoriedade do registro de aplica\u00e7\u00e3o de vacinas contra a covid-19 nos sistemas de informa\u00e7\u00e3o disponibilizados pela pasta. A medida vale para as institui\u00e7\u00f5es p\u00fablicas e privadas que realizarem o procedimento de vacina\u00e7\u00e3o. No caso das institui\u00e7\u00f5es p\u00fablicas, as informa\u00e7\u00f5es dever\u00e3o ser [&hellip;]<\/p>\n","protected":false},"author":4,"featured_media":164878,"comment_status":"open","ping_status":"closed","sticky":false,"template":"","format":"standard","meta":{"amp_status":"","footnotes":""},"categories":[6,40242],"tags":[235053,235052,235054,235051,189184,235055,214884,216498,19326,235049,235050,28873],"class_list":["post-172501","post","type-post","status-publish","format-standard","has-post-thumbnail","hentry","category-br","category-saude-2","tag-cadastro-de-imunizados-contra-a-vacina","tag-cadastro-de-vacinas","tag-cadsus","tag-cnes","tag-cns","tag-conecte-sus","tag-coronavirus","tag-covid-19","tag-ministerio-da-saude","tag-portaria-do-ministerio-da-saude-institui-obrigatoriedade-do-registro-de-aplicacao-de-vacinas-contra-a-covid-19","tag-registro-da-aplicacao-de-vacinas-contra-a-covid-19","tag-sus"],"yoast_head":"<!-- This site is optimized with the Yoast SEO plugin v28.3 - https:\/\/yoast.com\/product\/yoast-seo-wordpress\/ -->\n<title>Portaria do Minist\u00e9rio da Sa\u00fade institui obrigatoriedade do registro de aplica\u00e7\u00e3o de vacinas contra a Covid-19 - Aconteceu no Vale<\/title>\n<meta name=\"robots\" content=\"index, follow, max-snippet:-1, max-image-preview:large, max-video-preview:-1\" \/>\n<link rel=\"canonical\" href=\"https:\/\/aconteceunovale.com.br\/portal\/?p=172501\" \/>\n<meta property=\"og:locale\" content=\"pt_BR\" \/>\n<meta property=\"og:type\" content=\"article\" \/>\n<meta property=\"og:title\" content=\"Portaria do Minist\u00e9rio da Sa\u00fade institui obrigatoriedade do registro de aplica\u00e7\u00e3o de vacinas contra a Covid-19 - Aconteceu no Vale\" \/>\n<meta property=\"og:description\" content=\"O Minist\u00e9rio da Sa\u00fade publicou, hoje (18\/1\/2021), no&nbsp;Di\u00e1rio Oficial da Uni\u00e3o (DOU), a&nbsp;portaria&nbsp;instituindo a obrigatoriedade do registro de aplica\u00e7\u00e3o de vacinas contra a covid-19 nos sistemas de informa\u00e7\u00e3o disponibilizados pela pasta. A medida vale para as institui\u00e7\u00f5es p\u00fablicas e privadas que realizarem o procedimento de vacina\u00e7\u00e3o. No caso das institui\u00e7\u00f5es p\u00fablicas, as informa\u00e7\u00f5es dever\u00e3o ser [&hellip;]\" \/>\n<meta property=\"og:url\" content=\"https:\/\/aconteceunovale.com.br\/portal\/?p=172501\" \/>\n<meta property=\"og:site_name\" content=\"Aconteceu no Vale\" \/>\n<meta property=\"article:publisher\" content=\"https:\/\/www.facebook.com\/aconteceunovale\/\" \/>\n<meta property=\"article:published_time\" content=\"2021-01-18T18:14:19+00:00\" \/>\n<meta property=\"article:modified_time\" content=\"2021-01-18T18:15:39+00:00\" \/>\n<meta property=\"og:image\" content=\"https:\/\/aconteceunovale.com.br\/portal\/wp-content\/uploads\/2020\/06\/vacina.jpg\" \/>\n\t<meta property=\"og:image:width\" content=\"1200\" \/>\n\t<meta property=\"og:image:height\" content=\"675\" \/>\n\t<meta property=\"og:image:type\" content=\"image\/jpeg\" \/>\n<meta name=\"author\" content=\"Reda\u00e7\u00e3o Aconteceu no Vale\" \/>\n<meta name=\"twitter:card\" content=\"summary_large_image\" \/>\n<meta name=\"twitter:creator\" content=\"@noticiadosvales\" \/>\n<meta name=\"twitter:site\" content=\"@noticiadosvales\" \/>\n<meta name=\"twitter:label1\" content=\"Escrito por\" \/>\n\t<meta name=\"twitter:data1\" content=\"Reda\u00e7\u00e3o Aconteceu no Vale\" \/>\n\t<meta name=\"twitter:label2\" content=\"Est. tempo de leitura\" \/>\n\t<meta name=\"twitter:data2\" content=\"3 minutos\" \/>\n<script type=\"application\/ld+json\" class=\"yoast-schema-graph\">{\"@context\":\"https:\\\/\\\/schema.org\",\"@graph\":[{\"@type\":\"Article\",\"@id\":\"https:\\\/\\\/aconteceunovale.com.br\\\/portal\\\/?p=172501#article\",\"isPartOf\":{\"@id\":\"https:\\\/\\\/aconteceunovale.com.br\\\/portal\\\/?p=172501\"},\"author\":{\"name\":\"Reda\u00e7\u00e3o Aconteceu no Vale\",\"@id\":\"https:\\\/\\\/aconteceunovale.com.br\\\/portal\\\/#\\\/schema\\\/person\\\/7d2f26d1483f8a63de73da1ee0754d35\"},\"headline\":\"Portaria do Minist\u00e9rio da Sa\u00fade institui obrigatoriedade do registro de aplica\u00e7\u00e3o de vacinas contra a Covid-19\",\"datePublished\":\"2021-01-18T18:14:19+00:00\",\"dateModified\":\"2021-01-18T18:15:39+00:00\",\"mainEntityOfPage\":{\"@id\":\"https:\\\/\\\/aconteceunovale.com.br\\\/portal\\\/?p=172501\"},\"wordCount\":655,\"commentCount\":0,\"image\":{\"@id\":\"https:\\\/\\\/aconteceunovale.com.br\\\/portal\\\/?p=172501#primaryimage\"},\"thumbnailUrl\":\"https:\\\/\\\/aconteceunovale.com.br\\\/portal\\\/wp-content\\\/uploads\\\/2020\\\/06\\\/vacina.jpg\",\"keywords\":[\"Cadastro de imunizados contra a vacina\",\"Cadastro de vacinas\",\"Cadsus\",\"CNES\",\"CNS\",\"Conecte SUS\",\"Coronav\u00edrus\",\"COVID-19\",\"Minist\u00e9rio da Sa\u00fade\",\"Portaria do Minist\u00e9rio da Sa\u00fade institui obrigatoriedade do registro de aplica\u00e7\u00e3o de vacinas contra a Covid-19\",\"Registro da aplica\u00e7\u00e3o de vacinas contra a covid-19\",\"SUS\"],\"articleSection\":[\"Brasil\",\"Sa\u00fade\"],\"inLanguage\":\"pt-BR\",\"potentialAction\":[{\"@type\":\"CommentAction\",\"name\":\"Comment\",\"target\":[\"https:\\\/\\\/aconteceunovale.com.br\\\/portal\\\/?p=172501#respond\"]}]},{\"@type\":\"WebPage\",\"@id\":\"https:\\\/\\\/aconteceunovale.com.br\\\/portal\\\/?p=172501\",\"url\":\"https:\\\/\\\/aconteceunovale.com.br\\\/portal\\\/?p=172501\",\"name\":\"Portaria do Minist\u00e9rio da Sa\u00fade institui obrigatoriedade do registro de aplica\u00e7\u00e3o de vacinas contra a Covid-19 - Aconteceu no Vale\",\"isPartOf\":{\"@id\":\"https:\\\/\\\/aconteceunovale.com.br\\\/portal\\\/#website\"},\"primaryImageOfPage\":{\"@id\":\"https:\\\/\\\/aconteceunovale.com.br\\\/portal\\\/?p=172501#primaryimage\"},\"image\":{\"@id\":\"https:\\\/\\\/aconteceunovale.com.br\\\/portal\\\/?p=172501#primaryimage\"},\"thumbnailUrl\":\"https:\\\/\\\/aconteceunovale.com.br\\\/portal\\\/wp-content\\\/uploads\\\/2020\\\/06\\\/vacina.jpg\",\"datePublished\":\"2021-01-18T18:14:19+00:00\",\"dateModified\":\"2021-01-18T18:15:39+00:00\",\"author\":{\"@id\":\"https:\\\/\\\/aconteceunovale.com.br\\\/portal\\\/#\\\/schema\\\/person\\\/7d2f26d1483f8a63de73da1ee0754d35\"},\"breadcrumb\":{\"@id\":\"https:\\\/\\\/aconteceunovale.com.br\\\/portal\\\/?p=172501#breadcrumb\"},\"inLanguage\":\"pt-BR\",\"potentialAction\":[{\"@type\":\"ReadAction\",\"target\":[\"https:\\\/\\\/aconteceunovale.com.br\\\/portal\\\/?p=172501\"]}]},{\"@type\":\"ImageObject\",\"inLanguage\":\"pt-BR\",\"@id\":\"https:\\\/\\\/aconteceunovale.com.br\\\/portal\\\/?p=172501#primaryimage\",\"url\":\"https:\\\/\\\/aconteceunovale.com.br\\\/portal\\\/wp-content\\\/uploads\\\/2020\\\/06\\\/vacina.jpg\",\"contentUrl\":\"https:\\\/\\\/aconteceunovale.com.br\\\/portal\\\/wp-content\\\/uploads\\\/2020\\\/06\\\/vacina.jpg\",\"width\":1200,\"height\":675},{\"@type\":\"BreadcrumbList\",\"@id\":\"https:\\\/\\\/aconteceunovale.com.br\\\/portal\\\/?p=172501#breadcrumb\",\"itemListElement\":[{\"@type\":\"ListItem\",\"position\":1,\"name\":\"In\u00edcio\",\"item\":\"https:\\\/\\\/aconteceunovale.com.br\\\/portal\\\/\"},{\"@type\":\"ListItem\",\"position\":2,\"name\":\"Portaria do Minist\u00e9rio da Sa\u00fade institui obrigatoriedade do registro de aplica\u00e7\u00e3o de vacinas contra a Covid-19\"}]},{\"@type\":\"WebSite\",\"@id\":\"https:\\\/\\\/aconteceunovale.com.br\\\/portal\\\/#website\",\"url\":\"https:\\\/\\\/aconteceunovale.com.br\\\/portal\\\/\",\"name\":\"Aconteceu no Vale\",\"description\":\"Portal de Not\u00edcias\",\"potentialAction\":[{\"@type\":\"SearchAction\",\"target\":{\"@type\":\"EntryPoint\",\"urlTemplate\":\"https:\\\/\\\/aconteceunovale.com.br\\\/portal\\\/?s={search_term_string}\"},\"query-input\":{\"@type\":\"PropertyValueSpecification\",\"valueRequired\":true,\"valueName\":\"search_term_string\"}}],\"inLanguage\":\"pt-BR\"},{\"@type\":\"Person\",\"@id\":\"https:\\\/\\\/aconteceunovale.com.br\\\/portal\\\/#\\\/schema\\\/person\\\/7d2f26d1483f8a63de73da1ee0754d35\",\"name\":\"Reda\u00e7\u00e3o Aconteceu no Vale\",\"description\":\"Equipe de reportagem do Aconteceu no Vale, portal de not\u00edcias do Vale do Jequitinhonha, em Minas Gerais. Cobrimos as 51 cidades do Vale desde 2013. Sugest\u00f5es de pauta e pedidos de corre\u00e7\u00e3o: contato@aconteceunovale.com.br\",\"url\":\"https:\\\/\\\/aconteceunovale.com.br\\\/portal\\\/?author=4\"}]}<\/script>\n<!-- \/ Yoast SEO plugin. -->","yoast_head_json":{"title":"Portaria do Minist\u00e9rio da Sa\u00fade institui obrigatoriedade do registro de aplica\u00e7\u00e3o de vacinas contra a Covid-19 - Aconteceu no Vale","robots":{"index":"index","follow":"follow","max-snippet":"max-snippet:-1","max-image-preview":"max-image-preview:large","max-video-preview":"max-video-preview:-1"},"canonical":"https:\/\/aconteceunovale.com.br\/portal\/?p=172501","og_locale":"pt_BR","og_type":"article","og_title":"Portaria do Minist\u00e9rio da Sa\u00fade institui obrigatoriedade do registro de aplica\u00e7\u00e3o de vacinas contra a Covid-19 - Aconteceu no Vale","og_description":"O Minist\u00e9rio da Sa\u00fade publicou, hoje (18\/1\/2021), no&nbsp;Di\u00e1rio Oficial da Uni\u00e3o (DOU), a&nbsp;portaria&nbsp;instituindo a obrigatoriedade do registro de aplica\u00e7\u00e3o de vacinas contra a covid-19 nos sistemas de informa\u00e7\u00e3o disponibilizados pela pasta. A medida vale para as institui\u00e7\u00f5es p\u00fablicas e privadas que realizarem o procedimento de vacina\u00e7\u00e3o. No caso das institui\u00e7\u00f5es p\u00fablicas, as informa\u00e7\u00f5es dever\u00e3o ser [&hellip;]","og_url":"https:\/\/aconteceunovale.com.br\/portal\/?p=172501","og_site_name":"Aconteceu no Vale","article_publisher":"https:\/\/www.facebook.com\/aconteceunovale\/","article_published_time":"2021-01-18T18:14:19+00:00","article_modified_time":"2021-01-18T18:15:39+00:00","og_image":[{"width":1200,"height":675,"url":"https:\/\/aconteceunovale.com.br\/portal\/wp-content\/uploads\/2020\/06\/vacina.jpg","type":"image\/jpeg"}],"author":"Reda\u00e7\u00e3o Aconteceu no Vale","twitter_card":"summary_large_image","twitter_creator":"@noticiadosvales","twitter_site":"@noticiadosvales","twitter_misc":{"Escrito por":"Reda\u00e7\u00e3o Aconteceu no Vale","Est. tempo de leitura":"3 minutos"},"schema":{"@context":"https:\/\/schema.org","@graph":[{"@type":"Article","@id":"https:\/\/aconteceunovale.com.br\/portal\/?p=172501#article","isPartOf":{"@id":"https:\/\/aconteceunovale.com.br\/portal\/?p=172501"},"author":{"name":"Reda\u00e7\u00e3o Aconteceu no Vale","@id":"https:\/\/aconteceunovale.com.br\/portal\/#\/schema\/person\/7d2f26d1483f8a63de73da1ee0754d35"},"headline":"Portaria do Minist\u00e9rio da Sa\u00fade institui obrigatoriedade do registro de aplica\u00e7\u00e3o de vacinas contra a Covid-19","datePublished":"2021-01-18T18:14:19+00:00","dateModified":"2021-01-18T18:15:39+00:00","mainEntityOfPage":{"@id":"https:\/\/aconteceunovale.com.br\/portal\/?p=172501"},"wordCount":655,"commentCount":0,"image":{"@id":"https:\/\/aconteceunovale.com.br\/portal\/?p=172501#primaryimage"},"thumbnailUrl":"https:\/\/aconteceunovale.com.br\/portal\/wp-content\/uploads\/2020\/06\/vacina.jpg","keywords":["Cadastro de imunizados contra a vacina","Cadastro de vacinas","Cadsus","CNES","CNS","Conecte SUS","Coronav\u00edrus","COVID-19","Minist\u00e9rio da Sa\u00fade","Portaria do Minist\u00e9rio da Sa\u00fade institui obrigatoriedade do registro de aplica\u00e7\u00e3o de vacinas contra a Covid-19","Registro da aplica\u00e7\u00e3o de vacinas contra a covid-19","SUS"],"articleSection":["Brasil","Sa\u00fade"],"inLanguage":"pt-BR","potentialAction":[{"@type":"CommentAction","name":"Comment","target":["https:\/\/aconteceunovale.com.br\/portal\/?p=172501#respond"]}]},{"@type":"WebPage","@id":"https:\/\/aconteceunovale.com.br\/portal\/?p=172501","url":"https:\/\/aconteceunovale.com.br\/portal\/?p=172501","name":"Portaria do Minist\u00e9rio da Sa\u00fade institui obrigatoriedade do registro de aplica\u00e7\u00e3o de vacinas contra a Covid-19 - Aconteceu no Vale","isPartOf":{"@id":"https:\/\/aconteceunovale.com.br\/portal\/#website"},"primaryImageOfPage":{"@id":"https:\/\/aconteceunovale.com.br\/portal\/?p=172501#primaryimage"},"image":{"@id":"https:\/\/aconteceunovale.com.br\/portal\/?p=172501#primaryimage"},"thumbnailUrl":"https:\/\/aconteceunovale.com.br\/portal\/wp-content\/uploads\/2020\/06\/vacina.jpg","datePublished":"2021-01-18T18:14:19+00:00","dateModified":"2021-01-18T18:15:39+00:00","author":{"@id":"https:\/\/aconteceunovale.com.br\/portal\/#\/schema\/person\/7d2f26d1483f8a63de73da1ee0754d35"},"breadcrumb":{"@id":"https:\/\/aconteceunovale.com.br\/portal\/?p=172501#breadcrumb"},"inLanguage":"pt-BR","potentialAction":[{"@type":"ReadAction","target":["https:\/\/aconteceunovale.com.br\/portal\/?p=172501"]}]},{"@type":"ImageObject","inLanguage":"pt-BR","@id":"https:\/\/aconteceunovale.com.br\/portal\/?p=172501#primaryimage","url":"https:\/\/aconteceunovale.com.br\/portal\/wp-content\/uploads\/2020\/06\/vacina.jpg","contentUrl":"https:\/\/aconteceunovale.com.br\/portal\/wp-content\/uploads\/2020\/06\/vacina.jpg","width":1200,"height":675},{"@type":"BreadcrumbList","@id":"https:\/\/aconteceunovale.com.br\/portal\/?p=172501#breadcrumb","itemListElement":[{"@type":"ListItem","position":1,"name":"In\u00edcio","item":"https:\/\/aconteceunovale.com.br\/portal\/"},{"@type":"ListItem","position":2,"name":"Portaria do Minist\u00e9rio da Sa\u00fade institui obrigatoriedade do registro de aplica\u00e7\u00e3o de vacinas contra a Covid-19"}]},{"@type":"WebSite","@id":"https:\/\/aconteceunovale.com.br\/portal\/#website","url":"https:\/\/aconteceunovale.com.br\/portal\/","name":"Aconteceu no Vale","description":"Portal de Not\u00edcias","potentialAction":[{"@type":"SearchAction","target":{"@type":"EntryPoint","urlTemplate":"https:\/\/aconteceunovale.com.br\/portal\/?s={search_term_string}"},"query-input":{"@type":"PropertyValueSpecification","valueRequired":true,"valueName":"search_term_string"}}],"inLanguage":"pt-BR"},{"@type":"Person","@id":"https:\/\/aconteceunovale.com.br\/portal\/#\/schema\/person\/7d2f26d1483f8a63de73da1ee0754d35","name":"Reda\u00e7\u00e3o Aconteceu no Vale","description":"Equipe de reportagem do Aconteceu no Vale, portal de not\u00edcias do Vale do Jequitinhonha, em Minas Gerais. Cobrimos as 51 cidades do Vale desde 2013. Sugest\u00f5es de pauta e pedidos de corre\u00e7\u00e3o: contato@aconteceunovale.com.br","url":"https:\/\/aconteceunovale.com.br\/portal\/?author=4"}]}},"_links":{"self":[{"href":"https:\/\/aconteceunovale.com.br\/portal\/index.php?rest_route=\/wp\/v2\/posts\/172501","targetHints":{"allow":["GET"]}}],"collection":[{"href":"https:\/\/aconteceunovale.com.br\/portal\/index.php?rest_route=\/wp\/v2\/posts"}],"about":[{"href":"https:\/\/aconteceunovale.com.br\/portal\/index.php?rest_route=\/wp\/v2\/types\/post"}],"author":[{"embeddable":true,"href":"https:\/\/aconteceunovale.com.br\/portal\/index.php?rest_route=\/wp\/v2\/users\/4"}],"replies":[{"embeddable":true,"href":"https:\/\/aconteceunovale.com.br\/portal\/index.php?rest_route=%2Fwp%2Fv2%2Fcomments&post=172501"}],"version-history":[{"count":1,"href":"https:\/\/aconteceunovale.com.br\/portal\/index.php?rest_route=\/wp\/v2\/posts\/172501\/revisions"}],"predecessor-version":[{"id":172502,"href":"https:\/\/aconteceunovale.com.br\/portal\/index.php?rest_route=\/wp\/v2\/posts\/172501\/revisions\/172502"}],"wp:featuredmedia":[{"embeddable":true,"href":"https:\/\/aconteceunovale.com.br\/portal\/index.php?rest_route=\/wp\/v2\/media\/164878"}],"wp:attachment":[{"href":"https:\/\/aconteceunovale.com.br\/portal\/index.php?rest_route=%2Fwp%2Fv2%2Fmedia&parent=172501"}],"wp:term":[{"taxonomy":"category","embeddable":true,"href":"https:\/\/aconteceunovale.com.br\/portal\/index.php?rest_route=%2Fwp%2Fv2%2Fcategories&post=172501"},{"taxonomy":"post_tag","embeddable":true,"href":"https:\/\/aconteceunovale.com.br\/portal\/index.php?rest_route=%2Fwp%2Fv2%2Ftags&post=172501"}],"curies":[{"name":"wp","href":"https:\/\/api.w.org\/{rel}","templated":true}]}}