{"id":172499,"date":"2021-01-18T15:09:37","date_gmt":"2021-01-18T18:09:37","guid":{"rendered":"https:\/\/aconteceunovale.com.br\/portal\/?p=172499"},"modified":"2021-01-18T15:10:22","modified_gmt":"2021-01-18T18:10:22","slug":"ministerio-da-cidadania-prorroga-suspensao-de-revisoes-do-programa-bolsa-familia","status":"publish","type":"post","link":"https:\/\/aconteceunovale.com.br\/portal\/?p=172499","title":{"rendered":"Minist\u00e9rio da Cidadania prorroga suspens\u00e3o de revis\u00f5es do Programa Bolsa Fam\u00edlia"},"content":{"rendered":"\n<p class=\"wp-block-paragraph\">O Minist\u00e9rio da Cidadania prorrogou por mais 90 dias a suspens\u00e3o de revis\u00f5es cadastrais e de procedimentos operacionais do Programa Bolsa Fam\u00edlia e do Cadastro \u00danico para programas sociais do governo federal. A portaria foi publicada\u00a0hoje\u00a0(18\/1\/2021) no\u00a0<a rel=\"noreferrer noopener\" href=\"https:\/\/www.in.gov.br\/en\/web\/dou\/-\/portaria-mc-n-591-de-15-de-janeiro-de-2021-299285117\" target=\"_blank\"><em><strong>Di\u00e1rio Oficial da Uni\u00e3o<\/strong><\/em><\/a>.<\/p>\n\n\n\n<p class=\"wp-block-paragraph\">De acordo com o texto, a medida visa a \u201cevitar aglomera\u00e7\u00f5es e exposi\u00e7\u00e3o \u00e0 infec\u00e7\u00e3o pelo novo coronav\u00edrus de integrantes de fam\u00edlias benefici\u00e1rias, de pessoas em busca de atendimento para cadastramento, e, ainda, de cidad\u00e3os que trabalham em unidades de cadastro\u201d. Al\u00e9m disso, a opera\u00e7\u00e3o dos programas continua prejudicada, sobretudo nos munic\u00edpios, por situa\u00e7\u00f5es como suspens\u00e3o de aulas, direcionamento de atividades das unidades de sa\u00fade para atender aos infectados pela covid-19 e altera\u00e7\u00e3o no funcionamento de alguns centros e postos de cadastramento.<\/p>\n\n\n\n<p class=\"wp-block-paragraph\">A suspens\u00e3o vale para procedimentos como os de averigua\u00e7\u00e3o e revis\u00e3o cadastral, bem como as a\u00e7\u00f5es de bloqueio, suspens\u00e3o e cancelamento de benef\u00edcios financeiros decorrentes do descumprimento das regras de gest\u00e3o.<\/p>\n\n\n\n<p class=\"wp-block-paragraph\">Tamb\u00e9m est\u00e1 suspenso o c\u00e1lculo do fator de opera\u00e7\u00e3o do \u00cdndice de Gest\u00e3o Descentralizada do Programa Bolsa Fam\u00edlia e do Cadastro \u00danico, para apura\u00e7\u00e3o dos valores que s\u00e3o transferidos aos munic\u00edpios, estados e ao Distrito Federal. Nesse caso, ser\u00e1 utilizado o fator de opera\u00e7\u00e3o do \u00edndice&nbsp;de fevereiro&nbsp;de 2020.<\/p>\n\n\n\n<p class=\"wp-block-paragraph\">Ap\u00f3s o prazo de 90 dias, o c\u00e1lculo do fator passar\u00e1 a utilizar os dados mais recentes dispon\u00edveis da Taxa de Atualiza\u00e7\u00e3o Cadastral (TAC) e da Taxa de Acompanhamento da Frequ\u00eancia Escolar (TAFE), mantendo suspensa a atualiza\u00e7\u00e3o da Taxa de Acompanhamento de Sa\u00fade (TAS)\u00a0por mais 90 dias.<\/p>\n\n\n\n<p class=\"has-white-color has-black-background-color has-text-color has-background wp-block-paragraph\">Quer saber as not\u00edcias do <strong>Aconteceu no Vale<\/strong> em primeira m\u00e3o? Siga-nos no Facebook <a rel=\"noreferrer noopener\" href=\"http:\/\/facebook.com\/aconteceunovale\" target=\"_blank\">@aconteceunovale<\/a>, Twitter <a rel=\"noreferrer noopener\" href=\"https:\/\/twitter.com\/noticiadosvales\" target=\"_blank\">@noticiadosvales<\/a> e Instagram <a rel=\"noreferrer noopener\" href=\"https:\/\/www.instagram.com\/aconteceunovale\" target=\"_blank\">@aconteceunovale<\/a>.<\/p>\n","protected":false},"excerpt":{"rendered":"<p>O Minist\u00e9rio da Cidadania prorrogou por mais 90 dias a suspens\u00e3o de revis\u00f5es cadastrais e de procedimentos operacionais do Programa Bolsa Fam\u00edlia e do Cadastro \u00danico para programas sociais do governo federal. A portaria foi publicada\u00a0hoje\u00a0(18\/1\/2021) no\u00a0Di\u00e1rio Oficial da Uni\u00e3o. De acordo com o texto, a medida visa a \u201cevitar aglomera\u00e7\u00f5es e exposi\u00e7\u00e3o \u00e0 infec\u00e7\u00e3o [&hellip;]<\/p>\n","protected":false},"author":4,"featured_media":172042,"comment_status":"open","ping_status":"closed","sticky":false,"template":"","format":"standard","meta":{"amp_status":"","footnotes":""},"categories":[6],"tags":[30149,4610,190881,235047,39315,235048],"class_list":["post-172499","post","type-post","status-publish","format-standard","has-post-thumbnail","hentry","category-br","tag-cadastro-unico","tag-governo-federal","tag-ministerio-da-cidadania","tag-ministerio-da-cidadania-prorroga-suspensao-de-revisoes-do-programa-bolsa-familia","tag-programa-bolsa-familia","tag-revisao-do-programa-bolsa-familia"],"yoast_head":"<!-- This site is optimized with the Yoast SEO plugin v28.3 - https:\/\/yoast.com\/product\/yoast-seo-wordpress\/ -->\n<title>Minist\u00e9rio da Cidadania prorroga suspens\u00e3o de revis\u00f5es do Programa Bolsa Fam\u00edlia - Aconteceu no Vale<\/title>\n<meta name=\"robots\" content=\"index, follow, max-snippet:-1, max-image-preview:large, max-video-preview:-1\" \/>\n<link rel=\"canonical\" href=\"https:\/\/aconteceunovale.com.br\/portal\/?p=172499\" \/>\n<meta property=\"og:locale\" content=\"pt_BR\" \/>\n<meta property=\"og:type\" content=\"article\" \/>\n<meta property=\"og:title\" content=\"Minist\u00e9rio da Cidadania prorroga suspens\u00e3o de revis\u00f5es do Programa Bolsa Fam\u00edlia - Aconteceu no Vale\" \/>\n<meta property=\"og:description\" content=\"O Minist\u00e9rio da Cidadania prorrogou por mais 90 dias a suspens\u00e3o de revis\u00f5es cadastrais e de procedimentos operacionais do Programa Bolsa Fam\u00edlia e do Cadastro \u00danico para programas sociais do governo federal. A portaria foi publicada\u00a0hoje\u00a0(18\/1\/2021) no\u00a0Di\u00e1rio Oficial da Uni\u00e3o. De acordo com o texto, a medida visa a \u201cevitar aglomera\u00e7\u00f5es e exposi\u00e7\u00e3o \u00e0 infec\u00e7\u00e3o [&hellip;]\" \/>\n<meta property=\"og:url\" content=\"https:\/\/aconteceunovale.com.br\/portal\/?p=172499\" \/>\n<meta property=\"og:site_name\" content=\"Aconteceu no Vale\" \/>\n<meta property=\"article:publisher\" content=\"https:\/\/www.facebook.com\/aconteceunovale\/\" \/>\n<meta property=\"article:published_time\" content=\"2021-01-18T18:09:37+00:00\" \/>\n<meta property=\"article:modified_time\" content=\"2021-01-18T18:10:22+00:00\" \/>\n<meta property=\"og:image\" content=\"https:\/\/aconteceunovale.com.br\/portal\/wp-content\/uploads\/2021\/01\/bolsa_familia_1.jpeg\" \/>\n\t<meta property=\"og:image:width\" content=\"678\" \/>\n\t<meta property=\"og:image:height\" content=\"383\" \/>\n\t<meta property=\"og:image:type\" content=\"image\/jpeg\" \/>\n<meta name=\"author\" content=\"Reda\u00e7\u00e3o Aconteceu no Vale\" \/>\n<meta name=\"twitter:card\" content=\"summary_large_image\" \/>\n<meta name=\"twitter:creator\" content=\"@noticiadosvales\" \/>\n<meta name=\"twitter:site\" content=\"@noticiadosvales\" \/>\n<meta name=\"twitter:label1\" content=\"Escrito por\" \/>\n\t<meta name=\"twitter:data1\" content=\"Reda\u00e7\u00e3o Aconteceu no Vale\" \/>\n\t<meta name=\"twitter:label2\" content=\"Est. tempo de leitura\" \/>\n\t<meta name=\"twitter:data2\" content=\"2 minutos\" \/>\n<script type=\"application\/ld+json\" class=\"yoast-schema-graph\">{\"@context\":\"https:\\\/\\\/schema.org\",\"@graph\":[{\"@type\":\"Article\",\"@id\":\"https:\\\/\\\/aconteceunovale.com.br\\\/portal\\\/?p=172499#article\",\"isPartOf\":{\"@id\":\"https:\\\/\\\/aconteceunovale.com.br\\\/portal\\\/?p=172499\"},\"author\":{\"name\":\"Reda\u00e7\u00e3o Aconteceu no Vale\",\"@id\":\"https:\\\/\\\/aconteceunovale.com.br\\\/portal\\\/#\\\/schema\\\/person\\\/7d2f26d1483f8a63de73da1ee0754d35\"},\"headline\":\"Minist\u00e9rio da Cidadania prorroga suspens\u00e3o de revis\u00f5es do Programa Bolsa Fam\u00edlia\",\"datePublished\":\"2021-01-18T18:09:37+00:00\",\"dateModified\":\"2021-01-18T18:10:22+00:00\",\"mainEntityOfPage\":{\"@id\":\"https:\\\/\\\/aconteceunovale.com.br\\\/portal\\\/?p=172499\"},\"wordCount\":330,\"commentCount\":0,\"image\":{\"@id\":\"https:\\\/\\\/aconteceunovale.com.br\\\/portal\\\/?p=172499#primaryimage\"},\"thumbnailUrl\":\"https:\\\/\\\/aconteceunovale.com.br\\\/portal\\\/wp-content\\\/uploads\\\/2021\\\/01\\\/bolsa_familia_1.jpeg\",\"keywords\":[\"Cadastro \u00danico\",\"Governo Federal\",\"Minist\u00e9rio da Cidadania\",\"Minist\u00e9rio da Cidadania prorroga suspens\u00e3o de revis\u00f5es do Programa Bolsa Fam\u00edlia\",\"Programa Bolsa Fam\u00edlia\",\"Revis\u00e3o do Programa Bolsa Fam\u00edlia\"],\"articleSection\":[\"Brasil\"],\"inLanguage\":\"pt-BR\",\"potentialAction\":[{\"@type\":\"CommentAction\",\"name\":\"Comment\",\"target\":[\"https:\\\/\\\/aconteceunovale.com.br\\\/portal\\\/?p=172499#respond\"]}]},{\"@type\":\"WebPage\",\"@id\":\"https:\\\/\\\/aconteceunovale.com.br\\\/portal\\\/?p=172499\",\"url\":\"https:\\\/\\\/aconteceunovale.com.br\\\/portal\\\/?p=172499\",\"name\":\"Minist\u00e9rio da Cidadania prorroga suspens\u00e3o de revis\u00f5es do Programa Bolsa Fam\u00edlia - Aconteceu no Vale\",\"isPartOf\":{\"@id\":\"https:\\\/\\\/aconteceunovale.com.br\\\/portal\\\/#website\"},\"primaryImageOfPage\":{\"@id\":\"https:\\\/\\\/aconteceunovale.com.br\\\/portal\\\/?p=172499#primaryimage\"},\"image\":{\"@id\":\"https:\\\/\\\/aconteceunovale.com.br\\\/portal\\\/?p=172499#primaryimage\"},\"thumbnailUrl\":\"https:\\\/\\\/aconteceunovale.com.br\\\/portal\\\/wp-content\\\/uploads\\\/2021\\\/01\\\/bolsa_familia_1.jpeg\",\"datePublished\":\"2021-01-18T18:09:37+00:00\",\"dateModified\":\"2021-01-18T18:10:22+00:00\",\"author\":{\"@id\":\"https:\\\/\\\/aconteceunovale.com.br\\\/portal\\\/#\\\/schema\\\/person\\\/7d2f26d1483f8a63de73da1ee0754d35\"},\"breadcrumb\":{\"@id\":\"https:\\\/\\\/aconteceunovale.com.br\\\/portal\\\/?p=172499#breadcrumb\"},\"inLanguage\":\"pt-BR\",\"potentialAction\":[{\"@type\":\"ReadAction\",\"target\":[\"https:\\\/\\\/aconteceunovale.com.br\\\/portal\\\/?p=172499\"]}]},{\"@type\":\"ImageObject\",\"inLanguage\":\"pt-BR\",\"@id\":\"https:\\\/\\\/aconteceunovale.com.br\\\/portal\\\/?p=172499#primaryimage\",\"url\":\"https:\\\/\\\/aconteceunovale.com.br\\\/portal\\\/wp-content\\\/uploads\\\/2021\\\/01\\\/bolsa_familia_1.jpeg\",\"contentUrl\":\"https:\\\/\\\/aconteceunovale.com.br\\\/portal\\\/wp-content\\\/uploads\\\/2021\\\/01\\\/bolsa_familia_1.jpeg\",\"width\":678,\"height\":383},{\"@type\":\"BreadcrumbList\",\"@id\":\"https:\\\/\\\/aconteceunovale.com.br\\\/portal\\\/?p=172499#breadcrumb\",\"itemListElement\":[{\"@type\":\"ListItem\",\"position\":1,\"name\":\"In\u00edcio\",\"item\":\"https:\\\/\\\/aconteceunovale.com.br\\\/portal\\\/\"},{\"@type\":\"ListItem\",\"position\":2,\"name\":\"Minist\u00e9rio da Cidadania prorroga suspens\u00e3o de revis\u00f5es do Programa Bolsa Fam\u00edlia\"}]},{\"@type\":\"WebSite\",\"@id\":\"https:\\\/\\\/aconteceunovale.com.br\\\/portal\\\/#website\",\"url\":\"https:\\\/\\\/aconteceunovale.com.br\\\/portal\\\/\",\"name\":\"Aconteceu no Vale\",\"description\":\"Portal de Not\u00edcias\",\"potentialAction\":[{\"@type\":\"SearchAction\",\"target\":{\"@type\":\"EntryPoint\",\"urlTemplate\":\"https:\\\/\\\/aconteceunovale.com.br\\\/portal\\\/?s={search_term_string}\"},\"query-input\":{\"@type\":\"PropertyValueSpecification\",\"valueRequired\":true,\"valueName\":\"search_term_string\"}}],\"inLanguage\":\"pt-BR\"},{\"@type\":\"Person\",\"@id\":\"https:\\\/\\\/aconteceunovale.com.br\\\/portal\\\/#\\\/schema\\\/person\\\/7d2f26d1483f8a63de73da1ee0754d35\",\"name\":\"Reda\u00e7\u00e3o Aconteceu no Vale\",\"description\":\"Equipe de reportagem do Aconteceu no Vale, portal de not\u00edcias do Vale do Jequitinhonha, em Minas Gerais. Cobrimos as 51 cidades do Vale desde 2013. Sugest\u00f5es de pauta e pedidos de corre\u00e7\u00e3o: contato@aconteceunovale.com.br\",\"url\":\"https:\\\/\\\/aconteceunovale.com.br\\\/portal\\\/?author=4\"}]}<\/script>\n<!-- \/ Yoast SEO plugin. -->","yoast_head_json":{"title":"Minist\u00e9rio da Cidadania prorroga suspens\u00e3o de revis\u00f5es do Programa Bolsa Fam\u00edlia - Aconteceu no Vale","robots":{"index":"index","follow":"follow","max-snippet":"max-snippet:-1","max-image-preview":"max-image-preview:large","max-video-preview":"max-video-preview:-1"},"canonical":"https:\/\/aconteceunovale.com.br\/portal\/?p=172499","og_locale":"pt_BR","og_type":"article","og_title":"Minist\u00e9rio da Cidadania prorroga suspens\u00e3o de revis\u00f5es do Programa Bolsa Fam\u00edlia - Aconteceu no Vale","og_description":"O Minist\u00e9rio da Cidadania prorrogou por mais 90 dias a suspens\u00e3o de revis\u00f5es cadastrais e de procedimentos operacionais do Programa Bolsa Fam\u00edlia e do Cadastro \u00danico para programas sociais do governo federal. A portaria foi publicada\u00a0hoje\u00a0(18\/1\/2021) no\u00a0Di\u00e1rio Oficial da Uni\u00e3o. De acordo com o texto, a medida visa a \u201cevitar aglomera\u00e7\u00f5es e exposi\u00e7\u00e3o \u00e0 infec\u00e7\u00e3o [&hellip;]","og_url":"https:\/\/aconteceunovale.com.br\/portal\/?p=172499","og_site_name":"Aconteceu no Vale","article_publisher":"https:\/\/www.facebook.com\/aconteceunovale\/","article_published_time":"2021-01-18T18:09:37+00:00","article_modified_time":"2021-01-18T18:10:22+00:00","og_image":[{"width":678,"height":383,"url":"https:\/\/aconteceunovale.com.br\/portal\/wp-content\/uploads\/2021\/01\/bolsa_familia_1.jpeg","type":"image\/jpeg"}],"author":"Reda\u00e7\u00e3o Aconteceu no Vale","twitter_card":"summary_large_image","twitter_creator":"@noticiadosvales","twitter_site":"@noticiadosvales","twitter_misc":{"Escrito por":"Reda\u00e7\u00e3o Aconteceu no Vale","Est. tempo de leitura":"2 minutos"},"schema":{"@context":"https:\/\/schema.org","@graph":[{"@type":"Article","@id":"https:\/\/aconteceunovale.com.br\/portal\/?p=172499#article","isPartOf":{"@id":"https:\/\/aconteceunovale.com.br\/portal\/?p=172499"},"author":{"name":"Reda\u00e7\u00e3o Aconteceu no Vale","@id":"https:\/\/aconteceunovale.com.br\/portal\/#\/schema\/person\/7d2f26d1483f8a63de73da1ee0754d35"},"headline":"Minist\u00e9rio da Cidadania prorroga suspens\u00e3o de revis\u00f5es do Programa Bolsa Fam\u00edlia","datePublished":"2021-01-18T18:09:37+00:00","dateModified":"2021-01-18T18:10:22+00:00","mainEntityOfPage":{"@id":"https:\/\/aconteceunovale.com.br\/portal\/?p=172499"},"wordCount":330,"commentCount":0,"image":{"@id":"https:\/\/aconteceunovale.com.br\/portal\/?p=172499#primaryimage"},"thumbnailUrl":"https:\/\/aconteceunovale.com.br\/portal\/wp-content\/uploads\/2021\/01\/bolsa_familia_1.jpeg","keywords":["Cadastro \u00danico","Governo Federal","Minist\u00e9rio da Cidadania","Minist\u00e9rio da Cidadania prorroga suspens\u00e3o de revis\u00f5es do Programa Bolsa Fam\u00edlia","Programa Bolsa Fam\u00edlia","Revis\u00e3o do Programa Bolsa Fam\u00edlia"],"articleSection":["Brasil"],"inLanguage":"pt-BR","potentialAction":[{"@type":"CommentAction","name":"Comment","target":["https:\/\/aconteceunovale.com.br\/portal\/?p=172499#respond"]}]},{"@type":"WebPage","@id":"https:\/\/aconteceunovale.com.br\/portal\/?p=172499","url":"https:\/\/aconteceunovale.com.br\/portal\/?p=172499","name":"Minist\u00e9rio da Cidadania prorroga suspens\u00e3o de revis\u00f5es do Programa Bolsa Fam\u00edlia - Aconteceu no Vale","isPartOf":{"@id":"https:\/\/aconteceunovale.com.br\/portal\/#website"},"primaryImageOfPage":{"@id":"https:\/\/aconteceunovale.com.br\/portal\/?p=172499#primaryimage"},"image":{"@id":"https:\/\/aconteceunovale.com.br\/portal\/?p=172499#primaryimage"},"thumbnailUrl":"https:\/\/aconteceunovale.com.br\/portal\/wp-content\/uploads\/2021\/01\/bolsa_familia_1.jpeg","datePublished":"2021-01-18T18:09:37+00:00","dateModified":"2021-01-18T18:10:22+00:00","author":{"@id":"https:\/\/aconteceunovale.com.br\/portal\/#\/schema\/person\/7d2f26d1483f8a63de73da1ee0754d35"},"breadcrumb":{"@id":"https:\/\/aconteceunovale.com.br\/portal\/?p=172499#breadcrumb"},"inLanguage":"pt-BR","potentialAction":[{"@type":"ReadAction","target":["https:\/\/aconteceunovale.com.br\/portal\/?p=172499"]}]},{"@type":"ImageObject","inLanguage":"pt-BR","@id":"https:\/\/aconteceunovale.com.br\/portal\/?p=172499#primaryimage","url":"https:\/\/aconteceunovale.com.br\/portal\/wp-content\/uploads\/2021\/01\/bolsa_familia_1.jpeg","contentUrl":"https:\/\/aconteceunovale.com.br\/portal\/wp-content\/uploads\/2021\/01\/bolsa_familia_1.jpeg","width":678,"height":383},{"@type":"BreadcrumbList","@id":"https:\/\/aconteceunovale.com.br\/portal\/?p=172499#breadcrumb","itemListElement":[{"@type":"ListItem","position":1,"name":"In\u00edcio","item":"https:\/\/aconteceunovale.com.br\/portal\/"},{"@type":"ListItem","position":2,"name":"Minist\u00e9rio da Cidadania prorroga suspens\u00e3o de revis\u00f5es do Programa Bolsa Fam\u00edlia"}]},{"@type":"WebSite","@id":"https:\/\/aconteceunovale.com.br\/portal\/#website","url":"https:\/\/aconteceunovale.com.br\/portal\/","name":"Aconteceu no Vale","description":"Portal de Not\u00edcias","potentialAction":[{"@type":"SearchAction","target":{"@type":"EntryPoint","urlTemplate":"https:\/\/aconteceunovale.com.br\/portal\/?s={search_term_string}"},"query-input":{"@type":"PropertyValueSpecification","valueRequired":true,"valueName":"search_term_string"}}],"inLanguage":"pt-BR"},{"@type":"Person","@id":"https:\/\/aconteceunovale.com.br\/portal\/#\/schema\/person\/7d2f26d1483f8a63de73da1ee0754d35","name":"Reda\u00e7\u00e3o Aconteceu no Vale","description":"Equipe de reportagem do Aconteceu no Vale, portal de not\u00edcias do Vale do Jequitinhonha, em Minas Gerais. Cobrimos as 51 cidades do Vale desde 2013. Sugest\u00f5es de pauta e pedidos de corre\u00e7\u00e3o: contato@aconteceunovale.com.br","url":"https:\/\/aconteceunovale.com.br\/portal\/?author=4"}]}},"_links":{"self":[{"href":"https:\/\/aconteceunovale.com.br\/portal\/index.php?rest_route=\/wp\/v2\/posts\/172499","targetHints":{"allow":["GET"]}}],"collection":[{"href":"https:\/\/aconteceunovale.com.br\/portal\/index.php?rest_route=\/wp\/v2\/posts"}],"about":[{"href":"https:\/\/aconteceunovale.com.br\/portal\/index.php?rest_route=\/wp\/v2\/types\/post"}],"author":[{"embeddable":true,"href":"https:\/\/aconteceunovale.com.br\/portal\/index.php?rest_route=\/wp\/v2\/users\/4"}],"replies":[{"embeddable":true,"href":"https:\/\/aconteceunovale.com.br\/portal\/index.php?rest_route=%2Fwp%2Fv2%2Fcomments&post=172499"}],"version-history":[{"count":1,"href":"https:\/\/aconteceunovale.com.br\/portal\/index.php?rest_route=\/wp\/v2\/posts\/172499\/revisions"}],"predecessor-version":[{"id":172500,"href":"https:\/\/aconteceunovale.com.br\/portal\/index.php?rest_route=\/wp\/v2\/posts\/172499\/revisions\/172500"}],"wp:featuredmedia":[{"embeddable":true,"href":"https:\/\/aconteceunovale.com.br\/portal\/index.php?rest_route=\/wp\/v2\/media\/172042"}],"wp:attachment":[{"href":"https:\/\/aconteceunovale.com.br\/portal\/index.php?rest_route=%2Fwp%2Fv2%2Fmedia&parent=172499"}],"wp:term":[{"taxonomy":"category","embeddable":true,"href":"https:\/\/aconteceunovale.com.br\/portal\/index.php?rest_route=%2Fwp%2Fv2%2Fcategories&post=172499"},{"taxonomy":"post_tag","embeddable":true,"href":"https:\/\/aconteceunovale.com.br\/portal\/index.php?rest_route=%2Fwp%2Fv2%2Ftags&post=172499"}],"curies":[{"name":"wp","href":"https:\/\/api.w.org\/{rel}","templated":true}]}}