{"id":17249,"date":"2013-12-30T22:10:42","date_gmt":"2013-12-31T00:10:42","guid":{"rendered":"http:\/\/aconteceunovale.com.br\/portal\/?p=17249"},"modified":"2013-12-30T22:43:55","modified_gmt":"2013-12-31T00:43:55","slug":"ex-prefeito-de-pirapora-e-indiciado-por-usar-recursos-do-consorcio-municipal-de-saude-em-campanha-eleitoral","status":"publish","type":"post","link":"https:\/\/aconteceunovale.com.br\/portal\/?p=17249","title":{"rendered":"Ex-prefeito de Pirapora \u00e9 indiciado por usar recursos do Cons\u00f3rcio Municipal de Sa\u00fade em campanha eleitoral"},"content":{"rendered":"<p><em>Por Douglas Rodrigues &#8211; Portal Aconteceu no Vale<\/em><\/p>\n<p><em><strong>Nos \u00faltimos 16 anos, o pol\u00edtico administrou por 8 anos a cidade de Lagoas dos Patos e, pelo mesmo per\u00edodo, a de Pirapora.<\/strong><\/em><\/p>\n<p>O Minist\u00e9rio P\u00fablico Federal e o Minist\u00e9rio P\u00fablico Estadual ajuizaram a\u00e7\u00e3o civil p\u00fablica por improbidade administrativa contra o ex-prefeito Warmillon Braga, que se encontra preso na Penitenci\u00e1ria de Seguran\u00e7a M\u00e1xima N\u00e9lson Hungria, por for\u00e7a de 4 pris\u00f5es preventivas, decretadas pela MM. Ju\u00edzas de Direito da Comarca de Pirapora.<\/p>\n<p><img decoding=\"async\" src=\"http:\/\/aconteceunovale.com.br\/portal\/wp-content\/uploads\/2013\/12\/2ex_prefeito_pirapora_2.jpg\" alt=\"\" \/><\/p>\n<p>No bi\u00eanio 2011\/2012, durante a gest\u00e3o do Cons\u00f3rcio Intermunicipal de Sa\u00fade da Rede de Urg\u00eancia do Norte de Minas \u2013 CISRUN, por Warmillon Braga, foi celebrado contrato de presta\u00e7\u00e3o de servi\u00e7os de publicidade com a empresa Mayor Comunica\u00e7\u00e3o e Marketing Ltda, em 31\/10\/2011, ap\u00f3s realizar o processo licitat\u00f3rio n\u00ba 026\/2011, no valor de R$ 220.000,00 (duzentos e vinte mil reais).<\/p>\n<p>As propagandas foram transmitidas pela Rede INTERTV Grande Minas (afiliada da Rede Globo de Televis\u00e3o), TV Rio (afiliada da Rede Minas em Pirapora), TV Alterosa (afiliada do SBT) e pelo Canal 20. As mat\u00e9rias foram divulgadas nos jornais impressos A Semana (Pirapora), Gazeta Norte Mineira (Montes Claros e regi\u00e3o), Hoje em Dia (estadual), Jornal Cariris (Buritizeiro, Lagoa dos Patos e Pirapora), Jornal de Not\u00edcias (Montes Claros e regi\u00e3o), Jornal do Com\u00e9rcio (Pirapora), O Guardi\u00e3o (V\u00e1rzea da Palma), O Norte (Montes Claros e regi\u00e3o) e Tribuna do Povo (V\u00e1rzea da Palma) que serviram para promo\u00e7\u00e3o pessoal do ex-prefeito Warmillon, afrontando o princ\u00edpio da impessoalidade e o art. 37, \u00a7 1\u00ba, da Constitui\u00e7\u00e3o, praticando improbidade administrativa prevista no art. 9\u00ba, XII, da Lei n\u00ba 8.429\/1992.<\/p>\n<p><img decoding=\"async\" src=\"http:\/\/aconteceunovale.com.br\/portal\/wp-content\/uploads\/2013\/12\/ex_prefeito_pirapora.jpg\" alt=\"\" \/><\/p>\n<p>O Supremo Tribunal Federal j\u00e1 confirmou a exist\u00eancia da pr\u00e1tica da infra\u00e7\u00e3o penal prevista no art. 1\u00ba, II, do Decreto-Lei 201\/67 (utilizar-se, indevidamente, em proveito pr\u00f3prio ou alheio, de bens, rendas ou servi\u00e7os p\u00fablicos).<\/p>\n<p>O Minist\u00e9rio P\u00fablico Federal e o Minist\u00e9rio P\u00fablico Estadual requereram que Warmillon restitua ao CISRUN a quantia de R$ 83.499,88 (oitenta e tr\u00eas mil quatrocentos e noventa e nove reais e oitenta e oito centavos) que foi despendida, com recursos do CISRUN, para a cria\u00e7\u00e3o e veicula\u00e7\u00e3o de publicidade com o prop\u00f3sito de promo\u00e7\u00e3o pessoal de Warmillon, al\u00e9m das san\u00e7\u00f5es previstas no art. 12, I, da Lei n\u00ba 8.429\/1992:<\/p>\n<p>\u201cArt. 12. Independentemente das san\u00e7\u00f5es penais, civis e administrativas previstas na legisla\u00e7\u00e3o espec\u00edfica, est\u00e1 o respons\u00e1vel pelo ato de improbidade sujeito \u00e0s seguintes comina\u00e7\u00f5es, que podem ser aplicadas isolada ou cumulativamente, de acordo com a gravidade do fato: I &#8211; na hip\u00f3tese do art. 9\u00b0, perda dos bens ou valores acrescidos ilicitamente ao patrim\u00f4nio, ressarcimento integral do dano, quando houver, perda da fun\u00e7\u00e3o p\u00fablica, suspens\u00e3o dos direitos pol\u00edticos de oito a dez anos, pagamento de multa civil de at\u00e9 tr\u00eas vezes o valor do acr\u00e9scimo patrimonial e proibi\u00e7\u00e3o de contratar com o Poder P\u00fablico ou receber benef\u00edcios ou incentivos fiscais ou credit\u00edcios, direta ou indiretamente, ainda que por interm\u00e9dio de pessoa jur\u00eddica da qual seja s\u00f3cio majorit\u00e1rio, pelo prazo de dez anos\u201d.<\/p>\n<p><em>Imagens: Myriam Figueiredo\/Pedro Rodriguez<\/em><\/p>\n","protected":false},"excerpt":{"rendered":"<p>Por Douglas Rodrigues &#8211; Portal Aconteceu no Vale Nos \u00faltimos 16 anos, o pol\u00edtico administrou por 8 anos a cidade de Lagoas dos Patos e, pelo mesmo per\u00edodo, a de Pirapora. O Minist\u00e9rio P\u00fablico Federal e o Minist\u00e9rio P\u00fablico Estadual ajuizaram a\u00e7\u00e3o civil p\u00fablica por improbidade administrativa contra o ex-prefeito Warmillon Braga, que se encontra [&hellip;]<\/p>\n","protected":false},"author":1,"featured_media":0,"comment_status":"open","ping_status":"closed","sticky":false,"template":"","format":"standard","meta":{"amp_status":"","footnotes":""},"categories":[1236],"tags":[2287,2289,1698,254,2291,2290,2288],"class_list":["post-17249","post","type-post","status-publish","format-standard","hentry","category-norte_de_minas","tag-ex-prefeito-de-pirapora-e-indiciado-por-usar-recursos-do-consorcio-municipal-de-saude-em-campanha-eleitoral","tag-intertv-grande-minas","tag-lagoa-dos-patos","tag-pirapora","tag-tv-alterosa","tag-tv-rio","tag-warmillon-braga"],"_links":{"self":[{"href":"https:\/\/aconteceunovale.com.br\/portal\/index.php?rest_route=\/wp\/v2\/posts\/17249","targetHints":{"allow":["GET"]}}],"collection":[{"href":"https:\/\/aconteceunovale.com.br\/portal\/index.php?rest_route=\/wp\/v2\/posts"}],"about":[{"href":"https:\/\/aconteceunovale.com.br\/portal\/index.php?rest_route=\/wp\/v2\/types\/post"}],"author":[{"embeddable":true,"href":"https:\/\/aconteceunovale.com.br\/portal\/index.php?rest_route=\/wp\/v2\/users\/1"}],"replies":[{"embeddable":true,"href":"https:\/\/aconteceunovale.com.br\/portal\/index.php?rest_route=%2Fwp%2Fv2%2Fcomments&post=17249"}],"version-history":[{"count":0,"href":"https:\/\/aconteceunovale.com.br\/portal\/index.php?rest_route=\/wp\/v2\/posts\/17249\/revisions"}],"wp:attachment":[{"href":"https:\/\/aconteceunovale.com.br\/portal\/index.php?rest_route=%2Fwp%2Fv2%2Fmedia&parent=17249"}],"wp:term":[{"taxonomy":"category","embeddable":true,"href":"https:\/\/aconteceunovale.com.br\/portal\/index.php?rest_route=%2Fwp%2Fv2%2Fcategories&post=17249"},{"taxonomy":"post_tag","embeddable":true,"href":"https:\/\/aconteceunovale.com.br\/portal\/index.php?rest_route=%2Fwp%2Fv2%2Ftags&post=17249"}],"curies":[{"name":"wp","href":"https:\/\/api.w.org\/{rel}","templated":true}]}}