{"id":172403,"date":"2021-01-17T17:46:06","date_gmt":"2021-01-17T20:46:06","guid":{"rendered":"https:\/\/aconteceunovale.com.br\/portal\/?p=172403"},"modified":"2021-01-17T18:13:27","modified_gmt":"2021-01-17T21:13:27","slug":"filha-do-vale-do-jequitinhonha-ganha-destaque-na-autorizacao-emergencial-de-vacinas-contra-a-covid-19","status":"publish","type":"post","link":"https:\/\/aconteceunovale.com.br\/portal\/?p=172403","title":{"rendered":"Filha do Vale do Jequitinhonha ganha destaque na autoriza\u00e7\u00e3o emergencial de vacinas contra a Covid-19"},"content":{"rendered":"\n<p class=\"wp-block-paragraph\">A Ag\u00eancia Nacional de Vigil\u00e2ncia Sanit\u00e1ria (Anvisa) autorizou neste domingo (17\/1\/2021), por unanimidade, o uso emergencial das vacinas Coronavac (do Instituto Butantan) e da Universidade de Oxford contra a Covid-19. A reuni\u00e3o, que discutiu o tema, durou cerca de 5 horas e um dos personagens destaques foi a mineira Meiruze Freitas. Ela \u00e9 filha do Vale do Jequitinhonha, da cidade de Jord\u00e2nia, e relatou os dois pedidos.<\/p>\n\n\n\n<figure class=\"wp-block-gallery columns-1 is-cropped wp-block-gallery-1 is-layout-flex wp-block-gallery-is-layout-flex\"><ul class=\"blocks-gallery-grid\"><li class=\"blocks-gallery-item\"><figure><img loading=\"lazy\" decoding=\"async\" width=\"678\" height=\"424\" src=\"https:\/\/aconteceunovale.com.br\/portal\/wp-content\/uploads\/2021\/01\/meiruze_freitas.png\" alt=\"\" data-id=\"172404\" data-full-url=\"https:\/\/aconteceunovale.com.br\/portal\/wp-content\/uploads\/2021\/01\/meiruze_freitas.png\" data-link=\"https:\/\/aconteceunovale.com.br\/portal\/?attachment_id=172404\" class=\"wp-image-172404\" srcset=\"https:\/\/aconteceunovale.com.br\/portal\/wp-content\/uploads\/2021\/01\/meiruze_freitas.png 678w, https:\/\/aconteceunovale.com.br\/portal\/wp-content\/uploads\/2021\/01\/meiruze_freitas-300x188.png 300w, https:\/\/aconteceunovale.com.br\/portal\/wp-content\/uploads\/2021\/01\/meiruze_freitas-672x420.png 672w\" sizes=\"auto, (max-width: 678px) 100vw, 678px\" \/><figcaption class=\"blocks-gallery-item__caption\"><em>Meiruze Freitas (Foto: Reprodu\u00e7\u00e3o)<\/em><\/figcaption><\/figure><\/li><\/ul><\/figure>\n\n\n\n<p class=\"wp-block-paragraph\"><em>\u201c\u00c9 com bastante orgulho e satisfa\u00e7\u00e3o que assisti hoje uma filha do Vale do Jequitinhonha, Meiruze Freitas, natural da cidade de Jord\u00e2nia, relatar um processo de tamanha magnitude\u201d<\/em>, comemorou o prefeito de Almenara, Ademir Gobira.<\/p>\n\n\n\n<p class=\"wp-block-paragraph\">Meiruze Freitas saiu de Jord\u00e2nia, no baixo Vale do Jequitinhonha, e se formou em Farm\u00e1cia pela Universidade Federal de Minas Gerais (MG). A mineira \u00e9 servidora de carreira da Anvisa e, atualmente, exerce o cargo de diretora da ag\u00eancia. <em>\u201cEla \u00e9 irm\u00e3 e afilhada da nossa querida amiga professora Anal\u00fasia Santos Freitas, mais conhecida como Lusa. Importante ressaltar que a m\u00e3e de Meiruze reside hoje aqui em Almenara, bem como a sua irm\u00e3\u201d<\/em>, completou o prefeito.<\/p>\n\n\n\n<h2 class=\"wp-block-heading\"><strong>Veja a reuni\u00e3o completa<\/strong><\/h2>\n\n\n\n<figure class=\"wp-block-embed is-type-rich is-provider-incorporar-manipulador wp-block-embed-incorporar-manipulador wp-embed-aspect-16-9 wp-has-aspect-ratio\"><div class=\"wp-block-embed__wrapper\">\n<iframe loading=\"lazy\" title=\"#AoVivo: Reuni\u00e3o Extraordin\u00e1ria da Diretoria da Anvisa\" width=\"696\" height=\"392\" src=\"https:\/\/www.youtube.com\/embed\/VUwd47iX6AA?feature=oembed\" frameborder=\"0\" allow=\"accelerometer; autoplay; clipboard-write; encrypted-media; gyroscope; picture-in-picture\" allowfullscreen><\/iframe>\n<\/div><\/figure>\n\n\n\n<p class=\"has-white-color has-black-background-color has-text-color has-background wp-block-paragraph\">Quer saber as not\u00edcias do <strong>Aconteceu no Vale<\/strong> em primeira m\u00e3o? Siga-nos no Facebook <a rel=\"noreferrer noopener\" href=\"http:\/\/facebook.com\/aconteceunovale\" target=\"_blank\">@aconteceunovale<\/a>, Twitter <a rel=\"noreferrer noopener\" href=\"https:\/\/twitter.com\/noticiadosvales\" target=\"_blank\">@noticiadosvales<\/a> e Instagram <a rel=\"noreferrer noopener\" href=\"https:\/\/www.instagram.com\/aconteceunovale\" target=\"_blank\">@aconteceunovale<\/a>.<\/p>\n","protected":false},"excerpt":{"rendered":"<p>A Ag\u00eancia Nacional de Vigil\u00e2ncia Sanit\u00e1ria (Anvisa) autorizou neste domingo (17\/1\/2021), por unanimidade, o uso emergencial das vacinas Coronavac (do Instituto Butantan) e da Universidade de Oxford contra a Covid-19. A reuni\u00e3o, que discutiu o tema, durou cerca de 5 horas e um dos personagens destaques foi a mineira Meiruze Freitas. Ela \u00e9 filha do [&hellip;]<\/p>\n","protected":false},"author":4,"featured_media":172404,"comment_status":"open","ping_status":"closed","sticky":false,"template":"","format":"standard","meta":{"amp_status":"","footnotes":""},"categories":[40242,120],"tags":[2278,233064,233613,224214,224638,234924,234926,234925,234927,230835,232261,233065,233066,224211,214884,216498,233511,233181,1018,224636,230836,230837,230833,234275,234277,234276,234935,234934,234940,234946,81258,82401,105724,224479,232264,43376,234943,124586,224213,224635,234945,19326,224483,234936,215653,140166,219687,224485,218365,219103,224484,224482,224481,39755,230827,230834,234941,234938,234939,234937,234944,223374,232262,232263,224480,233612,224637,225780,224212,224215,78002,80737,234942,21730,224210,219775,230832,219773,230830,233614,230828,234274,234273,230831,230829,231097,47710,160110],"class_list":["post-172403","post","type-post","status-publish","format-standard","has-post-thumbnail","hentry","category-saude-2","category-jequi","tag-anvisa","tag-anvisa-certifica-farmaceutica-que-desenvolveu-a-coronavac","tag-aprovacao-de-vacina-da-astrazeneca","tag-astrazeneca","tag-astrazeneca-brazil","tag-autorizacao-da-coronavac","tag-autorizacao-da-vacina-de-oxford","tag-autorizacao-da-vacina-do-butantan","tag-autorizacao-de-vacina-contra-a-covid-19","tag-biontech-se","tag-butantan-inicia-producao-da-coronavac","tag-certificacao-da-coronavac","tag-certificacao-da-fabrica-da-coronavac","tag-chadox1-ncov-19","tag-coronavirus","tag-covid-19","tag-covid-19-anvisa-certifica-pfizer","tag-covid-19-imunizante-da-astrazeneca-recebe-certificacao-da-anvisa","tag-destaque","tag-diretora-do-grupo-astrazeneca","tag-eficacia","tag-eficacia-da-coronavac","tag-eficacia-da-vacina-da-pfizer","tag-eficacia-da-vacina-do-instituto-butantan","tag-eficiencia-da-coronavac","tag-eficiencia-da-vacina-do-instituto-butantan","tag-enfermeira-monica-calazans","tag-enfermeira-monica-calazans-e-a-primeira-pessoa-vacinada-contra-a-covid-19-no-brasil","tag-enfermeira-vacinada-em-sao-paulo","tag-filha-do-vale-do-jequitinhonha-ganha-destaque-na-autorizacao-emergencial-de-vacinas-contra-a-covid-19","tag-fundacao-lemann","tag-governador-de-sao-paulo","tag-governo-brasileiro","tag-governo-brasileiro-anuncia-parceria-para-producao-de-vacina-contra-covid-19","tag-imunizacao-contra-o-coronavirus","tag-instituto-butantan","tag-jessica-pires-de-camargo","tag-joao-doria","tag-jorge-paulo-lemann","tag-maria-augusta-bernardini","tag-meiruze-freitas","tag-ministerio-da-saude","tag-ministerio-da-saude-brasileiro-anuncia-parceria-para-producao-de-vacina-contra-covid-19","tag-monica-calazans","tag-novo-coronavirus","tag-pandemia","tag-pandemia-da-covid-19","tag-pandemia-da-covid-19-no-brasil","tag-pandemia-do-coronavirus","tag-pandemia-do-coronavirus-no-brasil","tag-pandemia-no-brasil","tag-parceria-para-producao-de-vacina-contra-covid-19","tag-parceria-para-vacina-contra-covid-19","tag-pfizer","tag-pfizer-conclui-testes-de-vacina-para-covid-19","tag-pfizer-inc","tag-primeira-pessoa-imunizada-contra-covid-19-no-brasil","tag-primeira-pessoa-vacinada-com-a-vacina-do-butantan","tag-primeira-vacinada-com-a-coronavac","tag-primeira-vacinada-contra-covid-19-no-brasil","tag-primeira-vacinadora-contra-covid-19-no-brasil","tag-producao-da-coronavac","tag-producao-da-coronavac-no-brasil","tag-producao-da-coronavac-no-instituto-butantan","tag-producao-de-vacina-contra-covid-19","tag-reino-unido-aprova-vacina-da-astrazeneca","tag-reino-unido-no-brasil","tag-sinovac","tag-teste-da-vacina-chadox1-ncov-19","tag-testes-com-vacina-contra-covid-19-comecam-em-sao-paulo","tag-unifesp","tag-universidade-de-oxford","tag-uti-do-emilio-ribas","tag-vacina","tag-vacina-chadox1-ncov-19","tag-vacina-contra-coronavirus","tag-vacina-contra-coronavirus-da-pfizer","tag-vacina-contra-covid-19","tag-vacina-contra-covid-19-da-pfizer","tag-vacina-da-astrazeneca-e-aprovada-no-reino-unido","tag-vacina-da-pfizer","tag-vacina-do-instituto-butantan","tag-vacina-do-instituto-butantan-atinge-100-de-eficacia-para-casos-moderados-e-graves","tag-vacina-para-coronavirus-da-pfizer","tag-vacina-para-covid-19-da-pfizer","tag-vacinacao-contra-o-coronavirus","tag-vacinas","tag-vijay-rangarajan"],"yoast_head":"<!-- This site is optimized with the Yoast SEO plugin v28.3 - https:\/\/yoast.com\/product\/yoast-seo-wordpress\/ -->\n<title>Filha do Vale do Jequitinhonha ganha destaque na autoriza\u00e7\u00e3o emergencial de vacinas contra a Covid-19 - Aconteceu no Vale<\/title>\n<meta name=\"robots\" content=\"index, follow, max-snippet:-1, max-image-preview:large, max-video-preview:-1\" \/>\n<link rel=\"canonical\" href=\"https:\/\/aconteceunovale.com.br\/portal\/?p=172403\" \/>\n<meta property=\"og:locale\" content=\"pt_BR\" \/>\n<meta property=\"og:type\" content=\"article\" \/>\n<meta property=\"og:title\" content=\"Filha do Vale do Jequitinhonha ganha destaque na autoriza\u00e7\u00e3o emergencial de vacinas contra a Covid-19 - Aconteceu no Vale\" \/>\n<meta property=\"og:description\" content=\"A Ag\u00eancia Nacional de Vigil\u00e2ncia Sanit\u00e1ria (Anvisa) autorizou neste domingo (17\/1\/2021), por unanimidade, o uso emergencial das vacinas Coronavac (do Instituto Butantan) e da Universidade de Oxford contra a Covid-19. A reuni\u00e3o, que discutiu o tema, durou cerca de 5 horas e um dos personagens destaques foi a mineira Meiruze Freitas. Ela \u00e9 filha do [&hellip;]\" \/>\n<meta property=\"og:url\" content=\"https:\/\/aconteceunovale.com.br\/portal\/?p=172403\" \/>\n<meta property=\"og:site_name\" content=\"Aconteceu no Vale\" \/>\n<meta property=\"article:publisher\" content=\"https:\/\/www.facebook.com\/aconteceunovale\/\" \/>\n<meta property=\"article:published_time\" content=\"2021-01-17T20:46:06+00:00\" \/>\n<meta property=\"article:modified_time\" content=\"2021-01-17T21:13:27+00:00\" \/>\n<meta property=\"og:image\" content=\"https:\/\/aconteceunovale.com.br\/portal\/wp-content\/uploads\/2021\/01\/meiruze_freitas.png\" \/>\n\t<meta property=\"og:image:width\" content=\"678\" \/>\n\t<meta property=\"og:image:height\" content=\"424\" \/>\n\t<meta property=\"og:image:type\" content=\"image\/png\" \/>\n<meta name=\"author\" content=\"Reda\u00e7\u00e3o Aconteceu no Vale\" \/>\n<meta name=\"twitter:card\" content=\"summary_large_image\" \/>\n<meta name=\"twitter:creator\" content=\"@noticiadosvales\" \/>\n<meta name=\"twitter:site\" content=\"@noticiadosvales\" \/>\n<meta name=\"twitter:label1\" content=\"Escrito por\" \/>\n\t<meta name=\"twitter:data1\" content=\"Reda\u00e7\u00e3o Aconteceu no Vale\" \/>\n\t<meta name=\"twitter:label2\" content=\"Est. tempo de leitura\" \/>\n\t<meta name=\"twitter:data2\" content=\"1 minuto\" \/>\n<script type=\"application\/ld+json\" class=\"yoast-schema-graph\">{\"@context\":\"https:\\\/\\\/schema.org\",\"@graph\":[{\"@type\":\"Article\",\"@id\":\"https:\\\/\\\/aconteceunovale.com.br\\\/portal\\\/?p=172403#article\",\"isPartOf\":{\"@id\":\"https:\\\/\\\/aconteceunovale.com.br\\\/portal\\\/?p=172403\"},\"author\":{\"name\":\"Reda\u00e7\u00e3o Aconteceu no Vale\",\"@id\":\"https:\\\/\\\/aconteceunovale.com.br\\\/portal\\\/#\\\/schema\\\/person\\\/7d2f26d1483f8a63de73da1ee0754d35\"},\"headline\":\"Filha do Vale do Jequitinhonha ganha destaque na autoriza\u00e7\u00e3o emergencial de vacinas contra a Covid-19\",\"datePublished\":\"2021-01-17T20:46:06+00:00\",\"dateModified\":\"2021-01-17T21:13:27+00:00\",\"mainEntityOfPage\":{\"@id\":\"https:\\\/\\\/aconteceunovale.com.br\\\/portal\\\/?p=172403\"},\"wordCount\":240,\"commentCount\":1,\"image\":{\"@id\":\"https:\\\/\\\/aconteceunovale.com.br\\\/portal\\\/?p=172403#primaryimage\"},\"thumbnailUrl\":\"https:\\\/\\\/aconteceunovale.com.br\\\/portal\\\/wp-content\\\/uploads\\\/2021\\\/01\\\/meiruze_freitas.png\",\"keywords\":[\"Anvisa\",\"Anvisa certifica farmac\u00eautica que desenvolveu a CoronaVac\",\"Aprova\u00e7\u00e3o de vacina da AstraZeneca\",\"AstraZeneca\",\"AstraZeneca Brazil\",\"Autoriza\u00e7\u00e3o da Coronavac\",\"Autoriza\u00e7\u00e3o da vacina de Oxford\",\"Autoriza\u00e7\u00e3o da vacina do Butantan\",\"Autoriza\u00e7\u00e3o de vacina contra a covid-19\",\"BioNTech SE\",\"Butantan inicia produ\u00e7\u00e3o da CoronaVac\",\"Certifica\u00e7\u00e3o da Coronavac\",\"Certifica\u00e7\u00e3o da f\u00e1brica da Coronavac\",\"ChAdOx1 nCoV-19\",\"Coronav\u00edrus\",\"COVID-19\",\"Covid-19: Anvisa certifica Pfizer\",\"Covid-19: imunizante da AstraZeneca recebe certifica\u00e7\u00e3o da Anvisa\",\"destaque\",\"Diretora do grupo Astrazeneca\",\"Efic\u00e1cia\",\"Efic\u00e1cia da CoronaVac\",\"Efic\u00e1cia da vacina da Pfizer\",\"Efic\u00e1cia da Vacina do Instituto Butantan\",\"Efici\u00eancia da Coronavac\",\"Efici\u00eancia da Vacina do Instituto Butantan\",\"Enfermeira M\u00f4nica Calazans\",\"Enfermeira M\u00f4nica Calazans \u00e9 a primeira pessoa vacinada contra a Covid-19 no Brasil\",\"Enfermeira vacinada em S\u00e3o Paulo\",\"Filha do Vale do Jequitinhonha ganha destaque na autoriza\u00e7\u00e3o emergencial de vacinas contra a Covid-19\",\"Funda\u00e7\u00e3o Lemann\",\"governador de S\u00e3o Paulo\",\"governo brasileiro\",\"Governo brasileiro anuncia parceria para produ\u00e7\u00e3o de vacina contra Covid-19\",\"Imuniza\u00e7\u00e3o contra o coronav\u00edrus\",\"Instituto Butantan\",\"J\u00e9ssica Pires de Camargo\",\"Jo\u00e3o D\u00f3ria\",\"Jorge Paulo Lemann\",\"Maria Augusta Bernardini\",\"Meiruze Freitas\",\"Minist\u00e9rio da Sa\u00fade\",\"Minist\u00e9rio da Sa\u00fade brasileiro anuncia parceria para produ\u00e7\u00e3o de vacina contra Covid-19\",\"M\u00f4nica Calazans\",\"Novo coronav\u00edrus\",\"pandemia\",\"Pandemia da covid-19\",\"Pandemia da Covid-19 no Brasil\",\"Pandemia do coronav\u00edrus\",\"Pandemia do coronav\u00edrus no Brasil\",\"Pandemia no Brasil\",\"Parceria para produ\u00e7\u00e3o de vacina contra Covid-19\",\"Parceria para vacina contra Covid-19\",\"Pfizer\",\"Pfizer conclui testes de vacina para Covid-19\",\"Pfizer Inc\",\"Primeira pessoa imunizada contra covid-19 no Brasil\",\"Primeira pessoa vacinada com a vacina do Butantan\",\"Primeira vacinada com a Coronavac\",\"Primeira vacinada contra covid-19 no Brasil\",\"Primeira vacinadora contra covid-19 no Brasil\",\"Produ\u00e7\u00e3o da CoronaVac\",\"Produ\u00e7\u00e3o da CoronaVac no Brasil\",\"Produ\u00e7\u00e3o da CoronaVac no Instituto Butantan\",\"Produ\u00e7\u00e3o de vacina contra Covid-19\",\"Reino Unido aprova vacina da AstraZeneca\",\"Reino Unido no Brasil\",\"Sinovac\",\"Teste da Vacina ChAdOx1 nCoV-19\",\"Testes com vacina contra Covid-19 come\u00e7am em S\u00e3o Paulo\",\"Unifesp\",\"Universidade de Oxford\",\"UTI do Em\u00edlio Ribas\",\"vacina\",\"Vacina ChAdOx1 nCoV-19\",\"Vacina contra coronav\u00edrus\",\"Vacina contra coronav\u00edrus da Pfizer\",\"Vacina contra covid-19\",\"Vacina contra covid-19 da Pfizer\",\"Vacina da AstraZeneca \u00e9 aprovada no Reino Unido\",\"Vacina da Pfizer\",\"Vacina do Instituto Butantan\",\"Vacina do Instituto Butantan atinge 100% de efic\u00e1cia para casos moderados e graves\",\"Vacina para coronav\u00edrus da Pfizer\",\"Vacina para covid-19 da Pfizer\",\"Vacina\u00e7\u00e3o contra o coronav\u00edrus\",\"vacinas\",\"Vijay Rangarajan\"],\"articleSection\":[\"Sa\u00fade\",\"Vale do Jequitinhonha\"],\"inLanguage\":\"pt-BR\",\"potentialAction\":[{\"@type\":\"CommentAction\",\"name\":\"Comment\",\"target\":[\"https:\\\/\\\/aconteceunovale.com.br\\\/portal\\\/?p=172403#respond\"]}]},{\"@type\":\"WebPage\",\"@id\":\"https:\\\/\\\/aconteceunovale.com.br\\\/portal\\\/?p=172403\",\"url\":\"https:\\\/\\\/aconteceunovale.com.br\\\/portal\\\/?p=172403\",\"name\":\"Filha do Vale do Jequitinhonha ganha destaque na autoriza\u00e7\u00e3o emergencial de vacinas contra a Covid-19 - Aconteceu no Vale\",\"isPartOf\":{\"@id\":\"https:\\\/\\\/aconteceunovale.com.br\\\/portal\\\/#website\"},\"primaryImageOfPage\":{\"@id\":\"https:\\\/\\\/aconteceunovale.com.br\\\/portal\\\/?p=172403#primaryimage\"},\"image\":{\"@id\":\"https:\\\/\\\/aconteceunovale.com.br\\\/portal\\\/?p=172403#primaryimage\"},\"thumbnailUrl\":\"https:\\\/\\\/aconteceunovale.com.br\\\/portal\\\/wp-content\\\/uploads\\\/2021\\\/01\\\/meiruze_freitas.png\",\"datePublished\":\"2021-01-17T20:46:06+00:00\",\"dateModified\":\"2021-01-17T21:13:27+00:00\",\"author\":{\"@id\":\"https:\\\/\\\/aconteceunovale.com.br\\\/portal\\\/#\\\/schema\\\/person\\\/7d2f26d1483f8a63de73da1ee0754d35\"},\"breadcrumb\":{\"@id\":\"https:\\\/\\\/aconteceunovale.com.br\\\/portal\\\/?p=172403#breadcrumb\"},\"inLanguage\":\"pt-BR\",\"potentialAction\":[{\"@type\":\"ReadAction\",\"target\":[\"https:\\\/\\\/aconteceunovale.com.br\\\/portal\\\/?p=172403\"]}]},{\"@type\":\"ImageObject\",\"inLanguage\":\"pt-BR\",\"@id\":\"https:\\\/\\\/aconteceunovale.com.br\\\/portal\\\/?p=172403#primaryimage\",\"url\":\"https:\\\/\\\/aconteceunovale.com.br\\\/portal\\\/wp-content\\\/uploads\\\/2021\\\/01\\\/meiruze_freitas.png\",\"contentUrl\":\"https:\\\/\\\/aconteceunovale.com.br\\\/portal\\\/wp-content\\\/uploads\\\/2021\\\/01\\\/meiruze_freitas.png\",\"width\":678,\"height\":424},{\"@type\":\"BreadcrumbList\",\"@id\":\"https:\\\/\\\/aconteceunovale.com.br\\\/portal\\\/?p=172403#breadcrumb\",\"itemListElement\":[{\"@type\":\"ListItem\",\"position\":1,\"name\":\"In\u00edcio\",\"item\":\"https:\\\/\\\/aconteceunovale.com.br\\\/portal\\\/\"},{\"@type\":\"ListItem\",\"position\":2,\"name\":\"Filha do Vale do Jequitinhonha ganha destaque na autoriza\u00e7\u00e3o emergencial de vacinas contra a Covid-19\"}]},{\"@type\":\"WebSite\",\"@id\":\"https:\\\/\\\/aconteceunovale.com.br\\\/portal\\\/#website\",\"url\":\"https:\\\/\\\/aconteceunovale.com.br\\\/portal\\\/\",\"name\":\"Aconteceu no Vale\",\"description\":\"Portal de Not\u00edcias\",\"potentialAction\":[{\"@type\":\"SearchAction\",\"target\":{\"@type\":\"EntryPoint\",\"urlTemplate\":\"https:\\\/\\\/aconteceunovale.com.br\\\/portal\\\/?s={search_term_string}\"},\"query-input\":{\"@type\":\"PropertyValueSpecification\",\"valueRequired\":true,\"valueName\":\"search_term_string\"}}],\"inLanguage\":\"pt-BR\"},{\"@type\":\"Person\",\"@id\":\"https:\\\/\\\/aconteceunovale.com.br\\\/portal\\\/#\\\/schema\\\/person\\\/7d2f26d1483f8a63de73da1ee0754d35\",\"name\":\"Reda\u00e7\u00e3o Aconteceu no Vale\",\"description\":\"Equipe de reportagem do Aconteceu no Vale, portal de not\u00edcias do Vale do Jequitinhonha, em Minas Gerais. Cobrimos as 51 cidades do Vale desde 2013. Sugest\u00f5es de pauta e pedidos de corre\u00e7\u00e3o: contato@aconteceunovale.com.br\",\"url\":\"https:\\\/\\\/aconteceunovale.com.br\\\/portal\\\/?author=4\"}]}<\/script>\n<!-- \/ Yoast SEO plugin. -->","yoast_head_json":{"title":"Filha do Vale do Jequitinhonha ganha destaque na autoriza\u00e7\u00e3o emergencial de vacinas contra a Covid-19 - Aconteceu no Vale","robots":{"index":"index","follow":"follow","max-snippet":"max-snippet:-1","max-image-preview":"max-image-preview:large","max-video-preview":"max-video-preview:-1"},"canonical":"https:\/\/aconteceunovale.com.br\/portal\/?p=172403","og_locale":"pt_BR","og_type":"article","og_title":"Filha do Vale do Jequitinhonha ganha destaque na autoriza\u00e7\u00e3o emergencial de vacinas contra a Covid-19 - Aconteceu no Vale","og_description":"A Ag\u00eancia Nacional de Vigil\u00e2ncia Sanit\u00e1ria (Anvisa) autorizou neste domingo (17\/1\/2021), por unanimidade, o uso emergencial das vacinas Coronavac (do Instituto Butantan) e da Universidade de Oxford contra a Covid-19. A reuni\u00e3o, que discutiu o tema, durou cerca de 5 horas e um dos personagens destaques foi a mineira Meiruze Freitas. Ela \u00e9 filha do [&hellip;]","og_url":"https:\/\/aconteceunovale.com.br\/portal\/?p=172403","og_site_name":"Aconteceu no Vale","article_publisher":"https:\/\/www.facebook.com\/aconteceunovale\/","article_published_time":"2021-01-17T20:46:06+00:00","article_modified_time":"2021-01-17T21:13:27+00:00","og_image":[{"width":678,"height":424,"url":"https:\/\/aconteceunovale.com.br\/portal\/wp-content\/uploads\/2021\/01\/meiruze_freitas.png","type":"image\/png"}],"author":"Reda\u00e7\u00e3o Aconteceu no Vale","twitter_card":"summary_large_image","twitter_creator":"@noticiadosvales","twitter_site":"@noticiadosvales","twitter_misc":{"Escrito por":"Reda\u00e7\u00e3o Aconteceu no Vale","Est. tempo de leitura":"1 minuto"},"schema":{"@context":"https:\/\/schema.org","@graph":[{"@type":"Article","@id":"https:\/\/aconteceunovale.com.br\/portal\/?p=172403#article","isPartOf":{"@id":"https:\/\/aconteceunovale.com.br\/portal\/?p=172403"},"author":{"name":"Reda\u00e7\u00e3o Aconteceu no Vale","@id":"https:\/\/aconteceunovale.com.br\/portal\/#\/schema\/person\/7d2f26d1483f8a63de73da1ee0754d35"},"headline":"Filha do Vale do Jequitinhonha ganha destaque na autoriza\u00e7\u00e3o emergencial de vacinas contra a Covid-19","datePublished":"2021-01-17T20:46:06+00:00","dateModified":"2021-01-17T21:13:27+00:00","mainEntityOfPage":{"@id":"https:\/\/aconteceunovale.com.br\/portal\/?p=172403"},"wordCount":240,"commentCount":1,"image":{"@id":"https:\/\/aconteceunovale.com.br\/portal\/?p=172403#primaryimage"},"thumbnailUrl":"https:\/\/aconteceunovale.com.br\/portal\/wp-content\/uploads\/2021\/01\/meiruze_freitas.png","keywords":["Anvisa","Anvisa certifica farmac\u00eautica que desenvolveu a CoronaVac","Aprova\u00e7\u00e3o de vacina da AstraZeneca","AstraZeneca","AstraZeneca Brazil","Autoriza\u00e7\u00e3o da Coronavac","Autoriza\u00e7\u00e3o da vacina de Oxford","Autoriza\u00e7\u00e3o da vacina do Butantan","Autoriza\u00e7\u00e3o de vacina contra a covid-19","BioNTech SE","Butantan inicia produ\u00e7\u00e3o da CoronaVac","Certifica\u00e7\u00e3o da Coronavac","Certifica\u00e7\u00e3o da f\u00e1brica da Coronavac","ChAdOx1 nCoV-19","Coronav\u00edrus","COVID-19","Covid-19: Anvisa certifica Pfizer","Covid-19: imunizante da AstraZeneca recebe certifica\u00e7\u00e3o da Anvisa","destaque","Diretora do grupo Astrazeneca","Efic\u00e1cia","Efic\u00e1cia da CoronaVac","Efic\u00e1cia da vacina da Pfizer","Efic\u00e1cia da Vacina do Instituto Butantan","Efici\u00eancia da Coronavac","Efici\u00eancia da Vacina do Instituto Butantan","Enfermeira M\u00f4nica Calazans","Enfermeira M\u00f4nica Calazans \u00e9 a primeira pessoa vacinada contra a Covid-19 no Brasil","Enfermeira vacinada em S\u00e3o Paulo","Filha do Vale do Jequitinhonha ganha destaque na autoriza\u00e7\u00e3o emergencial de vacinas contra a Covid-19","Funda\u00e7\u00e3o Lemann","governador de S\u00e3o Paulo","governo brasileiro","Governo brasileiro anuncia parceria para produ\u00e7\u00e3o de vacina contra Covid-19","Imuniza\u00e7\u00e3o contra o coronav\u00edrus","Instituto Butantan","J\u00e9ssica Pires de Camargo","Jo\u00e3o D\u00f3ria","Jorge Paulo Lemann","Maria Augusta Bernardini","Meiruze Freitas","Minist\u00e9rio da Sa\u00fade","Minist\u00e9rio da Sa\u00fade brasileiro anuncia parceria para produ\u00e7\u00e3o de vacina contra Covid-19","M\u00f4nica Calazans","Novo coronav\u00edrus","pandemia","Pandemia da covid-19","Pandemia da Covid-19 no Brasil","Pandemia do coronav\u00edrus","Pandemia do coronav\u00edrus no Brasil","Pandemia no Brasil","Parceria para produ\u00e7\u00e3o de vacina contra Covid-19","Parceria para vacina contra Covid-19","Pfizer","Pfizer conclui testes de vacina para Covid-19","Pfizer Inc","Primeira pessoa imunizada contra covid-19 no Brasil","Primeira pessoa vacinada com a vacina do Butantan","Primeira vacinada com a Coronavac","Primeira vacinada contra covid-19 no Brasil","Primeira vacinadora contra covid-19 no Brasil","Produ\u00e7\u00e3o da CoronaVac","Produ\u00e7\u00e3o da CoronaVac no Brasil","Produ\u00e7\u00e3o da CoronaVac no Instituto Butantan","Produ\u00e7\u00e3o de vacina contra Covid-19","Reino Unido aprova vacina da AstraZeneca","Reino Unido no Brasil","Sinovac","Teste da Vacina ChAdOx1 nCoV-19","Testes com vacina contra Covid-19 come\u00e7am em S\u00e3o Paulo","Unifesp","Universidade de Oxford","UTI do Em\u00edlio Ribas","vacina","Vacina ChAdOx1 nCoV-19","Vacina contra coronav\u00edrus","Vacina contra coronav\u00edrus da Pfizer","Vacina contra covid-19","Vacina contra covid-19 da Pfizer","Vacina da AstraZeneca \u00e9 aprovada no Reino Unido","Vacina da Pfizer","Vacina do Instituto Butantan","Vacina do Instituto Butantan atinge 100% de efic\u00e1cia para casos moderados e graves","Vacina para coronav\u00edrus da Pfizer","Vacina para covid-19 da Pfizer","Vacina\u00e7\u00e3o contra o coronav\u00edrus","vacinas","Vijay Rangarajan"],"articleSection":["Sa\u00fade","Vale do Jequitinhonha"],"inLanguage":"pt-BR","potentialAction":[{"@type":"CommentAction","name":"Comment","target":["https:\/\/aconteceunovale.com.br\/portal\/?p=172403#respond"]}]},{"@type":"WebPage","@id":"https:\/\/aconteceunovale.com.br\/portal\/?p=172403","url":"https:\/\/aconteceunovale.com.br\/portal\/?p=172403","name":"Filha do Vale do Jequitinhonha ganha destaque na autoriza\u00e7\u00e3o emergencial de vacinas contra a Covid-19 - Aconteceu no Vale","isPartOf":{"@id":"https:\/\/aconteceunovale.com.br\/portal\/#website"},"primaryImageOfPage":{"@id":"https:\/\/aconteceunovale.com.br\/portal\/?p=172403#primaryimage"},"image":{"@id":"https:\/\/aconteceunovale.com.br\/portal\/?p=172403#primaryimage"},"thumbnailUrl":"https:\/\/aconteceunovale.com.br\/portal\/wp-content\/uploads\/2021\/01\/meiruze_freitas.png","datePublished":"2021-01-17T20:46:06+00:00","dateModified":"2021-01-17T21:13:27+00:00","author":{"@id":"https:\/\/aconteceunovale.com.br\/portal\/#\/schema\/person\/7d2f26d1483f8a63de73da1ee0754d35"},"breadcrumb":{"@id":"https:\/\/aconteceunovale.com.br\/portal\/?p=172403#breadcrumb"},"inLanguage":"pt-BR","potentialAction":[{"@type":"ReadAction","target":["https:\/\/aconteceunovale.com.br\/portal\/?p=172403"]}]},{"@type":"ImageObject","inLanguage":"pt-BR","@id":"https:\/\/aconteceunovale.com.br\/portal\/?p=172403#primaryimage","url":"https:\/\/aconteceunovale.com.br\/portal\/wp-content\/uploads\/2021\/01\/meiruze_freitas.png","contentUrl":"https:\/\/aconteceunovale.com.br\/portal\/wp-content\/uploads\/2021\/01\/meiruze_freitas.png","width":678,"height":424},{"@type":"BreadcrumbList","@id":"https:\/\/aconteceunovale.com.br\/portal\/?p=172403#breadcrumb","itemListElement":[{"@type":"ListItem","position":1,"name":"In\u00edcio","item":"https:\/\/aconteceunovale.com.br\/portal\/"},{"@type":"ListItem","position":2,"name":"Filha do Vale do Jequitinhonha ganha destaque na autoriza\u00e7\u00e3o emergencial de vacinas contra a Covid-19"}]},{"@type":"WebSite","@id":"https:\/\/aconteceunovale.com.br\/portal\/#website","url":"https:\/\/aconteceunovale.com.br\/portal\/","name":"Aconteceu no Vale","description":"Portal de Not\u00edcias","potentialAction":[{"@type":"SearchAction","target":{"@type":"EntryPoint","urlTemplate":"https:\/\/aconteceunovale.com.br\/portal\/?s={search_term_string}"},"query-input":{"@type":"PropertyValueSpecification","valueRequired":true,"valueName":"search_term_string"}}],"inLanguage":"pt-BR"},{"@type":"Person","@id":"https:\/\/aconteceunovale.com.br\/portal\/#\/schema\/person\/7d2f26d1483f8a63de73da1ee0754d35","name":"Reda\u00e7\u00e3o Aconteceu no Vale","description":"Equipe de reportagem do Aconteceu no Vale, portal de not\u00edcias do Vale do Jequitinhonha, em Minas Gerais. Cobrimos as 51 cidades do Vale desde 2013. Sugest\u00f5es de pauta e pedidos de corre\u00e7\u00e3o: contato@aconteceunovale.com.br","url":"https:\/\/aconteceunovale.com.br\/portal\/?author=4"}]}},"_links":{"self":[{"href":"https:\/\/aconteceunovale.com.br\/portal\/index.php?rest_route=\/wp\/v2\/posts\/172403","targetHints":{"allow":["GET"]}}],"collection":[{"href":"https:\/\/aconteceunovale.com.br\/portal\/index.php?rest_route=\/wp\/v2\/posts"}],"about":[{"href":"https:\/\/aconteceunovale.com.br\/portal\/index.php?rest_route=\/wp\/v2\/types\/post"}],"author":[{"embeddable":true,"href":"https:\/\/aconteceunovale.com.br\/portal\/index.php?rest_route=\/wp\/v2\/users\/4"}],"replies":[{"embeddable":true,"href":"https:\/\/aconteceunovale.com.br\/portal\/index.php?rest_route=%2Fwp%2Fv2%2Fcomments&post=172403"}],"version-history":[{"count":3,"href":"https:\/\/aconteceunovale.com.br\/portal\/index.php?rest_route=\/wp\/v2\/posts\/172403\/revisions"}],"predecessor-version":[{"id":172409,"href":"https:\/\/aconteceunovale.com.br\/portal\/index.php?rest_route=\/wp\/v2\/posts\/172403\/revisions\/172409"}],"wp:featuredmedia":[{"embeddable":true,"href":"https:\/\/aconteceunovale.com.br\/portal\/index.php?rest_route=\/wp\/v2\/media\/172404"}],"wp:attachment":[{"href":"https:\/\/aconteceunovale.com.br\/portal\/index.php?rest_route=%2Fwp%2Fv2%2Fmedia&parent=172403"}],"wp:term":[{"taxonomy":"category","embeddable":true,"href":"https:\/\/aconteceunovale.com.br\/portal\/index.php?rest_route=%2Fwp%2Fv2%2Fcategories&post=172403"},{"taxonomy":"post_tag","embeddable":true,"href":"https:\/\/aconteceunovale.com.br\/portal\/index.php?rest_route=%2Fwp%2Fv2%2Ftags&post=172403"}],"curies":[{"name":"wp","href":"https:\/\/api.w.org\/{rel}","templated":true}]}}