{"id":17239,"date":"2013-12-30T19:20:07","date_gmt":"2013-12-30T21:20:07","guid":{"rendered":"http:\/\/aconteceunovale.com.br\/portal\/?p=17239"},"modified":"2013-12-30T19:20:07","modified_gmt":"2013-12-30T21:20:07","slug":"almenara-trio-e-preso-e-tres-veiculos-furtados-sao-recuperados","status":"publish","type":"post","link":"https:\/\/aconteceunovale.com.br\/portal\/?p=17239","title":{"rendered":"ALMENARA: Trio \u00e9 preso e tr\u00eas ve\u00edculos furtados s\u00e3o recuperados"},"content":{"rendered":"<p>Tr\u00eas ve\u00edculos furtados foram recuperados pela Pol\u00edcia Militar no s\u00e1bado, 28\/12, em Almenara\/MG, no Vale do Jequitinhonha. Tr\u00eas homens foram presos com duas motos furtadas. Um carro furtado foi encontrado abandonado no Bairro Cidade Nova. Ainda n\u00e3o se sabe se h\u00e1 liga\u00e7\u00f5es entre o carro furtado e o trio preso pelo furto das motos. O dono de uma das motos recuperada nem sabia que o ve\u00edculo havia sido furtado.<\/p>\n<p>Foram registradas duas ocorr\u00eancias no s\u00e1bado sobre furtos de ve\u00edculo. Na primeira  ocorr\u00eancia, a v\u00edtima relatava que seu carro Fiat Palio havia sido furtado na porta de sua casa. Ap\u00f3s um intenso rastreamento, policiais militares encontraram o ve\u00edculo abandonado pr\u00f3ximo ao Est\u00e1dio do Lisbo\u00e3o, no Bairro Cidade Nova.<\/p>\n<p>Na segunda ocorr\u00eancia de furto, outra v\u00edtima relatava que sua moto havia sido furtada. No momento em que os militares conversavam com a v\u00edtima, diversas liga\u00e7\u00f5es foram realizadas via 190 relatando que dois homens de atitude suspeita estariam empurrando uma moto no Bairro S\u00e3o Pedro. No local, os suspeitos tentaram fugir ao avistarem os policiais, mas foram contidos. Eles estavam empurrando a moto furtada. Momentos depois outro suspeito, comparsa da dupla, foi abordado conduzindo uma moto possivelmente furtada. O suspeito resistiu \u00e0 pris\u00e3o e tentou agredir os policiais, mas foi contido, algemado e preso. O trio foi encaminhado para a Delegacia juntamente com o carro e as duas motos.<\/p>\n<p><img decoding=\"async\" src=\"http:\/\/aconteceunovale.com.br\/portal\/wp-content\/uploads\/2013\/12\/veiculos_apreendidos_almenara_28.jpg\" alt=\"\" \/><\/p>\n","protected":false},"excerpt":{"rendered":"<p>Tr\u00eas ve\u00edculos furtados foram recuperados pela Pol\u00edcia Militar no s\u00e1bado, 28\/12, em Almenara\/MG, no Vale do Jequitinhonha. Tr\u00eas homens foram presos com duas motos furtadas. Um carro furtado foi encontrado abandonado no Bairro Cidade Nova. Ainda n\u00e3o se sabe se h\u00e1 liga\u00e7\u00f5es entre o carro furtado e o trio preso pelo furto das motos. O [&hellip;]<\/p>\n","protected":false},"author":1,"featured_media":0,"comment_status":"open","ping_status":"closed","sticky":false,"template":"","format":"standard","meta":{"amp_status":"","footnotes":""},"categories":[120],"tags":[142,2282],"class_list":["post-17239","post","type-post","status-publish","format-standard","hentry","category-jequi","tag-almenara","tag-trio-e-preso-e-tres-veiculos-furtados-sao-recuperados-em-almenara"],"_links":{"self":[{"href":"https:\/\/aconteceunovale.com.br\/portal\/index.php?rest_route=\/wp\/v2\/posts\/17239","targetHints":{"allow":["GET"]}}],"collection":[{"href":"https:\/\/aconteceunovale.com.br\/portal\/index.php?rest_route=\/wp\/v2\/posts"}],"about":[{"href":"https:\/\/aconteceunovale.com.br\/portal\/index.php?rest_route=\/wp\/v2\/types\/post"}],"author":[{"embeddable":true,"href":"https:\/\/aconteceunovale.com.br\/portal\/index.php?rest_route=\/wp\/v2\/users\/1"}],"replies":[{"embeddable":true,"href":"https:\/\/aconteceunovale.com.br\/portal\/index.php?rest_route=%2Fwp%2Fv2%2Fcomments&post=17239"}],"version-history":[{"count":0,"href":"https:\/\/aconteceunovale.com.br\/portal\/index.php?rest_route=\/wp\/v2\/posts\/17239\/revisions"}],"wp:attachment":[{"href":"https:\/\/aconteceunovale.com.br\/portal\/index.php?rest_route=%2Fwp%2Fv2%2Fmedia&parent=17239"}],"wp:term":[{"taxonomy":"category","embeddable":true,"href":"https:\/\/aconteceunovale.com.br\/portal\/index.php?rest_route=%2Fwp%2Fv2%2Fcategories&post=17239"},{"taxonomy":"post_tag","embeddable":true,"href":"https:\/\/aconteceunovale.com.br\/portal\/index.php?rest_route=%2Fwp%2Fv2%2Ftags&post=17239"}],"curies":[{"name":"wp","href":"https:\/\/api.w.org\/{rel}","templated":true}]}}