{"id":172382,"date":"2021-01-17T15:58:15","date_gmt":"2021-01-17T18:58:15","guid":{"rendered":"https:\/\/aconteceunovale.com.br\/portal\/?p=172382"},"modified":"2021-01-17T18:44:49","modified_gmt":"2021-01-17T21:44:49","slug":"covid-19-anvisa-autoriza-uso-emergencial-das-vacinas-de-oxford-e-do-butantan","status":"publish","type":"post","link":"https:\/\/aconteceunovale.com.br\/portal\/?p=172382","title":{"rendered":"Covid-19: Anvisa autoriza uso emergencial das vacinas de Oxford e do Butantan"},"content":{"rendered":"\n<p class=\"wp-block-paragraph\">Por unanimidade, os cinco diretores da Ag\u00eancia Nacional de Vigil\u00e2ncia Sanit\u00e1ria (Anvisa) aprovaram o uso emergencial da CoronaVac e da vacina de Oxford contra a Covid-19. A decis\u00e3o depende de publica\u00e7\u00e3o no<em>\u00a0Di\u00e1rio Oficial<\/em>\u00a0e de comunica\u00e7\u00e3o aos laborat\u00f3rios para entrar em vigor.<\/p>\n\n\n\n<p class=\"wp-block-paragraph\">A maioria na dire\u00e7\u00e3o da ag\u00eancia foi alcan\u00e7ada \u00e0s 14h54, quando o diretor Alex Machado Campos\u00a0tornou-se o terceiro a votar favoravelmente \u00e0 imuniza\u00e7\u00e3o em car\u00e1ter\u00a0emergencial com as duas vacinas.<\/p>\n\n\n\n<p class=\"wp-block-paragraph\">No in\u00edcio da tarde, as tr\u00eas \u00e1reas t\u00e9cnicas da Anvisa haviam recomendado a aprova\u00e7\u00e3o do uso emergencial. As ger\u00eancias de Medicamentos, de Monitoramento de Produtos e de Inspe\u00e7\u00e3o e Fiscaliza\u00e7\u00e3o Sanit\u00e1ria deram parecer favor\u00e1vel. A recomenda\u00e7\u00e3o, no entanto, precisava ser submetida \u00e0 diretoria do \u00f3rg\u00e3o.<\/p>\n\n\n\n<figure class=\"wp-block-gallery columns-1 is-cropped wp-block-gallery-1 is-layout-flex wp-block-gallery-is-layout-flex\"><ul class=\"blocks-gallery-grid\"><li class=\"blocks-gallery-item\"><figure><img loading=\"lazy\" decoding=\"async\" width=\"678\" height=\"406\" src=\"https:\/\/aconteceunovale.com.br\/portal\/wp-content\/uploads\/2021\/01\/aprovacao_vacina_anvisa.jpg\" alt=\"\" data-id=\"172384\" data-full-url=\"https:\/\/aconteceunovale.com.br\/portal\/wp-content\/uploads\/2021\/01\/aprovacao_vacina_anvisa.jpg\" data-link=\"https:\/\/aconteceunovale.com.br\/portal\/?attachment_id=172384\" class=\"wp-image-172384\" srcset=\"https:\/\/aconteceunovale.com.br\/portal\/wp-content\/uploads\/2021\/01\/aprovacao_vacina_anvisa.jpg 678w, https:\/\/aconteceunovale.com.br\/portal\/wp-content\/uploads\/2021\/01\/aprovacao_vacina_anvisa-300x180.jpg 300w\" sizes=\"auto, (max-width: 678px) 100vw, 678px\" \/><figcaption class=\"blocks-gallery-item__caption\"><em>Reuni\u00e3o extraordin\u00e1ria da Anvisa &#8211; Foto: Divulga\u00e7\u00e3o \/ Anvisa<\/em><\/figcaption><\/figure><\/li><\/ul><\/figure>\n\n\n\n<p class=\"wp-block-paragraph\">A primeira diretora a ler o voto foi a relatora do caso, Meiruze Freitas. Ela aprovou o uso emergencial, mas fez ressalvas. Disse esperar que o Instituto Butantan responda, at\u00e9 o fim\u00a0de fevereiro, sobre os resultados sobre a imunogenicidade (capacidade de produ\u00e7\u00e3o de anticorpos) da CoronaVac, produzida pelo Butantan em parceria com o laborat\u00f3rio chin\u00eas Sinovac.<\/p>\n\n\n\n<p class=\"wp-block-paragraph\">A relatora destacou n\u00e3o haver alternativa terap\u00eautica \u00e0s vacinas. A diretora disse\u00a0ter\u00a0tomado a decis\u00e3o com aval da ci\u00eancia e ap\u00f3s trabalho \u00e1rduo dos t\u00e9cnicos da Anvisa nos \u00faltimos dias. \u201cGuiada pela ci\u00eancia e pelos dados, a equipe concluiu que os benef\u00edcios conhecidos e potenciais dessas vacinas superam seus riscos. Os servidores [da Anvisa] v\u00eam trabalhando com dedica\u00e7\u00e3o integral e senso de urg\u00eancia\u201d, disse Meiruze ao ler o voto.<\/p>\n\n\n\n<p class=\"wp-block-paragraph\">O segundo voto foi dado pelo diretor Romilson Mota, que acompanhou a relatora. De acordo com ele, o grave cen\u00e1rio da pandemia de covid-19 e o \u201cindicativo de colapso\u201d na rede de sa\u00fade justificam a aprova\u00e7\u00e3o.<\/p>\n\n\n\n<p class=\"wp-block-paragraph\">Terceiro a votar, Alex Machado Campos acompanhou os demais diretores. Ele foi seguido pela diretora Cristiane Jourdan Gomes e pelo diretor-presidente da Anvisa, Antonio Barra Torres. A vota\u00e7\u00e3o foi conclu\u00edda por volta das 15h20.<\/p>\n\n\n\n<p class=\"wp-block-paragraph\">Ap\u00f3s a reuni\u00e3o, a decis\u00e3o ser\u00e1 publicada na p\u00e1gina da Anvisa na internet, no extrato de delibera\u00e7\u00f5es da diretoria. Existe a possibilidade de o\u00a0<em>Di\u00e1rio Oficial da Uni\u00e3o<\/em>\u00a0publicar uma edi\u00e7\u00e3o extra com o resultado da vota\u00e7\u00e3o.<\/p>\n\n\n\n<p class=\"wp-block-paragraph\">O uso emergencial pode ser liberado ap\u00f3s a publica\u00e7\u00e3o oficial e assim que houver comunica\u00e7\u00e3o formal aos laborat\u00f3rios. No caso da CoronaVac, a relatora do caso pediu a assinatura de um termo de compromisso, que tamb\u00e9m precisa ser publicado em\u00a0<em>Di\u00e1rio Oficial.<\/em><\/p>\n\n\n\n<h2 class=\"wp-block-heading\"><strong>Veja a reuni\u00e3o completa<\/strong><\/h2>\n\n\n\n<figure class=\"wp-block-embed is-type-rich is-provider-incorporar-manipulador wp-block-embed-incorporar-manipulador wp-embed-aspect-16-9 wp-has-aspect-ratio\"><div class=\"wp-block-embed__wrapper\">\n<iframe loading=\"lazy\" title=\"#AoVivo: Reuni\u00e3o Extraordin\u00e1ria da Diretoria da Anvisa\" width=\"696\" height=\"392\" src=\"https:\/\/www.youtube.com\/embed\/VUwd47iX6AA?feature=oembed\" frameborder=\"0\" allow=\"accelerometer; autoplay; clipboard-write; encrypted-media; gyroscope; picture-in-picture\" allowfullscreen><\/iframe>\n<\/div><\/figure>\n\n\n\n<p class=\"has-white-color has-black-background-color has-text-color has-background wp-block-paragraph\">Quer saber as not\u00edcias do <strong>Aconteceu no Vale<\/strong> em primeira m\u00e3o? Siga-nos no Facebook <a rel=\"noreferrer noopener\" href=\"http:\/\/facebook.com\/aconteceunovale\" target=\"_blank\">@aconteceunovale<\/a>, Twitter <a rel=\"noreferrer noopener\" href=\"https:\/\/twitter.com\/noticiadosvales\" target=\"_blank\">@noticiadosvales<\/a> e Instagram <a rel=\"noreferrer noopener\" href=\"https:\/\/www.instagram.com\/aconteceunovale\" target=\"_blank\">@aconteceunovale<\/a>.<\/p>\n","protected":false},"excerpt":{"rendered":"<p>Por unanimidade, os cinco diretores da Ag\u00eancia Nacional de Vigil\u00e2ncia Sanit\u00e1ria (Anvisa) aprovaram o uso emergencial da CoronaVac e da vacina de Oxford contra a Covid-19. A decis\u00e3o depende de publica\u00e7\u00e3o no\u00a0Di\u00e1rio Oficial\u00a0e de comunica\u00e7\u00e3o aos laborat\u00f3rios para entrar em vigor. A maioria na dire\u00e7\u00e3o da ag\u00eancia foi alcan\u00e7ada \u00e0s 14h54, quando o diretor Alex [&hellip;]<\/p>\n","protected":false},"author":4,"featured_media":172384,"comment_status":"open","ping_status":"closed","sticky":false,"template":"","format":"standard","meta":{"amp_status":"","footnotes":""},"categories":[6,28848,40242],"tags":[2278,233064,233613,224214,224638,234924,234926,234925,234927,230835,232261,233065,233066,224211,214884,216498,233511,233181,1018,224636,230836,230837,230833,234275,234277,234276,81258,82401,105724,224479,232264,43376,124586,224213,224635,19326,224483,215653,140166,219687,224485,218365,219103,224484,224482,224481,39755,230827,230834,223374,232262,232263,224480,233612,224637,225780,224212,224215,78002,80737,21730,224210,219775,230832,219773,230830,233614,230828,234274,234273,230831,230829,231097,47710,160110],"class_list":["post-172382","post","type-post","status-publish","format-standard","has-post-thumbnail","hentry","category-br","category-mundo","category-saude-2","tag-anvisa","tag-anvisa-certifica-farmaceutica-que-desenvolveu-a-coronavac","tag-aprovacao-de-vacina-da-astrazeneca","tag-astrazeneca","tag-astrazeneca-brazil","tag-autorizacao-da-coronavac","tag-autorizacao-da-vacina-de-oxford","tag-autorizacao-da-vacina-do-butantan","tag-autorizacao-de-vacina-contra-a-covid-19","tag-biontech-se","tag-butantan-inicia-producao-da-coronavac","tag-certificacao-da-coronavac","tag-certificacao-da-fabrica-da-coronavac","tag-chadox1-ncov-19","tag-coronavirus","tag-covid-19","tag-covid-19-anvisa-certifica-pfizer","tag-covid-19-imunizante-da-astrazeneca-recebe-certificacao-da-anvisa","tag-destaque","tag-diretora-do-grupo-astrazeneca","tag-eficacia","tag-eficacia-da-coronavac","tag-eficacia-da-vacina-da-pfizer","tag-eficacia-da-vacina-do-instituto-butantan","tag-eficiencia-da-coronavac","tag-eficiencia-da-vacina-do-instituto-butantan","tag-fundacao-lemann","tag-governador-de-sao-paulo","tag-governo-brasileiro","tag-governo-brasileiro-anuncia-parceria-para-producao-de-vacina-contra-covid-19","tag-imunizacao-contra-o-coronavirus","tag-instituto-butantan","tag-joao-doria","tag-jorge-paulo-lemann","tag-maria-augusta-bernardini","tag-ministerio-da-saude","tag-ministerio-da-saude-brasileiro-anuncia-parceria-para-producao-de-vacina-contra-covid-19","tag-novo-coronavirus","tag-pandemia","tag-pandemia-da-covid-19","tag-pandemia-da-covid-19-no-brasil","tag-pandemia-do-coronavirus","tag-pandemia-do-coronavirus-no-brasil","tag-pandemia-no-brasil","tag-parceria-para-producao-de-vacina-contra-covid-19","tag-parceria-para-vacina-contra-covid-19","tag-pfizer","tag-pfizer-conclui-testes-de-vacina-para-covid-19","tag-pfizer-inc","tag-producao-da-coronavac","tag-producao-da-coronavac-no-brasil","tag-producao-da-coronavac-no-instituto-butantan","tag-producao-de-vacina-contra-covid-19","tag-reino-unido-aprova-vacina-da-astrazeneca","tag-reino-unido-no-brasil","tag-sinovac","tag-teste-da-vacina-chadox1-ncov-19","tag-testes-com-vacina-contra-covid-19-comecam-em-sao-paulo","tag-unifesp","tag-universidade-de-oxford","tag-vacina","tag-vacina-chadox1-ncov-19","tag-vacina-contra-coronavirus","tag-vacina-contra-coronavirus-da-pfizer","tag-vacina-contra-covid-19","tag-vacina-contra-covid-19-da-pfizer","tag-vacina-da-astrazeneca-e-aprovada-no-reino-unido","tag-vacina-da-pfizer","tag-vacina-do-instituto-butantan","tag-vacina-do-instituto-butantan-atinge-100-de-eficacia-para-casos-moderados-e-graves","tag-vacina-para-coronavirus-da-pfizer","tag-vacina-para-covid-19-da-pfizer","tag-vacinacao-contra-o-coronavirus","tag-vacinas","tag-vijay-rangarajan"],"yoast_head":"<!-- This site is optimized with the Yoast SEO plugin v28.3 - https:\/\/yoast.com\/product\/yoast-seo-wordpress\/ -->\n<title>Covid-19: Anvisa autoriza uso emergencial das vacinas de Oxford e do Butantan - Aconteceu no Vale<\/title>\n<meta name=\"robots\" content=\"index, follow, max-snippet:-1, max-image-preview:large, max-video-preview:-1\" \/>\n<link rel=\"canonical\" href=\"https:\/\/aconteceunovale.com.br\/portal\/?p=172382\" \/>\n<meta property=\"og:locale\" content=\"pt_BR\" \/>\n<meta property=\"og:type\" content=\"article\" \/>\n<meta property=\"og:title\" content=\"Covid-19: Anvisa autoriza uso emergencial das vacinas de Oxford e do Butantan - Aconteceu no Vale\" \/>\n<meta property=\"og:description\" content=\"Por unanimidade, os cinco diretores da Ag\u00eancia Nacional de Vigil\u00e2ncia Sanit\u00e1ria (Anvisa) aprovaram o uso emergencial da CoronaVac e da vacina de Oxford contra a Covid-19. A decis\u00e3o depende de publica\u00e7\u00e3o no\u00a0Di\u00e1rio Oficial\u00a0e de comunica\u00e7\u00e3o aos laborat\u00f3rios para entrar em vigor. A maioria na dire\u00e7\u00e3o da ag\u00eancia foi alcan\u00e7ada \u00e0s 14h54, quando o diretor Alex [&hellip;]\" \/>\n<meta property=\"og:url\" content=\"https:\/\/aconteceunovale.com.br\/portal\/?p=172382\" \/>\n<meta property=\"og:site_name\" content=\"Aconteceu no Vale\" \/>\n<meta property=\"article:publisher\" content=\"https:\/\/www.facebook.com\/aconteceunovale\/\" \/>\n<meta property=\"article:published_time\" content=\"2021-01-17T18:58:15+00:00\" \/>\n<meta property=\"article:modified_time\" content=\"2021-01-17T21:44:49+00:00\" \/>\n<meta property=\"og:image\" content=\"https:\/\/aconteceunovale.com.br\/portal\/wp-content\/uploads\/2021\/01\/aprovacao_vacina_anvisa.jpg\" \/>\n\t<meta property=\"og:image:width\" content=\"678\" \/>\n\t<meta property=\"og:image:height\" content=\"406\" \/>\n\t<meta property=\"og:image:type\" content=\"image\/jpeg\" \/>\n<meta name=\"author\" content=\"Reda\u00e7\u00e3o Aconteceu no Vale\" \/>\n<meta name=\"twitter:card\" content=\"summary_large_image\" \/>\n<meta name=\"twitter:creator\" content=\"@noticiadosvales\" \/>\n<meta name=\"twitter:site\" content=\"@noticiadosvales\" \/>\n<meta name=\"twitter:label1\" content=\"Escrito por\" \/>\n\t<meta name=\"twitter:data1\" content=\"Reda\u00e7\u00e3o Aconteceu no Vale\" \/>\n\t<meta name=\"twitter:label2\" content=\"Est. tempo de leitura\" \/>\n\t<meta name=\"twitter:data2\" content=\"2 minutos\" \/>\n<script type=\"application\/ld+json\" class=\"yoast-schema-graph\">{\"@context\":\"https:\\\/\\\/schema.org\",\"@graph\":[{\"@type\":\"Article\",\"@id\":\"https:\\\/\\\/aconteceunovale.com.br\\\/portal\\\/?p=172382#article\",\"isPartOf\":{\"@id\":\"https:\\\/\\\/aconteceunovale.com.br\\\/portal\\\/?p=172382\"},\"author\":{\"name\":\"Reda\u00e7\u00e3o Aconteceu no Vale\",\"@id\":\"https:\\\/\\\/aconteceunovale.com.br\\\/portal\\\/#\\\/schema\\\/person\\\/7d2f26d1483f8a63de73da1ee0754d35\"},\"headline\":\"Covid-19: Anvisa autoriza uso emergencial das vacinas de Oxford e do Butantan\",\"datePublished\":\"2021-01-17T18:58:15+00:00\",\"dateModified\":\"2021-01-17T21:44:49+00:00\",\"mainEntityOfPage\":{\"@id\":\"https:\\\/\\\/aconteceunovale.com.br\\\/portal\\\/?p=172382\"},\"wordCount\":509,\"commentCount\":0,\"image\":{\"@id\":\"https:\\\/\\\/aconteceunovale.com.br\\\/portal\\\/?p=172382#primaryimage\"},\"thumbnailUrl\":\"https:\\\/\\\/aconteceunovale.com.br\\\/portal\\\/wp-content\\\/uploads\\\/2021\\\/01\\\/aprovacao_vacina_anvisa.jpg\",\"keywords\":[\"Anvisa\",\"Anvisa certifica farmac\u00eautica que desenvolveu a CoronaVac\",\"Aprova\u00e7\u00e3o de vacina da AstraZeneca\",\"AstraZeneca\",\"AstraZeneca Brazil\",\"Autoriza\u00e7\u00e3o da Coronavac\",\"Autoriza\u00e7\u00e3o da vacina de Oxford\",\"Autoriza\u00e7\u00e3o da vacina do Butantan\",\"Autoriza\u00e7\u00e3o de vacina contra a covid-19\",\"BioNTech SE\",\"Butantan inicia produ\u00e7\u00e3o da CoronaVac\",\"Certifica\u00e7\u00e3o da Coronavac\",\"Certifica\u00e7\u00e3o da f\u00e1brica da Coronavac\",\"ChAdOx1 nCoV-19\",\"Coronav\u00edrus\",\"COVID-19\",\"Covid-19: Anvisa certifica Pfizer\",\"Covid-19: imunizante da AstraZeneca recebe certifica\u00e7\u00e3o da Anvisa\",\"destaque\",\"Diretora do grupo Astrazeneca\",\"Efic\u00e1cia\",\"Efic\u00e1cia da CoronaVac\",\"Efic\u00e1cia da vacina da Pfizer\",\"Efic\u00e1cia da Vacina do Instituto Butantan\",\"Efici\u00eancia da Coronavac\",\"Efici\u00eancia da Vacina do Instituto Butantan\",\"Funda\u00e7\u00e3o Lemann\",\"governador de S\u00e3o Paulo\",\"governo brasileiro\",\"Governo brasileiro anuncia parceria para produ\u00e7\u00e3o de vacina contra Covid-19\",\"Imuniza\u00e7\u00e3o contra o coronav\u00edrus\",\"Instituto Butantan\",\"Jo\u00e3o D\u00f3ria\",\"Jorge Paulo Lemann\",\"Maria Augusta Bernardini\",\"Minist\u00e9rio da Sa\u00fade\",\"Minist\u00e9rio da Sa\u00fade brasileiro anuncia parceria para produ\u00e7\u00e3o de vacina contra Covid-19\",\"Novo coronav\u00edrus\",\"pandemia\",\"Pandemia da covid-19\",\"Pandemia da Covid-19 no Brasil\",\"Pandemia do coronav\u00edrus\",\"Pandemia do coronav\u00edrus no Brasil\",\"Pandemia no Brasil\",\"Parceria para produ\u00e7\u00e3o de vacina contra Covid-19\",\"Parceria para vacina contra Covid-19\",\"Pfizer\",\"Pfizer conclui testes de vacina para Covid-19\",\"Pfizer Inc\",\"Produ\u00e7\u00e3o da CoronaVac\",\"Produ\u00e7\u00e3o da CoronaVac no Brasil\",\"Produ\u00e7\u00e3o da CoronaVac no Instituto Butantan\",\"Produ\u00e7\u00e3o de vacina contra Covid-19\",\"Reino Unido aprova vacina da AstraZeneca\",\"Reino Unido no Brasil\",\"Sinovac\",\"Teste da Vacina ChAdOx1 nCoV-19\",\"Testes com vacina contra Covid-19 come\u00e7am em S\u00e3o Paulo\",\"Unifesp\",\"Universidade de Oxford\",\"vacina\",\"Vacina ChAdOx1 nCoV-19\",\"Vacina contra coronav\u00edrus\",\"Vacina contra coronav\u00edrus da Pfizer\",\"Vacina contra covid-19\",\"Vacina contra covid-19 da Pfizer\",\"Vacina da AstraZeneca \u00e9 aprovada no Reino Unido\",\"Vacina da Pfizer\",\"Vacina do Instituto Butantan\",\"Vacina do Instituto Butantan atinge 100% de efic\u00e1cia para casos moderados e graves\",\"Vacina para coronav\u00edrus da Pfizer\",\"Vacina para covid-19 da Pfizer\",\"Vacina\u00e7\u00e3o contra o coronav\u00edrus\",\"vacinas\",\"Vijay Rangarajan\"],\"articleSection\":[\"Brasil\",\"Mundo\",\"Sa\u00fade\"],\"inLanguage\":\"pt-BR\",\"potentialAction\":[{\"@type\":\"CommentAction\",\"name\":\"Comment\",\"target\":[\"https:\\\/\\\/aconteceunovale.com.br\\\/portal\\\/?p=172382#respond\"]}]},{\"@type\":\"WebPage\",\"@id\":\"https:\\\/\\\/aconteceunovale.com.br\\\/portal\\\/?p=172382\",\"url\":\"https:\\\/\\\/aconteceunovale.com.br\\\/portal\\\/?p=172382\",\"name\":\"Covid-19: Anvisa autoriza uso emergencial das vacinas de Oxford e do Butantan - Aconteceu no Vale\",\"isPartOf\":{\"@id\":\"https:\\\/\\\/aconteceunovale.com.br\\\/portal\\\/#website\"},\"primaryImageOfPage\":{\"@id\":\"https:\\\/\\\/aconteceunovale.com.br\\\/portal\\\/?p=172382#primaryimage\"},\"image\":{\"@id\":\"https:\\\/\\\/aconteceunovale.com.br\\\/portal\\\/?p=172382#primaryimage\"},\"thumbnailUrl\":\"https:\\\/\\\/aconteceunovale.com.br\\\/portal\\\/wp-content\\\/uploads\\\/2021\\\/01\\\/aprovacao_vacina_anvisa.jpg\",\"datePublished\":\"2021-01-17T18:58:15+00:00\",\"dateModified\":\"2021-01-17T21:44:49+00:00\",\"author\":{\"@id\":\"https:\\\/\\\/aconteceunovale.com.br\\\/portal\\\/#\\\/schema\\\/person\\\/7d2f26d1483f8a63de73da1ee0754d35\"},\"breadcrumb\":{\"@id\":\"https:\\\/\\\/aconteceunovale.com.br\\\/portal\\\/?p=172382#breadcrumb\"},\"inLanguage\":\"pt-BR\",\"potentialAction\":[{\"@type\":\"ReadAction\",\"target\":[\"https:\\\/\\\/aconteceunovale.com.br\\\/portal\\\/?p=172382\"]}]},{\"@type\":\"ImageObject\",\"inLanguage\":\"pt-BR\",\"@id\":\"https:\\\/\\\/aconteceunovale.com.br\\\/portal\\\/?p=172382#primaryimage\",\"url\":\"https:\\\/\\\/aconteceunovale.com.br\\\/portal\\\/wp-content\\\/uploads\\\/2021\\\/01\\\/aprovacao_vacina_anvisa.jpg\",\"contentUrl\":\"https:\\\/\\\/aconteceunovale.com.br\\\/portal\\\/wp-content\\\/uploads\\\/2021\\\/01\\\/aprovacao_vacina_anvisa.jpg\",\"width\":678,\"height\":406,\"caption\":\"Reuni\u00e3o extraordin\u00e1ria da Diretoria Colegiada da Anvisa de 17\\\/1\\\/2021Reuni\u00e3o extraordin\u00e1ria da Diretoria Colegiada da Anvisa de 17\\\/1\\\/2021\"},{\"@type\":\"BreadcrumbList\",\"@id\":\"https:\\\/\\\/aconteceunovale.com.br\\\/portal\\\/?p=172382#breadcrumb\",\"itemListElement\":[{\"@type\":\"ListItem\",\"position\":1,\"name\":\"In\u00edcio\",\"item\":\"https:\\\/\\\/aconteceunovale.com.br\\\/portal\\\/\"},{\"@type\":\"ListItem\",\"position\":2,\"name\":\"Covid-19: Anvisa autoriza uso emergencial das vacinas de Oxford e do Butantan\"}]},{\"@type\":\"WebSite\",\"@id\":\"https:\\\/\\\/aconteceunovale.com.br\\\/portal\\\/#website\",\"url\":\"https:\\\/\\\/aconteceunovale.com.br\\\/portal\\\/\",\"name\":\"Aconteceu no Vale\",\"description\":\"Portal de Not\u00edcias\",\"potentialAction\":[{\"@type\":\"SearchAction\",\"target\":{\"@type\":\"EntryPoint\",\"urlTemplate\":\"https:\\\/\\\/aconteceunovale.com.br\\\/portal\\\/?s={search_term_string}\"},\"query-input\":{\"@type\":\"PropertyValueSpecification\",\"valueRequired\":true,\"valueName\":\"search_term_string\"}}],\"inLanguage\":\"pt-BR\"},{\"@type\":\"Person\",\"@id\":\"https:\\\/\\\/aconteceunovale.com.br\\\/portal\\\/#\\\/schema\\\/person\\\/7d2f26d1483f8a63de73da1ee0754d35\",\"name\":\"Reda\u00e7\u00e3o Aconteceu no Vale\",\"description\":\"Equipe de reportagem do Aconteceu no Vale, portal de not\u00edcias do Vale do Jequitinhonha, em Minas Gerais. Cobrimos as 51 cidades do Vale desde 2013. Sugest\u00f5es de pauta e pedidos de corre\u00e7\u00e3o: contato@aconteceunovale.com.br\",\"url\":\"https:\\\/\\\/aconteceunovale.com.br\\\/portal\\\/?author=4\"}]}<\/script>\n<!-- \/ Yoast SEO plugin. -->","yoast_head_json":{"title":"Covid-19: Anvisa autoriza uso emergencial das vacinas de Oxford e do Butantan - Aconteceu no Vale","robots":{"index":"index","follow":"follow","max-snippet":"max-snippet:-1","max-image-preview":"max-image-preview:large","max-video-preview":"max-video-preview:-1"},"canonical":"https:\/\/aconteceunovale.com.br\/portal\/?p=172382","og_locale":"pt_BR","og_type":"article","og_title":"Covid-19: Anvisa autoriza uso emergencial das vacinas de Oxford e do Butantan - Aconteceu no Vale","og_description":"Por unanimidade, os cinco diretores da Ag\u00eancia Nacional de Vigil\u00e2ncia Sanit\u00e1ria (Anvisa) aprovaram o uso emergencial da CoronaVac e da vacina de Oxford contra a Covid-19. A decis\u00e3o depende de publica\u00e7\u00e3o no\u00a0Di\u00e1rio Oficial\u00a0e de comunica\u00e7\u00e3o aos laborat\u00f3rios para entrar em vigor. A maioria na dire\u00e7\u00e3o da ag\u00eancia foi alcan\u00e7ada \u00e0s 14h54, quando o diretor Alex [&hellip;]","og_url":"https:\/\/aconteceunovale.com.br\/portal\/?p=172382","og_site_name":"Aconteceu no Vale","article_publisher":"https:\/\/www.facebook.com\/aconteceunovale\/","article_published_time":"2021-01-17T18:58:15+00:00","article_modified_time":"2021-01-17T21:44:49+00:00","og_image":[{"width":678,"height":406,"url":"https:\/\/aconteceunovale.com.br\/portal\/wp-content\/uploads\/2021\/01\/aprovacao_vacina_anvisa.jpg","type":"image\/jpeg"}],"author":"Reda\u00e7\u00e3o Aconteceu no Vale","twitter_card":"summary_large_image","twitter_creator":"@noticiadosvales","twitter_site":"@noticiadosvales","twitter_misc":{"Escrito por":"Reda\u00e7\u00e3o Aconteceu no Vale","Est. tempo de leitura":"2 minutos"},"schema":{"@context":"https:\/\/schema.org","@graph":[{"@type":"Article","@id":"https:\/\/aconteceunovale.com.br\/portal\/?p=172382#article","isPartOf":{"@id":"https:\/\/aconteceunovale.com.br\/portal\/?p=172382"},"author":{"name":"Reda\u00e7\u00e3o Aconteceu no Vale","@id":"https:\/\/aconteceunovale.com.br\/portal\/#\/schema\/person\/7d2f26d1483f8a63de73da1ee0754d35"},"headline":"Covid-19: Anvisa autoriza uso emergencial das vacinas de Oxford e do Butantan","datePublished":"2021-01-17T18:58:15+00:00","dateModified":"2021-01-17T21:44:49+00:00","mainEntityOfPage":{"@id":"https:\/\/aconteceunovale.com.br\/portal\/?p=172382"},"wordCount":509,"commentCount":0,"image":{"@id":"https:\/\/aconteceunovale.com.br\/portal\/?p=172382#primaryimage"},"thumbnailUrl":"https:\/\/aconteceunovale.com.br\/portal\/wp-content\/uploads\/2021\/01\/aprovacao_vacina_anvisa.jpg","keywords":["Anvisa","Anvisa certifica farmac\u00eautica que desenvolveu a CoronaVac","Aprova\u00e7\u00e3o de vacina da AstraZeneca","AstraZeneca","AstraZeneca Brazil","Autoriza\u00e7\u00e3o da Coronavac","Autoriza\u00e7\u00e3o da vacina de Oxford","Autoriza\u00e7\u00e3o da vacina do Butantan","Autoriza\u00e7\u00e3o de vacina contra a covid-19","BioNTech SE","Butantan inicia produ\u00e7\u00e3o da CoronaVac","Certifica\u00e7\u00e3o da Coronavac","Certifica\u00e7\u00e3o da f\u00e1brica da Coronavac","ChAdOx1 nCoV-19","Coronav\u00edrus","COVID-19","Covid-19: Anvisa certifica Pfizer","Covid-19: imunizante da AstraZeneca recebe certifica\u00e7\u00e3o da Anvisa","destaque","Diretora do grupo Astrazeneca","Efic\u00e1cia","Efic\u00e1cia da CoronaVac","Efic\u00e1cia da vacina da Pfizer","Efic\u00e1cia da Vacina do Instituto Butantan","Efici\u00eancia da Coronavac","Efici\u00eancia da Vacina do Instituto Butantan","Funda\u00e7\u00e3o Lemann","governador de S\u00e3o Paulo","governo brasileiro","Governo brasileiro anuncia parceria para produ\u00e7\u00e3o de vacina contra Covid-19","Imuniza\u00e7\u00e3o contra o coronav\u00edrus","Instituto Butantan","Jo\u00e3o D\u00f3ria","Jorge Paulo Lemann","Maria Augusta Bernardini","Minist\u00e9rio da Sa\u00fade","Minist\u00e9rio da Sa\u00fade brasileiro anuncia parceria para produ\u00e7\u00e3o de vacina contra Covid-19","Novo coronav\u00edrus","pandemia","Pandemia da covid-19","Pandemia da Covid-19 no Brasil","Pandemia do coronav\u00edrus","Pandemia do coronav\u00edrus no Brasil","Pandemia no Brasil","Parceria para produ\u00e7\u00e3o de vacina contra Covid-19","Parceria para vacina contra Covid-19","Pfizer","Pfizer conclui testes de vacina para Covid-19","Pfizer Inc","Produ\u00e7\u00e3o da CoronaVac","Produ\u00e7\u00e3o da CoronaVac no Brasil","Produ\u00e7\u00e3o da CoronaVac no Instituto Butantan","Produ\u00e7\u00e3o de vacina contra Covid-19","Reino Unido aprova vacina da AstraZeneca","Reino Unido no Brasil","Sinovac","Teste da Vacina ChAdOx1 nCoV-19","Testes com vacina contra Covid-19 come\u00e7am em S\u00e3o Paulo","Unifesp","Universidade de Oxford","vacina","Vacina ChAdOx1 nCoV-19","Vacina contra coronav\u00edrus","Vacina contra coronav\u00edrus da Pfizer","Vacina contra covid-19","Vacina contra covid-19 da Pfizer","Vacina da AstraZeneca \u00e9 aprovada no Reino Unido","Vacina da Pfizer","Vacina do Instituto Butantan","Vacina do Instituto Butantan atinge 100% de efic\u00e1cia para casos moderados e graves","Vacina para coronav\u00edrus da Pfizer","Vacina para covid-19 da Pfizer","Vacina\u00e7\u00e3o contra o coronav\u00edrus","vacinas","Vijay Rangarajan"],"articleSection":["Brasil","Mundo","Sa\u00fade"],"inLanguage":"pt-BR","potentialAction":[{"@type":"CommentAction","name":"Comment","target":["https:\/\/aconteceunovale.com.br\/portal\/?p=172382#respond"]}]},{"@type":"WebPage","@id":"https:\/\/aconteceunovale.com.br\/portal\/?p=172382","url":"https:\/\/aconteceunovale.com.br\/portal\/?p=172382","name":"Covid-19: Anvisa autoriza uso emergencial das vacinas de Oxford e do Butantan - Aconteceu no Vale","isPartOf":{"@id":"https:\/\/aconteceunovale.com.br\/portal\/#website"},"primaryImageOfPage":{"@id":"https:\/\/aconteceunovale.com.br\/portal\/?p=172382#primaryimage"},"image":{"@id":"https:\/\/aconteceunovale.com.br\/portal\/?p=172382#primaryimage"},"thumbnailUrl":"https:\/\/aconteceunovale.com.br\/portal\/wp-content\/uploads\/2021\/01\/aprovacao_vacina_anvisa.jpg","datePublished":"2021-01-17T18:58:15+00:00","dateModified":"2021-01-17T21:44:49+00:00","author":{"@id":"https:\/\/aconteceunovale.com.br\/portal\/#\/schema\/person\/7d2f26d1483f8a63de73da1ee0754d35"},"breadcrumb":{"@id":"https:\/\/aconteceunovale.com.br\/portal\/?p=172382#breadcrumb"},"inLanguage":"pt-BR","potentialAction":[{"@type":"ReadAction","target":["https:\/\/aconteceunovale.com.br\/portal\/?p=172382"]}]},{"@type":"ImageObject","inLanguage":"pt-BR","@id":"https:\/\/aconteceunovale.com.br\/portal\/?p=172382#primaryimage","url":"https:\/\/aconteceunovale.com.br\/portal\/wp-content\/uploads\/2021\/01\/aprovacao_vacina_anvisa.jpg","contentUrl":"https:\/\/aconteceunovale.com.br\/portal\/wp-content\/uploads\/2021\/01\/aprovacao_vacina_anvisa.jpg","width":678,"height":406,"caption":"Reuni\u00e3o extraordin\u00e1ria da Diretoria Colegiada da Anvisa de 17\/1\/2021Reuni\u00e3o extraordin\u00e1ria da Diretoria Colegiada da Anvisa de 17\/1\/2021"},{"@type":"BreadcrumbList","@id":"https:\/\/aconteceunovale.com.br\/portal\/?p=172382#breadcrumb","itemListElement":[{"@type":"ListItem","position":1,"name":"In\u00edcio","item":"https:\/\/aconteceunovale.com.br\/portal\/"},{"@type":"ListItem","position":2,"name":"Covid-19: Anvisa autoriza uso emergencial das vacinas de Oxford e do Butantan"}]},{"@type":"WebSite","@id":"https:\/\/aconteceunovale.com.br\/portal\/#website","url":"https:\/\/aconteceunovale.com.br\/portal\/","name":"Aconteceu no Vale","description":"Portal de Not\u00edcias","potentialAction":[{"@type":"SearchAction","target":{"@type":"EntryPoint","urlTemplate":"https:\/\/aconteceunovale.com.br\/portal\/?s={search_term_string}"},"query-input":{"@type":"PropertyValueSpecification","valueRequired":true,"valueName":"search_term_string"}}],"inLanguage":"pt-BR"},{"@type":"Person","@id":"https:\/\/aconteceunovale.com.br\/portal\/#\/schema\/person\/7d2f26d1483f8a63de73da1ee0754d35","name":"Reda\u00e7\u00e3o Aconteceu no Vale","description":"Equipe de reportagem do Aconteceu no Vale, portal de not\u00edcias do Vale do Jequitinhonha, em Minas Gerais. Cobrimos as 51 cidades do Vale desde 2013. Sugest\u00f5es de pauta e pedidos de corre\u00e7\u00e3o: contato@aconteceunovale.com.br","url":"https:\/\/aconteceunovale.com.br\/portal\/?author=4"}]}},"_links":{"self":[{"href":"https:\/\/aconteceunovale.com.br\/portal\/index.php?rest_route=\/wp\/v2\/posts\/172382","targetHints":{"allow":["GET"]}}],"collection":[{"href":"https:\/\/aconteceunovale.com.br\/portal\/index.php?rest_route=\/wp\/v2\/posts"}],"about":[{"href":"https:\/\/aconteceunovale.com.br\/portal\/index.php?rest_route=\/wp\/v2\/types\/post"}],"author":[{"embeddable":true,"href":"https:\/\/aconteceunovale.com.br\/portal\/index.php?rest_route=\/wp\/v2\/users\/4"}],"replies":[{"embeddable":true,"href":"https:\/\/aconteceunovale.com.br\/portal\/index.php?rest_route=%2Fwp%2Fv2%2Fcomments&post=172382"}],"version-history":[{"count":2,"href":"https:\/\/aconteceunovale.com.br\/portal\/index.php?rest_route=\/wp\/v2\/posts\/172382\/revisions"}],"predecessor-version":[{"id":172416,"href":"https:\/\/aconteceunovale.com.br\/portal\/index.php?rest_route=\/wp\/v2\/posts\/172382\/revisions\/172416"}],"wp:featuredmedia":[{"embeddable":true,"href":"https:\/\/aconteceunovale.com.br\/portal\/index.php?rest_route=\/wp\/v2\/media\/172384"}],"wp:attachment":[{"href":"https:\/\/aconteceunovale.com.br\/portal\/index.php?rest_route=%2Fwp%2Fv2%2Fmedia&parent=172382"}],"wp:term":[{"taxonomy":"category","embeddable":true,"href":"https:\/\/aconteceunovale.com.br\/portal\/index.php?rest_route=%2Fwp%2Fv2%2Fcategories&post=172382"},{"taxonomy":"post_tag","embeddable":true,"href":"https:\/\/aconteceunovale.com.br\/portal\/index.php?rest_route=%2Fwp%2Fv2%2Ftags&post=172382"}],"curies":[{"name":"wp","href":"https:\/\/api.w.org\/{rel}","templated":true}]}}