{"id":17234,"date":"2013-12-30T18:31:04","date_gmt":"2013-12-30T20:31:04","guid":{"rendered":"http:\/\/aconteceunovale.com.br\/portal\/?p=17234"},"modified":"2013-12-30T18:34:10","modified_gmt":"2013-12-30T20:34:10","slug":"apenas-12-das-51-cidades-que-decretaram-situacao-de-emergencia-ja-receberam-o-cartao-desastre","status":"publish","type":"post","link":"https:\/\/aconteceunovale.com.br\/portal\/?p=17234","title":{"rendered":"Apenas 12 das 51 cidades que decretaram situa\u00e7\u00e3o de emerg\u00eancia j\u00e1 receberam o &#8220;cart\u00e3o desastre&#8221;"},"content":{"rendered":"<p>Em coletiva no Pal\u00e1cio Tiradentes, na Cidade Administrativa, na tarde desta segunda (30\/12), o governador Ant\u00f4nio Augusto Anastasia, representantes da Defesa Civil e do Corpo de Bombeiros fizeram um balan\u00e7o geral sobre os danos provocados pelas chuvas no Estado, at\u00e9 o momento e divulgaram as cidades que j\u00e1 foram beneficiadas com o \u201ccart\u00e3o desastre\u201d do governo federal.<\/p>\n<p><img decoding=\"async\" src=\"http:\/\/aconteceunovale.com.br\/portal\/wp-content\/uploads\/2013\/12\/itamarandiba_estragos_chuva_6.jpg\" alt=\"\" \/><br \/>\n<em>Itamarandiba \u00e9 uma das cidades que j\u00e1 foram beneficiadas.<\/em><\/p>\n<p>Segundo o governo estadual, das 51 cidades que decretaram situa\u00e7\u00e3o de emerg\u00eancia, 12 (Santos Dumont, Sardo\u00e1, Mantena, Ub\u00e1, Frei Inoc\u00eancio, Tim\u00f3teo, Conselheiro Pena, Cara\u00ed, Malacacheta, Capit\u00e3o En\u00e9as, Governador Valadares e Itamarandiba) j\u00e1 receberam o cart\u00e3o da Defesa Civil, com recursos federais para gastos imediatos de reparos dos danos provocados pela chuva.<\/p>\n<p>Ap\u00f3s a posse do cart\u00e3o, o dinheiro \u00e9 liberado para os munic\u00edpios em at\u00e9 24h. No \u00faltimo s\u00e1bado (28\/12), a Defesa Civil estadual se reuniu em Governador Valadares com representantes de 44 cidades para orientar sobre a documenta\u00e7\u00e3o necess\u00e1ria para se conseguir o cart\u00e3o com recursos emergenciais. <em>As informa\u00e7\u00f5es s\u00e3o do Jornal O Tempo.<\/em><\/p>\n","protected":false},"excerpt":{"rendered":"<p>Em coletiva no Pal\u00e1cio Tiradentes, na Cidade Administrativa, na tarde desta segunda (30\/12), o governador Ant\u00f4nio Augusto Anastasia, representantes da Defesa Civil e do Corpo de Bombeiros fizeram um balan\u00e7o geral sobre os danos provocados pelas chuvas no Estado, at\u00e9 o momento e divulgaram as cidades que j\u00e1 foram beneficiadas com o \u201ccart\u00e3o desastre\u201d do [&hellip;]<\/p>\n","protected":false},"author":1,"featured_media":0,"comment_status":"open","ping_status":"closed","sticky":false,"template":"","format":"standard","meta":{"amp_status":"","footnotes":""},"categories":[123],"tags":[2279,1429,490,2204,282,290,247,149,226,1516,1530,325,1105,219],"class_list":["post-17234","post","type-post","status-publish","format-standard","hentry","category-gerais","tag-apenas-12-das-51-cidades-que-decretaram-situacao-de-emergencia-ja-receberam-o-cartao-desastre","tag-capitao-eneas","tag-carai","tag-cartao-desastre","tag-conselheiro-pena","tag-frei-inocencio","tag-governador-valadares","tag-itamarandiba","tag-malacacheta","tag-mantena","tag-santos-dumont","tag-sardoa","tag-timoteo","tag-uba"],"_links":{"self":[{"href":"https:\/\/aconteceunovale.com.br\/portal\/index.php?rest_route=\/wp\/v2\/posts\/17234","targetHints":{"allow":["GET"]}}],"collection":[{"href":"https:\/\/aconteceunovale.com.br\/portal\/index.php?rest_route=\/wp\/v2\/posts"}],"about":[{"href":"https:\/\/aconteceunovale.com.br\/portal\/index.php?rest_route=\/wp\/v2\/types\/post"}],"author":[{"embeddable":true,"href":"https:\/\/aconteceunovale.com.br\/portal\/index.php?rest_route=\/wp\/v2\/users\/1"}],"replies":[{"embeddable":true,"href":"https:\/\/aconteceunovale.com.br\/portal\/index.php?rest_route=%2Fwp%2Fv2%2Fcomments&post=17234"}],"version-history":[{"count":0,"href":"https:\/\/aconteceunovale.com.br\/portal\/index.php?rest_route=\/wp\/v2\/posts\/17234\/revisions"}],"wp:attachment":[{"href":"https:\/\/aconteceunovale.com.br\/portal\/index.php?rest_route=%2Fwp%2Fv2%2Fmedia&parent=17234"}],"wp:term":[{"taxonomy":"category","embeddable":true,"href":"https:\/\/aconteceunovale.com.br\/portal\/index.php?rest_route=%2Fwp%2Fv2%2Fcategories&post=17234"},{"taxonomy":"post_tag","embeddable":true,"href":"https:\/\/aconteceunovale.com.br\/portal\/index.php?rest_route=%2Fwp%2Fv2%2Ftags&post=17234"}],"curies":[{"name":"wp","href":"https:\/\/api.w.org\/{rel}","templated":true}]}}