{"id":172152,"date":"2021-01-11T11:22:09","date_gmt":"2021-01-11T14:22:09","guid":{"rendered":"https:\/\/aconteceunovale.com.br\/portal\/?p=172152"},"modified":"2021-01-11T11:23:01","modified_gmt":"2021-01-11T14:23:01","slug":"crianca-morre-em-acidente-no-municipio-de-pintopolis-no-norte-de-minas","status":"publish","type":"post","link":"https:\/\/aconteceunovale.com.br\/portal\/?p=172152","title":{"rendered":"Crian\u00e7a morre em acidente no munic\u00edpio de Pint\u00f3polis, no Norte de Minas"},"content":{"rendered":"\n<p class=\"wp-block-paragraph\">Uma crian\u00e7a de quatro anos morreu em acidente no munic\u00edpio de Pint\u00f3polis, no Norte de Minas, nesse domingo (10\/1\/2021). Segundo informa\u00e7\u00f5es da Pol\u00edcia Militar (PM), o motorista do carro em que a v\u00edtima estava disse que seguia para o Assentamento Alvorada, na zona rural, quando perdeu o controle da dire\u00e7\u00e3o e capotou.<\/p>\n\n\n\n<p class=\"wp-block-paragraph\">O menino estava no banco traseiro, sem a cadeirinha, e foi arremessado. De acordo com o Samu, ele teve traumatismo craniano e morreu no local.<\/p>\n\n\n\n<p class=\"wp-block-paragraph\">A m\u00e3e da crian\u00e7a tamb\u00e9m estava no carro e sofreu ferimentos leves. Ela foi socorrida em estado de choque e levada para o hospital de S\u00e3o Francisco. O condutor era padrasto da crian\u00e7a.<\/p>\n\n\n\n<p class=\"wp-block-paragraph\">Ainda segundo o Samu, o motorista sofreu apenas escoria\u00e7\u00f5es e uma outra passageira, gestante de 23 semanas, n\u00e3o apresentava ferimentos e estava consciente. Ela tamb\u00e9m foi levada para o hospital.<\/p>\n\n\n\n<p class=\"wp-block-paragraph\">A Pol\u00edcia Militar informou que o motorista do carro, de 26 anos, era inabilitado e foi conduzido \u00e0 Delegacia de Janu\u00e1ria. O autom\u00f3vel teve danos generalizados e foi removido para o p\u00e1tio credenciado ao Detran. O caso deve ser investigado pela Pol\u00edcia Civil.<\/p>\n\n\n\n<p class=\"has-white-color has-black-background-color has-text-color has-background wp-block-paragraph\">Quer saber as not\u00edcias do <strong>Aconteceu no Vale<\/strong> em primeira m\u00e3o? Siga-nos no Facebook <a rel=\"noreferrer noopener\" href=\"http:\/\/facebook.com\/aconteceunovale\" target=\"_blank\">@aconteceunovale<\/a>, Twitter <a rel=\"noreferrer noopener\" href=\"https:\/\/twitter.com\/noticiadosvales\" target=\"_blank\">@noticiadosvales<\/a> e Instagram <a rel=\"noreferrer noopener\" href=\"https:\/\/www.instagram.com\/aconteceunovale\" target=\"_blank\">@aconteceunovale<\/a>.<\/p>\n","protected":false},"excerpt":{"rendered":"<p>Uma crian\u00e7a de quatro anos morreu em acidente no munic\u00edpio de Pint\u00f3polis, no Norte de Minas, nesse domingo (10\/1\/2021). Segundo informa\u00e7\u00f5es da Pol\u00edcia Militar (PM), o motorista do carro em que a v\u00edtima estava disse que seguia para o Assentamento Alvorada, na zona rural, quando perdeu o controle da dire\u00e7\u00e3o e capotou. O menino estava [&hellip;]<\/p>\n","protected":false},"author":4,"featured_media":151866,"comment_status":"open","ping_status":"closed","sticky":false,"template":"","format":"standard","meta":{"amp_status":"","footnotes":""},"categories":[1236],"tags":[234581,61025,234580,234578,234579,234577,205,234582,1710],"class_list":["post-172152","post","type-post","status-publish","format-standard","has-post-thumbnail","hentry","category-norte_de_minas","tag-acidente-com-crianca-em-pintopolis","tag-acidente-em-pintopolis","tag-acidente-na-regiao-de-januaria","tag-acidente-na-zona-rural-de-pintopolis","tag-acidente-no-municipio-de-pintopolis","tag-crianca-morre-em-acidente-no-municipio-de-pintopolis","tag-januaria","tag-morte-de-crianca-em-acidente-em-pintopolis","tag-pintopolis"],"yoast_head":"<!-- This site is optimized with the Yoast SEO plugin v28.3 - https:\/\/yoast.com\/product\/yoast-seo-wordpress\/ -->\n<title>Crian\u00e7a morre em acidente no munic\u00edpio de Pint\u00f3polis, no Norte de Minas - Aconteceu no Vale<\/title>\n<meta name=\"robots\" content=\"index, follow, max-snippet:-1, max-image-preview:large, max-video-preview:-1\" \/>\n<link rel=\"canonical\" href=\"https:\/\/aconteceunovale.com.br\/portal\/?p=172152\" \/>\n<meta property=\"og:locale\" content=\"pt_BR\" \/>\n<meta property=\"og:type\" content=\"article\" \/>\n<meta property=\"og:title\" content=\"Crian\u00e7a morre em acidente no munic\u00edpio de Pint\u00f3polis, no Norte de Minas - Aconteceu no Vale\" \/>\n<meta property=\"og:description\" content=\"Uma crian\u00e7a de quatro anos morreu em acidente no munic\u00edpio de Pint\u00f3polis, no Norte de Minas, nesse domingo (10\/1\/2021). Segundo informa\u00e7\u00f5es da Pol\u00edcia Militar (PM), o motorista do carro em que a v\u00edtima estava disse que seguia para o Assentamento Alvorada, na zona rural, quando perdeu o controle da dire\u00e7\u00e3o e capotou. O menino estava [&hellip;]\" \/>\n<meta property=\"og:url\" content=\"https:\/\/aconteceunovale.com.br\/portal\/?p=172152\" \/>\n<meta property=\"og:site_name\" content=\"Aconteceu no Vale\" \/>\n<meta property=\"article:publisher\" content=\"https:\/\/www.facebook.com\/aconteceunovale\/\" \/>\n<meta property=\"article:published_time\" content=\"2021-01-11T14:22:09+00:00\" \/>\n<meta property=\"article:modified_time\" content=\"2021-01-11T14:23:01+00:00\" \/>\n<meta property=\"og:image\" content=\"https:\/\/aconteceunovale.com.br\/portal\/wp-content\/uploads\/2019\/08\/plantao_giroflex.jpg\" \/>\n\t<meta property=\"og:image:width\" content=\"678\" \/>\n\t<meta property=\"og:image:height\" content=\"430\" \/>\n\t<meta property=\"og:image:type\" content=\"image\/jpeg\" \/>\n<meta name=\"author\" content=\"Reda\u00e7\u00e3o Aconteceu no Vale\" \/>\n<meta name=\"twitter:card\" content=\"summary_large_image\" \/>\n<meta name=\"twitter:creator\" content=\"@noticiadosvales\" \/>\n<meta name=\"twitter:site\" content=\"@noticiadosvales\" \/>\n<meta name=\"twitter:label1\" content=\"Escrito por\" \/>\n\t<meta name=\"twitter:data1\" content=\"Reda\u00e7\u00e3o Aconteceu no Vale\" \/>\n\t<meta name=\"twitter:label2\" content=\"Est. tempo de leitura\" \/>\n\t<meta name=\"twitter:data2\" content=\"1 minuto\" \/>\n<script type=\"application\/ld+json\" class=\"yoast-schema-graph\">{\"@context\":\"https:\\\/\\\/schema.org\",\"@graph\":[{\"@type\":\"Article\",\"@id\":\"https:\\\/\\\/aconteceunovale.com.br\\\/portal\\\/?p=172152#article\",\"isPartOf\":{\"@id\":\"https:\\\/\\\/aconteceunovale.com.br\\\/portal\\\/?p=172152\"},\"author\":{\"name\":\"Reda\u00e7\u00e3o Aconteceu no Vale\",\"@id\":\"https:\\\/\\\/aconteceunovale.com.br\\\/portal\\\/#\\\/schema\\\/person\\\/7d2f26d1483f8a63de73da1ee0754d35\"},\"headline\":\"Crian\u00e7a morre em acidente no munic\u00edpio de Pint\u00f3polis, no Norte de Minas\",\"datePublished\":\"2021-01-11T14:22:09+00:00\",\"dateModified\":\"2021-01-11T14:23:01+00:00\",\"mainEntityOfPage\":{\"@id\":\"https:\\\/\\\/aconteceunovale.com.br\\\/portal\\\/?p=172152\"},\"wordCount\":236,\"commentCount\":0,\"image\":{\"@id\":\"https:\\\/\\\/aconteceunovale.com.br\\\/portal\\\/?p=172152#primaryimage\"},\"thumbnailUrl\":\"https:\\\/\\\/aconteceunovale.com.br\\\/portal\\\/wp-content\\\/uploads\\\/2019\\\/08\\\/plantao_giroflex.jpg\",\"keywords\":[\"Acidente com crian\u00e7a em Pint\u00f3polis\",\"acidente em Pint\u00f3polis\",\"Acidente na regi\u00e3o de Janu\u00e1ria\",\"Acidente na zona rural de Pint\u00f3polis\",\"Acidente no munic\u00edpio de Pint\u00f3polis\",\"Crian\u00e7a morre em acidente no munic\u00edpio de Pint\u00f3polis\",\"Janu\u00e1ria\",\"Morte de crian\u00e7a em acidente em Pint\u00f3polis\",\"Pint\u00f3polis\"],\"articleSection\":[\"Norte de Minas\"],\"inLanguage\":\"pt-BR\",\"potentialAction\":[{\"@type\":\"CommentAction\",\"name\":\"Comment\",\"target\":[\"https:\\\/\\\/aconteceunovale.com.br\\\/portal\\\/?p=172152#respond\"]}]},{\"@type\":\"WebPage\",\"@id\":\"https:\\\/\\\/aconteceunovale.com.br\\\/portal\\\/?p=172152\",\"url\":\"https:\\\/\\\/aconteceunovale.com.br\\\/portal\\\/?p=172152\",\"name\":\"Crian\u00e7a morre em acidente no munic\u00edpio de Pint\u00f3polis, no Norte de Minas - Aconteceu no Vale\",\"isPartOf\":{\"@id\":\"https:\\\/\\\/aconteceunovale.com.br\\\/portal\\\/#website\"},\"primaryImageOfPage\":{\"@id\":\"https:\\\/\\\/aconteceunovale.com.br\\\/portal\\\/?p=172152#primaryimage\"},\"image\":{\"@id\":\"https:\\\/\\\/aconteceunovale.com.br\\\/portal\\\/?p=172152#primaryimage\"},\"thumbnailUrl\":\"https:\\\/\\\/aconteceunovale.com.br\\\/portal\\\/wp-content\\\/uploads\\\/2019\\\/08\\\/plantao_giroflex.jpg\",\"datePublished\":\"2021-01-11T14:22:09+00:00\",\"dateModified\":\"2021-01-11T14:23:01+00:00\",\"author\":{\"@id\":\"https:\\\/\\\/aconteceunovale.com.br\\\/portal\\\/#\\\/schema\\\/person\\\/7d2f26d1483f8a63de73da1ee0754d35\"},\"breadcrumb\":{\"@id\":\"https:\\\/\\\/aconteceunovale.com.br\\\/portal\\\/?p=172152#breadcrumb\"},\"inLanguage\":\"pt-BR\",\"potentialAction\":[{\"@type\":\"ReadAction\",\"target\":[\"https:\\\/\\\/aconteceunovale.com.br\\\/portal\\\/?p=172152\"]}]},{\"@type\":\"ImageObject\",\"inLanguage\":\"pt-BR\",\"@id\":\"https:\\\/\\\/aconteceunovale.com.br\\\/portal\\\/?p=172152#primaryimage\",\"url\":\"https:\\\/\\\/aconteceunovale.com.br\\\/portal\\\/wp-content\\\/uploads\\\/2019\\\/08\\\/plantao_giroflex.jpg\",\"contentUrl\":\"https:\\\/\\\/aconteceunovale.com.br\\\/portal\\\/wp-content\\\/uploads\\\/2019\\\/08\\\/plantao_giroflex.jpg\",\"width\":678,\"height\":430},{\"@type\":\"BreadcrumbList\",\"@id\":\"https:\\\/\\\/aconteceunovale.com.br\\\/portal\\\/?p=172152#breadcrumb\",\"itemListElement\":[{\"@type\":\"ListItem\",\"position\":1,\"name\":\"In\u00edcio\",\"item\":\"https:\\\/\\\/aconteceunovale.com.br\\\/portal\\\/\"},{\"@type\":\"ListItem\",\"position\":2,\"name\":\"Crian\u00e7a morre em acidente no munic\u00edpio de Pint\u00f3polis, no Norte de Minas\"}]},{\"@type\":\"WebSite\",\"@id\":\"https:\\\/\\\/aconteceunovale.com.br\\\/portal\\\/#website\",\"url\":\"https:\\\/\\\/aconteceunovale.com.br\\\/portal\\\/\",\"name\":\"Aconteceu no Vale\",\"description\":\"Portal de Not\u00edcias\",\"potentialAction\":[{\"@type\":\"SearchAction\",\"target\":{\"@type\":\"EntryPoint\",\"urlTemplate\":\"https:\\\/\\\/aconteceunovale.com.br\\\/portal\\\/?s={search_term_string}\"},\"query-input\":{\"@type\":\"PropertyValueSpecification\",\"valueRequired\":true,\"valueName\":\"search_term_string\"}}],\"inLanguage\":\"pt-BR\"},{\"@type\":\"Person\",\"@id\":\"https:\\\/\\\/aconteceunovale.com.br\\\/portal\\\/#\\\/schema\\\/person\\\/7d2f26d1483f8a63de73da1ee0754d35\",\"name\":\"Reda\u00e7\u00e3o Aconteceu no Vale\",\"description\":\"Equipe de reportagem do Aconteceu no Vale, portal de not\u00edcias do Vale do Jequitinhonha, em Minas Gerais. Cobrimos as 51 cidades do Vale desde 2013. Sugest\u00f5es de pauta e pedidos de corre\u00e7\u00e3o: contato@aconteceunovale.com.br\",\"url\":\"https:\\\/\\\/aconteceunovale.com.br\\\/portal\\\/?author=4\"}]}<\/script>\n<!-- \/ Yoast SEO plugin. -->","yoast_head_json":{"title":"Crian\u00e7a morre em acidente no munic\u00edpio de Pint\u00f3polis, no Norte de Minas - Aconteceu no Vale","robots":{"index":"index","follow":"follow","max-snippet":"max-snippet:-1","max-image-preview":"max-image-preview:large","max-video-preview":"max-video-preview:-1"},"canonical":"https:\/\/aconteceunovale.com.br\/portal\/?p=172152","og_locale":"pt_BR","og_type":"article","og_title":"Crian\u00e7a morre em acidente no munic\u00edpio de Pint\u00f3polis, no Norte de Minas - Aconteceu no Vale","og_description":"Uma crian\u00e7a de quatro anos morreu em acidente no munic\u00edpio de Pint\u00f3polis, no Norte de Minas, nesse domingo (10\/1\/2021). Segundo informa\u00e7\u00f5es da Pol\u00edcia Militar (PM), o motorista do carro em que a v\u00edtima estava disse que seguia para o Assentamento Alvorada, na zona rural, quando perdeu o controle da dire\u00e7\u00e3o e capotou. O menino estava [&hellip;]","og_url":"https:\/\/aconteceunovale.com.br\/portal\/?p=172152","og_site_name":"Aconteceu no Vale","article_publisher":"https:\/\/www.facebook.com\/aconteceunovale\/","article_published_time":"2021-01-11T14:22:09+00:00","article_modified_time":"2021-01-11T14:23:01+00:00","og_image":[{"width":678,"height":430,"url":"https:\/\/aconteceunovale.com.br\/portal\/wp-content\/uploads\/2019\/08\/plantao_giroflex.jpg","type":"image\/jpeg"}],"author":"Reda\u00e7\u00e3o Aconteceu no Vale","twitter_card":"summary_large_image","twitter_creator":"@noticiadosvales","twitter_site":"@noticiadosvales","twitter_misc":{"Escrito por":"Reda\u00e7\u00e3o Aconteceu no Vale","Est. tempo de leitura":"1 minuto"},"schema":{"@context":"https:\/\/schema.org","@graph":[{"@type":"Article","@id":"https:\/\/aconteceunovale.com.br\/portal\/?p=172152#article","isPartOf":{"@id":"https:\/\/aconteceunovale.com.br\/portal\/?p=172152"},"author":{"name":"Reda\u00e7\u00e3o Aconteceu no Vale","@id":"https:\/\/aconteceunovale.com.br\/portal\/#\/schema\/person\/7d2f26d1483f8a63de73da1ee0754d35"},"headline":"Crian\u00e7a morre em acidente no munic\u00edpio de Pint\u00f3polis, no Norte de Minas","datePublished":"2021-01-11T14:22:09+00:00","dateModified":"2021-01-11T14:23:01+00:00","mainEntityOfPage":{"@id":"https:\/\/aconteceunovale.com.br\/portal\/?p=172152"},"wordCount":236,"commentCount":0,"image":{"@id":"https:\/\/aconteceunovale.com.br\/portal\/?p=172152#primaryimage"},"thumbnailUrl":"https:\/\/aconteceunovale.com.br\/portal\/wp-content\/uploads\/2019\/08\/plantao_giroflex.jpg","keywords":["Acidente com crian\u00e7a em Pint\u00f3polis","acidente em Pint\u00f3polis","Acidente na regi\u00e3o de Janu\u00e1ria","Acidente na zona rural de Pint\u00f3polis","Acidente no munic\u00edpio de Pint\u00f3polis","Crian\u00e7a morre em acidente no munic\u00edpio de Pint\u00f3polis","Janu\u00e1ria","Morte de crian\u00e7a em acidente em Pint\u00f3polis","Pint\u00f3polis"],"articleSection":["Norte de Minas"],"inLanguage":"pt-BR","potentialAction":[{"@type":"CommentAction","name":"Comment","target":["https:\/\/aconteceunovale.com.br\/portal\/?p=172152#respond"]}]},{"@type":"WebPage","@id":"https:\/\/aconteceunovale.com.br\/portal\/?p=172152","url":"https:\/\/aconteceunovale.com.br\/portal\/?p=172152","name":"Crian\u00e7a morre em acidente no munic\u00edpio de Pint\u00f3polis, no Norte de Minas - Aconteceu no Vale","isPartOf":{"@id":"https:\/\/aconteceunovale.com.br\/portal\/#website"},"primaryImageOfPage":{"@id":"https:\/\/aconteceunovale.com.br\/portal\/?p=172152#primaryimage"},"image":{"@id":"https:\/\/aconteceunovale.com.br\/portal\/?p=172152#primaryimage"},"thumbnailUrl":"https:\/\/aconteceunovale.com.br\/portal\/wp-content\/uploads\/2019\/08\/plantao_giroflex.jpg","datePublished":"2021-01-11T14:22:09+00:00","dateModified":"2021-01-11T14:23:01+00:00","author":{"@id":"https:\/\/aconteceunovale.com.br\/portal\/#\/schema\/person\/7d2f26d1483f8a63de73da1ee0754d35"},"breadcrumb":{"@id":"https:\/\/aconteceunovale.com.br\/portal\/?p=172152#breadcrumb"},"inLanguage":"pt-BR","potentialAction":[{"@type":"ReadAction","target":["https:\/\/aconteceunovale.com.br\/portal\/?p=172152"]}]},{"@type":"ImageObject","inLanguage":"pt-BR","@id":"https:\/\/aconteceunovale.com.br\/portal\/?p=172152#primaryimage","url":"https:\/\/aconteceunovale.com.br\/portal\/wp-content\/uploads\/2019\/08\/plantao_giroflex.jpg","contentUrl":"https:\/\/aconteceunovale.com.br\/portal\/wp-content\/uploads\/2019\/08\/plantao_giroflex.jpg","width":678,"height":430},{"@type":"BreadcrumbList","@id":"https:\/\/aconteceunovale.com.br\/portal\/?p=172152#breadcrumb","itemListElement":[{"@type":"ListItem","position":1,"name":"In\u00edcio","item":"https:\/\/aconteceunovale.com.br\/portal\/"},{"@type":"ListItem","position":2,"name":"Crian\u00e7a morre em acidente no munic\u00edpio de Pint\u00f3polis, no Norte de Minas"}]},{"@type":"WebSite","@id":"https:\/\/aconteceunovale.com.br\/portal\/#website","url":"https:\/\/aconteceunovale.com.br\/portal\/","name":"Aconteceu no Vale","description":"Portal de Not\u00edcias","potentialAction":[{"@type":"SearchAction","target":{"@type":"EntryPoint","urlTemplate":"https:\/\/aconteceunovale.com.br\/portal\/?s={search_term_string}"},"query-input":{"@type":"PropertyValueSpecification","valueRequired":true,"valueName":"search_term_string"}}],"inLanguage":"pt-BR"},{"@type":"Person","@id":"https:\/\/aconteceunovale.com.br\/portal\/#\/schema\/person\/7d2f26d1483f8a63de73da1ee0754d35","name":"Reda\u00e7\u00e3o Aconteceu no Vale","description":"Equipe de reportagem do Aconteceu no Vale, portal de not\u00edcias do Vale do Jequitinhonha, em Minas Gerais. Cobrimos as 51 cidades do Vale desde 2013. Sugest\u00f5es de pauta e pedidos de corre\u00e7\u00e3o: contato@aconteceunovale.com.br","url":"https:\/\/aconteceunovale.com.br\/portal\/?author=4"}]}},"_links":{"self":[{"href":"https:\/\/aconteceunovale.com.br\/portal\/index.php?rest_route=\/wp\/v2\/posts\/172152","targetHints":{"allow":["GET"]}}],"collection":[{"href":"https:\/\/aconteceunovale.com.br\/portal\/index.php?rest_route=\/wp\/v2\/posts"}],"about":[{"href":"https:\/\/aconteceunovale.com.br\/portal\/index.php?rest_route=\/wp\/v2\/types\/post"}],"author":[{"embeddable":true,"href":"https:\/\/aconteceunovale.com.br\/portal\/index.php?rest_route=\/wp\/v2\/users\/4"}],"replies":[{"embeddable":true,"href":"https:\/\/aconteceunovale.com.br\/portal\/index.php?rest_route=%2Fwp%2Fv2%2Fcomments&post=172152"}],"version-history":[{"count":1,"href":"https:\/\/aconteceunovale.com.br\/portal\/index.php?rest_route=\/wp\/v2\/posts\/172152\/revisions"}],"predecessor-version":[{"id":172153,"href":"https:\/\/aconteceunovale.com.br\/portal\/index.php?rest_route=\/wp\/v2\/posts\/172152\/revisions\/172153"}],"wp:featuredmedia":[{"embeddable":true,"href":"https:\/\/aconteceunovale.com.br\/portal\/index.php?rest_route=\/wp\/v2\/media\/151866"}],"wp:attachment":[{"href":"https:\/\/aconteceunovale.com.br\/portal\/index.php?rest_route=%2Fwp%2Fv2%2Fmedia&parent=172152"}],"wp:term":[{"taxonomy":"category","embeddable":true,"href":"https:\/\/aconteceunovale.com.br\/portal\/index.php?rest_route=%2Fwp%2Fv2%2Fcategories&post=172152"},{"taxonomy":"post_tag","embeddable":true,"href":"https:\/\/aconteceunovale.com.br\/portal\/index.php?rest_route=%2Fwp%2Fv2%2Ftags&post=172152"}],"curies":[{"name":"wp","href":"https:\/\/api.w.org\/{rel}","templated":true}]}}