{"id":172131,"date":"2021-01-10T23:11:37","date_gmt":"2021-01-11T02:11:37","guid":{"rendered":"https:\/\/aconteceunovale.com.br\/portal\/?p=172131"},"modified":"2021-01-10T23:12:47","modified_gmt":"2021-01-11T02:12:47","slug":"coronel-do-corpo-de-bombeiros-e-mulher-sao-encontrados-mortos-em-apartamento","status":"publish","type":"post","link":"https:\/\/aconteceunovale.com.br\/portal\/?p=172131","title":{"rendered":"Coronel do Corpo de Bombeiros e mulher s\u00e3o encontrados mortos em apartamento"},"content":{"rendered":"\n<p>O coronel reformado do Corpo de Bombeiros Marcello Tadeu de Souza Brito e sua mulher, Margareth Maria de Castro Brito, foram encontrados mortos na tarde deste domingo (10\/1\/2021) em Juiz de Fora (MG). Os dois apresentavam ferimentos provocados por disparos de armas de fogo.<\/p>\n\n\n\n<p>Em posicionamento oficial, o Corpo de Bombeiros informou que o fato aconteceu em um apartamento na Rua Edgar Quinet, no Bairro Morro da Gl\u00f3ria. A corpora\u00e7\u00e3o esclarece que s\u00f3 se manifestar\u00e1 sobre o teor dos fatos ap\u00f3s per\u00edcia da Pol\u00edcia Civil.<\/p>\n\n\n\n<p>Natural de Diamantina, no Vale do Jequitinhonha, o coronel iniciou sua carreira militar em 1985 e chegou a comandar o terceiro Comando Operacional de Bombeiros (3\u00ba COB), localizado em Juiz de Fora, at\u00e9 2015.<\/p>\n\n\n\n<p>Ele tinha diversas honrarias junto \u00e0 corpora\u00e7\u00e3o e era p\u00f3s-graduado em Seguran\u00e7a P\u00fablica. &#8220;Lamentamos profundamente a perda e prestamos nossa solidariedade e apoio \u00e0 fam\u00edlia, amigos e irm\u00e3os de farda. Rogamos a Deus que conforte os cora\u00e7\u00f5es de todos&#8221;, informou o Corpo de Bombeiros por nota assinada pelo comandante-geral da corpora\u00e7\u00e3o, coronel Edgard Estevo da Silva.<\/p>\n\n\n\n<figure class=\"wp-block-gallery columns-1 is-cropped wp-block-gallery-1 is-layout-flex wp-block-gallery-is-layout-flex\"><ul class=\"blocks-gallery-grid\"><li class=\"blocks-gallery-item\"><figure><img loading=\"lazy\" decoding=\"async\" width=\"820\" height=\"492\" src=\"https:\/\/aconteceunovale.com.br\/portal\/wp-content\/uploads\/2021\/01\/coronel_tadeu.jpg\" alt=\"\" data-id=\"172132\" data-full-url=\"https:\/\/aconteceunovale.com.br\/portal\/wp-content\/uploads\/2021\/01\/coronel_tadeu.jpg\" data-link=\"https:\/\/aconteceunovale.com.br\/portal\/?attachment_id=172132\" class=\"wp-image-172132\" srcset=\"https:\/\/aconteceunovale.com.br\/portal\/wp-content\/uploads\/2021\/01\/coronel_tadeu.jpg 820w, https:\/\/aconteceunovale.com.br\/portal\/wp-content\/uploads\/2021\/01\/coronel_tadeu-300x180.jpg 300w, https:\/\/aconteceunovale.com.br\/portal\/wp-content\/uploads\/2021\/01\/coronel_tadeu-768x461.jpg 768w, https:\/\/aconteceunovale.com.br\/portal\/wp-content\/uploads\/2021\/01\/coronel_tadeu-696x418.jpg 696w, https:\/\/aconteceunovale.com.br\/portal\/wp-content\/uploads\/2021\/01\/coronel_tadeu-700x420.jpg 700w\" sizes=\"auto, (max-width: 820px) 100vw, 820px\" \/><figcaption class=\"blocks-gallery-item__caption\"><em>Coronel Marcello Tadeu de Souza Brito comandou os bombeiros de Juiz de Fora at\u00e9 2015 (Foto: Divulga\u00e7\u00e3o \/ Corpo de Bombeiros)<\/em><\/figcaption><\/figure><\/li><\/ul><\/figure>\n\n\n\n<p class=\"has-white-color has-black-background-color has-text-color has-background\">Quer saber as not\u00edcias do <strong>Aconteceu no Vale<\/strong> em primeira m\u00e3o? Siga-nos no Facebook <a rel=\"noreferrer noopener\" href=\"http:\/\/facebook.com\/aconteceunovale\" target=\"_blank\">@aconteceunovale<\/a>, Twitter <a rel=\"noreferrer noopener\" href=\"https:\/\/twitter.com\/noticiadosvales\" target=\"_blank\">@noticiadosvales<\/a> e Instagram <a rel=\"noreferrer noopener\" href=\"https:\/\/www.instagram.com\/aconteceunovale\" target=\"_blank\">@aconteceunovale<\/a>.<\/p>\n","protected":false},"excerpt":{"rendered":"<p>O coronel reformado do Corpo de Bombeiros Marcello Tadeu de Souza Brito e sua mulher, Margareth Maria de Castro Brito, foram encontrados mortos na tarde deste domingo (10\/1\/2021) em Juiz de Fora (MG). Os dois apresentavam ferimentos provocados por disparos de armas de fogo. Em posicionamento oficial, o Corpo de Bombeiros informou que o fato [&hellip;]<\/p>\n","protected":false},"author":4,"featured_media":172132,"comment_status":"open","ping_status":"closed","sticky":false,"template":"","format":"standard","meta":{"amp_status":"","footnotes":""},"categories":[123],"tags":[234539,198,206,234533,234536,234534,234538,234537,234535],"class_list":["post-172131","post","type-post","status-publish","format-standard","has-post-thumbnail","hentry","category-gerais","tag-coronel-do-corpo-de-bombeiros-e-mulher-sao-encontrados-mortos-em-apartamento","tag-diamantina","tag-juiz-de-fora","tag-marcello-tadeu-de-souza-brito","tag-margareth-maria-de-castro-brito","tag-morre-marcello-tadeu-de-souza-brito","tag-morte-de-coronel-do-corpo-de-bombeiros-em-juiz-de-fora","tag-morte-de-coronel-em-juiz-de-fora","tag-morte-do-coronel-marcello-tadeu-de-souza-brito"],"_links":{"self":[{"href":"https:\/\/aconteceunovale.com.br\/portal\/index.php?rest_route=\/wp\/v2\/posts\/172131","targetHints":{"allow":["GET"]}}],"collection":[{"href":"https:\/\/aconteceunovale.com.br\/portal\/index.php?rest_route=\/wp\/v2\/posts"}],"about":[{"href":"https:\/\/aconteceunovale.com.br\/portal\/index.php?rest_route=\/wp\/v2\/types\/post"}],"author":[{"embeddable":true,"href":"https:\/\/aconteceunovale.com.br\/portal\/index.php?rest_route=\/wp\/v2\/users\/4"}],"replies":[{"embeddable":true,"href":"https:\/\/aconteceunovale.com.br\/portal\/index.php?rest_route=%2Fwp%2Fv2%2Fcomments&post=172131"}],"version-history":[{"count":1,"href":"https:\/\/aconteceunovale.com.br\/portal\/index.php?rest_route=\/wp\/v2\/posts\/172131\/revisions"}],"predecessor-version":[{"id":172133,"href":"https:\/\/aconteceunovale.com.br\/portal\/index.php?rest_route=\/wp\/v2\/posts\/172131\/revisions\/172133"}],"wp:featuredmedia":[{"embeddable":true,"href":"https:\/\/aconteceunovale.com.br\/portal\/index.php?rest_route=\/wp\/v2\/media\/172132"}],"wp:attachment":[{"href":"https:\/\/aconteceunovale.com.br\/portal\/index.php?rest_route=%2Fwp%2Fv2%2Fmedia&parent=172131"}],"wp:term":[{"taxonomy":"category","embeddable":true,"href":"https:\/\/aconteceunovale.com.br\/portal\/index.php?rest_route=%2Fwp%2Fv2%2Fcategories&post=172131"},{"taxonomy":"post_tag","embeddable":true,"href":"https:\/\/aconteceunovale.com.br\/portal\/index.php?rest_route=%2Fwp%2Fv2%2Ftags&post=172131"}],"curies":[{"name":"wp","href":"https:\/\/api.w.org\/{rel}","templated":true}]}}