{"id":172127,"date":"2021-01-10T22:41:43","date_gmt":"2021-01-11T01:41:43","guid":{"rendered":"https:\/\/aconteceunovale.com.br\/portal\/?p=172127"},"modified":"2021-01-10T22:43:07","modified_gmt":"2021-01-11T01:43:07","slug":"covid-19-brasil-tem-2031-mil-obitos-e-81-milhoes-de-casos-acumulados","status":"publish","type":"post","link":"https:\/\/aconteceunovale.com.br\/portal\/?p=172127","title":{"rendered":"Covid-19: Brasil tem 203,1 mil \u00f3bitos e 8,1 milh\u00f5es de casos acumulados"},"content":{"rendered":"\n<p>O balan\u00e7o divulgado neste domingo (10\/1\/2021) pelo Minist\u00e9rio da Sa\u00fade registra 29.792 novos casos de covid-19 confirmados nas \u00faltimas 24 horas, totalizando 8.105.790 pessoas infectadas pela doen\u00e7a desde o in\u00edcio da pandemia.<\/p>\n\n\n\n<p>Segundo o Minist\u00e9rio da Sa\u00fade, de ontem at\u00e9 as 18h de hoje (10), foram confirmadas 469 mortes em decorr\u00eancia de complica\u00e7\u00f5es causadas pelo v\u00edrus. Com isso, o total de pacientes que perderam a vida chega 203,1 mil.<\/p>\n\n\n\n<p>Ainda, de acordo com o minist\u00e9rio, 7.167.651 pessoas (88,4%) j\u00e1 se recuperaram da covid-19. Outras 735.039 (9,1%) est\u00e3o em acompanhamento e 2.603 casos continuam sendo investigados.<\/p>\n\n\n\n<p>O balan\u00e7o do minist\u00e9rio \u00e9 feito a partir de registros reunidos pelas secretarias estaduais de Sa\u00fade e enviados \u00e0 pasta para consolida\u00e7\u00e3o.<\/p>\n\n\n\n<figure class=\"wp-block-image size-large\"><img loading=\"lazy\" decoding=\"async\" width=\"754\" height=\"422\" src=\"https:\/\/aconteceunovale.com.br\/portal\/wp-content\/uploads\/2021\/01\/corona_br_10janeiro.jpg\" alt=\"\" class=\"wp-image-172128\" srcset=\"https:\/\/aconteceunovale.com.br\/portal\/wp-content\/uploads\/2021\/01\/corona_br_10janeiro.jpg 754w, https:\/\/aconteceunovale.com.br\/portal\/wp-content\/uploads\/2021\/01\/corona_br_10janeiro-300x168.jpg 300w, https:\/\/aconteceunovale.com.br\/portal\/wp-content\/uploads\/2021\/01\/corona_br_10janeiro-696x390.jpg 696w, https:\/\/aconteceunovale.com.br\/portal\/wp-content\/uploads\/2021\/01\/corona_br_10janeiro-750x420.jpg 750w\" sizes=\"auto, (max-width: 754px) 100vw, 754px\" \/><\/figure>\n\n\n\n<p class=\"has-white-color has-black-background-color has-text-color has-background\">Quer saber as not\u00edcias do <strong>Aconteceu no Vale<\/strong> em primeira m\u00e3o? Siga-nos no Facebook <a rel=\"noreferrer noopener\" href=\"http:\/\/facebook.com\/aconteceunovale\" target=\"_blank\">@aconteceunovale<\/a>, Twitter <a rel=\"noreferrer noopener\" href=\"https:\/\/twitter.com\/noticiadosvales\" target=\"_blank\">@noticiadosvales<\/a> e Instagram <a rel=\"noreferrer noopener\" href=\"https:\/\/www.instagram.com\/aconteceunovale\" target=\"_blank\">@aconteceunovale<\/a>.<\/p>\n","protected":false},"excerpt":{"rendered":"<p>O balan\u00e7o divulgado neste domingo (10\/1\/2021) pelo Minist\u00e9rio da Sa\u00fade registra 29.792 novos casos de covid-19 confirmados nas \u00faltimas 24 horas, totalizando 8.105.790 pessoas infectadas pela doen\u00e7a desde o in\u00edcio da pandemia. Segundo o Minist\u00e9rio da Sa\u00fade, de ontem at\u00e9 as 18h de hoje (10), foram confirmadas 469 mortes em decorr\u00eancia de complica\u00e7\u00f5es causadas pelo [&hellip;]<\/p>\n","protected":false},"author":4,"featured_media":172128,"comment_status":"open","ping_status":"closed","sticky":false,"template":"","format":"standard","meta":{"amp_status":"","footnotes":""},"categories":[6,40242],"tags":[4785,220477,220660,219520,218049,218205,214884,215394,216498,218043,19326,220349,218044,218045,215653,218206,219105,219104,218876,219519,140166,217692,220478,220479,220944,220945],"class_list":["post-172127","post","type-post","status-publish","format-standard","has-post-thumbnail","hentry","category-br","category-saude-2","tag-brasil","tag-brasil-bate-recorde-de-obitos-e-casos-confirmados-em-um-dia","tag-brasil-ultrapassa-marca-de-4-mil-obitos-por-covid-19","tag-casos-confirmados-e-obitos-no-brasil","tag-casos-de-coronavirus-no-brasil","tag-casos-de-covid-19-no-brasil","tag-coronavirus","tag-coronavirus-no-brasil","tag-covid-19","tag-covid-19-no-brasil","tag-ministerio-da-saude","tag-ministerio-da-saude-atualiza-numeros-do-coronavirus-no-brasil","tag-mortes-por-coronavirus-no-brasil","tag-mortes-por-covid-19-no-brasil","tag-novo-coronavirus","tag-numero-de-casos-de-covid-19-confirmados-no-brasil","tag-numeros-da-covid-19-no-brasil","tag-numeros-do-coronavirus-no-brasil","tag-obitos-por-coronavirus-no-brasil","tag-obitos-por-covid-19-no-brasil","tag-pandemia","tag-pandemia-de-coronavirus","tag-recorde-de-obitos-por-coronavirus-no-brasil","tag-recorde-de-obitos-por-covid-19-no-brasil","tag-virus-vai-atingir-70-da-populacao","tag-virus-vai-atingir-70-da-populacao-diz-jair-bolsonaro"],"_links":{"self":[{"href":"https:\/\/aconteceunovale.com.br\/portal\/index.php?rest_route=\/wp\/v2\/posts\/172127","targetHints":{"allow":["GET"]}}],"collection":[{"href":"https:\/\/aconteceunovale.com.br\/portal\/index.php?rest_route=\/wp\/v2\/posts"}],"about":[{"href":"https:\/\/aconteceunovale.com.br\/portal\/index.php?rest_route=\/wp\/v2\/types\/post"}],"author":[{"embeddable":true,"href":"https:\/\/aconteceunovale.com.br\/portal\/index.php?rest_route=\/wp\/v2\/users\/4"}],"replies":[{"embeddable":true,"href":"https:\/\/aconteceunovale.com.br\/portal\/index.php?rest_route=%2Fwp%2Fv2%2Fcomments&post=172127"}],"version-history":[{"count":1,"href":"https:\/\/aconteceunovale.com.br\/portal\/index.php?rest_route=\/wp\/v2\/posts\/172127\/revisions"}],"predecessor-version":[{"id":172129,"href":"https:\/\/aconteceunovale.com.br\/portal\/index.php?rest_route=\/wp\/v2\/posts\/172127\/revisions\/172129"}],"wp:featuredmedia":[{"embeddable":true,"href":"https:\/\/aconteceunovale.com.br\/portal\/index.php?rest_route=\/wp\/v2\/media\/172128"}],"wp:attachment":[{"href":"https:\/\/aconteceunovale.com.br\/portal\/index.php?rest_route=%2Fwp%2Fv2%2Fmedia&parent=172127"}],"wp:term":[{"taxonomy":"category","embeddable":true,"href":"https:\/\/aconteceunovale.com.br\/portal\/index.php?rest_route=%2Fwp%2Fv2%2Fcategories&post=172127"},{"taxonomy":"post_tag","embeddable":true,"href":"https:\/\/aconteceunovale.com.br\/portal\/index.php?rest_route=%2Fwp%2Fv2%2Ftags&post=172127"}],"curies":[{"name":"wp","href":"https:\/\/api.w.org\/{rel}","templated":true}]}}