{"id":172109,"date":"2021-01-10T21:00:06","date_gmt":"2021-01-11T00:00:06","guid":{"rendered":"https:\/\/aconteceunovale.com.br\/portal\/?p=172109"},"modified":"2021-01-10T21:00:37","modified_gmt":"2021-01-11T00:00:37","slug":"homem-tenta-matar-irma-em-montes-claros","status":"publish","type":"post","link":"https:\/\/aconteceunovale.com.br\/portal\/?p=172109","title":{"rendered":"Homem tenta matar irm\u00e3 em Montes Claros"},"content":{"rendered":"\n<p>Uma mulher de 56 anos foi esfaqueada dentro de casa em Montes Claros, no Norte de Minas, nesse s\u00e1bado (9\/1\/2021). O suspeito de do crime \u00e9 um irm\u00e3o dela.<\/p>\n\n\n\n<p>A ocorr\u00eancia foi registrada no Bairro Monte Alegre e familiares contaram \u00e0 pol\u00edcia que a agress\u00e3o aconteceu durante uma discuss\u00e3o entre os dois irm\u00e3os. A mulher foi atingida no abd\u00f4men e, segundo a PM, o pai, um idoso de 90 anos, tentou intervir na briga e sofreu um corte na m\u00e3o.<\/p>\n\n\n\n<p>Os dois foram socorridos pelo Samu e encaminhados para um hospital da cidade. O idoso foi liberado ap\u00f3s atendimento m\u00e9dico e a mulher permaneceu internada.<\/p>\n\n\n\n<p>\u201cA fam\u00edlia comentou que o suspeito j\u00e1 vinha fazendo amea\u00e7as e mencionou que mataria a irm\u00e3 com uma arma. Fizemos uma revista no quarto dele e apreendemos um rev\u00f3lver e uma r\u00e9plica\u201d, informou o tenente Gildo de Oliveira.<\/p>\n\n\n\n<p>Ainda de acordo com o tenente, o homem fugiu ap\u00f3s o crime e foram feitas buscas em diversos locais, mas ele ainda n\u00e3o foi preso. A PM informou tamb\u00e9m que o suspeito est\u00e1 em liberdade condicional por furto.<\/p>\n\n\n\n<figure class=\"wp-block-gallery columns-1 is-cropped wp-block-gallery-1 is-layout-flex wp-block-gallery-is-layout-flex\"><ul class=\"blocks-gallery-grid\"><li class=\"blocks-gallery-item\"><figure><img loading=\"lazy\" decoding=\"async\" width=\"670\" height=\"450\" src=\"https:\/\/aconteceunovale.com.br\/portal\/wp-content\/uploads\/2021\/01\/ocorrencia_moc.jpeg\" alt=\"\" data-id=\"172110\" data-full-url=\"https:\/\/aconteceunovale.com.br\/portal\/wp-content\/uploads\/2021\/01\/ocorrencia_moc.jpeg\" data-link=\"https:\/\/aconteceunovale.com.br\/portal\/?attachment_id=172110\" class=\"wp-image-172110\" srcset=\"https:\/\/aconteceunovale.com.br\/portal\/wp-content\/uploads\/2021\/01\/ocorrencia_moc.jpeg 670w, https:\/\/aconteceunovale.com.br\/portal\/wp-content\/uploads\/2021\/01\/ocorrencia_moc-300x201.jpeg 300w, https:\/\/aconteceunovale.com.br\/portal\/wp-content\/uploads\/2021\/01\/ocorrencia_moc-625x420.jpeg 625w\" sizes=\"auto, (max-width: 670px) 100vw, 670px\" \/><figcaption class=\"blocks-gallery-item__caption\"><em>Foto: Pol\u00edcia Militar\/Divulga\u00e7\u00e3o<\/em><\/figcaption><\/figure><\/li><\/ul><\/figure>\n\n\n\n<p class=\"has-white-color has-black-background-color has-text-color has-background\">Quer saber as not\u00edcias do <strong>Aconteceu no Vale<\/strong> em primeira m\u00e3o? Siga-nos no Facebook <a rel=\"noreferrer noopener\" href=\"http:\/\/facebook.com\/aconteceunovale\" target=\"_blank\">@aconteceunovale<\/a>, Twitter <a rel=\"noreferrer noopener\" href=\"https:\/\/twitter.com\/noticiadosvales\" target=\"_blank\">@noticiadosvales<\/a> e Instagram <a rel=\"noreferrer noopener\" href=\"https:\/\/www.instagram.com\/aconteceunovale\" target=\"_blank\">@aconteceunovale<\/a>.<\/p>\n","protected":false},"excerpt":{"rendered":"<p>Uma mulher de 56 anos foi esfaqueada dentro de casa em Montes Claros, no Norte de Minas, nesse s\u00e1bado (9\/1\/2021). O suspeito de do crime \u00e9 um irm\u00e3o dela. A ocorr\u00eancia foi registrada no Bairro Monte Alegre e familiares contaram \u00e0 pol\u00edcia que a agress\u00e3o aconteceu durante uma discuss\u00e3o entre os dois irm\u00e3os. A mulher [&hellip;]<\/p>\n","protected":false},"author":4,"featured_media":172110,"comment_status":"open","ping_status":"closed","sticky":false,"template":"","format":"standard","meta":{"amp_status":"","footnotes":""},"categories":[1236],"tags":[234508,234507,210,150163,25221],"class_list":["post-172109","post","type-post","status-publish","format-standard","has-post-thumbnail","hentry","category-norte_de_minas","tag-esfaqueada-pelo-irmao-em-montes-claros","tag-homem-tenta-matar-irma-em-montes-claros","tag-montes-claros","tag-mulher-esfaqueada-em-montes-claros","tag-tentativa-de-homicidio-em-montes-claros"],"_links":{"self":[{"href":"https:\/\/aconteceunovale.com.br\/portal\/index.php?rest_route=\/wp\/v2\/posts\/172109","targetHints":{"allow":["GET"]}}],"collection":[{"href":"https:\/\/aconteceunovale.com.br\/portal\/index.php?rest_route=\/wp\/v2\/posts"}],"about":[{"href":"https:\/\/aconteceunovale.com.br\/portal\/index.php?rest_route=\/wp\/v2\/types\/post"}],"author":[{"embeddable":true,"href":"https:\/\/aconteceunovale.com.br\/portal\/index.php?rest_route=\/wp\/v2\/users\/4"}],"replies":[{"embeddable":true,"href":"https:\/\/aconteceunovale.com.br\/portal\/index.php?rest_route=%2Fwp%2Fv2%2Fcomments&post=172109"}],"version-history":[{"count":1,"href":"https:\/\/aconteceunovale.com.br\/portal\/index.php?rest_route=\/wp\/v2\/posts\/172109\/revisions"}],"predecessor-version":[{"id":172111,"href":"https:\/\/aconteceunovale.com.br\/portal\/index.php?rest_route=\/wp\/v2\/posts\/172109\/revisions\/172111"}],"wp:featuredmedia":[{"embeddable":true,"href":"https:\/\/aconteceunovale.com.br\/portal\/index.php?rest_route=\/wp\/v2\/media\/172110"}],"wp:attachment":[{"href":"https:\/\/aconteceunovale.com.br\/portal\/index.php?rest_route=%2Fwp%2Fv2%2Fmedia&parent=172109"}],"wp:term":[{"taxonomy":"category","embeddable":true,"href":"https:\/\/aconteceunovale.com.br\/portal\/index.php?rest_route=%2Fwp%2Fv2%2Fcategories&post=172109"},{"taxonomy":"post_tag","embeddable":true,"href":"https:\/\/aconteceunovale.com.br\/portal\/index.php?rest_route=%2Fwp%2Fv2%2Ftags&post=172109"}],"curies":[{"name":"wp","href":"https:\/\/api.w.org\/{rel}","templated":true}]}}