{"id":172103,"date":"2021-01-10T20:29:16","date_gmt":"2021-01-10T23:29:16","guid":{"rendered":"https:\/\/aconteceunovale.com.br\/portal\/?p=172103"},"modified":"2021-01-10T20:30:25","modified_gmt":"2021-01-10T23:30:25","slug":"tres-suspeitos-sao-presos-por-furto-em-montalvania-no-norte-de-minas","status":"publish","type":"post","link":"https:\/\/aconteceunovale.com.br\/portal\/?p=172103","title":{"rendered":"Tr\u00eas suspeitos s\u00e3o presos por furto em Montalv\u00e2nia, no Norte de Minas"},"content":{"rendered":"\n<p>Tr\u00eas pessoas foram presas ap\u00f3s a invas\u00e3o e o furto de uma casa em Montalv\u00e2nia, no Norte de Minas, nesse s\u00e1bado (9\/1\/2021). Segundo informa\u00e7\u00f5es da Pol\u00edcia Militar (PM), imagens de c\u00e2meras de seguran\u00e7a ajudaram a identificar os suspeitos, que j\u00e1 possu\u00edam outros registros policiais.<\/p>\n\n\n\n<p>Ainda conforme a PM, os presos s\u00e3o dois homens, ambos de 36 anos, e uma mulher, de 22. Eles pretendiam trocar os objetos furtados por drogas.<\/p>\n\n\n\n<p>Os militares recuperaram um notebook, um secador, uma mochila, duas carteiras femininas, al\u00e9m de alguns equipamentos eletr\u00f4nicos.<\/p>\n\n\n\n<p>Os presos e os materiais apreendidos foram encaminhados para a Delegacia de Pol\u00edcia Civil.<\/p>\n\n\n\n<figure class=\"wp-block-gallery columns-1 is-cropped wp-block-gallery-1 is-layout-flex wp-block-gallery-is-layout-flex\"><ul class=\"blocks-gallery-grid\"><li class=\"blocks-gallery-item\"><figure><img loading=\"lazy\" decoding=\"async\" width=\"678\" height=\"447\" src=\"https:\/\/aconteceunovale.com.br\/portal\/wp-content\/uploads\/2021\/01\/furto_montalvania.jpg\" alt=\"\" data-id=\"172104\" data-full-url=\"https:\/\/aconteceunovale.com.br\/portal\/wp-content\/uploads\/2021\/01\/furto_montalvania.jpg\" data-link=\"https:\/\/aconteceunovale.com.br\/portal\/?attachment_id=172104\" class=\"wp-image-172104\" srcset=\"https:\/\/aconteceunovale.com.br\/portal\/wp-content\/uploads\/2021\/01\/furto_montalvania.jpg 678w, https:\/\/aconteceunovale.com.br\/portal\/wp-content\/uploads\/2021\/01\/furto_montalvania-300x198.jpg 300w, https:\/\/aconteceunovale.com.br\/portal\/wp-content\/uploads\/2021\/01\/furto_montalvania-637x420.jpg 637w\" sizes=\"auto, (max-width: 678px) 100vw, 678px\" \/><figcaption class=\"blocks-gallery-item__caption\"><em>Foto: Pol\u00edcia Militar\/Divulga\u00e7\u00e3o<\/em><\/figcaption><\/figure><\/li><\/ul><\/figure>\n\n\n\n<p class=\"has-white-color has-black-background-color has-text-color has-background\">Quer saber as not\u00edcias do <strong>Aconteceu no Vale<\/strong> em primeira m\u00e3o? Siga-nos no Facebook <a rel=\"noreferrer noopener\" href=\"http:\/\/facebook.com\/aconteceunovale\" target=\"_blank\">@aconteceunovale<\/a>, Twitter <a rel=\"noreferrer noopener\" href=\"https:\/\/twitter.com\/noticiadosvales\" target=\"_blank\">@noticiadosvales<\/a> e Instagram <a rel=\"noreferrer noopener\" href=\"https:\/\/www.instagram.com\/aconteceunovale\" target=\"_blank\">@aconteceunovale<\/a>.<\/p>\n","protected":false},"excerpt":{"rendered":"<p>Tr\u00eas pessoas foram presas ap\u00f3s a invas\u00e3o e o furto de uma casa em Montalv\u00e2nia, no Norte de Minas, nesse s\u00e1bado (9\/1\/2021). Segundo informa\u00e7\u00f5es da Pol\u00edcia Militar (PM), imagens de c\u00e2meras de seguran\u00e7a ajudaram a identificar os suspeitos, que j\u00e1 possu\u00edam outros registros policiais. Ainda conforme a PM, os presos s\u00e3o dois homens, ambos de [&hellip;]<\/p>\n","protected":false},"author":4,"featured_media":172104,"comment_status":"open","ping_status":"closed","sticky":false,"template":"","format":"standard","meta":{"amp_status":"","footnotes":""},"categories":[1236],"tags":[234500,1709,47902,183922,234502,234503,234501,234499],"class_list":["post-172103","post","type-post","status-publish","format-standard","has-post-thumbnail","hentry","category-norte_de_minas","tag-furto-em-montalvania","tag-montalvania","tag-preso-em-montalvania","tag-presos-em-montalvania","tag-presos-por-furto-em-montalvania","tag-presos-por-roubo-em-montalvania","tag-roubo-em-montalvania","tag-tres-suspeitos-sao-presos-por-furto-em-montalvania"],"_links":{"self":[{"href":"https:\/\/aconteceunovale.com.br\/portal\/index.php?rest_route=\/wp\/v2\/posts\/172103","targetHints":{"allow":["GET"]}}],"collection":[{"href":"https:\/\/aconteceunovale.com.br\/portal\/index.php?rest_route=\/wp\/v2\/posts"}],"about":[{"href":"https:\/\/aconteceunovale.com.br\/portal\/index.php?rest_route=\/wp\/v2\/types\/post"}],"author":[{"embeddable":true,"href":"https:\/\/aconteceunovale.com.br\/portal\/index.php?rest_route=\/wp\/v2\/users\/4"}],"replies":[{"embeddable":true,"href":"https:\/\/aconteceunovale.com.br\/portal\/index.php?rest_route=%2Fwp%2Fv2%2Fcomments&post=172103"}],"version-history":[{"count":1,"href":"https:\/\/aconteceunovale.com.br\/portal\/index.php?rest_route=\/wp\/v2\/posts\/172103\/revisions"}],"predecessor-version":[{"id":172105,"href":"https:\/\/aconteceunovale.com.br\/portal\/index.php?rest_route=\/wp\/v2\/posts\/172103\/revisions\/172105"}],"wp:featuredmedia":[{"embeddable":true,"href":"https:\/\/aconteceunovale.com.br\/portal\/index.php?rest_route=\/wp\/v2\/media\/172104"}],"wp:attachment":[{"href":"https:\/\/aconteceunovale.com.br\/portal\/index.php?rest_route=%2Fwp%2Fv2%2Fmedia&parent=172103"}],"wp:term":[{"taxonomy":"category","embeddable":true,"href":"https:\/\/aconteceunovale.com.br\/portal\/index.php?rest_route=%2Fwp%2Fv2%2Fcategories&post=172103"},{"taxonomy":"post_tag","embeddable":true,"href":"https:\/\/aconteceunovale.com.br\/portal\/index.php?rest_route=%2Fwp%2Fv2%2Ftags&post=172103"}],"curies":[{"name":"wp","href":"https:\/\/api.w.org\/{rel}","templated":true}]}}