{"id":172100,"date":"2021-01-10T20:19:56","date_gmt":"2021-01-10T23:19:56","guid":{"rendered":"https:\/\/aconteceunovale.com.br\/portal\/?p=172100"},"modified":"2021-01-10T20:21:07","modified_gmt":"2021-01-10T23:21:07","slug":"carreta-tomba-na-br-251-no-norte-de-minas-2","status":"publish","type":"post","link":"https:\/\/aconteceunovale.com.br\/portal\/?p=172100","title":{"rendered":"Carreta tomba na BR-251, no Norte de Minas"},"content":{"rendered":"\n<p>Uma carreta carregada com linhas de tecelagem tombou no km 474 da BR-251, na Serra de Francisco S\u00e1 (MG), na madrugada deste domingo (10\/1\/2021). Segundo informa\u00e7\u00f5es da Pol\u00edcia Rodovi\u00e1ria Federal (PRF), chovia no momento do acidente e o ve\u00edculo deslizou na pista. Ningu\u00e9m ficou ferido.<\/p>\n\n\n\n<p>Ainda de acordo com a PRF, a pista ficou parcialmente interditada no local do acidente e a carga n\u00e3o foi saqueada. A carreta seguia de Itabaiana (SE) para S\u00e3o Paulo.<\/p>\n\n\n\n<figure class=\"wp-block-gallery columns-1 is-cropped wp-block-gallery-1 is-layout-flex wp-block-gallery-is-layout-flex\"><ul class=\"blocks-gallery-grid\"><li class=\"blocks-gallery-item\"><figure><img loading=\"lazy\" decoding=\"async\" width=\"678\" height=\"387\" src=\"https:\/\/aconteceunovale.com.br\/portal\/wp-content\/uploads\/2021\/01\/acidente_251_tecelagem.jpg\" alt=\"\" data-id=\"172101\" data-full-url=\"https:\/\/aconteceunovale.com.br\/portal\/wp-content\/uploads\/2021\/01\/acidente_251_tecelagem.jpg\" data-link=\"https:\/\/aconteceunovale.com.br\/portal\/?attachment_id=172101\" class=\"wp-image-172101\" srcset=\"https:\/\/aconteceunovale.com.br\/portal\/wp-content\/uploads\/2021\/01\/acidente_251_tecelagem.jpg 678w, https:\/\/aconteceunovale.com.br\/portal\/wp-content\/uploads\/2021\/01\/acidente_251_tecelagem-300x171.jpg 300w\" sizes=\"auto, (max-width: 678px) 100vw, 678px\" \/><figcaption class=\"blocks-gallery-item__caption\"><em>Foto: Pol\u00edcia Rodovi\u00e1ria Federal\/Divulga\u00e7\u00e3o<\/em><\/figcaption><\/figure><\/li><\/ul><\/figure>\n\n\n\n<p class=\"has-white-color has-black-background-color has-text-color has-background\">Quer saber as not\u00edcias do <strong>Aconteceu no Vale<\/strong> em primeira m\u00e3o? Siga-nos no Facebook <a rel=\"noreferrer noopener\" href=\"http:\/\/facebook.com\/aconteceunovale\" target=\"_blank\">@aconteceunovale<\/a>, Twitter <a rel=\"noreferrer noopener\" href=\"https:\/\/twitter.com\/noticiadosvales\" target=\"_blank\">@noticiadosvales<\/a> e Instagram <a rel=\"noreferrer noopener\" href=\"https:\/\/www.instagram.com\/aconteceunovale\" target=\"_blank\">@aconteceunovale<\/a>.<\/p>\n","protected":false},"excerpt":{"rendered":"<p>Uma carreta carregada com linhas de tecelagem tombou no km 474 da BR-251, na Serra de Francisco S\u00e1 (MG), na madrugada deste domingo (10\/1\/2021). Segundo informa\u00e7\u00f5es da Pol\u00edcia Rodovi\u00e1ria Federal (PRF), chovia no momento do acidente e o ve\u00edculo deslizou na pista. Ningu\u00e9m ficou ferido. Ainda de acordo com a PRF, a pista ficou parcialmente [&hellip;]<\/p>\n","protected":false},"author":4,"featured_media":172101,"comment_status":"open","ping_status":"closed","sticky":false,"template":"","format":"standard","meta":{"amp_status":"","footnotes":""},"categories":[1236],"tags":[234498,234497,2034,206350,213588,83223,206349,211033,4720,2382,234495,234496],"class_list":["post-172100","post","type-post","status-publish","format-standard","has-post-thumbnail","hentry","category-norte_de_minas","tag-acidente-com-carreta-carregada-de-linhas-para-tecelagem","tag-acidente-com-carreta-que-seguia-de-itabaiana-para-sao-paulo","tag-acidente-em-francisco-sa","tag-acidente-na-br-251-2","tag-acidente-na-br-251-na-serra-de-francisco-sa-2","tag-acidente-na-serra-de-francisco-sa","tag-br-251-2","tag-carreta-tomba-na-br-251","tag-itabaiana","tag-sao-paulo","tag-tombamento-de-carreta-na-br-251","tag-tombamento-de-carreta-na-serra-de-francisco-sa"],"_links":{"self":[{"href":"https:\/\/aconteceunovale.com.br\/portal\/index.php?rest_route=\/wp\/v2\/posts\/172100","targetHints":{"allow":["GET"]}}],"collection":[{"href":"https:\/\/aconteceunovale.com.br\/portal\/index.php?rest_route=\/wp\/v2\/posts"}],"about":[{"href":"https:\/\/aconteceunovale.com.br\/portal\/index.php?rest_route=\/wp\/v2\/types\/post"}],"author":[{"embeddable":true,"href":"https:\/\/aconteceunovale.com.br\/portal\/index.php?rest_route=\/wp\/v2\/users\/4"}],"replies":[{"embeddable":true,"href":"https:\/\/aconteceunovale.com.br\/portal\/index.php?rest_route=%2Fwp%2Fv2%2Fcomments&post=172100"}],"version-history":[{"count":1,"href":"https:\/\/aconteceunovale.com.br\/portal\/index.php?rest_route=\/wp\/v2\/posts\/172100\/revisions"}],"predecessor-version":[{"id":172102,"href":"https:\/\/aconteceunovale.com.br\/portal\/index.php?rest_route=\/wp\/v2\/posts\/172100\/revisions\/172102"}],"wp:featuredmedia":[{"embeddable":true,"href":"https:\/\/aconteceunovale.com.br\/portal\/index.php?rest_route=\/wp\/v2\/media\/172101"}],"wp:attachment":[{"href":"https:\/\/aconteceunovale.com.br\/portal\/index.php?rest_route=%2Fwp%2Fv2%2Fmedia&parent=172100"}],"wp:term":[{"taxonomy":"category","embeddable":true,"href":"https:\/\/aconteceunovale.com.br\/portal\/index.php?rest_route=%2Fwp%2Fv2%2Fcategories&post=172100"},{"taxonomy":"post_tag","embeddable":true,"href":"https:\/\/aconteceunovale.com.br\/portal\/index.php?rest_route=%2Fwp%2Fv2%2Ftags&post=172100"}],"curies":[{"name":"wp","href":"https:\/\/api.w.org\/{rel}","templated":true}]}}