{"id":172096,"date":"2021-01-10T20:11:14","date_gmt":"2021-01-10T23:11:14","guid":{"rendered":"https:\/\/aconteceunovale.com.br\/portal\/?p=172096"},"modified":"2021-01-10T20:12:24","modified_gmt":"2021-01-10T23:12:24","slug":"carreta-atinge-carro-e-mata-menino-de-12-anos-na-br-135","status":"publish","type":"post","link":"https:\/\/aconteceunovale.com.br\/portal\/?p=172096","title":{"rendered":"Carreta atinge carro e mata menino de 12 anos na BR-135"},"content":{"rendered":"\n<p>Um menino de 12 anos morreu e outras tr\u00eas pessoas ficaram feridas em um acidente na BR-135, em Curvelo (MG), nesse s\u00e1bado (9\/1\/2021). Segundo informa\u00e7\u00f5es da Pol\u00edcia Militar Rodovi\u00e1ria, as v\u00edtimas estavam em um carro que foi atingido por uma carreta desgovernada.<\/p>\n\n\n\n<p>O motorista do ve\u00edculo de carga contou aos policiais que seguia pela rodovia, no sentido a Belo Horizonte (MG), quando perdeu o controle da dire\u00e7\u00e3o e acabou colidindo contra o autom\u00f3vel. O caminhoneiro n\u00e3o se feriu.<\/p>\n\n\n\n<p>J\u00e1 no carro estavam quatro pessoas da mesma fam\u00edlia: um homem, a esposa e os dois filhos. O filho mais novo, de 12 anos, morreu no local do acidente.<\/p>\n\n\n\n<p>Os outros ocupantes do ve\u00edculo foram socorridos e encaminhados para o hospital de Curvelo. O pai e o outro filho, de 16 anos, tiveram ferimentos graves; j\u00e1 a m\u00e3e teve ferimentos leves.<\/p>\n\n\n\n<p>Ainda conforme a Pol\u00edcia Rodovi\u00e1ria, a fam\u00edlia \u00e9 moradora de Mau\u00e1, no interior de S\u00e3o Paulo.<\/p>\n\n\n\n<figure class=\"wp-block-gallery columns-1 is-cropped wp-block-gallery-1 is-layout-flex wp-block-gallery-is-layout-flex\"><ul class=\"blocks-gallery-grid\"><li class=\"blocks-gallery-item\"><figure><img loading=\"lazy\" decoding=\"async\" width=\"662\" height=\"450\" src=\"https:\/\/aconteceunovale.com.br\/portal\/wp-content\/uploads\/2021\/01\/acidente_curvelo_1.jpg\" alt=\"\" data-id=\"172097\" data-full-url=\"https:\/\/aconteceunovale.com.br\/portal\/wp-content\/uploads\/2021\/01\/acidente_curvelo_1.jpg\" data-link=\"https:\/\/aconteceunovale.com.br\/portal\/?attachment_id=172097\" class=\"wp-image-172097\" srcset=\"https:\/\/aconteceunovale.com.br\/portal\/wp-content\/uploads\/2021\/01\/acidente_curvelo_1.jpg 662w, https:\/\/aconteceunovale.com.br\/portal\/wp-content\/uploads\/2021\/01\/acidente_curvelo_1-300x204.jpg 300w, https:\/\/aconteceunovale.com.br\/portal\/wp-content\/uploads\/2021\/01\/acidente_curvelo_1-618x420.jpg 618w\" sizes=\"auto, (max-width: 662px) 100vw, 662px\" \/><figcaption class=\"blocks-gallery-item__caption\"><em>Foto: Pol\u00edcia Militar Rodovi\u00e1ria\/Divulga\u00e7\u00e3o<\/em><\/figcaption><\/figure><\/li><li class=\"blocks-gallery-item\"><figure><img loading=\"lazy\" decoding=\"async\" width=\"678\" height=\"436\" src=\"https:\/\/aconteceunovale.com.br\/portal\/wp-content\/uploads\/2021\/01\/acidente_curvelo_2.jpg\" alt=\"\" data-id=\"172098\" data-full-url=\"https:\/\/aconteceunovale.com.br\/portal\/wp-content\/uploads\/2021\/01\/acidente_curvelo_2.jpg\" data-link=\"https:\/\/aconteceunovale.com.br\/portal\/?attachment_id=172098\" class=\"wp-image-172098\" srcset=\"https:\/\/aconteceunovale.com.br\/portal\/wp-content\/uploads\/2021\/01\/acidente_curvelo_2.jpg 678w, https:\/\/aconteceunovale.com.br\/portal\/wp-content\/uploads\/2021\/01\/acidente_curvelo_2-300x193.jpg 300w, https:\/\/aconteceunovale.com.br\/portal\/wp-content\/uploads\/2021\/01\/acidente_curvelo_2-653x420.jpg 653w\" sizes=\"auto, (max-width: 678px) 100vw, 678px\" \/><figcaption class=\"blocks-gallery-item__caption\"><em>Foto: Pol\u00edcia Militar Rodovi\u00e1ria\/Divulga\u00e7\u00e3o<\/em><\/figcaption><\/figure><\/li><\/ul><\/figure>\n\n\n\n<p class=\"has-white-color has-black-background-color has-text-color has-background\">Quer saber as not\u00edcias do <strong>Aconteceu no Vale<\/strong> em primeira m\u00e3o? Siga-nos no Facebook <a rel=\"noreferrer noopener\" href=\"http:\/\/facebook.com\/aconteceunovale\" target=\"_blank\">@aconteceunovale<\/a>, Twitter <a rel=\"noreferrer noopener\" href=\"https:\/\/twitter.com\/noticiadosvales\" target=\"_blank\">@noticiadosvales<\/a> e Instagram <a rel=\"noreferrer noopener\" href=\"https:\/\/www.instagram.com\/aconteceunovale\" target=\"_blank\">@aconteceunovale<\/a>.<\/p>\n","protected":false},"excerpt":{"rendered":"<p>Um menino de 12 anos morreu e outras tr\u00eas pessoas ficaram feridas em um acidente na BR-135, em Curvelo (MG), nesse s\u00e1bado (9\/1\/2021). Segundo informa\u00e7\u00f5es da Pol\u00edcia Militar Rodovi\u00e1ria, as v\u00edtimas estavam em um carro que foi atingido por uma carreta desgovernada. O motorista do ve\u00edculo de carga contou aos policiais que seguia pela rodovia, [&hellip;]<\/p>\n","protected":false},"author":4,"featured_media":172097,"comment_status":"open","ping_status":"closed","sticky":false,"template":"","format":"standard","meta":{"amp_status":"","footnotes":""},"categories":[1236],"tags":[234493,234492,234494,234490,101650,210060,208582,146751,207131,234489,234491,1018,15948],"class_list":["post-172096","post","type-post","status-publish","format-standard","has-post-thumbnail","hentry","category-norte_de_minas","tag-acidente-com-carro-de-maua","tag-acidente-com-familia-de-maua","tag-acidente-com-moradores-de-maua","tag-acidente-entre-carro-e-carreta-em-curvelo","tag-acidente-entre-carro-e-carreta-na-br-135","tag-acidente-na-br-135-2","tag-acidente-na-br-135-em-curvelo-2","tag-acidente-perto-de-curvelo","tag-br-135-2","tag-carreta-atinge-carro-e-mata-menino-de-12-anos-na-br-135","tag-carreta-atinge-carro-em-curvelo","tag-destaque","tag-maua"],"_links":{"self":[{"href":"https:\/\/aconteceunovale.com.br\/portal\/index.php?rest_route=\/wp\/v2\/posts\/172096","targetHints":{"allow":["GET"]}}],"collection":[{"href":"https:\/\/aconteceunovale.com.br\/portal\/index.php?rest_route=\/wp\/v2\/posts"}],"about":[{"href":"https:\/\/aconteceunovale.com.br\/portal\/index.php?rest_route=\/wp\/v2\/types\/post"}],"author":[{"embeddable":true,"href":"https:\/\/aconteceunovale.com.br\/portal\/index.php?rest_route=\/wp\/v2\/users\/4"}],"replies":[{"embeddable":true,"href":"https:\/\/aconteceunovale.com.br\/portal\/index.php?rest_route=%2Fwp%2Fv2%2Fcomments&post=172096"}],"version-history":[{"count":1,"href":"https:\/\/aconteceunovale.com.br\/portal\/index.php?rest_route=\/wp\/v2\/posts\/172096\/revisions"}],"predecessor-version":[{"id":172099,"href":"https:\/\/aconteceunovale.com.br\/portal\/index.php?rest_route=\/wp\/v2\/posts\/172096\/revisions\/172099"}],"wp:featuredmedia":[{"embeddable":true,"href":"https:\/\/aconteceunovale.com.br\/portal\/index.php?rest_route=\/wp\/v2\/media\/172097"}],"wp:attachment":[{"href":"https:\/\/aconteceunovale.com.br\/portal\/index.php?rest_route=%2Fwp%2Fv2%2Fmedia&parent=172096"}],"wp:term":[{"taxonomy":"category","embeddable":true,"href":"https:\/\/aconteceunovale.com.br\/portal\/index.php?rest_route=%2Fwp%2Fv2%2Fcategories&post=172096"},{"taxonomy":"post_tag","embeddable":true,"href":"https:\/\/aconteceunovale.com.br\/portal\/index.php?rest_route=%2Fwp%2Fv2%2Ftags&post=172096"}],"curies":[{"name":"wp","href":"https:\/\/api.w.org\/{rel}","templated":true}]}}