{"id":172089,"date":"2021-01-10T18:42:09","date_gmt":"2021-01-10T21:42:09","guid":{"rendered":"https:\/\/aconteceunovale.com.br\/portal\/?p=172089"},"modified":"2021-01-10T18:49:55","modified_gmt":"2021-01-10T21:49:55","slug":"pai-e-filho-morrem-apos-serem-atingidos-por-raio-no-municipio-de-santo-antonio-do-itambe","status":"publish","type":"post","link":"https:\/\/aconteceunovale.com.br\/portal\/?p=172089","title":{"rendered":"Pai e filho morrem ap\u00f3s serem atingidos por raio no munic\u00edpio de Santo Ant\u00f4nio do Itamb\u00e9"},"content":{"rendered":"\n<p>Pai e filho morreram ap\u00f3s serem atingidos por um raio enquanto cortavam eucalipto na zona rural de Santo Ant\u00f4nio do Itamb\u00e9, na regi\u00e3o Central de Minas Gerais, na tarde de s\u00e1bado (9\/1\/2021). De acordo com informa\u00e7\u00f5es da Pol\u00edcia Militar de Serro, os dois homens e um amigo deles trabalhavam na localidade de Cip\u00f3 quando ocorreu o acidente.<\/p>\n\n\n\n<p>O homem que estava com as v\u00edtimas fatais conseguiu sobreviver. Ele contou aos militares que trabalhava junto com Jos\u00e9 Tiago Salustino da Silva, de 30 anos, e Jos\u00e9 Paulo da Silva (Z\u00e9 Sena), de 54, quando eles foram atingidos pela descarga el\u00e9trica atmosf\u00e9rica. O sobrevivente disse que percebeu que eles tinham sido atingidos e que, logo depois, desmaiou.<\/p>\n\n\n\n<figure class=\"wp-block-gallery columns-1 is-cropped wp-block-gallery-1 is-layout-flex wp-block-gallery-is-layout-flex\"><ul class=\"blocks-gallery-grid\"><li class=\"blocks-gallery-item\"><figure><img loading=\"lazy\" decoding=\"async\" width=\"678\" height=\"381\" src=\"https:\/\/aconteceunovale.com.br\/portal\/wp-content\/uploads\/2021\/01\/santo_antonio_do_itambe.jpg\" alt=\"\" data-id=\"172090\" data-full-url=\"https:\/\/aconteceunovale.com.br\/portal\/wp-content\/uploads\/2021\/01\/santo_antonio_do_itambe.jpg\" data-link=\"https:\/\/aconteceunovale.com.br\/portal\/?attachment_id=172090\" class=\"wp-image-172090\" srcset=\"https:\/\/aconteceunovale.com.br\/portal\/wp-content\/uploads\/2021\/01\/santo_antonio_do_itambe.jpg 678w, https:\/\/aconteceunovale.com.br\/portal\/wp-content\/uploads\/2021\/01\/santo_antonio_do_itambe-300x169.jpg 300w\" sizes=\"auto, (max-width: 678px) 100vw, 678px\" \/><figcaption class=\"blocks-gallery-item__caption\"><em>Vista de Santo Ant\u00f4nio do Itamb\u00e9 (Foto: Divulga\u00e7\u00e3o \/ Prefeitura)<\/em><\/figcaption><\/figure><\/li><\/ul><\/figure>\n\n\n\n<p>Ao acordar, conforme a ocorr\u00eancia, o homem disse que sentia muitas dores pelo corpo. Mesmo assim, ele conseguiu colocar pai e filho dentro da caminhonete e ir at\u00e9 a parte urbana de Serro, onde pediu socorro.<\/p>\n\n\n\n<p>Segundo a pol\u00edcia, os m\u00e9dicos constataram que pai e filho j\u00e1 chegaram \u00e0 cidade mortos. O sobrevivente foi levado ao Hospital de Serro, onde permaneceu.<\/p>\n\n\n\n<p>Os militares n\u00e3o visualizaram les\u00f5es graves nele. O homem queixava muita dor de cabe\u00e7a e chegou a desmaiar. As v\u00edtimas fatais tinham queimaduras pelo corpo por causa do raio. N\u00e3o chovia no momento do acidente, mas o tempo estava bastante fechado.<\/p>\n\n\n\n<p>De acordo com moradores da cidade, Tiago Salustino era agente de sa\u00fade e Jos\u00e9 Paulo tinha uma serralheria bem pr\u00f3xima do local onde os dois foram atingidos pelo raio.<\/p>\n\n\n\n<p>A morte dos dois moradores do munic\u00edpio de pouco mais de 5 mil habitantes, conhecido pelo Parque Estadual do Pico do Itamb\u00e9, com v\u00e1rias cachoeiras procuradas por visitantes, deixou a popula\u00e7\u00e3o consternada neste fim de semana.<\/p>\n\n\n\n<figure class=\"wp-block-gallery columns-1 is-cropped wp-block-gallery-2 is-layout-flex wp-block-gallery-is-layout-flex\"><ul class=\"blocks-gallery-grid\"><li class=\"blocks-gallery-item\"><figure><img loading=\"lazy\" decoding=\"async\" width=\"673\" height=\"450\" src=\"https:\/\/aconteceunovale.com.br\/portal\/wp-content\/uploads\/2021\/01\/tiago_salustino.png\" alt=\"\" data-id=\"172094\" data-full-url=\"https:\/\/aconteceunovale.com.br\/portal\/wp-content\/uploads\/2021\/01\/tiago_salustino.png\" data-link=\"https:\/\/aconteceunovale.com.br\/portal\/?attachment_id=172094\" class=\"wp-image-172094\" srcset=\"https:\/\/aconteceunovale.com.br\/portal\/wp-content\/uploads\/2021\/01\/tiago_salustino.png 673w, https:\/\/aconteceunovale.com.br\/portal\/wp-content\/uploads\/2021\/01\/tiago_salustino-300x201.png 300w, https:\/\/aconteceunovale.com.br\/portal\/wp-content\/uploads\/2021\/01\/tiago_salustino-628x420.png 628w\" sizes=\"auto, (max-width: 673px) 100vw, 673px\" \/><figcaption class=\"blocks-gallery-item__caption\"><em>Tiago e o pai morreram ap\u00f3s serem atingidos por raio (Foto: Reprodu\u00e7\u00e3o Facebook)<\/em><\/figcaption><\/figure><\/li><\/ul><\/figure>\n\n\n\n<h2 class=\"wp-block-heading\">Nota da prefeitura de Santo Ant\u00f4nio do Itamb\u00e9<\/h2>\n\n\n\n<figure class=\"wp-block-image size-large\"><img loading=\"lazy\" decoding=\"async\" width=\"578\" height=\"450\" src=\"https:\/\/aconteceunovale.com.br\/portal\/wp-content\/uploads\/2021\/01\/nota_santo_antonio.jpeg\" alt=\"\" class=\"wp-image-172091\" srcset=\"https:\/\/aconteceunovale.com.br\/portal\/wp-content\/uploads\/2021\/01\/nota_santo_antonio.jpeg 578w, https:\/\/aconteceunovale.com.br\/portal\/wp-content\/uploads\/2021\/01\/nota_santo_antonio-300x234.jpeg 300w, https:\/\/aconteceunovale.com.br\/portal\/wp-content\/uploads\/2021\/01\/nota_santo_antonio-539x420.jpeg 539w\" sizes=\"auto, (max-width: 578px) 100vw, 578px\" \/><\/figure>\n\n\n\n<h2 class=\"wp-block-heading\"><strong>Orienta\u00e7\u00f5es do Corpo de Bombeiros<\/strong><\/h2>\n\n\n\n<p>Com o per\u00edodo chuvoso, o Corpo de Bombeiros de Minas Gerais refor\u00e7a o alerta para que as pessoas evitem esse e outros tipos de acidentes. O segundo tenente Luiz Gustavo Magalh\u00e3es Nunes, lotado em Diamantina, lista alguns cuidados que devem ser tomados em caso de chuvas com raios:<\/p>\n\n\n\n<p>&#8211; desligar aparelhos el\u00e9tricos das tomadas;<\/p>\n\n\n\n<p>&#8211; ficar longe de janelas<\/p>\n\n\n\n<p>&#8211; n\u00e3o ficar pr\u00f3ximo a \u00e1rvores ou postes<\/p>\n\n\n\n<p>&#8211; evitar lugares abertos, como praia e campo de futebol;<\/p>\n\n\n\n<p>&#8211; manter dist\u00e2ncia de cercas, alambrados e estruturas met\u00e1licas em geral;<\/p>\n\n\n\n<p>&#8211; manter dist\u00e2ncia de linhas telef\u00f4nicas e el\u00e9tricas;<\/p>\n\n\n\n<p>&#8211; se estiver em um ve\u00edculo, permane\u00e7a dentro dele;<\/p>\n\n\n\n<p>&#8211; se estiver em um ve\u00edculo, n\u00e3o fique perto de postes ou \u00e1rvores;<\/p>\n\n\n\n<p>&#8211; n\u00e3o fique dentro da \u00e1gua;<\/p>\n\n\n\n<p>&#8211; use o telefone apenas em caso de emerg\u00eancia.<\/p>\n\n\n\n<p><strong>Inunda\u00e7\u00f5es<\/strong><\/p>\n\n\n\n<p>O tenente d\u00e1 dicas para situa\u00e7\u00f5es em que o n\u00edvel da \u00e1gua come\u00e7a a subir. \u201c\u00c9 importante, principalmente as popula\u00e7\u00f5es ribeirinhas, manter um membro da fam\u00edlia vigilante ao n\u00edvel das \u00e1guas, mesmo durante o per\u00edodo noturno. \u00c9 importante procurar um abrigo em local alto, esperar o n\u00edvel da \u00e1gua baixar e manter os objetos de maior valor em partes mais elevadas. Ao abandonar a resid\u00eancia, n\u00e3o se deve preocupar em levar pertences. Lembre-se que a vida \u00e9 o bem mais valioso que possu\u00edmos\u201d, afirma.<\/p>\n\n\n\n<p><strong>Deslizamentos<\/strong><\/p>\n\n\n\n<p>O militar alerta que, se surgirem rachaduras e barulhos na resid\u00eancia, os moradores devem sair do im\u00f3vel imediatamente, pois s\u00e3o sinais de que um deslizamento pode ocorrer.<\/p>\n\n\n\n<p>\u201cAlgumas recomenda\u00e7\u00f5es s\u00e3o evitar \u00e1reas de morro, evitar plantar bananeira nas encostas e sempre ficar atento a alguns sinais de perigo, como a inclina\u00e7\u00e3o de \u00e1rvores, parede, postes ou muros. Essas situa\u00e7\u00f5es indicam a\u00ed a imin\u00eancia de um escorregamento. Em caso de emerg\u00eancia ligue 193\u201d, explica.<\/p>\n\n\n\n<p class=\"has-white-color has-black-background-color has-text-color has-background\">Quer saber as not\u00edcias do <strong>Aconteceu no Vale<\/strong> em primeira m\u00e3o? Siga-nos no Facebook <a rel=\"noreferrer noopener\" href=\"http:\/\/facebook.com\/aconteceunovale\" target=\"_blank\">@aconteceunovale<\/a>, Twitter <a rel=\"noreferrer noopener\" href=\"https:\/\/twitter.com\/noticiadosvales\" target=\"_blank\">@noticiadosvales<\/a> e Instagram <a rel=\"noreferrer noopener\" href=\"https:\/\/www.instagram.com\/aconteceunovale\" target=\"_blank\">@aconteceunovale<\/a>.<\/p>\n","protected":false},"excerpt":{"rendered":"<p>Pai e filho morreram ap\u00f3s serem atingidos por um raio enquanto cortavam eucalipto na zona rural de Santo Ant\u00f4nio do Itamb\u00e9, na regi\u00e3o Central de Minas Gerais, na tarde de s\u00e1bado (9\/1\/2021). De acordo com informa\u00e7\u00f5es da Pol\u00edcia Militar de Serro, os dois homens e um amigo deles trabalhavam na localidade de Cip\u00f3 quando ocorreu [&hellip;]<\/p>\n","protected":false},"author":4,"featured_media":172090,"comment_status":"open","ping_status":"closed","sticky":false,"template":"","format":"standard","meta":{"amp_status":"","footnotes":""},"categories":[123,120],"tags":[234476,234477,234475,234480,234481,1018,10506,234486,234482,234479,234478,234474,234487,315,154,234488,234484,234485,234483],"class_list":["post-172089","post","type-post","status-publish","format-standard","has-post-thumbnail","hentry","category-gerais","category-jequi","tag-atingidos-por-descarga-atmosferica-em-santo-antonio-do-itambe","tag-atingidos-por-descarga-eletrica-em-santo-antonio-do-itambe","tag-atingidos-por-raio-em-santo-antonio-do-itambe","tag-cipo","tag-comunidade-de-taperas","tag-destaque","tag-jose-paulo-da-silva","tag-jose-paulo-silva","tag-jose-tiago-salustino-da-silva","tag-mortos-por-descarga-eletrica-em-santo-antonio-do-itambe","tag-mortos-por-raio-em-santo-antonio-do-itambe","tag-pai-e-filho-morrem-apos-serem-atingidos-por-raio-no-municipio-de-santo-antonio-do-itambe","tag-prefeitura-de-santo-antonio-do-itambe","tag-santo-antonio-do-itambe","tag-serro","tag-tiago-salustino","tag-tiago-salustino-da-silva","tag-tiago-salustino-silva","tag-ze-sena"],"_links":{"self":[{"href":"https:\/\/aconteceunovale.com.br\/portal\/index.php?rest_route=\/wp\/v2\/posts\/172089","targetHints":{"allow":["GET"]}}],"collection":[{"href":"https:\/\/aconteceunovale.com.br\/portal\/index.php?rest_route=\/wp\/v2\/posts"}],"about":[{"href":"https:\/\/aconteceunovale.com.br\/portal\/index.php?rest_route=\/wp\/v2\/types\/post"}],"author":[{"embeddable":true,"href":"https:\/\/aconteceunovale.com.br\/portal\/index.php?rest_route=\/wp\/v2\/users\/4"}],"replies":[{"embeddable":true,"href":"https:\/\/aconteceunovale.com.br\/portal\/index.php?rest_route=%2Fwp%2Fv2%2Fcomments&post=172089"}],"version-history":[{"count":2,"href":"https:\/\/aconteceunovale.com.br\/portal\/index.php?rest_route=\/wp\/v2\/posts\/172089\/revisions"}],"predecessor-version":[{"id":172095,"href":"https:\/\/aconteceunovale.com.br\/portal\/index.php?rest_route=\/wp\/v2\/posts\/172089\/revisions\/172095"}],"wp:featuredmedia":[{"embeddable":true,"href":"https:\/\/aconteceunovale.com.br\/portal\/index.php?rest_route=\/wp\/v2\/media\/172090"}],"wp:attachment":[{"href":"https:\/\/aconteceunovale.com.br\/portal\/index.php?rest_route=%2Fwp%2Fv2%2Fmedia&parent=172089"}],"wp:term":[{"taxonomy":"category","embeddable":true,"href":"https:\/\/aconteceunovale.com.br\/portal\/index.php?rest_route=%2Fwp%2Fv2%2Fcategories&post=172089"},{"taxonomy":"post_tag","embeddable":true,"href":"https:\/\/aconteceunovale.com.br\/portal\/index.php?rest_route=%2Fwp%2Fv2%2Ftags&post=172089"}],"curies":[{"name":"wp","href":"https:\/\/api.w.org\/{rel}","templated":true}]}}