{"id":172068,"date":"2021-01-10T10:39:28","date_gmt":"2021-01-10T13:39:28","guid":{"rendered":"https:\/\/aconteceunovale.com.br\/portal\/?p=172068"},"modified":"2021-01-10T10:42:12","modified_gmt":"2021-01-10T13:42:12","slug":"janeiro-e-mes-de-conscientizacao-sobre-a-hanseniase","status":"publish","type":"post","link":"https:\/\/aconteceunovale.com.br\/portal\/?p=172068","title":{"rendered":"Janeiro \u00e9 m\u00eas de conscientiza\u00e7\u00e3o sobre a hansen\u00edase"},"content":{"rendered":"\n<p>Por acaso voc\u00ea viu, nos \u00faltimos dias, um pr\u00e9dio p\u00fablico ou algum monumento iluminado de roxo? Caso tenha visto, saiba que \u00e9 uma forma chamar a aten\u00e7\u00e3o da sociedade para a hansen\u00edase. O Janeiro Roxo foi criado em 2016 e tem o \u00faltimo domingo do m\u00eas como data s\u00edmbolo. Nesse dia \u00e9 celebrado o Dia Mundial de Combate e Preven\u00e7\u00e3o da Hansen\u00edase. S\u00e3o 30 mil novos casos da doen\u00e7a por ano no Brasil, que \u00e9&nbsp;o pa\u00eds com o segundo maior n\u00famero de casos, perdendo apenas para a \u00cdndia.<img decoding=\"async\" src=\"https:\/\/agenciabrasil.ebc.com.br\/ebc.png?id=1398307&amp;o=node\"><img decoding=\"async\" src=\"https:\/\/agenciabrasil.ebc.com.br\/ebc.gif?id=1398307&amp;o=node\"><\/p>\n\n\n\n<p>Neste m\u00eas, a Sociedade Brasileira de Dermatologia (SBD) vai divulgar, com apoio de m\u00e9dicos da \u00e1rea, material sobre a doen\u00e7a. Entre as informa\u00e7\u00f5es, a descri\u00e7\u00e3o de sinais e sintomas da hansen\u00edase e orienta\u00e7\u00f5es sobre onde buscar diagn\u00f3stico e iniciar o tratamento. A hansen\u00edase, segundo especialistas, \u00e9 uma doen\u00e7a estigmatizada e cercada de preconceito.<\/p>\n\n\n\n<p>\u201cCombater o estigma \u00e9 salvar vidas. Por isso, queremos auxiliar a sociedade a compreender essa doen\u00e7a. Desfazer mitos e fazer prevalecer a verdade sobre a hansen\u00edase s\u00e3o as principais formas de ajudar profissionais da \u00e1rea de sa\u00fade, familiares, amigos e principalmente aqueles que buscam por tratamento\u201d, afirmou o vice-presidente da SBD, Heitor Gon\u00e7alves.<\/p>\n\n\n\n<p>De acordo com a Sociedade Brasileira de Cl\u00ednica M\u00e9dica (SBCM), a partir de dados do Minist\u00e9rio da Sa\u00fade, a doen\u00e7a \u00e9 mais frequente nas regi\u00f5es Nordeste, Centro-Oeste e Norte, que respondem por quase 85% dos casos do pa\u00eds. O Brasil concentra mais de 90% dos casos da Am\u00e9rica Latina.<\/p>\n\n\n\n<p>A campanha de 2021 tem como\u00a0<em>slogan:<\/em>\u00a0A hansen\u00edase \u00e9 negligenciada, mas a sa\u00fade n\u00e3o!\u00a0Al\u00e9m da SBD, participam da campanha de esclarecimento \u00e0 popula\u00e7\u00e3o as secretarias de Sa\u00fade dos estados, o Conselho Federal de Medicina (CFM), a Associa\u00e7\u00e3o M\u00e9dica Brasileira (AMB), a Confedera\u00e7\u00e3o Nacional de Munic\u00edpios (CNM), a Confer\u00eancia Nacional dos Bispos do Brasil (CNBB) e o Conselho Nacional de Justi\u00e7a (CNJ).<\/p>\n\n\n\n<p>\u201cOs portadores da doen\u00e7a eram, at\u00e9 a d\u00e9cada de 70, exclu\u00eddos do conv\u00edvio social e condenados ao confinamento em col\u00f4nias\u201d, explica o Movimento de Reintegra\u00e7\u00e3o das Pessoas Atingidas pela Hansen\u00edase, em seu\u00a0<a rel=\"noreferrer noopener\" href=\"http:\/\/www.morhan.org.br\/\" target=\"_blank\"><em><strong>site<\/strong><\/em><\/a>. A hansen\u00edase \u00e9 uma doen\u00e7a causada pela bact\u00e9ria\u00a0<em>Mycobacterium Leprae<\/em>\u00a0que atinge os nervos e se manifesta na pele.<\/p>\n\n\n\n<p>Apesar do passado triste envolvendo a hansen\u00edase, a doen\u00e7a tem cura, seu tratamento \u00e9 simples e custeado pelo Sistema \u00danico de Sa\u00fade (SUS). E t\u00e3o logo ele seja iniciado, a doen\u00e7a deixa de ser transmiss\u00edvel. O tratamento pode ser buscado, no caso da rede p\u00fablica, em postos de sa\u00fade ou com uma equipe de sa\u00fade da fam\u00edlia.<\/p>\n\n\n\n<h2 class=\"wp-block-heading\">Sintomas<\/h2>\n\n\n\n<p>Os sintomas da doen\u00e7a aparecem, principalmente, nas extremidades das m\u00e3os e dos p\u00e9s, no rosto, orelhas, n\u00e1degas, costas e pernas. S\u00e3o manchas esbranqui\u00e7adas, amarronzadas ou avermelhadas, com perda de sensibilidade ao calor, ao toque e \u00e0 dor. \u00c9 poss\u00edvel uma pessoa queimar a pele na chama do fog\u00e3o ou em uma superf\u00edcie quente e sequer perceber. A sensa\u00e7\u00e3o de formigamento tamb\u00e9m \u00e9 um sinal da doen\u00e7a.<\/p>\n\n\n\n<p>Outros sintomas s\u00e3o sensa\u00e7\u00e3o de fisgada, choque, dorm\u00eancia e formigamento ao longo dos nervos dos membros; perda de pelos em algumas \u00e1reas e redu\u00e7\u00e3o da transpira\u00e7\u00e3o; redu\u00e7\u00e3o de for\u00e7a na musculatura das m\u00e3os e dos p\u00e9s; e caro\u00e7os no corpo, em alguns casos avermelhados e dolorosos. Condi\u00e7\u00f5es prec\u00e1rias de moradia e saneamento favorecem a a\u00e7\u00e3o da&nbsp;<em>Mycobacterium Leprae<\/em>.<\/p>\n\n\n\n<p>Quem tem diagn\u00f3stico para hansen\u00edase deve come\u00e7ar a tomar os medicamentos prescritos de imediato. O tratamento deve ser seguido \u00e0 risca. As pessoas que convivem com pacientes diagnosticados com a doen\u00e7a devem ser examinadas pelo m\u00e9dico.<\/p>\n\n\n\n<p>\u201cA preven\u00e7\u00e3o consiste no diagn\u00f3stico e tratamento precoces, o que ajuda a evitar a transmiss\u00e3o e o consequente surgimento de novos casos. Precisamos frisar: hansen\u00edase tem cura e quanto antes o tratamento for iniciado, menor o risco de sequelas\u201d, afirmou Sandra Dur\u00e3es, coordenadora do Departamento de Hansen\u00edase da SBD.<\/p>\n\n\n\n<p class=\"has-white-color has-black-background-color has-text-color has-background\">Quer saber as not\u00edcias do <strong>Aconteceu no Vale<\/strong> em primeira m\u00e3o? Siga-nos no Facebook <a rel=\"noreferrer noopener\" href=\"http:\/\/facebook.com\/aconteceunovale\" target=\"_blank\">@aconteceunovale<\/a>, Twitter <a rel=\"noreferrer noopener\" href=\"https:\/\/twitter.com\/noticiadosvales\" target=\"_blank\">@noticiadosvales<\/a> e Instagram <a rel=\"noreferrer noopener\" href=\"https:\/\/www.instagram.com\/aconteceunovale\" target=\"_blank\">@aconteceunovale<\/a>.<\/p>\n","protected":false},"excerpt":{"rendered":"<p>Por acaso voc\u00ea viu, nos \u00faltimos dias, um pr\u00e9dio p\u00fablico ou algum monumento iluminado de roxo? Caso tenha visto, saiba que \u00e9 uma forma chamar a aten\u00e7\u00e3o da sociedade para a hansen\u00edase. O Janeiro Roxo foi criado em 2016 e tem o \u00faltimo domingo do m\u00eas como data s\u00edmbolo. Nesse dia \u00e9 celebrado o Dia [&hellip;]<\/p>\n","protected":false},"author":4,"featured_media":172069,"comment_status":"open","ping_status":"closed","sticky":false,"template":"","format":"standard","meta":{"amp_status":"","footnotes":""},"categories":[6,40242],"tags":[60093,4785,73577,24617,45049,568,234426,234430,16305,234431,48760,234427,234429,234428,234433,202353,234436,219635,125522,234434,234432,40935,28873,234435],"class_list":["post-172068","post","type-post","status-publish","format-standard","has-post-thumbnail","hentry","category-br","category-saude-2","tag-amb","tag-brasil","tag-cfm","tag-cnbb","tag-cnj","tag-cnm","tag-conscientizacao-sobre-a-hanseniase","tag-dia-mundial-de-combate-e-prevencao-da-hanseniase","tag-hanseniase","tag-heitor-goncalves","tag-india","tag-janeiro-roxo","tag-monumento-iluminado-de-roxo","tag-monumento-roxo","tag-movimento-de-reintegracao-das-pessoas-atingidas-pela-hanseniase","tag-mycobacterium-leprae","tag-sandra-duraes","tag-sbcm","tag-sbd","tag-sintomas-da-hanseniase","tag-sociedade-brasileira-de-clinica-medica","tag-sociedade-brasileira-de-dermatologia","tag-sus","tag-tratamento-da-hanseniase"],"_links":{"self":[{"href":"https:\/\/aconteceunovale.com.br\/portal\/index.php?rest_route=\/wp\/v2\/posts\/172068","targetHints":{"allow":["GET"]}}],"collection":[{"href":"https:\/\/aconteceunovale.com.br\/portal\/index.php?rest_route=\/wp\/v2\/posts"}],"about":[{"href":"https:\/\/aconteceunovale.com.br\/portal\/index.php?rest_route=\/wp\/v2\/types\/post"}],"author":[{"embeddable":true,"href":"https:\/\/aconteceunovale.com.br\/portal\/index.php?rest_route=\/wp\/v2\/users\/4"}],"replies":[{"embeddable":true,"href":"https:\/\/aconteceunovale.com.br\/portal\/index.php?rest_route=%2Fwp%2Fv2%2Fcomments&post=172068"}],"version-history":[{"count":1,"href":"https:\/\/aconteceunovale.com.br\/portal\/index.php?rest_route=\/wp\/v2\/posts\/172068\/revisions"}],"predecessor-version":[{"id":172070,"href":"https:\/\/aconteceunovale.com.br\/portal\/index.php?rest_route=\/wp\/v2\/posts\/172068\/revisions\/172070"}],"wp:featuredmedia":[{"embeddable":true,"href":"https:\/\/aconteceunovale.com.br\/portal\/index.php?rest_route=\/wp\/v2\/media\/172069"}],"wp:attachment":[{"href":"https:\/\/aconteceunovale.com.br\/portal\/index.php?rest_route=%2Fwp%2Fv2%2Fmedia&parent=172068"}],"wp:term":[{"taxonomy":"category","embeddable":true,"href":"https:\/\/aconteceunovale.com.br\/portal\/index.php?rest_route=%2Fwp%2Fv2%2Fcategories&post=172068"},{"taxonomy":"post_tag","embeddable":true,"href":"https:\/\/aconteceunovale.com.br\/portal\/index.php?rest_route=%2Fwp%2Fv2%2Ftags&post=172068"}],"curies":[{"name":"wp","href":"https:\/\/api.w.org\/{rel}","templated":true}]}}