{"id":172050,"date":"2021-01-09T18:02:56","date_gmt":"2021-01-09T21:02:56","guid":{"rendered":"https:\/\/aconteceunovale.com.br\/portal\/?p=172050"},"modified":"2021-01-09T18:19:23","modified_gmt":"2021-01-09T21:19:23","slug":"mae-e-filha-morrem-em-acidente-na-br-135","status":"publish","type":"post","link":"https:\/\/aconteceunovale.com.br\/portal\/?p=172050","title":{"rendered":"M\u00e3e e filha morrem em acidente na BR-135"},"content":{"rendered":"\n<p>Uma mulher de 29 anos e a filha, uma beb\u00ea de sete meses, morreram em um acidente envolvendo dois carros na BR-135, em Corinto, na regi\u00e3o Central de Minas. De acordo com informa\u00e7\u00f5es da Pol\u00edcia Militar Rodovi\u00e1ria, o ve\u00edculo em que as v\u00edtimas estavam atravessou a pista ao fazer o retorno no trevo de Pirapora e foi atingido pelo outro autom\u00f3vel. O motorista tentou interromper a manobra, mas n\u00e3o conseguiu evitar a batida transversal.<\/p>\n\n\n\n<p>A beb\u00ea morreu no local do acidente e a m\u00e3e chegou a ser socorrida, mas n\u00e3o resistiu e faleceu ap\u00f3s dar entrada no hospital de Curvelo. O motorista e outros dois passageiros foram socorridos pela Eco-135 com ferimentos leves.<\/p>\n\n\n\n<p>Ainda segundo a pol\u00edcia, o condutor do outro carro n\u00e3o sofreu ferimentos e um filho dele, que estava no banco do passageiro, teve les\u00f5es leves. Todos os feridos foram levados para o Hospital Imaculada Concei\u00e7\u00e3o de Curvelo.<\/p>\n\n\n\n<p>A batida aconteceu na altura do quil\u00f4metro 580 e a rodovia n\u00e3o ficou interditada. As causas do acidente devem ser investigadas.<\/p>\n\n\n\n<figure class=\"wp-block-gallery columns-1 is-cropped wp-block-gallery-1 is-layout-flex wp-block-gallery-is-layout-flex\"><ul class=\"blocks-gallery-grid\"><li class=\"blocks-gallery-item\"><figure><img loading=\"lazy\" decoding=\"async\" width=\"678\" height=\"445\" src=\"https:\/\/aconteceunovale.com.br\/portal\/wp-content\/uploads\/2021\/01\/acidente_corinto_1.jpeg\" alt=\"\" data-id=\"172052\" data-full-url=\"https:\/\/aconteceunovale.com.br\/portal\/wp-content\/uploads\/2021\/01\/acidente_corinto_1.jpeg\" data-link=\"https:\/\/aconteceunovale.com.br\/portal\/?attachment_id=172052\" class=\"wp-image-172052\" srcset=\"https:\/\/aconteceunovale.com.br\/portal\/wp-content\/uploads\/2021\/01\/acidente_corinto_1.jpeg 678w, https:\/\/aconteceunovale.com.br\/portal\/wp-content\/uploads\/2021\/01\/acidente_corinto_1-300x197.jpeg 300w, https:\/\/aconteceunovale.com.br\/portal\/wp-content\/uploads\/2021\/01\/acidente_corinto_1-640x420.jpeg 640w\" sizes=\"auto, (max-width: 678px) 100vw, 678px\" \/><figcaption class=\"blocks-gallery-item__caption\"><em>Foto: Pol\u00edcia Militar Rodovi\u00e1ria\/Divulga\u00e7\u00e3o<\/em><\/figcaption><\/figure><\/li><li class=\"blocks-gallery-item\"><figure><img loading=\"lazy\" decoding=\"async\" width=\"678\" height=\"431\" src=\"https:\/\/aconteceunovale.com.br\/portal\/wp-content\/uploads\/2021\/01\/acidente_corinto_2.jpeg\" alt=\"\" data-id=\"172051\" data-full-url=\"https:\/\/aconteceunovale.com.br\/portal\/wp-content\/uploads\/2021\/01\/acidente_corinto_2.jpeg\" data-link=\"https:\/\/aconteceunovale.com.br\/portal\/?attachment_id=172051\" class=\"wp-image-172051\" srcset=\"https:\/\/aconteceunovale.com.br\/portal\/wp-content\/uploads\/2021\/01\/acidente_corinto_2.jpeg 678w, https:\/\/aconteceunovale.com.br\/portal\/wp-content\/uploads\/2021\/01\/acidente_corinto_2-300x191.jpeg 300w, https:\/\/aconteceunovale.com.br\/portal\/wp-content\/uploads\/2021\/01\/acidente_corinto_2-661x420.jpeg 661w\" sizes=\"auto, (max-width: 678px) 100vw, 678px\" \/><figcaption class=\"blocks-gallery-item__caption\"><em>Foto: Pol\u00edcia Militar Rodovi\u00e1ria\/Divulga\u00e7\u00e3o<\/em><\/figcaption><\/figure><\/li><\/ul><\/figure>\n\n\n\n<p class=\"has-white-color has-vivid-cyan-blue-background-color has-text-color has-background\">Quer saber as not\u00edcias do <strong>Aconteceu no Vale<\/strong> em primeira m\u00e3o? Siga-nos no Facebook <a rel=\"noreferrer noopener\" href=\"http:\/\/facebook.com\/aconteceunovale\" target=\"_blank\">@aconteceunovale<\/a>, Twitter <a rel=\"noreferrer noopener\" href=\"https:\/\/twitter.com\/noticiadosvales\" target=\"_blank\">@noticiadosvales<\/a> e Instagram <a rel=\"noreferrer noopener\" href=\"https:\/\/www.instagram.com\/aconteceunovale\" target=\"_blank\">@aconteceunovale<\/a>.<\/p>\n","protected":false},"excerpt":{"rendered":"<p>Uma mulher de 29 anos e a filha, uma beb\u00ea de sete meses, morreram em um acidente envolvendo dois carros na BR-135, em Corinto, na regi\u00e3o Central de Minas. De acordo com informa\u00e7\u00f5es da Pol\u00edcia Militar Rodovi\u00e1ria, o ve\u00edculo em que as v\u00edtimas estavam atravessou a pista ao fazer o retorno no trevo de Pirapora [&hellip;]<\/p>\n","protected":false},"author":4,"featured_media":172052,"comment_status":"open","ping_status":"closed","sticky":false,"template":"","format":"standard","meta":{"amp_status":"","footnotes":""},"categories":[123],"tags":[234414,54170,210060,211674,234416,234415,32604,234178,234058,197,1018,191022,234412,234413],"class_list":["post-172050","post","type-post","status-publish","format-standard","has-post-thumbnail","hentry","category-gerais","tag-acidente-com-mae-e-filha-em-corinto","tag-acidente-em-corinto","tag-acidente-na-br-135-2","tag-acidente-na-br-135-em-corinto-2","tag-acidente-na-br-135-no-trevo-de-pirapora","tag-acidente-no-trevo-de-pirapora","tag-acidente-perto-de-corinto","tag-acidente-proximo-a-corinto","tag-colisao-entre-carros-em-corinto","tag-curvelo","tag-destaque","tag-eco-135","tag-mae-e-filha-morrem-em-acidente-na-br-135","tag-mae-e-filha-morrem-em-acidente-na-br-135-em-corinto"],"_links":{"self":[{"href":"https:\/\/aconteceunovale.com.br\/portal\/index.php?rest_route=\/wp\/v2\/posts\/172050","targetHints":{"allow":["GET"]}}],"collection":[{"href":"https:\/\/aconteceunovale.com.br\/portal\/index.php?rest_route=\/wp\/v2\/posts"}],"about":[{"href":"https:\/\/aconteceunovale.com.br\/portal\/index.php?rest_route=\/wp\/v2\/types\/post"}],"author":[{"embeddable":true,"href":"https:\/\/aconteceunovale.com.br\/portal\/index.php?rest_route=\/wp\/v2\/users\/4"}],"replies":[{"embeddable":true,"href":"https:\/\/aconteceunovale.com.br\/portal\/index.php?rest_route=%2Fwp%2Fv2%2Fcomments&post=172050"}],"version-history":[{"count":1,"href":"https:\/\/aconteceunovale.com.br\/portal\/index.php?rest_route=\/wp\/v2\/posts\/172050\/revisions"}],"predecessor-version":[{"id":172053,"href":"https:\/\/aconteceunovale.com.br\/portal\/index.php?rest_route=\/wp\/v2\/posts\/172050\/revisions\/172053"}],"wp:featuredmedia":[{"embeddable":true,"href":"https:\/\/aconteceunovale.com.br\/portal\/index.php?rest_route=\/wp\/v2\/media\/172052"}],"wp:attachment":[{"href":"https:\/\/aconteceunovale.com.br\/portal\/index.php?rest_route=%2Fwp%2Fv2%2Fmedia&parent=172050"}],"wp:term":[{"taxonomy":"category","embeddable":true,"href":"https:\/\/aconteceunovale.com.br\/portal\/index.php?rest_route=%2Fwp%2Fv2%2Fcategories&post=172050"},{"taxonomy":"post_tag","embeddable":true,"href":"https:\/\/aconteceunovale.com.br\/portal\/index.php?rest_route=%2Fwp%2Fv2%2Ftags&post=172050"}],"curies":[{"name":"wp","href":"https:\/\/api.w.org\/{rel}","templated":true}]}}