{"id":172047,"date":"2021-01-09T17:54:23","date_gmt":"2021-01-09T20:54:23","guid":{"rendered":"https:\/\/aconteceunovale.com.br\/portal\/?p=172047"},"modified":"2021-01-09T17:55:13","modified_gmt":"2021-01-09T20:55:13","slug":"acidente-entre-carro-e-caminhao-deixa-tres-feridos-na-br-251-no-norte-de-minas","status":"publish","type":"post","link":"https:\/\/aconteceunovale.com.br\/portal\/?p=172047","title":{"rendered":"Acidente entre carro e caminh\u00e3o deixa tr\u00eas feridos na BR-251, no Norte de Minas"},"content":{"rendered":"\n<p>Tr\u00eas pessoas ficaram feridas em um acidente entre um carro e um caminh\u00e3o na BR-251, em Francisco S\u00e1 (MG), neste s\u00e1bado (9\/1\/2021). De acordo com a Pol\u00edcia Rodovi\u00e1ria Federal (PRF), o motorista do autom\u00f3vel perdeu o controle da dire\u00e7\u00e3o, invadiu a contram\u00e3o e colidiu frontalmente contra o ve\u00edculo de carga.<\/p>\n\n\n\n<p>Os tr\u00eas ocupantes do carro sofreram ferimentos leves. Eles foram socorridos por terceiros e levados para o hospital de Francisco S\u00e1.<\/p>\n\n\n\n<p>Ap\u00f3s a batida, o carro come\u00e7ou a pegar fogo, mas motoristas que passavam pelo local conseguiram conter o princ\u00edpio de inc\u00eandio com extintores. O caminhoneiro e o passageiro n\u00e3o ficaram feridos.<\/p>\n\n\n\n<p>O acidente aconteceu na altura do quil\u00f4metro 403 e a rodovia n\u00e3o precisou ser interditada.<\/p>\n\n\n\n<figure class=\"wp-block-gallery columns-1 is-cropped wp-block-gallery-1 is-layout-flex wp-block-gallery-is-layout-flex\"><ul class=\"blocks-gallery-grid\"><li class=\"blocks-gallery-item\"><figure><img loading=\"lazy\" decoding=\"async\" width=\"678\" height=\"382\" src=\"https:\/\/aconteceunovale.com.br\/portal\/wp-content\/uploads\/2021\/01\/acidente_francisco_sa.jpeg\" alt=\"\" data-id=\"172048\" data-full-url=\"https:\/\/aconteceunovale.com.br\/portal\/wp-content\/uploads\/2021\/01\/acidente_francisco_sa.jpeg\" data-link=\"https:\/\/aconteceunovale.com.br\/portal\/?attachment_id=172048\" class=\"wp-image-172048\" srcset=\"https:\/\/aconteceunovale.com.br\/portal\/wp-content\/uploads\/2021\/01\/acidente_francisco_sa.jpeg 678w, https:\/\/aconteceunovale.com.br\/portal\/wp-content\/uploads\/2021\/01\/acidente_francisco_sa-300x169.jpeg 300w\" sizes=\"auto, (max-width: 678px) 100vw, 678px\" \/><figcaption class=\"blocks-gallery-item__caption\"><em>Foto: Pol\u00edcia Rodovi\u00e1ria Federal\/Divulga\u00e7\u00e3o<\/em><\/figcaption><\/figure><\/li><\/ul><\/figure>\n\n\n\n<p class=\"has-white-color has-vivid-cyan-blue-background-color has-text-color has-background\">Quer saber as not\u00edcias do <strong>Aconteceu no Vale<\/strong> em primeira m\u00e3o? Siga-nos no Facebook <a rel=\"noreferrer noopener\" href=\"http:\/\/facebook.com\/aconteceunovale\" target=\"_blank\">@aconteceunovale<\/a>, Twitter <a rel=\"noreferrer noopener\" href=\"https:\/\/twitter.com\/noticiadosvales\" target=\"_blank\">@noticiadosvales<\/a> e Instagram <a rel=\"noreferrer noopener\" href=\"https:\/\/www.instagram.com\/aconteceunovale\" target=\"_blank\">@aconteceunovale<\/a>.<\/p>\n","protected":false},"excerpt":{"rendered":"<p>Tr\u00eas pessoas ficaram feridas em um acidente entre um carro e um caminh\u00e3o na BR-251, em Francisco S\u00e1 (MG), neste s\u00e1bado (9\/1\/2021). De acordo com a Pol\u00edcia Rodovi\u00e1ria Federal (PRF), o motorista do autom\u00f3vel perdeu o controle da dire\u00e7\u00e3o, invadiu a contram\u00e3o e colidiu frontalmente contra o ve\u00edculo de carga. Os tr\u00eas ocupantes do carro [&hellip;]<\/p>\n","protected":false},"author":4,"featured_media":172048,"comment_status":"open","ping_status":"closed","sticky":false,"template":"","format":"standard","meta":{"amp_status":"","footnotes":""},"categories":[1236],"tags":[2034,234411,206350,209231,88120,206349,1018],"class_list":["post-172047","post","type-post","status-publish","format-standard","has-post-thumbnail","hentry","category-norte_de_minas","tag-acidente-em-francisco-sa","tag-acidente-entre-carro-e-caminhao-deixa-tres-feridos-na-br-251","tag-acidente-na-br-251-2","tag-acidente-na-br-251-em-francisco-sa-2","tag-acidente-perto-de-francisco-sa","tag-br-251-2","tag-destaque"],"_links":{"self":[{"href":"https:\/\/aconteceunovale.com.br\/portal\/index.php?rest_route=\/wp\/v2\/posts\/172047","targetHints":{"allow":["GET"]}}],"collection":[{"href":"https:\/\/aconteceunovale.com.br\/portal\/index.php?rest_route=\/wp\/v2\/posts"}],"about":[{"href":"https:\/\/aconteceunovale.com.br\/portal\/index.php?rest_route=\/wp\/v2\/types\/post"}],"author":[{"embeddable":true,"href":"https:\/\/aconteceunovale.com.br\/portal\/index.php?rest_route=\/wp\/v2\/users\/4"}],"replies":[{"embeddable":true,"href":"https:\/\/aconteceunovale.com.br\/portal\/index.php?rest_route=%2Fwp%2Fv2%2Fcomments&post=172047"}],"version-history":[{"count":1,"href":"https:\/\/aconteceunovale.com.br\/portal\/index.php?rest_route=\/wp\/v2\/posts\/172047\/revisions"}],"predecessor-version":[{"id":172049,"href":"https:\/\/aconteceunovale.com.br\/portal\/index.php?rest_route=\/wp\/v2\/posts\/172047\/revisions\/172049"}],"wp:featuredmedia":[{"embeddable":true,"href":"https:\/\/aconteceunovale.com.br\/portal\/index.php?rest_route=\/wp\/v2\/media\/172048"}],"wp:attachment":[{"href":"https:\/\/aconteceunovale.com.br\/portal\/index.php?rest_route=%2Fwp%2Fv2%2Fmedia&parent=172047"}],"wp:term":[{"taxonomy":"category","embeddable":true,"href":"https:\/\/aconteceunovale.com.br\/portal\/index.php?rest_route=%2Fwp%2Fv2%2Fcategories&post=172047"},{"taxonomy":"post_tag","embeddable":true,"href":"https:\/\/aconteceunovale.com.br\/portal\/index.php?rest_route=%2Fwp%2Fv2%2Ftags&post=172047"}],"curies":[{"name":"wp","href":"https:\/\/api.w.org\/{rel}","templated":true}]}}