{"id":172044,"date":"2021-01-09T16:34:46","date_gmt":"2021-01-09T19:34:46","guid":{"rendered":"https:\/\/aconteceunovale.com.br\/portal\/?p=172044"},"modified":"2021-01-09T16:35:27","modified_gmt":"2021-01-09T19:35:27","slug":"municipio-baiano-esta-ha-sete-anos-sem-registro-de-morte-violenta","status":"publish","type":"post","link":"https:\/\/aconteceunovale.com.br\/portal\/?p=172044","title":{"rendered":"Munic\u00edpio baiano est\u00e1 h\u00e1 sete anos sem registro de morte violenta"},"content":{"rendered":"\n<p>O munic\u00edpio de Aba\u00edra-BA est\u00e1 h\u00e1 sete anos sem registro de Crimes Violentos Letais e Intencionais \u2013 como homic\u00eddio doloso, les\u00e3o corporal seguida de morte e latroc\u00ednio. A \u00faltima morte violenta na cidade, da regi\u00e3o da Chapada Diamantina, ocorreu em 4 de janeiro de 2014. Segundo o governo municipal, o resultado \u00e9 fruto de a\u00e7\u00f5es preventivas realizadas pelas pol\u00edcias Civil e Militar, em parceria com a prefeitura; dentre elas as patrulhas em \u00e1reas urbanas e povoados rurais.&nbsp;<\/p>\n\n\n\n<p>Segundo o comandante de Policiamento da Regi\u00e3o Integrada de Seguran\u00e7a P\u00fablica, coronel PM Valter Ara\u00fajo, durante as rondas, foi poss\u00edvel localizar e apreender armas, drogas e outros materiais il\u00edcitos.<\/p>\n\n\n\n<p>O titular da 13\u00aa Coordenadoria Regional de Pol\u00edcia do Interior, delegado Marcus Alessandro Ara\u00fajo, destacou o papel da popula\u00e7\u00e3o, que contribuiu com o trabalho das pol\u00edcias.&nbsp;<\/p>\n\n\n\n<p class=\"has-white-color has-black-background-color has-text-color has-background\">Quer saber as not\u00edcias do <strong>Aconteceu no Vale<\/strong> em primeira m\u00e3o? Siga-nos no Facebook <a rel=\"noreferrer noopener\" href=\"http:\/\/facebook.com\/aconteceunovale\" target=\"_blank\">@aconteceunovale<\/a>, Twitter <a rel=\"noreferrer noopener\" href=\"https:\/\/twitter.com\/noticiadosvales\" target=\"_blank\">@noticiadosvales<\/a> e Instagram <a rel=\"noreferrer noopener\" href=\"https:\/\/www.instagram.com\/aconteceunovale\" target=\"_blank\">@aconteceunovale<\/a>.<\/p>\n","protected":false},"excerpt":{"rendered":"<p>O munic\u00edpio de Aba\u00edra-BA est\u00e1 h\u00e1 sete anos sem registro de Crimes Violentos Letais e Intencionais \u2013 como homic\u00eddio doloso, les\u00e3o corporal seguida de morte e latroc\u00ednio. A \u00faltima morte violenta na cidade, da regi\u00e3o da Chapada Diamantina, ocorreu em 4 de janeiro de 2014. Segundo o governo municipal, o resultado \u00e9 fruto de a\u00e7\u00f5es [&hellip;]<\/p>\n","protected":false},"author":4,"featured_media":172045,"comment_status":"open","ping_status":"closed","sticky":false,"template":"","format":"standard","meta":{"amp_status":"","footnotes":""},"categories":[6],"tags":[99920,2379,21326,234404,234408,234405,234410,234403,234407,234406,234402,234409],"class_list":["post-172044","post","type-post","status-publish","format-standard","has-post-thumbnail","hentry","category-br","tag-abaira","tag-bahia","tag-chapada-diamantina","tag-cidade-com-maior-tempo-sem-morte-violenta","tag-cidade-paz","tag-cidade-sem-mortes-violentas","tag-delegado-marcus-alessandro-araujo","tag-municipio-com-mais-tempo-sem-morte-violenta","tag-municipio-paz","tag-municipio-sem-mortes-violentas","tag-sete-anos-sem-registro-de-morte-violenta","tag-valter-araujo"],"_links":{"self":[{"href":"https:\/\/aconteceunovale.com.br\/portal\/index.php?rest_route=\/wp\/v2\/posts\/172044","targetHints":{"allow":["GET"]}}],"collection":[{"href":"https:\/\/aconteceunovale.com.br\/portal\/index.php?rest_route=\/wp\/v2\/posts"}],"about":[{"href":"https:\/\/aconteceunovale.com.br\/portal\/index.php?rest_route=\/wp\/v2\/types\/post"}],"author":[{"embeddable":true,"href":"https:\/\/aconteceunovale.com.br\/portal\/index.php?rest_route=\/wp\/v2\/users\/4"}],"replies":[{"embeddable":true,"href":"https:\/\/aconteceunovale.com.br\/portal\/index.php?rest_route=%2Fwp%2Fv2%2Fcomments&post=172044"}],"version-history":[{"count":1,"href":"https:\/\/aconteceunovale.com.br\/portal\/index.php?rest_route=\/wp\/v2\/posts\/172044\/revisions"}],"predecessor-version":[{"id":172046,"href":"https:\/\/aconteceunovale.com.br\/portal\/index.php?rest_route=\/wp\/v2\/posts\/172044\/revisions\/172046"}],"wp:featuredmedia":[{"embeddable":true,"href":"https:\/\/aconteceunovale.com.br\/portal\/index.php?rest_route=\/wp\/v2\/media\/172045"}],"wp:attachment":[{"href":"https:\/\/aconteceunovale.com.br\/portal\/index.php?rest_route=%2Fwp%2Fv2%2Fmedia&parent=172044"}],"wp:term":[{"taxonomy":"category","embeddable":true,"href":"https:\/\/aconteceunovale.com.br\/portal\/index.php?rest_route=%2Fwp%2Fv2%2Fcategories&post=172044"},{"taxonomy":"post_tag","embeddable":true,"href":"https:\/\/aconteceunovale.com.br\/portal\/index.php?rest_route=%2Fwp%2Fv2%2Ftags&post=172044"}],"curies":[{"name":"wp","href":"https:\/\/api.w.org\/{rel}","templated":true}]}}