{"id":172004,"date":"2021-01-08T12:59:22","date_gmt":"2021-01-08T15:59:22","guid":{"rendered":"https:\/\/aconteceunovale.com.br\/portal\/?p=172004"},"modified":"2021-01-08T13:00:29","modified_gmt":"2021-01-08T16:00:29","slug":"prefeitura-de-bh-regulamenta-lockdown","status":"publish","type":"post","link":"https:\/\/aconteceunovale.com.br\/portal\/?p=172004","title":{"rendered":"Prefeitura de BH regulamenta lockdown; confira os hor\u00e1rios de funcionamento"},"content":{"rendered":"\n<p>A prefeitura de Belo Horizonte (MG) publicou, hoje (8\/1\/2021), no\u00a0<em>Di\u00e1rio Oficial\u00a0<\/em>do munic\u00edpio, um decreto desautorizando o funcionamento, por tempo indeterminado, de atividades consideradas n\u00e3o-essenciais, como lojas de roupas, sal\u00f5es de beleza, centros automotivos, entre outras.<img decoding=\"async\" src=\"https:\/\/agenciabrasil.ebc.com.br\/ebc.png?id=1398216&amp;o=node\"><img decoding=\"async\" src=\"https:\/\/agenciabrasil.ebc.com.br\/ebc.gif?id=1398216&amp;o=node\"><\/p>\n\n\n\n<p>Assinado pelo prefeito Alexandre Kalil (PSD), o\u00a0<a rel=\"noreferrer noopener\" href=\"http:\/\/portal6.pbh.gov.br\/dom\/Files\/dom6179%20-%20assinado.pdf\" target=\"_blank\">Decreto n\u00ba 17.523<\/a>\u00a0tamb\u00e9m estabelece os hor\u00e1rios de funcionamento dos estabelecimentos autorizados. Entre as atividades liberadas est\u00e3o padarias, supermercados, farm\u00e1cias, postos de gasolina, entre outros (veja quadro com a lista completa e os respectivos hor\u00e1rios de funcionamento).<\/p>\n\n\n\n<figure class=\"wp-block-image size-large\"><img decoding=\"async\" src=\"https:\/\/imagens.ebc.com.br\/dm1_P2P5u6xhKJ-tGxAOmw9rI_I=\/754x0\/smart\/https:\/\/agenciabrasil.ebc.com.br\/sites\/default\/files\/thumbnails\/image\/tabela-bh-lockdown.png\" alt=\"\"\/><\/figure>\n\n\n\n<p>As novas medidas entram em vigor na pr\u00f3xima segunda-feira (11). No decreto, a prefeitura afirma que as restri\u00e7\u00f5es foram decididas ap\u00f3s a an\u00e1lise dos indicadores epidemiol\u00f3gicos que apontam para o recrudescimento do n\u00famero de casos na cidade, levando em conta a capacidade da rede de assist\u00eancia local.<\/p>\n\n\n\n<p><a href=\"https:\/\/agenciabrasil.ebc.com.br\/saude\/noticia\/2021-01\/prefeito-de-belo-horizonte-decretara-lockdown-na-segunda-feira\" target=\"_blank\" rel=\"noreferrer noopener\">Kalil<\/a>&nbsp;j\u00e1 tinha antecipado a decreta\u00e7\u00e3o de um novo&nbsp;<em>lockdown<\/em>&nbsp;(bloqueio) para tentar conter a dissemina\u00e7\u00e3o do novo coronav\u00edrus e o aumento do n\u00famero de casos da covid-19 na \u00faltima quarta-feira (6). Na ocasi\u00e3o, o prefeito informou, pelas redes sociais, que a capital mineira chegou \u201cao limite da covid-19\u201d e que, ap\u00f3s uma reuni\u00e3o de governo, foi orientado a tomar a decis\u00e3o de editar um decreto fechando todos os servi\u00e7os n\u00e3o essenciais da cidade.<\/p>\n\n\n\n<p>\u201cChegamos no vermelho. O comerciante tem que se preparar, porque sexta-feira soltaremos um decreto voltando a cidade \u00e0 estaca zero. S\u00e3o n\u00fameros impressionantes, houve uma importa\u00e7\u00e3o de doen\u00e7a surpreendente. Temos casos de fam\u00edlias inteiras, que passaram o Natal juntos, infectados e internados\u201d, acrescentou.<\/p>\n\n\n\n<p>De acordo com o mais recente\u00a0<a rel=\"noreferrer noopener\" href=\"https:\/\/prefeitura.pbh.gov.br\/sites\/default\/files\/estrutura-de-governo\/saude\/2021\/boletim_epidemiologico_assistencial_180_covid-19_7-1-2021.pdf\" target=\"_blank\">boletim epidemiol\u00f3gico<\/a>\u00a0divulgado pela secretaria municipal de Sa\u00fade, at\u00e9 esta quinta-feira (7), Belo Horizonte contabilizava 66.916 casos confirmados da doen\u00e7a \u2013 dos quais 3.890 permaneciam em acompanhamento &#8211; e 1.923 mortes. A ocupa\u00e7\u00e3o de leitos em Unidades de Terapia Intensiva (UTI) destinados a pacientes com a doen\u00e7a chegou a 85%, enquanto a ocupa\u00e7\u00e3o de leitos de enfermaria estava na casa dos 62%.<\/p>\n\n\n\n<p class=\"has-white-color has-vivid-cyan-blue-background-color has-text-color has-background\">Quer saber as not\u00edcias do <strong>Aconteceu no Vale<\/strong> em primeira m\u00e3o? Siga-nos no Facebook <a rel=\"noreferrer noopener\" href=\"http:\/\/facebook.com\/aconteceunovale\" target=\"_blank\">@aconteceunovale<\/a>, Twitter <a rel=\"noreferrer noopener\" href=\"https:\/\/twitter.com\/noticiadosvales\" target=\"_blank\">@noticiadosvales<\/a> e Instagram <a rel=\"noreferrer noopener\" href=\"https:\/\/www.instagram.com\/aconteceunovale\" target=\"_blank\">@aconteceunovale<\/a>.<\/p>\n","protected":false},"excerpt":{"rendered":"<p>A prefeitura de Belo Horizonte (MG) publicou, hoje (8\/1\/2021), no\u00a0Di\u00e1rio Oficial\u00a0do munic\u00edpio, um decreto desautorizando o funcionamento, por tempo indeterminado, de atividades consideradas n\u00e3o-essenciais, como lojas de roupas, sal\u00f5es de beleza, centros automotivos, entre outras. Assinado pelo prefeito Alexandre Kalil (PSD), o\u00a0Decreto n\u00ba 17.523\u00a0tamb\u00e9m estabelece os hor\u00e1rios de funcionamento dos estabelecimentos autorizados. Entre as atividades [&hellip;]<\/p>\n","protected":false},"author":4,"featured_media":172006,"comment_status":"open","ping_status":"closed","sticky":false,"template":"","format":"standard","meta":{"amp_status":"","footnotes":""},"categories":[123],"tags":[219365,219363,234356,234355,234354,234357],"class_list":["post-172004","post","type-post","status-publish","format-standard","has-post-thumbnail","hentry","category-gerais","tag-funcionamento-do-comercio-em-belo-horizonte","tag-funcionamento-do-comercio-em-bh","tag-horario-de-funcionamento-do-comercio-em-belo-horizonte","tag-horario-de-funcionamento-do-comercio-em-bh","tag-prefeitura-de-bh-regulamenta-lockdown","tag-prefeitura-de-bh-regulamenta-lockdown-confira-os-horarios-de-funcionamento"],"_links":{"self":[{"href":"https:\/\/aconteceunovale.com.br\/portal\/index.php?rest_route=\/wp\/v2\/posts\/172004","targetHints":{"allow":["GET"]}}],"collection":[{"href":"https:\/\/aconteceunovale.com.br\/portal\/index.php?rest_route=\/wp\/v2\/posts"}],"about":[{"href":"https:\/\/aconteceunovale.com.br\/portal\/index.php?rest_route=\/wp\/v2\/types\/post"}],"author":[{"embeddable":true,"href":"https:\/\/aconteceunovale.com.br\/portal\/index.php?rest_route=\/wp\/v2\/users\/4"}],"replies":[{"embeddable":true,"href":"https:\/\/aconteceunovale.com.br\/portal\/index.php?rest_route=%2Fwp%2Fv2%2Fcomments&post=172004"}],"version-history":[{"count":2,"href":"https:\/\/aconteceunovale.com.br\/portal\/index.php?rest_route=\/wp\/v2\/posts\/172004\/revisions"}],"predecessor-version":[{"id":172008,"href":"https:\/\/aconteceunovale.com.br\/portal\/index.php?rest_route=\/wp\/v2\/posts\/172004\/revisions\/172008"}],"wp:featuredmedia":[{"embeddable":true,"href":"https:\/\/aconteceunovale.com.br\/portal\/index.php?rest_route=\/wp\/v2\/media\/172006"}],"wp:attachment":[{"href":"https:\/\/aconteceunovale.com.br\/portal\/index.php?rest_route=%2Fwp%2Fv2%2Fmedia&parent=172004"}],"wp:term":[{"taxonomy":"category","embeddable":true,"href":"https:\/\/aconteceunovale.com.br\/portal\/index.php?rest_route=%2Fwp%2Fv2%2Fcategories&post=172004"},{"taxonomy":"post_tag","embeddable":true,"href":"https:\/\/aconteceunovale.com.br\/portal\/index.php?rest_route=%2Fwp%2Fv2%2Ftags&post=172004"}],"curies":[{"name":"wp","href":"https:\/\/api.w.org\/{rel}","templated":true}]}}