{"id":172002,"date":"2021-01-08T12:44:22","date_gmt":"2021-01-08T15:44:22","guid":{"rendered":"https:\/\/aconteceunovale.com.br\/portal\/?p=172002"},"modified":"2021-01-08T12:45:08","modified_gmt":"2021-01-08T15:45:08","slug":"policia-civil-cumpre-mandados-de-busca-para-apurar-roubo-no-leste-de-minas","status":"publish","type":"post","link":"https:\/\/aconteceunovale.com.br\/portal\/?p=172002","title":{"rendered":"Pol\u00edcia Civil cumpre mandados de busca para apurar roubo no Leste de Minas"},"content":{"rendered":"\n<p>Na manh\u00e3 desta sexta-feira (8\/1\/2021), a Pol\u00edcia Civil de Minas Gerais (PCMG) cumpriu dois mandados de busca e apreens\u00e3o em Governador Valadares, na regi\u00e3o do Rio Doce, em decorr\u00eancia de uma investiga\u00e7\u00e3o de roubo \u00e0 m\u00e3o armada. O crime ocorreu no munic\u00edpio de Mendes Pimentel, no dia 14 de novembro de 2020, quando um casal e um entregador de lanches foram abordados na porta da resid\u00eancia dos clientes.<\/p>\n\n\n\n<p>Segundo apura\u00e7\u00f5es da Delegacia de Pol\u00edcia Civil em Mantena, na ocasi\u00e3o, dois homens renderam as tr\u00eas v\u00edtimas, ordenado que elas entrassem na casa e, a partir de ent\u00e3o, passaram a procurar por objetos de valor. Ao todo, foram subtra\u00eddos dinheiro, joias, um telefone celular e a motocicleta do entregador. Os suspeitos tamb\u00e9m tentaram levar a moto do propriet\u00e1rio da casa, mas ela n\u00e3o funcionou.<\/p>\n\n\n\n<p>Durante as investiga\u00e7\u00f5es, a equipe levantou que a dupla teria fugido para a cidade de Governador Valadares \u2013 que fica a cerca de 80 quil\u00f4metros de Mendes Pimentel \u2013, onde foi recuperada, 14 dias ap\u00f3s o crime, a motocicleta pertencente ao entregador. O ve\u00edculo j\u00e1 estava parcialmente desmontado.<\/p>\n\n\n\n<p>Tamb\u00e9m foi apurado pelos policiais civis que dois suspeitos, de 18 e 20 anos de idade, ambos residentes no bairro Carapina, em Valadares, estariam em poder de outros objetos roubados das v\u00edtimas. Em raz\u00e3o disso, foram requeridos os mandados de busca e apreens\u00e3o, deferidos pela Justi\u00e7a.<\/p>\n\n\n\n<p>Durante o cumprimento das buscas, realizado por equipes da PCMG lotadas em Mantena e Governador Valadares, no bairro Carapina, foi localizado e apreendido o celular de uma das v\u00edtimas do roubo, motivo pelo qual o suspeito, de 20 anos, dever\u00e1 responder por recepta\u00e7\u00e3o.<\/p>\n\n\n\n<p>De acordo com o delegado respons\u00e1vel pelas investiga\u00e7\u00f5es, Iure da Mota, os suspeitos j\u00e1 s\u00e3o envolvidos em crimes de homic\u00eddio e roubo na regi\u00e3o de Governador Valadares.<\/p>\n\n\n\n<p>O trabalho investigativo prossegue.<\/p>\n\n\n\n<p class=\"has-white-color has-vivid-cyan-blue-background-color has-text-color has-background\">Quer saber as not\u00edcias do <strong>Aconteceu no Vale<\/strong> em primeira m\u00e3o? Siga-nos no Facebook <a rel=\"noreferrer noopener\" href=\"http:\/\/facebook.com\/aconteceunovale\" target=\"_blank\">@aconteceunovale<\/a>, Twitter <a rel=\"noreferrer noopener\" href=\"https:\/\/twitter.com\/noticiadosvales\" target=\"_blank\">@noticiadosvales<\/a> e Instagram <a rel=\"noreferrer noopener\" href=\"https:\/\/www.instagram.com\/aconteceunovale\" target=\"_blank\">@aconteceunovale<\/a>.<\/p>\n","protected":false},"excerpt":{"rendered":"<p>Na manh\u00e3 desta sexta-feira (8\/1\/2021), a Pol\u00edcia Civil de Minas Gerais (PCMG) cumpriu dois mandados de busca e apreens\u00e3o em Governador Valadares, na regi\u00e3o do Rio Doce, em decorr\u00eancia de uma investiga\u00e7\u00e3o de roubo \u00e0 m\u00e3o armada. O crime ocorreu no munic\u00edpio de Mendes Pimentel, no dia 14 de novembro de 2020, quando um casal [&hellip;]<\/p>\n","protected":false},"author":4,"featured_media":151866,"comment_status":"open","ping_status":"closed","sticky":false,"template":"","format":"standard","meta":{"amp_status":"","footnotes":""},"categories":[121],"tags":[234352,42075,247,18800,1516,604,234350,234349,234353,234351,18801],"class_list":["post-172002","post","type-post","status-publish","format-standard","has-post-thumbnail","hentry","category-leste","tag-assalto-em-mendes-pimentel","tag-delegado-iure-da-mota","tag-governador-valadares","tag-gv","tag-mantena","tag-pcmg","tag-policia-civil-cumpre-mandados-de-busca-para-apurar-roubo-em-mendes-pimentel","tag-policia-civil-cumpre-mandados-de-busca-para-apurar-roubo-no-leste-de-minas","tag-policia-civil-em-mantena","tag-roubo-em-mendes-pimentel","tag-valadares"],"_links":{"self":[{"href":"https:\/\/aconteceunovale.com.br\/portal\/index.php?rest_route=\/wp\/v2\/posts\/172002","targetHints":{"allow":["GET"]}}],"collection":[{"href":"https:\/\/aconteceunovale.com.br\/portal\/index.php?rest_route=\/wp\/v2\/posts"}],"about":[{"href":"https:\/\/aconteceunovale.com.br\/portal\/index.php?rest_route=\/wp\/v2\/types\/post"}],"author":[{"embeddable":true,"href":"https:\/\/aconteceunovale.com.br\/portal\/index.php?rest_route=\/wp\/v2\/users\/4"}],"replies":[{"embeddable":true,"href":"https:\/\/aconteceunovale.com.br\/portal\/index.php?rest_route=%2Fwp%2Fv2%2Fcomments&post=172002"}],"version-history":[{"count":1,"href":"https:\/\/aconteceunovale.com.br\/portal\/index.php?rest_route=\/wp\/v2\/posts\/172002\/revisions"}],"predecessor-version":[{"id":172003,"href":"https:\/\/aconteceunovale.com.br\/portal\/index.php?rest_route=\/wp\/v2\/posts\/172002\/revisions\/172003"}],"wp:featuredmedia":[{"embeddable":true,"href":"https:\/\/aconteceunovale.com.br\/portal\/index.php?rest_route=\/wp\/v2\/media\/151866"}],"wp:attachment":[{"href":"https:\/\/aconteceunovale.com.br\/portal\/index.php?rest_route=%2Fwp%2Fv2%2Fmedia&parent=172002"}],"wp:term":[{"taxonomy":"category","embeddable":true,"href":"https:\/\/aconteceunovale.com.br\/portal\/index.php?rest_route=%2Fwp%2Fv2%2Fcategories&post=172002"},{"taxonomy":"post_tag","embeddable":true,"href":"https:\/\/aconteceunovale.com.br\/portal\/index.php?rest_route=%2Fwp%2Fv2%2Ftags&post=172002"}],"curies":[{"name":"wp","href":"https:\/\/api.w.org\/{rel}","templated":true}]}}