{"id":171939,"date":"2021-01-06T21:50:29","date_gmt":"2021-01-07T00:50:29","guid":{"rendered":"https:\/\/aconteceunovale.com.br\/portal\/?p=171939"},"modified":"2021-01-06T21:50:42","modified_gmt":"2021-01-07T00:50:42","slug":"o-ultimo-encontro-de-mae-e-filha-em-uma-uti-covid","status":"publish","type":"post","link":"https:\/\/aconteceunovale.com.br\/portal\/?p=171939","title":{"rendered":"O \u00faltimo encontro de m\u00e3e e filha em uma UTI Covid"},"content":{"rendered":"\n<p class=\"wp-block-paragraph\">Uma mulher que viu sua m\u00e3e morrer ao lado dela no hospital depois que ambas pegaram Covid-19 pede \u00e0s pessoas que tomem as precau\u00e7\u00f5es necess\u00e1rias contra a doen\u00e7a.<\/p>\n\n\n\n<p class=\"wp-block-paragraph\">Maria Rico, de 76 anos, que vivia na Inglaterra, tirou a m\u00e1scara de oxig\u00eanio para falar com as duas filhas uma \u00faltima vez, mesmo sabendo que isso apressaria sua morte.<\/p>\n\n\n\n<p class=\"wp-block-paragraph\">Anabel Sharma descreveu o momento como &#8220;de partir o cora\u00e7\u00e3o&#8221;, mas disse que estava feliz por ao menos sua m\u00e3e n\u00e3o ter morrido sozinha.<\/p>\n\n\n\n<p class=\"wp-block-paragraph\">Ela divulgou a \u00faltima foto delas para aumentar a conscientiza\u00e7\u00e3o sobre o v\u00edrus.<\/p>\n\n\n\n<figure class=\"wp-block-gallery columns-1 is-cropped wp-block-gallery-1 is-layout-flex wp-block-gallery-is-layout-flex\"><ul class=\"blocks-gallery-grid\"><li class=\"blocks-gallery-item\"><figure><img loading=\"lazy\" decoding=\"async\" width=\"678\" height=\"381\" src=\"https:\/\/aconteceunovale.com.br\/portal\/wp-content\/uploads\/2021\/01\/ultimo_encontro.jpg\" alt=\"\" data-id=\"171940\" data-full-url=\"https:\/\/aconteceunovale.com.br\/portal\/wp-content\/uploads\/2021\/01\/ultimo_encontro.jpg\" data-link=\"https:\/\/aconteceunovale.com.br\/portal\/?attachment_id=171940\" class=\"wp-image-171940\" srcset=\"https:\/\/aconteceunovale.com.br\/portal\/wp-content\/uploads\/2021\/01\/ultimo_encontro.jpg 678w, https:\/\/aconteceunovale.com.br\/portal\/wp-content\/uploads\/2021\/01\/ultimo_encontro-300x169.jpg 300w\" sizes=\"auto, (max-width: 678px) 100vw, 678px\" \/><figcaption class=\"blocks-gallery-item__caption\"><em>Maria Rico e sua filha Anabel Sharma foram admitidas no hospital Leicester Royal no mesmo dia &#8211; Foto: Anabel Sharma via BBC<\/em><\/figcaption><\/figure><\/li><\/ul><\/figure>\n\n\n\n<h2 class=\"wp-block-heading\">&#8216;Conforto&#8217;<\/h2>\n\n\n\n<p class=\"wp-block-paragraph\">\u00a0Sharma disse que sua m\u00e3e morreu\u00a0cerca de meia hora depois\u00a0que a m\u00e1scara foi retirada.<\/p>\n\n\n\n<p class=\"wp-block-paragraph\">&#8220;Minha m\u00e3e pediu que tirassem a m\u00e1scara dela e eles disseram: &#8216;Assim que tirarmos, voc\u00ea n\u00e3o ter\u00e1 muito tempo&#8217;. Ela disse, &#8216;sim, eu sei disso, mas j\u00e1 tive o suficiente'&#8221;, lembrou.<\/p>\n\n\n\n<p class=\"wp-block-paragraph\">&#8220;Passamos cerca de cinco minutos com ela quando ela conseguiu falar, depois ela perdeu a consci\u00eancia.&nbsp;Ela nos disse que n\u00e3o tinha medo de morrer, que estava pronta. Disse que eu precisava lutar muito porque tinha os filhos em casa.&#8221;<\/p>\n\n\n\n<p class=\"wp-block-paragraph\">A irm\u00e3 de Sharma, Susana, tamb\u00e9m foi autorizada a participar desse momento usando equipamento de prote\u00e7\u00e3o individual.<\/p>\n\n\n\n<p class=\"wp-block-paragraph\">&#8220;N\u00f3s seguramos a m\u00e3o dela at\u00e9 o \u00faltimo suspiro&#8221;, disse. &#8220;Tenho algum conforto ao pensar que pudemos estar com ela e sei que tamb\u00e9m trouxe conforto \u00e0 minha m\u00e3e.&#8221;<\/p>\n\n\n\n<p class=\"wp-block-paragraph\">Maria Rico morava na mesma casa que Sharma, o marido dela e tr\u00eas filhos (Noah, de 10 anos, Isaac, de 12 anos, e Jacob, de 22).<\/p>\n\n\n\n<p class=\"wp-block-paragraph\">Sharma disse acreditar que um de seus filhos pegou o coronav\u00edrus na escola e que&nbsp;o v\u00edrus &#8220;devastou&#8221; a fam\u00edlia em uma velocidade &#8220;assustadora&#8221;.<\/p>\n\n\n\n<p class=\"wp-block-paragraph\">&#8220;Gostaria de pedir \u00e0s pessoas que sigam todas as precau\u00e7\u00f5es e pensem nos outros&#8221;, disse ela.<\/p>\n\n\n\n<p class=\"wp-block-paragraph\">Sharma e sua m\u00e3e foram admitidas no hospital Leicester Royal no mesmo dia de outubro, e Maria Rico faleceu em 1\u00ba de novembro.<\/p>\n\n\n\n<p class=\"wp-block-paragraph\">O funeral foi transmitido ao vivo para Sharma, que ainda estava no hospital.<\/p>\n\n\n\n<p class=\"wp-block-paragraph\">&#8220;Ela estava muito ciente do que estava para acontecer,&nbsp;sabia que n\u00e3o iria se recuperar e estava farta do tratamento&#8221;, disse Sharma, que continua a fazer tratamento com oxig\u00eanio em casa porque seus pulm\u00f5es foram danificados pelo v\u00edrus.<\/p>\n\n\n\n<p class=\"wp-block-paragraph\">Ela descreveu a m\u00e3e como uma &#8220;av\u00f3 incr\u00edvel&#8221; que era &#8220;muito, muito obstinada&#8221;.<\/p>\n\n\n\n<p class=\"has-white-color has-vivid-cyan-blue-background-color has-text-color has-background wp-block-paragraph\">Quer saber as not\u00edcias do <strong>Aconteceu no Vale<\/strong> em primeira m\u00e3o? Siga-nos no Facebook <a rel=\"noreferrer noopener\" href=\"http:\/\/facebook.com\/aconteceunovale\" target=\"_blank\">@aconteceunovale<\/a>, Twitter <a rel=\"noreferrer noopener\" href=\"https:\/\/twitter.com\/noticiadosvales\" target=\"_blank\">@noticiadosvales<\/a> e Instagram <a rel=\"noreferrer noopener\" href=\"https:\/\/www.instagram.com\/aconteceunovale\" target=\"_blank\">@aconteceunovale<\/a>.<\/p>\n","protected":false},"excerpt":{"rendered":"<p>Uma mulher que viu sua m\u00e3e morrer ao lado dela no hospital depois que ambas pegaram Covid-19 pede \u00e0s pessoas que tomem as precau\u00e7\u00f5es necess\u00e1rias contra a doen\u00e7a. Maria Rico, de 76 anos, que vivia na Inglaterra, tirou a m\u00e1scara de oxig\u00eanio para falar com as duas filhas uma \u00faltima vez, mesmo sabendo que isso [&hellip;]<\/p>\n","protected":false},"author":4,"featured_media":171940,"comment_status":"open","ping_status":"closed","sticky":false,"template":"","format":"standard","meta":{"amp_status":"","footnotes":""},"categories":[28848,40242],"tags":[234239,214884,216498,234237,234240,234238,215653,234235,140166,219687,218365,234236],"class_list":["post-171939","post","type-post","status-publish","format-standard","has-post-thumbnail","hentry","category-mundo","category-saude-2","tag-anabel-sharma","tag-coronavirus","tag-covid-19","tag-foto-em-uti-covid","tag-historia-de-maria-rico","tag-maria-rico","tag-novo-coronavirus","tag-o-ultimo-encontro-de-mae-e-filha-em-uma-uti-covid","tag-pandemia","tag-pandemia-da-covid-19","tag-pandemia-do-coronavirus","tag-ultimo-encontro-entre-mae-e-filha"],"yoast_head":"<!-- This site is optimized with the Yoast SEO plugin v28.3 - https:\/\/yoast.com\/product\/yoast-seo-wordpress\/ -->\n<title>O \u00faltimo encontro de m\u00e3e e filha em uma UTI Covid - Aconteceu no Vale<\/title>\n<meta name=\"robots\" content=\"index, follow, max-snippet:-1, max-image-preview:large, max-video-preview:-1\" \/>\n<link rel=\"canonical\" href=\"https:\/\/aconteceunovale.com.br\/portal\/?p=171939\" \/>\n<meta property=\"og:locale\" content=\"pt_BR\" \/>\n<meta property=\"og:type\" content=\"article\" \/>\n<meta property=\"og:title\" content=\"O \u00faltimo encontro de m\u00e3e e filha em uma UTI Covid - Aconteceu no Vale\" \/>\n<meta property=\"og:description\" content=\"Uma mulher que viu sua m\u00e3e morrer ao lado dela no hospital depois que ambas pegaram Covid-19 pede \u00e0s pessoas que tomem as precau\u00e7\u00f5es necess\u00e1rias contra a doen\u00e7a. Maria Rico, de 76 anos, que vivia na Inglaterra, tirou a m\u00e1scara de oxig\u00eanio para falar com as duas filhas uma \u00faltima vez, mesmo sabendo que isso [&hellip;]\" \/>\n<meta property=\"og:url\" content=\"https:\/\/aconteceunovale.com.br\/portal\/?p=171939\" \/>\n<meta property=\"og:site_name\" content=\"Aconteceu no Vale\" \/>\n<meta property=\"article:publisher\" content=\"https:\/\/www.facebook.com\/aconteceunovale\/\" \/>\n<meta property=\"article:published_time\" content=\"2021-01-07T00:50:29+00:00\" \/>\n<meta property=\"article:modified_time\" content=\"2021-01-07T00:50:42+00:00\" \/>\n<meta property=\"og:image\" content=\"https:\/\/aconteceunovale.com.br\/portal\/wp-content\/uploads\/2021\/01\/ultimo_encontro.jpg\" \/>\n\t<meta property=\"og:image:width\" content=\"678\" \/>\n\t<meta property=\"og:image:height\" content=\"381\" \/>\n\t<meta property=\"og:image:type\" content=\"image\/jpeg\" \/>\n<meta name=\"author\" content=\"Reda\u00e7\u00e3o Aconteceu no Vale\" \/>\n<meta name=\"twitter:card\" content=\"summary_large_image\" \/>\n<meta name=\"twitter:creator\" content=\"@noticiadosvales\" \/>\n<meta name=\"twitter:site\" content=\"@noticiadosvales\" \/>\n<meta name=\"twitter:label1\" content=\"Escrito por\" \/>\n\t<meta name=\"twitter:data1\" content=\"Reda\u00e7\u00e3o Aconteceu no Vale\" \/>\n\t<meta name=\"twitter:label2\" content=\"Est. tempo de leitura\" \/>\n\t<meta name=\"twitter:data2\" content=\"2 minutos\" \/>\n<script type=\"application\/ld+json\" class=\"yoast-schema-graph\">{\"@context\":\"https:\\\/\\\/schema.org\",\"@graph\":[{\"@type\":\"Article\",\"@id\":\"https:\\\/\\\/aconteceunovale.com.br\\\/portal\\\/?p=171939#article\",\"isPartOf\":{\"@id\":\"https:\\\/\\\/aconteceunovale.com.br\\\/portal\\\/?p=171939\"},\"author\":{\"name\":\"Reda\u00e7\u00e3o Aconteceu no Vale\",\"@id\":\"https:\\\/\\\/aconteceunovale.com.br\\\/portal\\\/#\\\/schema\\\/person\\\/7d2f26d1483f8a63de73da1ee0754d35\"},\"headline\":\"O \u00faltimo encontro de m\u00e3e e filha em uma UTI Covid\",\"datePublished\":\"2021-01-07T00:50:29+00:00\",\"dateModified\":\"2021-01-07T00:50:42+00:00\",\"mainEntityOfPage\":{\"@id\":\"https:\\\/\\\/aconteceunovale.com.br\\\/portal\\\/?p=171939\"},\"wordCount\":471,\"commentCount\":0,\"image\":{\"@id\":\"https:\\\/\\\/aconteceunovale.com.br\\\/portal\\\/?p=171939#primaryimage\"},\"thumbnailUrl\":\"https:\\\/\\\/aconteceunovale.com.br\\\/portal\\\/wp-content\\\/uploads\\\/2021\\\/01\\\/ultimo_encontro.jpg\",\"keywords\":[\"Anabel Sharma\",\"Coronav\u00edrus\",\"COVID-19\",\"Foto em UTI Covid\",\"Hist\u00f3ria de Maria Rico\",\"Maria Rico\",\"Novo coronav\u00edrus\",\"O \u00faltimo encontro de m\u00e3e e filha em uma UTI Covid\",\"pandemia\",\"Pandemia da covid-19\",\"Pandemia do coronav\u00edrus\",\"\u00daltimo encontro entre m\u00e3e e filha\"],\"articleSection\":[\"Mundo\",\"Sa\u00fade\"],\"inLanguage\":\"pt-BR\",\"potentialAction\":[{\"@type\":\"CommentAction\",\"name\":\"Comment\",\"target\":[\"https:\\\/\\\/aconteceunovale.com.br\\\/portal\\\/?p=171939#respond\"]}]},{\"@type\":\"WebPage\",\"@id\":\"https:\\\/\\\/aconteceunovale.com.br\\\/portal\\\/?p=171939\",\"url\":\"https:\\\/\\\/aconteceunovale.com.br\\\/portal\\\/?p=171939\",\"name\":\"O \u00faltimo encontro de m\u00e3e e filha em uma UTI Covid - Aconteceu no Vale\",\"isPartOf\":{\"@id\":\"https:\\\/\\\/aconteceunovale.com.br\\\/portal\\\/#website\"},\"primaryImageOfPage\":{\"@id\":\"https:\\\/\\\/aconteceunovale.com.br\\\/portal\\\/?p=171939#primaryimage\"},\"image\":{\"@id\":\"https:\\\/\\\/aconteceunovale.com.br\\\/portal\\\/?p=171939#primaryimage\"},\"thumbnailUrl\":\"https:\\\/\\\/aconteceunovale.com.br\\\/portal\\\/wp-content\\\/uploads\\\/2021\\\/01\\\/ultimo_encontro.jpg\",\"datePublished\":\"2021-01-07T00:50:29+00:00\",\"dateModified\":\"2021-01-07T00:50:42+00:00\",\"author\":{\"@id\":\"https:\\\/\\\/aconteceunovale.com.br\\\/portal\\\/#\\\/schema\\\/person\\\/7d2f26d1483f8a63de73da1ee0754d35\"},\"breadcrumb\":{\"@id\":\"https:\\\/\\\/aconteceunovale.com.br\\\/portal\\\/?p=171939#breadcrumb\"},\"inLanguage\":\"pt-BR\",\"potentialAction\":[{\"@type\":\"ReadAction\",\"target\":[\"https:\\\/\\\/aconteceunovale.com.br\\\/portal\\\/?p=171939\"]}]},{\"@type\":\"ImageObject\",\"inLanguage\":\"pt-BR\",\"@id\":\"https:\\\/\\\/aconteceunovale.com.br\\\/portal\\\/?p=171939#primaryimage\",\"url\":\"https:\\\/\\\/aconteceunovale.com.br\\\/portal\\\/wp-content\\\/uploads\\\/2021\\\/01\\\/ultimo_encontro.jpg\",\"contentUrl\":\"https:\\\/\\\/aconteceunovale.com.br\\\/portal\\\/wp-content\\\/uploads\\\/2021\\\/01\\\/ultimo_encontro.jpg\",\"width\":678,\"height\":381},{\"@type\":\"BreadcrumbList\",\"@id\":\"https:\\\/\\\/aconteceunovale.com.br\\\/portal\\\/?p=171939#breadcrumb\",\"itemListElement\":[{\"@type\":\"ListItem\",\"position\":1,\"name\":\"In\u00edcio\",\"item\":\"https:\\\/\\\/aconteceunovale.com.br\\\/portal\\\/\"},{\"@type\":\"ListItem\",\"position\":2,\"name\":\"O \u00faltimo encontro de m\u00e3e e filha em uma UTI Covid\"}]},{\"@type\":\"WebSite\",\"@id\":\"https:\\\/\\\/aconteceunovale.com.br\\\/portal\\\/#website\",\"url\":\"https:\\\/\\\/aconteceunovale.com.br\\\/portal\\\/\",\"name\":\"Aconteceu no Vale\",\"description\":\"Portal de Not\u00edcias\",\"potentialAction\":[{\"@type\":\"SearchAction\",\"target\":{\"@type\":\"EntryPoint\",\"urlTemplate\":\"https:\\\/\\\/aconteceunovale.com.br\\\/portal\\\/?s={search_term_string}\"},\"query-input\":{\"@type\":\"PropertyValueSpecification\",\"valueRequired\":true,\"valueName\":\"search_term_string\"}}],\"inLanguage\":\"pt-BR\"},{\"@type\":\"Person\",\"@id\":\"https:\\\/\\\/aconteceunovale.com.br\\\/portal\\\/#\\\/schema\\\/person\\\/7d2f26d1483f8a63de73da1ee0754d35\",\"name\":\"Reda\u00e7\u00e3o Aconteceu no Vale\",\"description\":\"Equipe de reportagem do Aconteceu no Vale, portal de not\u00edcias do Vale do Jequitinhonha, em Minas Gerais. Cobrimos as 51 cidades do Vale desde 2013. Sugest\u00f5es de pauta e pedidos de corre\u00e7\u00e3o: contato@aconteceunovale.com.br\",\"url\":\"https:\\\/\\\/aconteceunovale.com.br\\\/portal\\\/?author=4\"}]}<\/script>\n<!-- \/ Yoast SEO plugin. -->","yoast_head_json":{"title":"O \u00faltimo encontro de m\u00e3e e filha em uma UTI Covid - Aconteceu no Vale","robots":{"index":"index","follow":"follow","max-snippet":"max-snippet:-1","max-image-preview":"max-image-preview:large","max-video-preview":"max-video-preview:-1"},"canonical":"https:\/\/aconteceunovale.com.br\/portal\/?p=171939","og_locale":"pt_BR","og_type":"article","og_title":"O \u00faltimo encontro de m\u00e3e e filha em uma UTI Covid - Aconteceu no Vale","og_description":"Uma mulher que viu sua m\u00e3e morrer ao lado dela no hospital depois que ambas pegaram Covid-19 pede \u00e0s pessoas que tomem as precau\u00e7\u00f5es necess\u00e1rias contra a doen\u00e7a. Maria Rico, de 76 anos, que vivia na Inglaterra, tirou a m\u00e1scara de oxig\u00eanio para falar com as duas filhas uma \u00faltima vez, mesmo sabendo que isso [&hellip;]","og_url":"https:\/\/aconteceunovale.com.br\/portal\/?p=171939","og_site_name":"Aconteceu no Vale","article_publisher":"https:\/\/www.facebook.com\/aconteceunovale\/","article_published_time":"2021-01-07T00:50:29+00:00","article_modified_time":"2021-01-07T00:50:42+00:00","og_image":[{"width":678,"height":381,"url":"https:\/\/aconteceunovale.com.br\/portal\/wp-content\/uploads\/2021\/01\/ultimo_encontro.jpg","type":"image\/jpeg"}],"author":"Reda\u00e7\u00e3o Aconteceu no Vale","twitter_card":"summary_large_image","twitter_creator":"@noticiadosvales","twitter_site":"@noticiadosvales","twitter_misc":{"Escrito por":"Reda\u00e7\u00e3o Aconteceu no Vale","Est. tempo de leitura":"2 minutos"},"schema":{"@context":"https:\/\/schema.org","@graph":[{"@type":"Article","@id":"https:\/\/aconteceunovale.com.br\/portal\/?p=171939#article","isPartOf":{"@id":"https:\/\/aconteceunovale.com.br\/portal\/?p=171939"},"author":{"name":"Reda\u00e7\u00e3o Aconteceu no Vale","@id":"https:\/\/aconteceunovale.com.br\/portal\/#\/schema\/person\/7d2f26d1483f8a63de73da1ee0754d35"},"headline":"O \u00faltimo encontro de m\u00e3e e filha em uma UTI Covid","datePublished":"2021-01-07T00:50:29+00:00","dateModified":"2021-01-07T00:50:42+00:00","mainEntityOfPage":{"@id":"https:\/\/aconteceunovale.com.br\/portal\/?p=171939"},"wordCount":471,"commentCount":0,"image":{"@id":"https:\/\/aconteceunovale.com.br\/portal\/?p=171939#primaryimage"},"thumbnailUrl":"https:\/\/aconteceunovale.com.br\/portal\/wp-content\/uploads\/2021\/01\/ultimo_encontro.jpg","keywords":["Anabel Sharma","Coronav\u00edrus","COVID-19","Foto em UTI Covid","Hist\u00f3ria de Maria Rico","Maria Rico","Novo coronav\u00edrus","O \u00faltimo encontro de m\u00e3e e filha em uma UTI Covid","pandemia","Pandemia da covid-19","Pandemia do coronav\u00edrus","\u00daltimo encontro entre m\u00e3e e filha"],"articleSection":["Mundo","Sa\u00fade"],"inLanguage":"pt-BR","potentialAction":[{"@type":"CommentAction","name":"Comment","target":["https:\/\/aconteceunovale.com.br\/portal\/?p=171939#respond"]}]},{"@type":"WebPage","@id":"https:\/\/aconteceunovale.com.br\/portal\/?p=171939","url":"https:\/\/aconteceunovale.com.br\/portal\/?p=171939","name":"O \u00faltimo encontro de m\u00e3e e filha em uma UTI Covid - Aconteceu no Vale","isPartOf":{"@id":"https:\/\/aconteceunovale.com.br\/portal\/#website"},"primaryImageOfPage":{"@id":"https:\/\/aconteceunovale.com.br\/portal\/?p=171939#primaryimage"},"image":{"@id":"https:\/\/aconteceunovale.com.br\/portal\/?p=171939#primaryimage"},"thumbnailUrl":"https:\/\/aconteceunovale.com.br\/portal\/wp-content\/uploads\/2021\/01\/ultimo_encontro.jpg","datePublished":"2021-01-07T00:50:29+00:00","dateModified":"2021-01-07T00:50:42+00:00","author":{"@id":"https:\/\/aconteceunovale.com.br\/portal\/#\/schema\/person\/7d2f26d1483f8a63de73da1ee0754d35"},"breadcrumb":{"@id":"https:\/\/aconteceunovale.com.br\/portal\/?p=171939#breadcrumb"},"inLanguage":"pt-BR","potentialAction":[{"@type":"ReadAction","target":["https:\/\/aconteceunovale.com.br\/portal\/?p=171939"]}]},{"@type":"ImageObject","inLanguage":"pt-BR","@id":"https:\/\/aconteceunovale.com.br\/portal\/?p=171939#primaryimage","url":"https:\/\/aconteceunovale.com.br\/portal\/wp-content\/uploads\/2021\/01\/ultimo_encontro.jpg","contentUrl":"https:\/\/aconteceunovale.com.br\/portal\/wp-content\/uploads\/2021\/01\/ultimo_encontro.jpg","width":678,"height":381},{"@type":"BreadcrumbList","@id":"https:\/\/aconteceunovale.com.br\/portal\/?p=171939#breadcrumb","itemListElement":[{"@type":"ListItem","position":1,"name":"In\u00edcio","item":"https:\/\/aconteceunovale.com.br\/portal\/"},{"@type":"ListItem","position":2,"name":"O \u00faltimo encontro de m\u00e3e e filha em uma UTI Covid"}]},{"@type":"WebSite","@id":"https:\/\/aconteceunovale.com.br\/portal\/#website","url":"https:\/\/aconteceunovale.com.br\/portal\/","name":"Aconteceu no Vale","description":"Portal de Not\u00edcias","potentialAction":[{"@type":"SearchAction","target":{"@type":"EntryPoint","urlTemplate":"https:\/\/aconteceunovale.com.br\/portal\/?s={search_term_string}"},"query-input":{"@type":"PropertyValueSpecification","valueRequired":true,"valueName":"search_term_string"}}],"inLanguage":"pt-BR"},{"@type":"Person","@id":"https:\/\/aconteceunovale.com.br\/portal\/#\/schema\/person\/7d2f26d1483f8a63de73da1ee0754d35","name":"Reda\u00e7\u00e3o Aconteceu no Vale","description":"Equipe de reportagem do Aconteceu no Vale, portal de not\u00edcias do Vale do Jequitinhonha, em Minas Gerais. Cobrimos as 51 cidades do Vale desde 2013. Sugest\u00f5es de pauta e pedidos de corre\u00e7\u00e3o: contato@aconteceunovale.com.br","url":"https:\/\/aconteceunovale.com.br\/portal\/?author=4"}]}},"_links":{"self":[{"href":"https:\/\/aconteceunovale.com.br\/portal\/index.php?rest_route=\/wp\/v2\/posts\/171939","targetHints":{"allow":["GET"]}}],"collection":[{"href":"https:\/\/aconteceunovale.com.br\/portal\/index.php?rest_route=\/wp\/v2\/posts"}],"about":[{"href":"https:\/\/aconteceunovale.com.br\/portal\/index.php?rest_route=\/wp\/v2\/types\/post"}],"author":[{"embeddable":true,"href":"https:\/\/aconteceunovale.com.br\/portal\/index.php?rest_route=\/wp\/v2\/users\/4"}],"replies":[{"embeddable":true,"href":"https:\/\/aconteceunovale.com.br\/portal\/index.php?rest_route=%2Fwp%2Fv2%2Fcomments&post=171939"}],"version-history":[{"count":1,"href":"https:\/\/aconteceunovale.com.br\/portal\/index.php?rest_route=\/wp\/v2\/posts\/171939\/revisions"}],"predecessor-version":[{"id":171941,"href":"https:\/\/aconteceunovale.com.br\/portal\/index.php?rest_route=\/wp\/v2\/posts\/171939\/revisions\/171941"}],"wp:featuredmedia":[{"embeddable":true,"href":"https:\/\/aconteceunovale.com.br\/portal\/index.php?rest_route=\/wp\/v2\/media\/171940"}],"wp:attachment":[{"href":"https:\/\/aconteceunovale.com.br\/portal\/index.php?rest_route=%2Fwp%2Fv2%2Fmedia&parent=171939"}],"wp:term":[{"taxonomy":"category","embeddable":true,"href":"https:\/\/aconteceunovale.com.br\/portal\/index.php?rest_route=%2Fwp%2Fv2%2Fcategories&post=171939"},{"taxonomy":"post_tag","embeddable":true,"href":"https:\/\/aconteceunovale.com.br\/portal\/index.php?rest_route=%2Fwp%2Fv2%2Ftags&post=171939"}],"curies":[{"name":"wp","href":"https:\/\/api.w.org\/{rel}","templated":true}]}}