{"id":171932,"date":"2021-01-06T20:38:20","date_gmt":"2021-01-06T23:38:20","guid":{"rendered":"https:\/\/aconteceunovale.com.br\/portal\/?p=171932"},"modified":"2021-01-06T20:39:34","modified_gmt":"2021-01-06T23:39:34","slug":"congresso-dos-estados-unidos-e-invadido-por-manifestantes","status":"publish","type":"post","link":"https:\/\/aconteceunovale.com.br\/portal\/?p=171932","title":{"rendered":"Congresso dos Estados Unidos \u00e9 invadido por manifestantes"},"content":{"rendered":"\n<p class=\"wp-block-paragraph\">Manifestantes invadiram na tarde de hoje (6\/1\/2021) o pr\u00e9dio do Congresso dos Estados Unidos, rompendo as barricadas de seguran\u00e7a, quando os parlamentares norte-americanos debatiam a certifica\u00e7\u00e3o da vit\u00f3ria\u00a0de Joe Biden \u00e0 Presid\u00eancia do pa\u00eds.\u00a0O Senado e a C\u00e2mara, que estavam avaliando obje\u00e7\u00f5es \u00e0 vit\u00f3ria do democrata, interromperam o debate de forma abrupta e inesperada.<\/p>\n\n\n\n<p class=\"wp-block-paragraph\">Mais cedo, o presidente Donald Trump fez um discurso de cerca de tr\u00eas&nbsp;horas para a multid\u00e3o na pra\u00e7a do obelisco de Washington. Ao discursar, Trump voltou a dizer que venceu as elei\u00e7\u00f5es.&nbsp;&#8220;Voc\u00ea n\u00e3o cede quando h\u00e1 roubo envolvido&#8221;, disse ele.&nbsp;&#8220;Nosso pa\u00eds est\u00e1 farto e n\u00e3o vamos aguentar mais&#8221;, acrescentou.<\/p>\n\n\n\n<p class=\"wp-block-paragraph\">O vice-presidente dos Estados Unidos, Mike Pence, que presidia a sess\u00e3o conjunta respons\u00e1vel por receber e confirmar os votos dos delegados estaduais nas elei\u00e7\u00f5es norte-americanas, publicou nas redes sociais uma carta em que afirma que n\u00e3o h\u00e1 precedentes legais e constitucionais para que ele \u201caceite ou rejeite os votos unilateralmente.\u201d<\/p>\n\n\n\n<p class=\"wp-block-paragraph\">\u201cDada a controv\u00e9rsia das elei\u00e7\u00f5es neste ano, alguns acreditam que, como vice-presidente, \u00e9 meu papel contestar os votos. Outros acreditam que os votos eleitorais nunca devem ser contestados em uma sess\u00e3o conjunta do Congresso. Ap\u00f3s uma an\u00e1lise cuidadosa da nossa Constitui\u00e7\u00e3o, nossas leis e nossa hist\u00f3ria. Acredito que nenhuma das vis\u00f5es est\u00e1 correta\u201d, afirma o documento.<\/p>\n\n\n\n<p class=\"wp-block-paragraph\">Pence afirmou que \u00e9 papel dos representantes eleitos (deputados e senadores) revisar e decidir disputas que contestem o resultado eleitoral, e que \u201cnunca na hist\u00f3ria um vice-presidente usou de tal autoridade [a valida\u00e7\u00e3o ou invalida\u00e7\u00e3o de votos].\u201d<\/p>\n\n\n\n<p class=\"wp-block-paragraph\">O republicano afirmou ainda que ouvir\u00e1 as obje\u00e7\u00f5es e argumentos de deputados e senadores com diferentes vis\u00f5es sobre o resultado eleitoral, mas que manter\u00e1 o protocolo previsto pela Constitui\u00e7\u00e3o norte-americana de abrir e certificar as c\u00e9dulas eleitorais dos estados.<\/p>\n\n\n\n<figure class=\"wp-block-gallery columns-1 is-cropped wp-block-gallery-1 is-layout-flex wp-block-gallery-is-layout-flex\"><ul class=\"blocks-gallery-grid\"><li class=\"blocks-gallery-item\"><figure><img loading=\"lazy\" decoding=\"async\" width=\"678\" height=\"406\" src=\"https:\/\/aconteceunovale.com.br\/portal\/wp-content\/uploads\/2021\/01\/invasao_eua-1.jpg\" alt=\"\" data-id=\"171934\" data-full-url=\"https:\/\/aconteceunovale.com.br\/portal\/wp-content\/uploads\/2021\/01\/invasao_eua-1.jpg\" data-link=\"https:\/\/aconteceunovale.com.br\/portal\/?attachment_id=171934\" class=\"wp-image-171934\" srcset=\"https:\/\/aconteceunovale.com.br\/portal\/wp-content\/uploads\/2021\/01\/invasao_eua-1.jpg 678w, https:\/\/aconteceunovale.com.br\/portal\/wp-content\/uploads\/2021\/01\/invasao_eua-1-300x180.jpg 300w\" sizes=\"auto, (max-width: 678px) 100vw, 678px\" \/><figcaption class=\"blocks-gallery-item__caption\"><em>Policiais montam guarda enquanto apoiadores do presidente Donald Trumb protestam em frente ao Capit\u00f3lio &#8211; Foto: REUTERS \/ Leah Millis \/ Reprodu\u00e7\u00e3o Ag\u00eancia Brasil<\/em><\/figcaption><\/figure><\/li><\/ul><\/figure>\n\n\n\n<p class=\"has-white-color has-vivid-cyan-blue-background-color has-text-color has-background wp-block-paragraph\">Quer saber as not\u00edcias do <strong>Aconteceu no Vale<\/strong> em primeira m\u00e3o? Siga-nos no Facebook <a rel=\"noreferrer noopener\" href=\"http:\/\/facebook.com\/aconteceunovale\" target=\"_blank\">@aconteceunovale<\/a>, Twitter <a rel=\"noreferrer noopener\" href=\"https:\/\/twitter.com\/noticiadosvales\" target=\"_blank\">@noticiadosvales<\/a> e Instagram <a rel=\"noreferrer noopener\" href=\"https:\/\/www.instagram.com\/aconteceunovale\" target=\"_blank\">@aconteceunovale<\/a>.<\/p>\n","protected":false},"excerpt":{"rendered":"<p>Manifestantes invadiram na tarde de hoje (6\/1\/2021) o pr\u00e9dio do Congresso dos Estados Unidos, rompendo as barricadas de seguran\u00e7a, quando os parlamentares norte-americanos debatiam a certifica\u00e7\u00e3o da vit\u00f3ria\u00a0de Joe Biden \u00e0 Presid\u00eancia do pa\u00eds.\u00a0O Senado e a C\u00e2mara, que estavam avaliando obje\u00e7\u00f5es \u00e0 vit\u00f3ria do democrata, interromperam o debate de forma abrupta e inesperada. Mais [&hellip;]<\/p>\n","protected":false},"author":4,"featured_media":171934,"comment_status":"open","ping_status":"closed","sticky":false,"template":"","format":"standard","meta":{"amp_status":"","footnotes":""},"categories":[28848,40240],"tags":[230108,4890,234230,234226,234229,79020,15469,234227,234228,9115,234232,234225,234231,146060,234233,95908,21951],"class_list":["post-171932","post","type-post","status-publish","format-standard","has-post-thumbnail","hentry","category-mundo","category-politica","tag-biden","tag-capitolio","tag-congresso-dos-estados-unidos","tag-congresso-dos-estados-unidos-e-invadido-por-manifestantes","tag-congresso-dos-eua","tag-donald-trump","tag-estados-unidos","tag-invasao-do-capitolio","tag-invasao-do-congresso-dos-estados-unidos","tag-joe-biden","tag-manifestacao-em-washington","tag-manifestantes-invadem-o-congresso-dos-estados-unidos","tag-manifestantes-pro-trump","tag-mike-pence","tag-protesto-em-washington","tag-trump","tag-washington"],"yoast_head":"<!-- This site is optimized with the Yoast SEO plugin v28.3 - https:\/\/yoast.com\/product\/yoast-seo-wordpress\/ -->\n<title>Congresso dos Estados Unidos \u00e9 invadido por manifestantes - Aconteceu no Vale<\/title>\n<meta name=\"robots\" content=\"index, follow, max-snippet:-1, max-image-preview:large, max-video-preview:-1\" \/>\n<link rel=\"canonical\" href=\"https:\/\/aconteceunovale.com.br\/portal\/?p=171932\" \/>\n<meta property=\"og:locale\" content=\"pt_BR\" \/>\n<meta property=\"og:type\" content=\"article\" \/>\n<meta property=\"og:title\" content=\"Congresso dos Estados Unidos \u00e9 invadido por manifestantes - Aconteceu no Vale\" \/>\n<meta property=\"og:description\" content=\"Manifestantes invadiram na tarde de hoje (6\/1\/2021) o pr\u00e9dio do Congresso dos Estados Unidos, rompendo as barricadas de seguran\u00e7a, quando os parlamentares norte-americanos debatiam a certifica\u00e7\u00e3o da vit\u00f3ria\u00a0de Joe Biden \u00e0 Presid\u00eancia do pa\u00eds.\u00a0O Senado e a C\u00e2mara, que estavam avaliando obje\u00e7\u00f5es \u00e0 vit\u00f3ria do democrata, interromperam o debate de forma abrupta e inesperada. Mais [&hellip;]\" \/>\n<meta property=\"og:url\" content=\"https:\/\/aconteceunovale.com.br\/portal\/?p=171932\" \/>\n<meta property=\"og:site_name\" content=\"Aconteceu no Vale\" \/>\n<meta property=\"article:publisher\" content=\"https:\/\/www.facebook.com\/aconteceunovale\/\" \/>\n<meta property=\"article:published_time\" content=\"2021-01-06T23:38:20+00:00\" \/>\n<meta property=\"article:modified_time\" content=\"2021-01-06T23:39:34+00:00\" \/>\n<meta property=\"og:image\" content=\"https:\/\/aconteceunovale.com.br\/portal\/wp-content\/uploads\/2021\/01\/invasao_eua-1.jpg\" \/>\n\t<meta property=\"og:image:width\" content=\"678\" \/>\n\t<meta property=\"og:image:height\" content=\"406\" \/>\n\t<meta property=\"og:image:type\" content=\"image\/jpeg\" \/>\n<meta name=\"author\" content=\"Reda\u00e7\u00e3o Aconteceu no Vale\" \/>\n<meta name=\"twitter:card\" content=\"summary_large_image\" \/>\n<meta name=\"twitter:creator\" content=\"@noticiadosvales\" \/>\n<meta name=\"twitter:site\" content=\"@noticiadosvales\" \/>\n<meta name=\"twitter:label1\" content=\"Escrito por\" \/>\n\t<meta name=\"twitter:data1\" content=\"Reda\u00e7\u00e3o Aconteceu no Vale\" \/>\n\t<meta name=\"twitter:label2\" content=\"Est. tempo de leitura\" \/>\n\t<meta name=\"twitter:data2\" content=\"2 minutos\" \/>\n<script type=\"application\/ld+json\" class=\"yoast-schema-graph\">{\"@context\":\"https:\\\/\\\/schema.org\",\"@graph\":[{\"@type\":\"Article\",\"@id\":\"https:\\\/\\\/aconteceunovale.com.br\\\/portal\\\/?p=171932#article\",\"isPartOf\":{\"@id\":\"https:\\\/\\\/aconteceunovale.com.br\\\/portal\\\/?p=171932\"},\"author\":{\"name\":\"Reda\u00e7\u00e3o Aconteceu no Vale\",\"@id\":\"https:\\\/\\\/aconteceunovale.com.br\\\/portal\\\/#\\\/schema\\\/person\\\/7d2f26d1483f8a63de73da1ee0754d35\"},\"headline\":\"Congresso dos Estados Unidos \u00e9 invadido por manifestantes\",\"datePublished\":\"2021-01-06T23:38:20+00:00\",\"dateModified\":\"2021-01-06T23:39:34+00:00\",\"mainEntityOfPage\":{\"@id\":\"https:\\\/\\\/aconteceunovale.com.br\\\/portal\\\/?p=171932\"},\"wordCount\":377,\"commentCount\":0,\"image\":{\"@id\":\"https:\\\/\\\/aconteceunovale.com.br\\\/portal\\\/?p=171932#primaryimage\"},\"thumbnailUrl\":\"https:\\\/\\\/aconteceunovale.com.br\\\/portal\\\/wp-content\\\/uploads\\\/2021\\\/01\\\/invasao_eua-1.jpg\",\"keywords\":[\"Biden\",\"Capit\u00f3lio\",\"Congresso dos Estados Unidos\",\"Congresso dos Estados Unidos \u00e9 invadido por manifestantes\",\"Congresso dos EUA\",\"Donald Trump\",\"Estados Unidos\",\"Invas\u00e3o do Capit\u00f3lio\",\"Invas\u00e3o do Congresso dos Estados Unidos\",\"Joe Biden\",\"Manifesta\u00e7\u00e3o em Washington\",\"Manifestantes invadem o Congresso dos Estados Unidos\",\"Manifestantes pr\u00f3-Trump\",\"Mike Pence\",\"Protesto em Washington\",\"Trump\",\"Washington\"],\"articleSection\":[\"Mundo\",\"Pol\u00edtica\"],\"inLanguage\":\"pt-BR\",\"potentialAction\":[{\"@type\":\"CommentAction\",\"name\":\"Comment\",\"target\":[\"https:\\\/\\\/aconteceunovale.com.br\\\/portal\\\/?p=171932#respond\"]}]},{\"@type\":\"WebPage\",\"@id\":\"https:\\\/\\\/aconteceunovale.com.br\\\/portal\\\/?p=171932\",\"url\":\"https:\\\/\\\/aconteceunovale.com.br\\\/portal\\\/?p=171932\",\"name\":\"Congresso dos Estados Unidos \u00e9 invadido por manifestantes - Aconteceu no Vale\",\"isPartOf\":{\"@id\":\"https:\\\/\\\/aconteceunovale.com.br\\\/portal\\\/#website\"},\"primaryImageOfPage\":{\"@id\":\"https:\\\/\\\/aconteceunovale.com.br\\\/portal\\\/?p=171932#primaryimage\"},\"image\":{\"@id\":\"https:\\\/\\\/aconteceunovale.com.br\\\/portal\\\/?p=171932#primaryimage\"},\"thumbnailUrl\":\"https:\\\/\\\/aconteceunovale.com.br\\\/portal\\\/wp-content\\\/uploads\\\/2021\\\/01\\\/invasao_eua-1.jpg\",\"datePublished\":\"2021-01-06T23:38:20+00:00\",\"dateModified\":\"2021-01-06T23:39:34+00:00\",\"author\":{\"@id\":\"https:\\\/\\\/aconteceunovale.com.br\\\/portal\\\/#\\\/schema\\\/person\\\/7d2f26d1483f8a63de73da1ee0754d35\"},\"breadcrumb\":{\"@id\":\"https:\\\/\\\/aconteceunovale.com.br\\\/portal\\\/?p=171932#breadcrumb\"},\"inLanguage\":\"pt-BR\",\"potentialAction\":[{\"@type\":\"ReadAction\",\"target\":[\"https:\\\/\\\/aconteceunovale.com.br\\\/portal\\\/?p=171932\"]}]},{\"@type\":\"ImageObject\",\"inLanguage\":\"pt-BR\",\"@id\":\"https:\\\/\\\/aconteceunovale.com.br\\\/portal\\\/?p=171932#primaryimage\",\"url\":\"https:\\\/\\\/aconteceunovale.com.br\\\/portal\\\/wp-content\\\/uploads\\\/2021\\\/01\\\/invasao_eua-1.jpg\",\"contentUrl\":\"https:\\\/\\\/aconteceunovale.com.br\\\/portal\\\/wp-content\\\/uploads\\\/2021\\\/01\\\/invasao_eua-1.jpg\",\"width\":678,\"height\":406,\"caption\":\"Policiais americanos montam guarda enquanto apoiadores do presidente norte-americano Donald Trumb protestam em frente ao Capit\u00f3lio em Washington.\"},{\"@type\":\"BreadcrumbList\",\"@id\":\"https:\\\/\\\/aconteceunovale.com.br\\\/portal\\\/?p=171932#breadcrumb\",\"itemListElement\":[{\"@type\":\"ListItem\",\"position\":1,\"name\":\"In\u00edcio\",\"item\":\"https:\\\/\\\/aconteceunovale.com.br\\\/portal\\\/\"},{\"@type\":\"ListItem\",\"position\":2,\"name\":\"Congresso dos Estados Unidos \u00e9 invadido por manifestantes\"}]},{\"@type\":\"WebSite\",\"@id\":\"https:\\\/\\\/aconteceunovale.com.br\\\/portal\\\/#website\",\"url\":\"https:\\\/\\\/aconteceunovale.com.br\\\/portal\\\/\",\"name\":\"Aconteceu no Vale\",\"description\":\"Portal de Not\u00edcias\",\"potentialAction\":[{\"@type\":\"SearchAction\",\"target\":{\"@type\":\"EntryPoint\",\"urlTemplate\":\"https:\\\/\\\/aconteceunovale.com.br\\\/portal\\\/?s={search_term_string}\"},\"query-input\":{\"@type\":\"PropertyValueSpecification\",\"valueRequired\":true,\"valueName\":\"search_term_string\"}}],\"inLanguage\":\"pt-BR\"},{\"@type\":\"Person\",\"@id\":\"https:\\\/\\\/aconteceunovale.com.br\\\/portal\\\/#\\\/schema\\\/person\\\/7d2f26d1483f8a63de73da1ee0754d35\",\"name\":\"Reda\u00e7\u00e3o Aconteceu no Vale\",\"description\":\"Equipe de reportagem do Aconteceu no Vale, portal de not\u00edcias do Vale do Jequitinhonha, em Minas Gerais. Cobrimos as 51 cidades do Vale desde 2013. Sugest\u00f5es de pauta e pedidos de corre\u00e7\u00e3o: contato@aconteceunovale.com.br\",\"url\":\"https:\\\/\\\/aconteceunovale.com.br\\\/portal\\\/?author=4\"}]}<\/script>\n<!-- \/ Yoast SEO plugin. -->","yoast_head_json":{"title":"Congresso dos Estados Unidos \u00e9 invadido por manifestantes - Aconteceu no Vale","robots":{"index":"index","follow":"follow","max-snippet":"max-snippet:-1","max-image-preview":"max-image-preview:large","max-video-preview":"max-video-preview:-1"},"canonical":"https:\/\/aconteceunovale.com.br\/portal\/?p=171932","og_locale":"pt_BR","og_type":"article","og_title":"Congresso dos Estados Unidos \u00e9 invadido por manifestantes - Aconteceu no Vale","og_description":"Manifestantes invadiram na tarde de hoje (6\/1\/2021) o pr\u00e9dio do Congresso dos Estados Unidos, rompendo as barricadas de seguran\u00e7a, quando os parlamentares norte-americanos debatiam a certifica\u00e7\u00e3o da vit\u00f3ria\u00a0de Joe Biden \u00e0 Presid\u00eancia do pa\u00eds.\u00a0O Senado e a C\u00e2mara, que estavam avaliando obje\u00e7\u00f5es \u00e0 vit\u00f3ria do democrata, interromperam o debate de forma abrupta e inesperada. Mais [&hellip;]","og_url":"https:\/\/aconteceunovale.com.br\/portal\/?p=171932","og_site_name":"Aconteceu no Vale","article_publisher":"https:\/\/www.facebook.com\/aconteceunovale\/","article_published_time":"2021-01-06T23:38:20+00:00","article_modified_time":"2021-01-06T23:39:34+00:00","og_image":[{"width":678,"height":406,"url":"https:\/\/aconteceunovale.com.br\/portal\/wp-content\/uploads\/2021\/01\/invasao_eua-1.jpg","type":"image\/jpeg"}],"author":"Reda\u00e7\u00e3o Aconteceu no Vale","twitter_card":"summary_large_image","twitter_creator":"@noticiadosvales","twitter_site":"@noticiadosvales","twitter_misc":{"Escrito por":"Reda\u00e7\u00e3o Aconteceu no Vale","Est. tempo de leitura":"2 minutos"},"schema":{"@context":"https:\/\/schema.org","@graph":[{"@type":"Article","@id":"https:\/\/aconteceunovale.com.br\/portal\/?p=171932#article","isPartOf":{"@id":"https:\/\/aconteceunovale.com.br\/portal\/?p=171932"},"author":{"name":"Reda\u00e7\u00e3o Aconteceu no Vale","@id":"https:\/\/aconteceunovale.com.br\/portal\/#\/schema\/person\/7d2f26d1483f8a63de73da1ee0754d35"},"headline":"Congresso dos Estados Unidos \u00e9 invadido por manifestantes","datePublished":"2021-01-06T23:38:20+00:00","dateModified":"2021-01-06T23:39:34+00:00","mainEntityOfPage":{"@id":"https:\/\/aconteceunovale.com.br\/portal\/?p=171932"},"wordCount":377,"commentCount":0,"image":{"@id":"https:\/\/aconteceunovale.com.br\/portal\/?p=171932#primaryimage"},"thumbnailUrl":"https:\/\/aconteceunovale.com.br\/portal\/wp-content\/uploads\/2021\/01\/invasao_eua-1.jpg","keywords":["Biden","Capit\u00f3lio","Congresso dos Estados Unidos","Congresso dos Estados Unidos \u00e9 invadido por manifestantes","Congresso dos EUA","Donald Trump","Estados Unidos","Invas\u00e3o do Capit\u00f3lio","Invas\u00e3o do Congresso dos Estados Unidos","Joe Biden","Manifesta\u00e7\u00e3o em Washington","Manifestantes invadem o Congresso dos Estados Unidos","Manifestantes pr\u00f3-Trump","Mike Pence","Protesto em Washington","Trump","Washington"],"articleSection":["Mundo","Pol\u00edtica"],"inLanguage":"pt-BR","potentialAction":[{"@type":"CommentAction","name":"Comment","target":["https:\/\/aconteceunovale.com.br\/portal\/?p=171932#respond"]}]},{"@type":"WebPage","@id":"https:\/\/aconteceunovale.com.br\/portal\/?p=171932","url":"https:\/\/aconteceunovale.com.br\/portal\/?p=171932","name":"Congresso dos Estados Unidos \u00e9 invadido por manifestantes - Aconteceu no Vale","isPartOf":{"@id":"https:\/\/aconteceunovale.com.br\/portal\/#website"},"primaryImageOfPage":{"@id":"https:\/\/aconteceunovale.com.br\/portal\/?p=171932#primaryimage"},"image":{"@id":"https:\/\/aconteceunovale.com.br\/portal\/?p=171932#primaryimage"},"thumbnailUrl":"https:\/\/aconteceunovale.com.br\/portal\/wp-content\/uploads\/2021\/01\/invasao_eua-1.jpg","datePublished":"2021-01-06T23:38:20+00:00","dateModified":"2021-01-06T23:39:34+00:00","author":{"@id":"https:\/\/aconteceunovale.com.br\/portal\/#\/schema\/person\/7d2f26d1483f8a63de73da1ee0754d35"},"breadcrumb":{"@id":"https:\/\/aconteceunovale.com.br\/portal\/?p=171932#breadcrumb"},"inLanguage":"pt-BR","potentialAction":[{"@type":"ReadAction","target":["https:\/\/aconteceunovale.com.br\/portal\/?p=171932"]}]},{"@type":"ImageObject","inLanguage":"pt-BR","@id":"https:\/\/aconteceunovale.com.br\/portal\/?p=171932#primaryimage","url":"https:\/\/aconteceunovale.com.br\/portal\/wp-content\/uploads\/2021\/01\/invasao_eua-1.jpg","contentUrl":"https:\/\/aconteceunovale.com.br\/portal\/wp-content\/uploads\/2021\/01\/invasao_eua-1.jpg","width":678,"height":406,"caption":"Policiais americanos montam guarda enquanto apoiadores do presidente norte-americano Donald Trumb protestam em frente ao Capit\u00f3lio em Washington."},{"@type":"BreadcrumbList","@id":"https:\/\/aconteceunovale.com.br\/portal\/?p=171932#breadcrumb","itemListElement":[{"@type":"ListItem","position":1,"name":"In\u00edcio","item":"https:\/\/aconteceunovale.com.br\/portal\/"},{"@type":"ListItem","position":2,"name":"Congresso dos Estados Unidos \u00e9 invadido por manifestantes"}]},{"@type":"WebSite","@id":"https:\/\/aconteceunovale.com.br\/portal\/#website","url":"https:\/\/aconteceunovale.com.br\/portal\/","name":"Aconteceu no Vale","description":"Portal de Not\u00edcias","potentialAction":[{"@type":"SearchAction","target":{"@type":"EntryPoint","urlTemplate":"https:\/\/aconteceunovale.com.br\/portal\/?s={search_term_string}"},"query-input":{"@type":"PropertyValueSpecification","valueRequired":true,"valueName":"search_term_string"}}],"inLanguage":"pt-BR"},{"@type":"Person","@id":"https:\/\/aconteceunovale.com.br\/portal\/#\/schema\/person\/7d2f26d1483f8a63de73da1ee0754d35","name":"Reda\u00e7\u00e3o Aconteceu no Vale","description":"Equipe de reportagem do Aconteceu no Vale, portal de not\u00edcias do Vale do Jequitinhonha, em Minas Gerais. Cobrimos as 51 cidades do Vale desde 2013. Sugest\u00f5es de pauta e pedidos de corre\u00e7\u00e3o: contato@aconteceunovale.com.br","url":"https:\/\/aconteceunovale.com.br\/portal\/?author=4"}]}},"_links":{"self":[{"href":"https:\/\/aconteceunovale.com.br\/portal\/index.php?rest_route=\/wp\/v2\/posts\/171932","targetHints":{"allow":["GET"]}}],"collection":[{"href":"https:\/\/aconteceunovale.com.br\/portal\/index.php?rest_route=\/wp\/v2\/posts"}],"about":[{"href":"https:\/\/aconteceunovale.com.br\/portal\/index.php?rest_route=\/wp\/v2\/types\/post"}],"author":[{"embeddable":true,"href":"https:\/\/aconteceunovale.com.br\/portal\/index.php?rest_route=\/wp\/v2\/users\/4"}],"replies":[{"embeddable":true,"href":"https:\/\/aconteceunovale.com.br\/portal\/index.php?rest_route=%2Fwp%2Fv2%2Fcomments&post=171932"}],"version-history":[{"count":1,"href":"https:\/\/aconteceunovale.com.br\/portal\/index.php?rest_route=\/wp\/v2\/posts\/171932\/revisions"}],"predecessor-version":[{"id":171935,"href":"https:\/\/aconteceunovale.com.br\/portal\/index.php?rest_route=\/wp\/v2\/posts\/171932\/revisions\/171935"}],"wp:featuredmedia":[{"embeddable":true,"href":"https:\/\/aconteceunovale.com.br\/portal\/index.php?rest_route=\/wp\/v2\/media\/171934"}],"wp:attachment":[{"href":"https:\/\/aconteceunovale.com.br\/portal\/index.php?rest_route=%2Fwp%2Fv2%2Fmedia&parent=171932"}],"wp:term":[{"taxonomy":"category","embeddable":true,"href":"https:\/\/aconteceunovale.com.br\/portal\/index.php?rest_route=%2Fwp%2Fv2%2Fcategories&post=171932"},{"taxonomy":"post_tag","embeddable":true,"href":"https:\/\/aconteceunovale.com.br\/portal\/index.php?rest_route=%2Fwp%2Fv2%2Ftags&post=171932"}],"curies":[{"name":"wp","href":"https:\/\/api.w.org\/{rel}","templated":true}]}}