{"id":171926,"date":"2021-01-06T20:22:10","date_gmt":"2021-01-06T23:22:10","guid":{"rendered":"https:\/\/aconteceunovale.com.br\/portal\/?p=171926"},"modified":"2021-01-06T20:30:15","modified_gmt":"2021-01-06T23:30:15","slug":"chegamos-ao-limite-diz-kalil-ao-anunciar-bloqueio-total-em-bh","status":"publish","type":"post","link":"https:\/\/aconteceunovale.com.br\/portal\/?p=171926","title":{"rendered":"\u201cChegamos ao limite\u201d, diz Kalil ao anunciar bloqueio total em BH"},"content":{"rendered":"\n<p class=\"wp-block-paragraph\">A cidade de Belo Horizonte (MG) entrar\u00e1 em regime de&nbsp;<em>lockdown<\/em>&nbsp;(bloqueio total) a partir de segunda-feira (11\/1\/2021). O an\u00fancio foi feito pelo prefeito Alexandre Kalil em redes sociais.<\/p>\n\n\n\n<p class=\"wp-block-paragraph\">Kalil disse que a capital mineira chegou \u201cao limite da covid-19\u201d e que, ap\u00f3s uma reuni\u00e3o de governo, foi orientado a tomar a decis\u00e3o de editar um decreto fechando todos os servi\u00e7os n\u00e3o essenciais da cidade. \u201cSexta-feira [8] o decreto vai ser publicado, e segunda-feira a cidade est\u00e1 fechada\u201d, informou o prefeito.<\/p>\n\n\n\n<p class=\"wp-block-paragraph\">\u201cChegamos no vermelho. O comerciante tem que se preparar, porque sexta-feira estaremos soltando um decreto voltando a cidade \u00e0 estaca zero. S\u00e3o n\u00fameros impressionantes, houve uma importa\u00e7\u00e3o de doen\u00e7a surpreendente. Temos casos de fam\u00edlias inteiras, que passaram o Natal juntos, infectados e internados\u201d, acrescentou.<\/p>\n\n\n\n<p class=\"wp-block-paragraph\">De acordo com Kalil, os \u00fanicos locais n\u00e3o essenciais ainda em funcionamento ser\u00e3o as pra\u00e7as p\u00fablicas e o zool\u00f3gico, que ter\u00e1 visitas agendadas. \u201cMe desculpem, mas governar n\u00e3o \u00e9 agradar. Tivemos uma longa reuni\u00e3o hoje, fui orientado. Com exce\u00e7\u00e3o das pra\u00e7as p\u00fablicas e do zool\u00f3gico agendado, [a cidade] estar\u00e1 com servi\u00e7os essenciais abertos e todo o resto fechado\u201d, finalizou Kalil, em v\u00eddeo.<\/p>\n\n\n\n<h2 class=\"wp-block-heading\"><strong>V\u00eddeo<\/strong><\/h2>\n\n\n\n<figure class=\"wp-block-embed is-type-rich is-provider-incorporar-manipulador wp-block-embed-incorporar-manipulador wp-embed-aspect-16-9 wp-has-aspect-ratio\"><div class=\"wp-block-embed__wrapper\">\n<iframe loading=\"lazy\" title=\"\u201cChegamos ao limite\u201d, diz Kalil ao anunciar lockdown em BH\" width=\"696\" height=\"392\" src=\"https:\/\/www.youtube.com\/embed\/m5e2UPvC6bc?feature=oembed\" frameborder=\"0\" allow=\"accelerometer; autoplay; clipboard-write; encrypted-media; gyroscope; picture-in-picture\" allowfullscreen><\/iframe>\n<\/div><\/figure>\n\n\n\n<p class=\"has-white-color has-vivid-cyan-blue-background-color has-text-color has-background wp-block-paragraph\">Quer saber as not\u00edcias do <strong>Aconteceu no Vale<\/strong> em primeira m\u00e3o? Siga-nos no Facebook <a rel=\"noreferrer noopener\" href=\"http:\/\/facebook.com\/aconteceunovale\" target=\"_blank\">@aconteceunovale<\/a>, Twitter <a rel=\"noreferrer noopener\" href=\"https:\/\/twitter.com\/noticiadosvales\" target=\"_blank\">@noticiadosvales<\/a> e Instagram <a rel=\"noreferrer noopener\" href=\"https:\/\/www.instagram.com\/aconteceunovale\" target=\"_blank\">@aconteceunovale<\/a>.<\/p>\n","protected":false},"excerpt":{"rendered":"<p>A cidade de Belo Horizonte (MG) entrar\u00e1 em regime de&nbsp;lockdown&nbsp;(bloqueio total) a partir de segunda-feira (11\/1\/2021). O an\u00fancio foi feito pelo prefeito Alexandre Kalil em redes sociais. Kalil disse que a capital mineira chegou \u201cao limite da covid-19\u201d e que, ap\u00f3s uma reuni\u00e3o de governo, foi orientado a tomar a decis\u00e3o de editar um decreto [&hellip;]<\/p>\n","protected":false},"author":4,"featured_media":171928,"comment_status":"open","ping_status":"closed","sticky":false,"template":"","format":"standard","meta":{"amp_status":"","footnotes":""},"categories":[123,40240,40242],"tags":[25087,234216,234215,194,234223,1017,234222,234220,234219,234221,234224,215396,215652,217923,217929,1018,119292,234213,234214,234218,234217,142010,82787,149272],"class_list":["post-171926","post","type-post","status-publish","format-standard","has-post-thumbnail","hentry","category-gerais","category-politica","category-saude-2","tag-alexandre-kalil","tag-alexandre-kalil-decretara-bloqueio-total-em-belo-horizonte","tag-alexandre-kalil-decretara-bloqueio-total-em-bh","tag-belo-horizonte","tag-belo-horizonte-chega-ao-limite","tag-bh","tag-bh-chega-ao-limite","tag-bloqueio-total-em-belo-horizonte","tag-bloqueio-total-em-bh","tag-chegamos-ao-limite-diz-kalil","tag-chegamos-ao-limite-diz-kalil-ao-anunciar-lockdown-em-bh","tag-coronavirus-em-belo-horizonte","tag-coronavirus-em-bh","tag-covid-19-em-belo-horizonte","tag-covid-19-em-bh","tag-destaque","tag-kalil","tag-kalil-decretara-bloqueio-total-em-belo-horizonte","tag-kalil-decretara-bloqueio-total-em-bh","tag-lockdown-em-belo-horizonte","tag-lockdown-em-bh","tag-pbh","tag-prefeito-de-belo-horizonte","tag-prefeito-de-bh"],"yoast_head":"<!-- This site is optimized with the Yoast SEO plugin v28.3 - https:\/\/yoast.com\/product\/yoast-seo-wordpress\/ -->\n<title>\u201cChegamos ao limite\u201d, diz Kalil ao anunciar bloqueio total em BH - Aconteceu no Vale<\/title>\n<meta name=\"robots\" content=\"index, follow, max-snippet:-1, max-image-preview:large, max-video-preview:-1\" \/>\n<link rel=\"canonical\" href=\"https:\/\/aconteceunovale.com.br\/portal\/?p=171926\" \/>\n<meta property=\"og:locale\" content=\"pt_BR\" \/>\n<meta property=\"og:type\" content=\"article\" \/>\n<meta property=\"og:title\" content=\"\u201cChegamos ao limite\u201d, diz Kalil ao anunciar bloqueio total em BH - Aconteceu no Vale\" \/>\n<meta property=\"og:description\" content=\"A cidade de Belo Horizonte (MG) entrar\u00e1 em regime de&nbsp;lockdown&nbsp;(bloqueio total) a partir de segunda-feira (11\/1\/2021). O an\u00fancio foi feito pelo prefeito Alexandre Kalil em redes sociais. Kalil disse que a capital mineira chegou \u201cao limite da covid-19\u201d e que, ap\u00f3s uma reuni\u00e3o de governo, foi orientado a tomar a decis\u00e3o de editar um decreto [&hellip;]\" \/>\n<meta property=\"og:url\" content=\"https:\/\/aconteceunovale.com.br\/portal\/?p=171926\" \/>\n<meta property=\"og:site_name\" content=\"Aconteceu no Vale\" \/>\n<meta property=\"article:publisher\" content=\"https:\/\/www.facebook.com\/aconteceunovale\/\" \/>\n<meta property=\"article:published_time\" content=\"2021-01-06T23:22:10+00:00\" \/>\n<meta property=\"article:modified_time\" content=\"2021-01-06T23:30:15+00:00\" \/>\n<meta property=\"og:image\" content=\"https:\/\/aconteceunovale.com.br\/portal\/wp-content\/uploads\/2021\/01\/kalil_limite.png\" \/>\n\t<meta property=\"og:image:width\" content=\"678\" \/>\n\t<meta property=\"og:image:height\" content=\"376\" \/>\n\t<meta property=\"og:image:type\" content=\"image\/png\" \/>\n<meta name=\"author\" content=\"Reda\u00e7\u00e3o Aconteceu no Vale\" \/>\n<meta name=\"twitter:card\" content=\"summary_large_image\" \/>\n<meta name=\"twitter:creator\" content=\"@noticiadosvales\" \/>\n<meta name=\"twitter:site\" content=\"@noticiadosvales\" \/>\n<meta name=\"twitter:label1\" content=\"Escrito por\" \/>\n\t<meta name=\"twitter:data1\" content=\"Reda\u00e7\u00e3o Aconteceu no Vale\" \/>\n\t<meta name=\"twitter:label2\" content=\"Est. tempo de leitura\" \/>\n\t<meta name=\"twitter:data2\" content=\"1 minuto\" \/>\n<script type=\"application\/ld+json\" class=\"yoast-schema-graph\">{\"@context\":\"https:\\\/\\\/schema.org\",\"@graph\":[{\"@type\":\"Article\",\"@id\":\"https:\\\/\\\/aconteceunovale.com.br\\\/portal\\\/?p=171926#article\",\"isPartOf\":{\"@id\":\"https:\\\/\\\/aconteceunovale.com.br\\\/portal\\\/?p=171926\"},\"author\":{\"name\":\"Reda\u00e7\u00e3o Aconteceu no Vale\",\"@id\":\"https:\\\/\\\/aconteceunovale.com.br\\\/portal\\\/#\\\/schema\\\/person\\\/7d2f26d1483f8a63de73da1ee0754d35\"},\"headline\":\"\u201cChegamos ao limite\u201d, diz Kalil ao anunciar bloqueio total em BH\",\"datePublished\":\"2021-01-06T23:22:10+00:00\",\"dateModified\":\"2021-01-06T23:30:15+00:00\",\"mainEntityOfPage\":{\"@id\":\"https:\\\/\\\/aconteceunovale.com.br\\\/portal\\\/?p=171926\"},\"wordCount\":253,\"commentCount\":0,\"image\":{\"@id\":\"https:\\\/\\\/aconteceunovale.com.br\\\/portal\\\/?p=171926#primaryimage\"},\"thumbnailUrl\":\"https:\\\/\\\/aconteceunovale.com.br\\\/portal\\\/wp-content\\\/uploads\\\/2021\\\/01\\\/kalil_limite.png\",\"keywords\":[\"Alexandre Kalil\",\"Alexandre Kalil decretar\u00e1 bloqueio total em Belo Horizonte\",\"Alexandre Kalil decretar\u00e1 bloqueio total em BH\",\"Belo Horizonte\",\"Belo Horizonte chega ao limite\",\"bh\",\"BH chega ao limite\",\"Bloqueio total em Belo Horizonte\",\"Bloqueio total em BH\",\"Chegamos ao limite diz Kalil\",\"Chegamos ao limite diz Kalil ao anunciar lockdown em BH\",\"Coronav\u00edrus em Belo Horizonte\",\"Coronav\u00edrus em BH\",\"Covid-19 em Belo Horizonte\",\"Covid-19 em BH\",\"destaque\",\"Kalil\",\"Kalil decretar\u00e1 bloqueio total em Belo Horizonte\",\"Kalil decretar\u00e1 bloqueio total em BH\",\"Lockdown em Belo Horizonte\",\"Lockdown em BH\",\"PBH\",\"prefeito de Belo Horizonte\",\"Prefeito de Bh\"],\"articleSection\":[\"Minas Gerais\",\"Pol\u00edtica\",\"Sa\u00fade\"],\"inLanguage\":\"pt-BR\",\"potentialAction\":[{\"@type\":\"CommentAction\",\"name\":\"Comment\",\"target\":[\"https:\\\/\\\/aconteceunovale.com.br\\\/portal\\\/?p=171926#respond\"]}]},{\"@type\":\"WebPage\",\"@id\":\"https:\\\/\\\/aconteceunovale.com.br\\\/portal\\\/?p=171926\",\"url\":\"https:\\\/\\\/aconteceunovale.com.br\\\/portal\\\/?p=171926\",\"name\":\"\u201cChegamos ao limite\u201d, diz Kalil ao anunciar bloqueio total em BH - Aconteceu no Vale\",\"isPartOf\":{\"@id\":\"https:\\\/\\\/aconteceunovale.com.br\\\/portal\\\/#website\"},\"primaryImageOfPage\":{\"@id\":\"https:\\\/\\\/aconteceunovale.com.br\\\/portal\\\/?p=171926#primaryimage\"},\"image\":{\"@id\":\"https:\\\/\\\/aconteceunovale.com.br\\\/portal\\\/?p=171926#primaryimage\"},\"thumbnailUrl\":\"https:\\\/\\\/aconteceunovale.com.br\\\/portal\\\/wp-content\\\/uploads\\\/2021\\\/01\\\/kalil_limite.png\",\"datePublished\":\"2021-01-06T23:22:10+00:00\",\"dateModified\":\"2021-01-06T23:30:15+00:00\",\"author\":{\"@id\":\"https:\\\/\\\/aconteceunovale.com.br\\\/portal\\\/#\\\/schema\\\/person\\\/7d2f26d1483f8a63de73da1ee0754d35\"},\"breadcrumb\":{\"@id\":\"https:\\\/\\\/aconteceunovale.com.br\\\/portal\\\/?p=171926#breadcrumb\"},\"inLanguage\":\"pt-BR\",\"potentialAction\":[{\"@type\":\"ReadAction\",\"target\":[\"https:\\\/\\\/aconteceunovale.com.br\\\/portal\\\/?p=171926\"]}]},{\"@type\":\"ImageObject\",\"inLanguage\":\"pt-BR\",\"@id\":\"https:\\\/\\\/aconteceunovale.com.br\\\/portal\\\/?p=171926#primaryimage\",\"url\":\"https:\\\/\\\/aconteceunovale.com.br\\\/portal\\\/wp-content\\\/uploads\\\/2021\\\/01\\\/kalil_limite.png\",\"contentUrl\":\"https:\\\/\\\/aconteceunovale.com.br\\\/portal\\\/wp-content\\\/uploads\\\/2021\\\/01\\\/kalil_limite.png\",\"width\":678,\"height\":376},{\"@type\":\"BreadcrumbList\",\"@id\":\"https:\\\/\\\/aconteceunovale.com.br\\\/portal\\\/?p=171926#breadcrumb\",\"itemListElement\":[{\"@type\":\"ListItem\",\"position\":1,\"name\":\"In\u00edcio\",\"item\":\"https:\\\/\\\/aconteceunovale.com.br\\\/portal\\\/\"},{\"@type\":\"ListItem\",\"position\":2,\"name\":\"\u201cChegamos ao limite\u201d, diz Kalil ao anunciar bloqueio total em BH\"}]},{\"@type\":\"WebSite\",\"@id\":\"https:\\\/\\\/aconteceunovale.com.br\\\/portal\\\/#website\",\"url\":\"https:\\\/\\\/aconteceunovale.com.br\\\/portal\\\/\",\"name\":\"Aconteceu no Vale\",\"description\":\"Portal de Not\u00edcias\",\"potentialAction\":[{\"@type\":\"SearchAction\",\"target\":{\"@type\":\"EntryPoint\",\"urlTemplate\":\"https:\\\/\\\/aconteceunovale.com.br\\\/portal\\\/?s={search_term_string}\"},\"query-input\":{\"@type\":\"PropertyValueSpecification\",\"valueRequired\":true,\"valueName\":\"search_term_string\"}}],\"inLanguage\":\"pt-BR\"},{\"@type\":\"Person\",\"@id\":\"https:\\\/\\\/aconteceunovale.com.br\\\/portal\\\/#\\\/schema\\\/person\\\/7d2f26d1483f8a63de73da1ee0754d35\",\"name\":\"Reda\u00e7\u00e3o Aconteceu no Vale\",\"description\":\"Equipe de reportagem do Aconteceu no Vale, portal de not\u00edcias do Vale do Jequitinhonha, em Minas Gerais. Cobrimos as 51 cidades do Vale desde 2013. Sugest\u00f5es de pauta e pedidos de corre\u00e7\u00e3o: contato@aconteceunovale.com.br\",\"url\":\"https:\\\/\\\/aconteceunovale.com.br\\\/portal\\\/?author=4\"}]}<\/script>\n<!-- \/ Yoast SEO plugin. -->","yoast_head_json":{"title":"\u201cChegamos ao limite\u201d, diz Kalil ao anunciar bloqueio total em BH - Aconteceu no Vale","robots":{"index":"index","follow":"follow","max-snippet":"max-snippet:-1","max-image-preview":"max-image-preview:large","max-video-preview":"max-video-preview:-1"},"canonical":"https:\/\/aconteceunovale.com.br\/portal\/?p=171926","og_locale":"pt_BR","og_type":"article","og_title":"\u201cChegamos ao limite\u201d, diz Kalil ao anunciar bloqueio total em BH - Aconteceu no Vale","og_description":"A cidade de Belo Horizonte (MG) entrar\u00e1 em regime de&nbsp;lockdown&nbsp;(bloqueio total) a partir de segunda-feira (11\/1\/2021). O an\u00fancio foi feito pelo prefeito Alexandre Kalil em redes sociais. Kalil disse que a capital mineira chegou \u201cao limite da covid-19\u201d e que, ap\u00f3s uma reuni\u00e3o de governo, foi orientado a tomar a decis\u00e3o de editar um decreto [&hellip;]","og_url":"https:\/\/aconteceunovale.com.br\/portal\/?p=171926","og_site_name":"Aconteceu no Vale","article_publisher":"https:\/\/www.facebook.com\/aconteceunovale\/","article_published_time":"2021-01-06T23:22:10+00:00","article_modified_time":"2021-01-06T23:30:15+00:00","og_image":[{"width":678,"height":376,"url":"https:\/\/aconteceunovale.com.br\/portal\/wp-content\/uploads\/2021\/01\/kalil_limite.png","type":"image\/png"}],"author":"Reda\u00e7\u00e3o Aconteceu no Vale","twitter_card":"summary_large_image","twitter_creator":"@noticiadosvales","twitter_site":"@noticiadosvales","twitter_misc":{"Escrito por":"Reda\u00e7\u00e3o Aconteceu no Vale","Est. tempo de leitura":"1 minuto"},"schema":{"@context":"https:\/\/schema.org","@graph":[{"@type":"Article","@id":"https:\/\/aconteceunovale.com.br\/portal\/?p=171926#article","isPartOf":{"@id":"https:\/\/aconteceunovale.com.br\/portal\/?p=171926"},"author":{"name":"Reda\u00e7\u00e3o Aconteceu no Vale","@id":"https:\/\/aconteceunovale.com.br\/portal\/#\/schema\/person\/7d2f26d1483f8a63de73da1ee0754d35"},"headline":"\u201cChegamos ao limite\u201d, diz Kalil ao anunciar bloqueio total em BH","datePublished":"2021-01-06T23:22:10+00:00","dateModified":"2021-01-06T23:30:15+00:00","mainEntityOfPage":{"@id":"https:\/\/aconteceunovale.com.br\/portal\/?p=171926"},"wordCount":253,"commentCount":0,"image":{"@id":"https:\/\/aconteceunovale.com.br\/portal\/?p=171926#primaryimage"},"thumbnailUrl":"https:\/\/aconteceunovale.com.br\/portal\/wp-content\/uploads\/2021\/01\/kalil_limite.png","keywords":["Alexandre Kalil","Alexandre Kalil decretar\u00e1 bloqueio total em Belo Horizonte","Alexandre Kalil decretar\u00e1 bloqueio total em BH","Belo Horizonte","Belo Horizonte chega ao limite","bh","BH chega ao limite","Bloqueio total em Belo Horizonte","Bloqueio total em BH","Chegamos ao limite diz Kalil","Chegamos ao limite diz Kalil ao anunciar lockdown em BH","Coronav\u00edrus em Belo Horizonte","Coronav\u00edrus em BH","Covid-19 em Belo Horizonte","Covid-19 em BH","destaque","Kalil","Kalil decretar\u00e1 bloqueio total em Belo Horizonte","Kalil decretar\u00e1 bloqueio total em BH","Lockdown em Belo Horizonte","Lockdown em BH","PBH","prefeito de Belo Horizonte","Prefeito de Bh"],"articleSection":["Minas Gerais","Pol\u00edtica","Sa\u00fade"],"inLanguage":"pt-BR","potentialAction":[{"@type":"CommentAction","name":"Comment","target":["https:\/\/aconteceunovale.com.br\/portal\/?p=171926#respond"]}]},{"@type":"WebPage","@id":"https:\/\/aconteceunovale.com.br\/portal\/?p=171926","url":"https:\/\/aconteceunovale.com.br\/portal\/?p=171926","name":"\u201cChegamos ao limite\u201d, diz Kalil ao anunciar bloqueio total em BH - Aconteceu no Vale","isPartOf":{"@id":"https:\/\/aconteceunovale.com.br\/portal\/#website"},"primaryImageOfPage":{"@id":"https:\/\/aconteceunovale.com.br\/portal\/?p=171926#primaryimage"},"image":{"@id":"https:\/\/aconteceunovale.com.br\/portal\/?p=171926#primaryimage"},"thumbnailUrl":"https:\/\/aconteceunovale.com.br\/portal\/wp-content\/uploads\/2021\/01\/kalil_limite.png","datePublished":"2021-01-06T23:22:10+00:00","dateModified":"2021-01-06T23:30:15+00:00","author":{"@id":"https:\/\/aconteceunovale.com.br\/portal\/#\/schema\/person\/7d2f26d1483f8a63de73da1ee0754d35"},"breadcrumb":{"@id":"https:\/\/aconteceunovale.com.br\/portal\/?p=171926#breadcrumb"},"inLanguage":"pt-BR","potentialAction":[{"@type":"ReadAction","target":["https:\/\/aconteceunovale.com.br\/portal\/?p=171926"]}]},{"@type":"ImageObject","inLanguage":"pt-BR","@id":"https:\/\/aconteceunovale.com.br\/portal\/?p=171926#primaryimage","url":"https:\/\/aconteceunovale.com.br\/portal\/wp-content\/uploads\/2021\/01\/kalil_limite.png","contentUrl":"https:\/\/aconteceunovale.com.br\/portal\/wp-content\/uploads\/2021\/01\/kalil_limite.png","width":678,"height":376},{"@type":"BreadcrumbList","@id":"https:\/\/aconteceunovale.com.br\/portal\/?p=171926#breadcrumb","itemListElement":[{"@type":"ListItem","position":1,"name":"In\u00edcio","item":"https:\/\/aconteceunovale.com.br\/portal\/"},{"@type":"ListItem","position":2,"name":"\u201cChegamos ao limite\u201d, diz Kalil ao anunciar bloqueio total em BH"}]},{"@type":"WebSite","@id":"https:\/\/aconteceunovale.com.br\/portal\/#website","url":"https:\/\/aconteceunovale.com.br\/portal\/","name":"Aconteceu no Vale","description":"Portal de Not\u00edcias","potentialAction":[{"@type":"SearchAction","target":{"@type":"EntryPoint","urlTemplate":"https:\/\/aconteceunovale.com.br\/portal\/?s={search_term_string}"},"query-input":{"@type":"PropertyValueSpecification","valueRequired":true,"valueName":"search_term_string"}}],"inLanguage":"pt-BR"},{"@type":"Person","@id":"https:\/\/aconteceunovale.com.br\/portal\/#\/schema\/person\/7d2f26d1483f8a63de73da1ee0754d35","name":"Reda\u00e7\u00e3o Aconteceu no Vale","description":"Equipe de reportagem do Aconteceu no Vale, portal de not\u00edcias do Vale do Jequitinhonha, em Minas Gerais. Cobrimos as 51 cidades do Vale desde 2013. Sugest\u00f5es de pauta e pedidos de corre\u00e7\u00e3o: contato@aconteceunovale.com.br","url":"https:\/\/aconteceunovale.com.br\/portal\/?author=4"}]}},"_links":{"self":[{"href":"https:\/\/aconteceunovale.com.br\/portal\/index.php?rest_route=\/wp\/v2\/posts\/171926","targetHints":{"allow":["GET"]}}],"collection":[{"href":"https:\/\/aconteceunovale.com.br\/portal\/index.php?rest_route=\/wp\/v2\/posts"}],"about":[{"href":"https:\/\/aconteceunovale.com.br\/portal\/index.php?rest_route=\/wp\/v2\/types\/post"}],"author":[{"embeddable":true,"href":"https:\/\/aconteceunovale.com.br\/portal\/index.php?rest_route=\/wp\/v2\/users\/4"}],"replies":[{"embeddable":true,"href":"https:\/\/aconteceunovale.com.br\/portal\/index.php?rest_route=%2Fwp%2Fv2%2Fcomments&post=171926"}],"version-history":[{"count":2,"href":"https:\/\/aconteceunovale.com.br\/portal\/index.php?rest_route=\/wp\/v2\/posts\/171926\/revisions"}],"predecessor-version":[{"id":171931,"href":"https:\/\/aconteceunovale.com.br\/portal\/index.php?rest_route=\/wp\/v2\/posts\/171926\/revisions\/171931"}],"wp:featuredmedia":[{"embeddable":true,"href":"https:\/\/aconteceunovale.com.br\/portal\/index.php?rest_route=\/wp\/v2\/media\/171928"}],"wp:attachment":[{"href":"https:\/\/aconteceunovale.com.br\/portal\/index.php?rest_route=%2Fwp%2Fv2%2Fmedia&parent=171926"}],"wp:term":[{"taxonomy":"category","embeddable":true,"href":"https:\/\/aconteceunovale.com.br\/portal\/index.php?rest_route=%2Fwp%2Fv2%2Fcategories&post=171926"},{"taxonomy":"post_tag","embeddable":true,"href":"https:\/\/aconteceunovale.com.br\/portal\/index.php?rest_route=%2Fwp%2Fv2%2Ftags&post=171926"}],"curies":[{"name":"wp","href":"https:\/\/api.w.org\/{rel}","templated":true}]}}