{"id":171923,"date":"2021-01-06T20:03:13","date_gmt":"2021-01-06T23:03:13","guid":{"rendered":"https:\/\/aconteceunovale.com.br\/portal\/?p=171923"},"modified":"2021-01-06T20:04:05","modified_gmt":"2021-01-06T23:04:05","slug":"suspeito-de-furtar-caminhao-e-preso-em-montes-claros","status":"publish","type":"post","link":"https:\/\/aconteceunovale.com.br\/portal\/?p=171923","title":{"rendered":"Suspeito de furtar caminh\u00e3o \u00e9 preso em Montes Claros"},"content":{"rendered":"\n<p class=\"wp-block-paragraph\">A Pol\u00edcia Civil de Minas Gerais (PCMG) prendeu, nessa ter\u00e7a-feira (5\/1\/2021), em Montes Claros, um homem suspeito de furtar um caminh\u00e3o na segunda-feira (4). Durante a a\u00e7\u00e3o policial, o ve\u00edculo foi recuperado para posterior restitui\u00e7\u00e3o ao propriet\u00e1rio.<\/p>\n\n\n\n<p class=\"wp-block-paragraph\">A equipe da Ag\u00eancia de Intelig\u00eancia Policial, coordenada pelo delegado Bruno Rezende, recebeu informa\u00e7\u00f5es de que um caminh\u00e3o furtado estaria se deslocando do munic\u00edpio de Jequita\u00ed para Montes Claros. No in\u00edcio da noite, com aux\u00edlio de investigadores da 4\u00aa Delegacia de Pol\u00edcia Civil, o ve\u00edculo foi avistado pr\u00f3ximo a entrada de Montes Claros, momento em que os agentes passaram a segui-lo. Quando o caminh\u00e3o diminuiu a velocidade para transpor um quebra-molas, na Avenida Dr. M\u00e1rio Tourinho, os policiais o abordaram.<\/p>\n\n\n\n<p class=\"wp-block-paragraph\">O suspeito de 31 anos, que conduzia o caminh\u00e3o, n\u00e3o reagiu \u00e0 a\u00e7\u00e3o policial e admitiu ter realizado o furto sozinho. Ele contou que quebrou o vidro para conseguir entrar no ve\u00edculo, inutilizou o rastreador e, usando uma chave mixa, deu partida no ve\u00edculo. O suspeito n\u00e3o explicou qual seria o destino dado ao caminh\u00e3o, t\u00e3o pouco para onde o conduzia.<\/p>\n\n\n\n<p class=\"wp-block-paragraph\">Foram verificados alguns danos, como o vidro do passageiro quebrado, a aus\u00eancia de tac\u00f3grafo e far\u00f3is de neblina, al\u00e9m de danos no painel de luz e teto. O ve\u00edculo foi recolhido para um p\u00e1tio credenciado \u00e0 Pol\u00edcia Civil. O suspeito preso foi autuado em flagrante por furto qualificado e encontra-se no sistema prisional \u00e0 disposi\u00e7\u00e3o da Justi\u00e7a.<\/p>\n\n\n\n<figure class=\"wp-block-gallery columns-1 is-cropped wp-block-gallery-1 is-layout-flex wp-block-gallery-is-layout-flex\"><ul class=\"blocks-gallery-grid\"><li class=\"blocks-gallery-item\"><figure><img loading=\"lazy\" decoding=\"async\" width=\"651\" height=\"450\" src=\"https:\/\/aconteceunovale.com.br\/portal\/wp-content\/uploads\/2021\/01\/caminhao_moc.jpg\" alt=\"\" data-id=\"171924\" data-full-url=\"https:\/\/aconteceunovale.com.br\/portal\/wp-content\/uploads\/2021\/01\/caminhao_moc.jpg\" data-link=\"https:\/\/aconteceunovale.com.br\/portal\/?attachment_id=171924\" class=\"wp-image-171924\" srcset=\"https:\/\/aconteceunovale.com.br\/portal\/wp-content\/uploads\/2021\/01\/caminhao_moc.jpg 651w, https:\/\/aconteceunovale.com.br\/portal\/wp-content\/uploads\/2021\/01\/caminhao_moc-300x207.jpg 300w, https:\/\/aconteceunovale.com.br\/portal\/wp-content\/uploads\/2021\/01\/caminhao_moc-100x70.jpg 100w, https:\/\/aconteceunovale.com.br\/portal\/wp-content\/uploads\/2021\/01\/caminhao_moc-218x150.jpg 218w, https:\/\/aconteceunovale.com.br\/portal\/wp-content\/uploads\/2021\/01\/caminhao_moc-608x420.jpg 608w\" sizes=\"auto, (max-width: 651px) 100vw, 651px\" \/><figcaption class=\"blocks-gallery-item__caption\"><em>Foto: Divulga\u00e7\u00e3o\/PCMG<\/em><\/figcaption><\/figure><\/li><\/ul><\/figure>\n\n\n\n<p class=\"has-white-color has-vivid-cyan-blue-background-color has-text-color has-background wp-block-paragraph\">Quer saber as not\u00edcias do <strong>Aconteceu no Vale<\/strong> em primeira m\u00e3o? Siga-nos no Facebook <a rel=\"noreferrer noopener\" href=\"http:\/\/facebook.com\/aconteceunovale\" target=\"_blank\">@aconteceunovale<\/a>, Twitter <a rel=\"noreferrer noopener\" href=\"https:\/\/twitter.com\/noticiadosvales\" target=\"_blank\">@noticiadosvales<\/a> e Instagram <a rel=\"noreferrer noopener\" href=\"https:\/\/www.instagram.com\/aconteceunovale\" target=\"_blank\">@aconteceunovale<\/a>.<\/p>\n","protected":false},"excerpt":{"rendered":"<p>A Pol\u00edcia Civil de Minas Gerais (PCMG) prendeu, nessa ter\u00e7a-feira (5\/1\/2021), em Montes Claros, um homem suspeito de furtar um caminh\u00e3o na segunda-feira (4). Durante a a\u00e7\u00e3o policial, o ve\u00edculo foi recuperado para posterior restitui\u00e7\u00e3o ao propriet\u00e1rio. A equipe da Ag\u00eancia de Intelig\u00eancia Policial, coordenada pelo delegado Bruno Rezende, recebeu informa\u00e7\u00f5es de que um caminh\u00e3o [&hellip;]<\/p>\n","protected":false},"author":4,"featured_media":171924,"comment_status":"open","ping_status":"closed","sticky":false,"template":"","format":"standard","meta":{"amp_status":"","footnotes":""},"categories":[1236],"tags":[234212,234211,86200,1018,3724,210,604,44644,234210,66614,234209],"class_list":["post-171923","post","type-post","status-publish","format-standard","has-post-thumbnail","hentry","category-norte_de_minas","tag-caminhao-furtado-em-jequitai","tag-caminhao-recuperado-em-montes-claros","tag-delegado-bruno-rezende","tag-destaque","tag-jequitai","tag-montes-claros","tag-pcmg","tag-policia-civil-de-minas-gerais","tag-preso-com-caminhao-furtado-em-montes-claros","tag-preso-em-montes-claros","tag-suspeito-de-furtar-caminhao-e-preso-em-montes-claros"],"yoast_head":"<!-- This site is optimized with the Yoast SEO plugin v28.3 - https:\/\/yoast.com\/product\/yoast-seo-wordpress\/ -->\n<title>Suspeito de furtar caminh\u00e3o \u00e9 preso em Montes Claros - Aconteceu no Vale<\/title>\n<meta name=\"robots\" content=\"index, follow, max-snippet:-1, max-image-preview:large, max-video-preview:-1\" \/>\n<link rel=\"canonical\" href=\"https:\/\/aconteceunovale.com.br\/portal\/?p=171923\" \/>\n<meta property=\"og:locale\" content=\"pt_BR\" \/>\n<meta property=\"og:type\" content=\"article\" \/>\n<meta property=\"og:title\" content=\"Suspeito de furtar caminh\u00e3o \u00e9 preso em Montes Claros - Aconteceu no Vale\" \/>\n<meta property=\"og:description\" content=\"A Pol\u00edcia Civil de Minas Gerais (PCMG) prendeu, nessa ter\u00e7a-feira (5\/1\/2021), em Montes Claros, um homem suspeito de furtar um caminh\u00e3o na segunda-feira (4). Durante a a\u00e7\u00e3o policial, o ve\u00edculo foi recuperado para posterior restitui\u00e7\u00e3o ao propriet\u00e1rio. A equipe da Ag\u00eancia de Intelig\u00eancia Policial, coordenada pelo delegado Bruno Rezende, recebeu informa\u00e7\u00f5es de que um caminh\u00e3o [&hellip;]\" \/>\n<meta property=\"og:url\" content=\"https:\/\/aconteceunovale.com.br\/portal\/?p=171923\" \/>\n<meta property=\"og:site_name\" content=\"Aconteceu no Vale\" \/>\n<meta property=\"article:publisher\" content=\"https:\/\/www.facebook.com\/aconteceunovale\/\" \/>\n<meta property=\"article:published_time\" content=\"2021-01-06T23:03:13+00:00\" \/>\n<meta property=\"article:modified_time\" content=\"2021-01-06T23:04:05+00:00\" \/>\n<meta property=\"og:image\" content=\"https:\/\/aconteceunovale.com.br\/portal\/wp-content\/uploads\/2021\/01\/caminhao_moc.jpg\" \/>\n\t<meta property=\"og:image:width\" content=\"651\" \/>\n\t<meta property=\"og:image:height\" content=\"450\" \/>\n\t<meta property=\"og:image:type\" content=\"image\/jpeg\" \/>\n<meta name=\"author\" content=\"Reda\u00e7\u00e3o Aconteceu no Vale\" \/>\n<meta name=\"twitter:card\" content=\"summary_large_image\" \/>\n<meta name=\"twitter:creator\" content=\"@noticiadosvales\" \/>\n<meta name=\"twitter:site\" content=\"@noticiadosvales\" \/>\n<meta name=\"twitter:label1\" content=\"Escrito por\" \/>\n\t<meta name=\"twitter:data1\" content=\"Reda\u00e7\u00e3o Aconteceu no Vale\" \/>\n\t<meta name=\"twitter:label2\" content=\"Est. tempo de leitura\" \/>\n\t<meta name=\"twitter:data2\" content=\"1 minuto\" \/>\n<script type=\"application\/ld+json\" class=\"yoast-schema-graph\">{\"@context\":\"https:\\\/\\\/schema.org\",\"@graph\":[{\"@type\":\"Article\",\"@id\":\"https:\\\/\\\/aconteceunovale.com.br\\\/portal\\\/?p=171923#article\",\"isPartOf\":{\"@id\":\"https:\\\/\\\/aconteceunovale.com.br\\\/portal\\\/?p=171923\"},\"author\":{\"name\":\"Reda\u00e7\u00e3o Aconteceu no Vale\",\"@id\":\"https:\\\/\\\/aconteceunovale.com.br\\\/portal\\\/#\\\/schema\\\/person\\\/7d2f26d1483f8a63de73da1ee0754d35\"},\"headline\":\"Suspeito de furtar caminh\u00e3o \u00e9 preso em Montes Claros\",\"datePublished\":\"2021-01-06T23:03:13+00:00\",\"dateModified\":\"2021-01-06T23:04:05+00:00\",\"mainEntityOfPage\":{\"@id\":\"https:\\\/\\\/aconteceunovale.com.br\\\/portal\\\/?p=171923\"},\"wordCount\":299,\"commentCount\":0,\"image\":{\"@id\":\"https:\\\/\\\/aconteceunovale.com.br\\\/portal\\\/?p=171923#primaryimage\"},\"thumbnailUrl\":\"https:\\\/\\\/aconteceunovale.com.br\\\/portal\\\/wp-content\\\/uploads\\\/2021\\\/01\\\/caminhao_moc.jpg\",\"keywords\":[\"Caminh\u00e3o furtado em Jequita\u00ed\",\"Caminh\u00e3o recuperado em Montes Claros\",\"delegado Bruno Rezende\",\"destaque\",\"Jequita\u00ed\",\"Montes Claros\",\"PCMG\",\"Pol\u00edcia Civil de Minas Gerais\",\"Preso com caminh\u00e3o furtado em Montes Claros\",\"preso em Montes Claros\",\"Suspeito de furtar caminh\u00e3o \u00e9 preso em Montes Claros\"],\"articleSection\":[\"Norte de Minas\"],\"inLanguage\":\"pt-BR\",\"potentialAction\":[{\"@type\":\"CommentAction\",\"name\":\"Comment\",\"target\":[\"https:\\\/\\\/aconteceunovale.com.br\\\/portal\\\/?p=171923#respond\"]}]},{\"@type\":\"WebPage\",\"@id\":\"https:\\\/\\\/aconteceunovale.com.br\\\/portal\\\/?p=171923\",\"url\":\"https:\\\/\\\/aconteceunovale.com.br\\\/portal\\\/?p=171923\",\"name\":\"Suspeito de furtar caminh\u00e3o \u00e9 preso em Montes Claros - Aconteceu no Vale\",\"isPartOf\":{\"@id\":\"https:\\\/\\\/aconteceunovale.com.br\\\/portal\\\/#website\"},\"primaryImageOfPage\":{\"@id\":\"https:\\\/\\\/aconteceunovale.com.br\\\/portal\\\/?p=171923#primaryimage\"},\"image\":{\"@id\":\"https:\\\/\\\/aconteceunovale.com.br\\\/portal\\\/?p=171923#primaryimage\"},\"thumbnailUrl\":\"https:\\\/\\\/aconteceunovale.com.br\\\/portal\\\/wp-content\\\/uploads\\\/2021\\\/01\\\/caminhao_moc.jpg\",\"datePublished\":\"2021-01-06T23:03:13+00:00\",\"dateModified\":\"2021-01-06T23:04:05+00:00\",\"author\":{\"@id\":\"https:\\\/\\\/aconteceunovale.com.br\\\/portal\\\/#\\\/schema\\\/person\\\/7d2f26d1483f8a63de73da1ee0754d35\"},\"breadcrumb\":{\"@id\":\"https:\\\/\\\/aconteceunovale.com.br\\\/portal\\\/?p=171923#breadcrumb\"},\"inLanguage\":\"pt-BR\",\"potentialAction\":[{\"@type\":\"ReadAction\",\"target\":[\"https:\\\/\\\/aconteceunovale.com.br\\\/portal\\\/?p=171923\"]}]},{\"@type\":\"ImageObject\",\"inLanguage\":\"pt-BR\",\"@id\":\"https:\\\/\\\/aconteceunovale.com.br\\\/portal\\\/?p=171923#primaryimage\",\"url\":\"https:\\\/\\\/aconteceunovale.com.br\\\/portal\\\/wp-content\\\/uploads\\\/2021\\\/01\\\/caminhao_moc.jpg\",\"contentUrl\":\"https:\\\/\\\/aconteceunovale.com.br\\\/portal\\\/wp-content\\\/uploads\\\/2021\\\/01\\\/caminhao_moc.jpg\",\"width\":651,\"height\":450},{\"@type\":\"BreadcrumbList\",\"@id\":\"https:\\\/\\\/aconteceunovale.com.br\\\/portal\\\/?p=171923#breadcrumb\",\"itemListElement\":[{\"@type\":\"ListItem\",\"position\":1,\"name\":\"In\u00edcio\",\"item\":\"https:\\\/\\\/aconteceunovale.com.br\\\/portal\\\/\"},{\"@type\":\"ListItem\",\"position\":2,\"name\":\"Suspeito de furtar caminh\u00e3o \u00e9 preso em Montes Claros\"}]},{\"@type\":\"WebSite\",\"@id\":\"https:\\\/\\\/aconteceunovale.com.br\\\/portal\\\/#website\",\"url\":\"https:\\\/\\\/aconteceunovale.com.br\\\/portal\\\/\",\"name\":\"Aconteceu no Vale\",\"description\":\"Portal de Not\u00edcias\",\"potentialAction\":[{\"@type\":\"SearchAction\",\"target\":{\"@type\":\"EntryPoint\",\"urlTemplate\":\"https:\\\/\\\/aconteceunovale.com.br\\\/portal\\\/?s={search_term_string}\"},\"query-input\":{\"@type\":\"PropertyValueSpecification\",\"valueRequired\":true,\"valueName\":\"search_term_string\"}}],\"inLanguage\":\"pt-BR\"},{\"@type\":\"Person\",\"@id\":\"https:\\\/\\\/aconteceunovale.com.br\\\/portal\\\/#\\\/schema\\\/person\\\/7d2f26d1483f8a63de73da1ee0754d35\",\"name\":\"Reda\u00e7\u00e3o Aconteceu no Vale\",\"description\":\"Equipe de reportagem do Aconteceu no Vale, portal de not\u00edcias do Vale do Jequitinhonha, em Minas Gerais. Cobrimos as 51 cidades do Vale desde 2013. Sugest\u00f5es de pauta e pedidos de corre\u00e7\u00e3o: contato@aconteceunovale.com.br\",\"url\":\"https:\\\/\\\/aconteceunovale.com.br\\\/portal\\\/?author=4\"}]}<\/script>\n<!-- \/ Yoast SEO plugin. -->","yoast_head_json":{"title":"Suspeito de furtar caminh\u00e3o \u00e9 preso em Montes Claros - Aconteceu no Vale","robots":{"index":"index","follow":"follow","max-snippet":"max-snippet:-1","max-image-preview":"max-image-preview:large","max-video-preview":"max-video-preview:-1"},"canonical":"https:\/\/aconteceunovale.com.br\/portal\/?p=171923","og_locale":"pt_BR","og_type":"article","og_title":"Suspeito de furtar caminh\u00e3o \u00e9 preso em Montes Claros - Aconteceu no Vale","og_description":"A Pol\u00edcia Civil de Minas Gerais (PCMG) prendeu, nessa ter\u00e7a-feira (5\/1\/2021), em Montes Claros, um homem suspeito de furtar um caminh\u00e3o na segunda-feira (4). Durante a a\u00e7\u00e3o policial, o ve\u00edculo foi recuperado para posterior restitui\u00e7\u00e3o ao propriet\u00e1rio. A equipe da Ag\u00eancia de Intelig\u00eancia Policial, coordenada pelo delegado Bruno Rezende, recebeu informa\u00e7\u00f5es de que um caminh\u00e3o [&hellip;]","og_url":"https:\/\/aconteceunovale.com.br\/portal\/?p=171923","og_site_name":"Aconteceu no Vale","article_publisher":"https:\/\/www.facebook.com\/aconteceunovale\/","article_published_time":"2021-01-06T23:03:13+00:00","article_modified_time":"2021-01-06T23:04:05+00:00","og_image":[{"width":651,"height":450,"url":"https:\/\/aconteceunovale.com.br\/portal\/wp-content\/uploads\/2021\/01\/caminhao_moc.jpg","type":"image\/jpeg"}],"author":"Reda\u00e7\u00e3o Aconteceu no Vale","twitter_card":"summary_large_image","twitter_creator":"@noticiadosvales","twitter_site":"@noticiadosvales","twitter_misc":{"Escrito por":"Reda\u00e7\u00e3o Aconteceu no Vale","Est. tempo de leitura":"1 minuto"},"schema":{"@context":"https:\/\/schema.org","@graph":[{"@type":"Article","@id":"https:\/\/aconteceunovale.com.br\/portal\/?p=171923#article","isPartOf":{"@id":"https:\/\/aconteceunovale.com.br\/portal\/?p=171923"},"author":{"name":"Reda\u00e7\u00e3o Aconteceu no Vale","@id":"https:\/\/aconteceunovale.com.br\/portal\/#\/schema\/person\/7d2f26d1483f8a63de73da1ee0754d35"},"headline":"Suspeito de furtar caminh\u00e3o \u00e9 preso em Montes Claros","datePublished":"2021-01-06T23:03:13+00:00","dateModified":"2021-01-06T23:04:05+00:00","mainEntityOfPage":{"@id":"https:\/\/aconteceunovale.com.br\/portal\/?p=171923"},"wordCount":299,"commentCount":0,"image":{"@id":"https:\/\/aconteceunovale.com.br\/portal\/?p=171923#primaryimage"},"thumbnailUrl":"https:\/\/aconteceunovale.com.br\/portal\/wp-content\/uploads\/2021\/01\/caminhao_moc.jpg","keywords":["Caminh\u00e3o furtado em Jequita\u00ed","Caminh\u00e3o recuperado em Montes Claros","delegado Bruno Rezende","destaque","Jequita\u00ed","Montes Claros","PCMG","Pol\u00edcia Civil de Minas Gerais","Preso com caminh\u00e3o furtado em Montes Claros","preso em Montes Claros","Suspeito de furtar caminh\u00e3o \u00e9 preso em Montes Claros"],"articleSection":["Norte de Minas"],"inLanguage":"pt-BR","potentialAction":[{"@type":"CommentAction","name":"Comment","target":["https:\/\/aconteceunovale.com.br\/portal\/?p=171923#respond"]}]},{"@type":"WebPage","@id":"https:\/\/aconteceunovale.com.br\/portal\/?p=171923","url":"https:\/\/aconteceunovale.com.br\/portal\/?p=171923","name":"Suspeito de furtar caminh\u00e3o \u00e9 preso em Montes Claros - Aconteceu no Vale","isPartOf":{"@id":"https:\/\/aconteceunovale.com.br\/portal\/#website"},"primaryImageOfPage":{"@id":"https:\/\/aconteceunovale.com.br\/portal\/?p=171923#primaryimage"},"image":{"@id":"https:\/\/aconteceunovale.com.br\/portal\/?p=171923#primaryimage"},"thumbnailUrl":"https:\/\/aconteceunovale.com.br\/portal\/wp-content\/uploads\/2021\/01\/caminhao_moc.jpg","datePublished":"2021-01-06T23:03:13+00:00","dateModified":"2021-01-06T23:04:05+00:00","author":{"@id":"https:\/\/aconteceunovale.com.br\/portal\/#\/schema\/person\/7d2f26d1483f8a63de73da1ee0754d35"},"breadcrumb":{"@id":"https:\/\/aconteceunovale.com.br\/portal\/?p=171923#breadcrumb"},"inLanguage":"pt-BR","potentialAction":[{"@type":"ReadAction","target":["https:\/\/aconteceunovale.com.br\/portal\/?p=171923"]}]},{"@type":"ImageObject","inLanguage":"pt-BR","@id":"https:\/\/aconteceunovale.com.br\/portal\/?p=171923#primaryimage","url":"https:\/\/aconteceunovale.com.br\/portal\/wp-content\/uploads\/2021\/01\/caminhao_moc.jpg","contentUrl":"https:\/\/aconteceunovale.com.br\/portal\/wp-content\/uploads\/2021\/01\/caminhao_moc.jpg","width":651,"height":450},{"@type":"BreadcrumbList","@id":"https:\/\/aconteceunovale.com.br\/portal\/?p=171923#breadcrumb","itemListElement":[{"@type":"ListItem","position":1,"name":"In\u00edcio","item":"https:\/\/aconteceunovale.com.br\/portal\/"},{"@type":"ListItem","position":2,"name":"Suspeito de furtar caminh\u00e3o \u00e9 preso em Montes Claros"}]},{"@type":"WebSite","@id":"https:\/\/aconteceunovale.com.br\/portal\/#website","url":"https:\/\/aconteceunovale.com.br\/portal\/","name":"Aconteceu no Vale","description":"Portal de Not\u00edcias","potentialAction":[{"@type":"SearchAction","target":{"@type":"EntryPoint","urlTemplate":"https:\/\/aconteceunovale.com.br\/portal\/?s={search_term_string}"},"query-input":{"@type":"PropertyValueSpecification","valueRequired":true,"valueName":"search_term_string"}}],"inLanguage":"pt-BR"},{"@type":"Person","@id":"https:\/\/aconteceunovale.com.br\/portal\/#\/schema\/person\/7d2f26d1483f8a63de73da1ee0754d35","name":"Reda\u00e7\u00e3o Aconteceu no Vale","description":"Equipe de reportagem do Aconteceu no Vale, portal de not\u00edcias do Vale do Jequitinhonha, em Minas Gerais. Cobrimos as 51 cidades do Vale desde 2013. Sugest\u00f5es de pauta e pedidos de corre\u00e7\u00e3o: contato@aconteceunovale.com.br","url":"https:\/\/aconteceunovale.com.br\/portal\/?author=4"}]}},"_links":{"self":[{"href":"https:\/\/aconteceunovale.com.br\/portal\/index.php?rest_route=\/wp\/v2\/posts\/171923","targetHints":{"allow":["GET"]}}],"collection":[{"href":"https:\/\/aconteceunovale.com.br\/portal\/index.php?rest_route=\/wp\/v2\/posts"}],"about":[{"href":"https:\/\/aconteceunovale.com.br\/portal\/index.php?rest_route=\/wp\/v2\/types\/post"}],"author":[{"embeddable":true,"href":"https:\/\/aconteceunovale.com.br\/portal\/index.php?rest_route=\/wp\/v2\/users\/4"}],"replies":[{"embeddable":true,"href":"https:\/\/aconteceunovale.com.br\/portal\/index.php?rest_route=%2Fwp%2Fv2%2Fcomments&post=171923"}],"version-history":[{"count":1,"href":"https:\/\/aconteceunovale.com.br\/portal\/index.php?rest_route=\/wp\/v2\/posts\/171923\/revisions"}],"predecessor-version":[{"id":171925,"href":"https:\/\/aconteceunovale.com.br\/portal\/index.php?rest_route=\/wp\/v2\/posts\/171923\/revisions\/171925"}],"wp:featuredmedia":[{"embeddable":true,"href":"https:\/\/aconteceunovale.com.br\/portal\/index.php?rest_route=\/wp\/v2\/media\/171924"}],"wp:attachment":[{"href":"https:\/\/aconteceunovale.com.br\/portal\/index.php?rest_route=%2Fwp%2Fv2%2Fmedia&parent=171923"}],"wp:term":[{"taxonomy":"category","embeddable":true,"href":"https:\/\/aconteceunovale.com.br\/portal\/index.php?rest_route=%2Fwp%2Fv2%2Fcategories&post=171923"},{"taxonomy":"post_tag","embeddable":true,"href":"https:\/\/aconteceunovale.com.br\/portal\/index.php?rest_route=%2Fwp%2Fv2%2Ftags&post=171923"}],"curies":[{"name":"wp","href":"https:\/\/api.w.org\/{rel}","templated":true}]}}