{"id":171916,"date":"2021-01-06T17:13:49","date_gmt":"2021-01-06T20:13:49","guid":{"rendered":"https:\/\/aconteceunovale.com.br\/portal\/?p=171916"},"modified":"2021-01-06T17:15:06","modified_gmt":"2021-01-06T20:15:06","slug":"dez-regioes-estao-na-fase-mais-restritiva-do-programa-minas-consciente","status":"publish","type":"post","link":"https:\/\/aconteceunovale.com.br\/portal\/?p=171916","title":{"rendered":"Dez regi\u00f5es est\u00e3o na fase mais restritiva do programa Minas Consciente"},"content":{"rendered":"\n<p class=\"wp-block-paragraph\">O Comit\u00ea Extraordin\u00e1rio Covid-19 definiu, nesta quarta-feira (6\/1\/2020), que a macrorregi\u00e3o Sul retornar\u00e1 para a onda vermelha, fase que permite o funcionamento, de portas abertas, de apenas servi\u00e7os essenciais, como bancos, farm\u00e1cias, padarias e supermercados. Segundo os dados apresentados pelo grupo, houve crescimento de 9% na taxa de incid\u00eancia da doen\u00e7a em todo o estado nos \u00faltimos sete dias.<\/p>\n\n\n\n<p class=\"wp-block-paragraph\">J\u00e1 a regi\u00e3o Noroeste avan\u00e7ar\u00e1 para a onda verde do\u00a0<a rel=\"noreferrer noopener\" href=\"http:\/\/www.mg.gov.br\/minasconsciente\" target=\"_blank\">Minas Consciente<\/a>, plano criado pelo\u00a0Governo de Minas\u00a0para retomada da economia de forma gradual e segura. Nesta etapa est\u00e1 autorizado o funcionamento dos servi\u00e7os n\u00e3o essenciais com maior risco de cont\u00e1gio, como cinemas e bares com m\u00fasica ao vivo.<\/p>\n\n\n\n<p class=\"wp-block-paragraph\">Com a nova determina\u00e7\u00e3o, 10 das 14 macrorregi\u00f5es do estado (Centro,&nbsp;Oeste,&nbsp;Jequitinhonha,&nbsp;Leste,&nbsp;<a href=\"http:\/\/www.agenciaminas.mg.gov.br\/ckeditor_assets\/attachments\/8145\/10_-_regional_sudeste.pdf\" target=\"_blank\" rel=\"noreferrer noopener\">\u200b<\/a>Leste do Sul,&nbsp;Nordeste,&nbsp;Vale do A\u00e7o,&nbsp;Sudeste,&nbsp;Centro-Sul&nbsp;e Sul) est\u00e3o na onda vermelha, a mais restritiva do Minas Consciente. As regi\u00f5es Norte e Tri\u00e2ngulo Norte est\u00e3o na amarela. J\u00e1 Noroeste e Tri\u00e2ngulo Sul ficam na verde.<\/p>\n\n\n\n<p class=\"wp-block-paragraph\">O vice-governador Paulo Brant pediu cautela para a popula\u00e7\u00e3o neste momento em que os n\u00fameros est\u00e3o mais alarmantes. \u201cPe\u00e7o \u00e0 popula\u00e7\u00e3o que permane\u00e7a em casa, se poss\u00edvel, e continue adotando todos os cuidados, como o uso de m\u00e1scaras e higieniza\u00e7\u00e3o das m\u00e3os\u201d, alertou.<\/p>\n\n\n\n<figure class=\"wp-block-image size-large\"><img loading=\"lazy\" decoding=\"async\" width=\"678\" height=\"422\" src=\"https:\/\/aconteceunovale.com.br\/portal\/wp-content\/uploads\/2021\/01\/minas_consciente_6jan_1.png\" alt=\"\" class=\"wp-image-171917\" srcset=\"https:\/\/aconteceunovale.com.br\/portal\/wp-content\/uploads\/2021\/01\/minas_consciente_6jan_1.png 678w, https:\/\/aconteceunovale.com.br\/portal\/wp-content\/uploads\/2021\/01\/minas_consciente_6jan_1-300x187.png 300w, https:\/\/aconteceunovale.com.br\/portal\/wp-content\/uploads\/2021\/01\/minas_consciente_6jan_1-675x420.png 675w\" sizes=\"auto, (max-width: 678px) 100vw, 678px\" \/><\/figure>\n\n\n\n<p class=\"wp-block-paragraph\"><strong>Balan\u00e7o<\/strong><\/p>\n\n\n\n<p class=\"wp-block-paragraph\">At\u00e9 esta quarta-feira (6\/1), 662 cidades haviam aderido ao plano Minas Consciente, o que representa 77,6% do estado, totalizando 13,2 milh\u00f5es de habitantes. &nbsp;<\/p>\n\n\n\n<p class=\"wp-block-paragraph\">Nas cidades com menos de 30 mil habitantes, 284 munic\u00edpios tiveram incid\u00eancia de 50 casos para 100 mil habitantes. Na semana passada, foram contabilizadas 288 cidades.<\/p>\n\n\n\n<p class=\"wp-block-paragraph\"><strong>Com\u00e9rcio<\/strong><\/p>\n\n\n\n<p class=\"wp-block-paragraph\">O Comit\u00ea Extraordin\u00e1rio Covid-19 definiu tamb\u00e9m que, passado o per\u00edodo das festividades de fim do ano, fica suspensa a flexibiliza\u00e7\u00e3o dada ao com\u00e9rcio em localidades inseridas na onda vermelha de funcionar aberto ao p\u00fablico.&nbsp; &nbsp;<\/p>\n\n\n\n<p class=\"wp-block-paragraph\">No entanto, qualquer atividade que possa ser realizada de forma remota, como ensino a dist\u00e2ncia, compras para retirada ou em formato delivery, sem fluxo e contato entre clientes, alunos e usu\u00e1rios, n\u00e3o est\u00e1 sendo alvo de qualquer restri\u00e7\u00e3o e n\u00e3o comp\u00f5e qualquer uma das ondas, estando aptas para o consumo da popula\u00e7\u00e3o.<\/p>\n\n\n\n<p class=\"wp-block-paragraph\">Est\u00e3o inclu\u00eddas, tamb\u00e9m, atividades e eventos na modalidade de drive thru e drive-in, sem limita\u00e7\u00e3o de clientes\/usu\u00e1rios. Estas diretrizes requerem, no entanto, a aplica\u00e7\u00e3o plena dos protocolos, principalmente, no tocante \u00e0 seguran\u00e7a dos trabalhadores e no controle da \u00e1rea externa dos estabelecimentos.<\/p>\n\n\n\n<h2 class=\"wp-block-heading\"><strong>Onda verde<\/strong><\/h2>\n\n\n\n<figure class=\"wp-block-image size-large\"><img loading=\"lazy\" decoding=\"async\" width=\"678\" height=\"422\" src=\"https:\/\/aconteceunovale.com.br\/portal\/wp-content\/uploads\/2021\/01\/minas_consciente_6jan_2.png\" alt=\"\" class=\"wp-image-171918\" srcset=\"https:\/\/aconteceunovale.com.br\/portal\/wp-content\/uploads\/2021\/01\/minas_consciente_6jan_2.png 678w, https:\/\/aconteceunovale.com.br\/portal\/wp-content\/uploads\/2021\/01\/minas_consciente_6jan_2-300x187.png 300w, https:\/\/aconteceunovale.com.br\/portal\/wp-content\/uploads\/2021\/01\/minas_consciente_6jan_2-675x420.png 675w\" sizes=\"auto, (max-width: 678px) 100vw, 678px\" \/><\/figure>\n\n\n\n<p class=\"wp-block-paragraph\">A regi\u00e3o&nbsp;<a href=\"http:\/\/www.agenciaminas.mg.gov.br\/ckeditor_assets\/attachments\/9538\/07_-_regional_noroeste.pdf\" target=\"_blank\" rel=\"noreferrer noopener\">Noroeste<\/a>&nbsp;avan\u00e7ou para a onda verde*, unindo-se ao&nbsp;<a href=\"http:\/\/www.agenciaminas.mg.gov.br\/ckeditor_assets\/attachments\/8148\/13_-_regional_triangulo_sul.pdf\" target=\"_blank\" rel=\"noreferrer noopener\">Tri\u00e2ngulo do Sul<\/a>, que apresentou \u00edndices favor\u00e1veis para perman\u00eancia na fase mais flex\u00edvel do Minas Consciente. \u00c9 permitida a abertura de servi\u00e7os n\u00e3o essenciais com alto risco de cont\u00e1gio. S\u00e3o eles:<\/p>\n\n\n\n<p class=\"wp-block-paragraph\">&#8211; Atividades art\u00edsticas, como produ\u00e7\u00e3o teatral, musical e de dan\u00e7a e circo;<\/p>\n\n\n\n<p class=\"wp-block-paragraph\">&#8211; Cinemas, bibliotecas, museus, arquivos;<\/p>\n\n\n\n<p class=\"wp-block-paragraph\">&#8211; Parques, zool\u00f3gicos e jardins;<\/p>\n\n\n\n<p class=\"wp-block-paragraph\">&#8211; Feiras, congressos, exposi\u00e7\u00f5es, filmagens de festas, casas de festas, buf\u00ea;<\/p>\n\n\n\n<p class=\"wp-block-paragraph\">&#8211; Parques de divers\u00e3o, discotecas, boliches, sinuca;<\/p>\n\n\n\n<p class=\"wp-block-paragraph\">&#8211; Bares com entretenimento (shows e espet\u00e1culos);<\/p>\n\n\n\n<p class=\"wp-block-paragraph\">&#8211; Servi\u00e7os de coloca\u00e7\u00e3o de piercings e tatuagens.<\/p>\n\n\n\n<p class=\"wp-block-paragraph\"><em><strong>*<\/strong>Para avan\u00e7ar para a onda verde, as cidades precisam estar h\u00e1 28 dias consecutivos na onda amarela, sem sofrer retrocessos durante esse per\u00edodo<\/em>.<\/p>\n\n\n\n<h2 class=\"wp-block-heading\"><strong>Onda Amarela<\/strong><\/h2>\n\n\n\n<figure class=\"wp-block-image size-large\"><img loading=\"lazy\" decoding=\"async\" width=\"678\" height=\"422\" src=\"https:\/\/aconteceunovale.com.br\/portal\/wp-content\/uploads\/2021\/01\/minas_consciente_6jan_3.png\" alt=\"\" class=\"wp-image-171919\" srcset=\"https:\/\/aconteceunovale.com.br\/portal\/wp-content\/uploads\/2021\/01\/minas_consciente_6jan_3.png 678w, https:\/\/aconteceunovale.com.br\/portal\/wp-content\/uploads\/2021\/01\/minas_consciente_6jan_3-300x187.png 300w, https:\/\/aconteceunovale.com.br\/portal\/wp-content\/uploads\/2021\/01\/minas_consciente_6jan_3-675x420.png 675w\" sizes=\"auto, (max-width: 678px) 100vw, 678px\" \/><\/figure>\n\n\n\n<p class=\"wp-block-paragraph\">Foram mantidas na fase as regi\u00f5es&nbsp;<a href=\"http:\/\/www.agenciaminas.mg.gov.br\/ckeditor_assets\/attachments\/8143\/08_-_regional_norte.pdf\" target=\"_blank\" rel=\"noreferrer noopener\">Norte<\/a>&nbsp;e&nbsp;<a href=\"http:\/\/www.agenciaminas.mg.gov.br\/ckeditor_assets\/attachments\/8147\/12_-_regional_triangulo_norte.pdf\" target=\"_blank\" rel=\"noreferrer noopener\">Tri\u00e2ngulo do Norte<\/a>, permitindo a abertura de servi\u00e7os n\u00e3o essenciais, como:<br><br>&#8211; Bares (consumo no local);<\/p>\n\n\n\n<p class=\"wp-block-paragraph\">&#8211; Autoescolas e cursos de pilotagem;<\/p>\n\n\n\n<p class=\"wp-block-paragraph\">&#8211; Sal\u00f5es de beleza e atividades de est\u00e9tica;<\/p>\n\n\n\n<p class=\"wp-block-paragraph\">&#8211; Com\u00e9rcio de eletrodom\u00e9sticos e equipamentos de \u00e1udio e v\u00eddeo;<\/p>\n\n\n\n<p class=\"wp-block-paragraph\">&#8211; Papelarias, lojas de livros, discos e revistas;<\/p>\n\n\n\n<p class=\"wp-block-paragraph\">&#8211; Lojas de roupas, bijuterias, joias, cal\u00e7ados, e artigos de viagem;<\/p>\n\n\n\n<p class=\"wp-block-paragraph\">&#8211; Com\u00e9rcio de itens de cama, mesa e banho;<\/p>\n\n\n\n<p class=\"wp-block-paragraph\">&#8211; Lojas de m\u00f3veis e lustres;<\/p>\n\n\n\n<p class=\"wp-block-paragraph\">&#8211; Imobili\u00e1rias;<\/p>\n\n\n\n<p class=\"wp-block-paragraph\">&#8211; Lojas de departamento e duty free;<\/p>\n\n\n\n<p class=\"wp-block-paragraph\">&#8211; Lojas de brinquedos;<\/p>\n\n\n\n<p class=\"wp-block-paragraph\">&#8211; Academias (com restri\u00e7\u00f5es);<\/p>\n\n\n\n<p class=\"wp-block-paragraph\">&#8211; Ag\u00eancias de viagem;<\/p>\n\n\n\n<p class=\"wp-block-paragraph\">&#8211; Clubes.<\/p>\n\n\n\n<h2 class=\"wp-block-heading\"><strong>Onda Vermelha<\/strong><\/h2>\n\n\n\n<figure class=\"wp-block-image size-large\"><img loading=\"lazy\" decoding=\"async\" width=\"678\" height=\"422\" src=\"https:\/\/aconteceunovale.com.br\/portal\/wp-content\/uploads\/2021\/01\/minas_consciente_6jan_4.png\" alt=\"\" class=\"wp-image-171920\" srcset=\"https:\/\/aconteceunovale.com.br\/portal\/wp-content\/uploads\/2021\/01\/minas_consciente_6jan_4.png 678w, https:\/\/aconteceunovale.com.br\/portal\/wp-content\/uploads\/2021\/01\/minas_consciente_6jan_4-300x187.png 300w, https:\/\/aconteceunovale.com.br\/portal\/wp-content\/uploads\/2021\/01\/minas_consciente_6jan_4-675x420.png 675w\" sizes=\"auto, (max-width: 678px) 100vw, 678px\" \/><\/figure>\n\n\n\n<p class=\"wp-block-paragraph\">As regi\u00f5es\u00a0<a rel=\"noreferrer noopener\" href=\"http:\/\/www.agenciaminas.mg.gov.br\/ckeditor_assets\/attachments\/8231\/01_-_regional_centro_vr.pdf\" target=\"_blank\">Centro<\/a>,\u00a0<a rel=\"noreferrer noopener\" href=\"http:\/\/www.agenciaminas.mg.gov.br\/ckeditor_assets\/attachments\/8144\/09_-_regional_oeste.pdf\" target=\"_blank\">Oeste<\/a>,\u00a0<a rel=\"noreferrer noopener\" href=\"http:\/\/www.agenciaminas.mg.gov.br\/ckeditor_assets\/attachments\/8138\/03_-_regional_jequitinhonha.pdf\" target=\"_blank\">Jequitinhonha<\/a>,\u00a0<a rel=\"noreferrer noopener\" href=\"http:\/\/www.agenciaminas.mg.gov.br\/ckeditor_assets\/attachments\/8139\/04_-_regional_leste.pdf\" target=\"_blank\">Leste<\/a>,\u00a0<a rel=\"noreferrer noopener\" href=\"http:\/\/www.agenciaminas.mg.gov.br\/ckeditor_assets\/attachments\/8145\/10_-_regional_sudeste.pdf\" target=\"_blank\">\u200b<\/a><a rel=\"noreferrer noopener\" href=\"http:\/\/www.agenciaminas.mg.gov.br\/ckeditor_assets\/attachments\/8140\/05_-_regional_leste_do_sul.pdf\" target=\"_blank\">Leste do Sul<\/a>,\u00a0<a rel=\"noreferrer noopener\" href=\"http:\/\/www.agenciaminas.mg.gov.br\/ckeditor_assets\/attachments\/9540\/06_-_regional_nordeste.pdf\" target=\"_blank\">Nordeste<\/a>,\u00a0<a rel=\"noreferrer noopener\" href=\"http:\/\/www.agenciaminas.mg.gov.br\/ckeditor_assets\/attachments\/8149\/14_-_regional_vale_do_aco.pdf\" target=\"_blank\">Vale do A\u00e7o<\/a>,\u00a0<a rel=\"noreferrer noopener\" href=\"http:\/\/www.agenciaminas.mg.gov.br\/ckeditor_assets\/attachments\/8145\/10_-_regional_sudeste.pdf\" target=\"_blank\">Sudeste<\/a>,\u00a0<a rel=\"noreferrer noopener\" href=\"http:\/\/www.agenciaminas.mg.gov.br\/ckeditor_assets\/attachments\/8137\/02_-_regional_centro_sul.pdf\" target=\"_blank\">Centro-Sul<\/a>\u00a0e\u00a0<a rel=\"noreferrer noopener\" href=\"http:\/\/www.agenciaminas.mg.gov.br\/ckeditor_assets\/attachments\/8146\/11_-_regional_sul.pdf\" target=\"_blank\">Sul<\/a>\u00a0est\u00e3o na onda vermelha, a mais restritiva do Minas Consciente, em que somente os servi\u00e7os considerados essenciais s\u00e3o permitidos de portas abertas, como:<\/p>\n\n\n\n<p class=\"wp-block-paragraph\">&#8211; Supermercados, padarias, restaurantes, lanchonetes, lojas de conveni\u00eancia;<\/p>\n\n\n\n<p class=\"wp-block-paragraph\">&#8211; Bares (somente para delivery ou retirada no balc\u00e3o);<\/p>\n\n\n\n<p class=\"wp-block-paragraph\">&#8211; A\u00e7ougues, peixarias, hortifrutigranjeiros;<\/p>\n\n\n\n<p class=\"wp-block-paragraph\">&#8211; Servi\u00e7os de ambulantes de alimenta\u00e7\u00e3o;<\/p>\n\n\n\n<p class=\"wp-block-paragraph\">&#8211; Farm\u00e1cias, drogarias, lojas de cosm\u00e9ticos, lavanderias, pet shop;<\/p>\n\n\n\n<p class=\"wp-block-paragraph\">&#8211; Bancos, casas lot\u00e9ricas, cooperativas de cr\u00e9dito;<\/p>\n\n\n\n<p class=\"wp-block-paragraph\">&#8211; Vigil\u00e2ncia e seguran\u00e7a privada;<\/p>\n\n\n\n<p class=\"wp-block-paragraph\">&#8211; Servi\u00e7os de reparo e manuten\u00e7\u00e3o;<\/p>\n\n\n\n<p class=\"wp-block-paragraph\">&#8211; Lojas de inform\u00e1tica e aparelhos de comunica\u00e7\u00e3o;<\/p>\n\n\n\n<p class=\"wp-block-paragraph\">&#8211; Hot\u00e9is, mot\u00e9is, campings, alojamentos e pens\u00f5es;<\/p>\n\n\n\n<p class=\"wp-block-paragraph\">&#8211; Constru\u00e7\u00e3o civil e obras de infraestrutura;<\/p>\n\n\n\n<p class=\"wp-block-paragraph\">&#8211; Com\u00e9rcio de ve\u00edculos, pe\u00e7as e acess\u00f3rios automotores.<\/p>\n\n\n\n<p class=\"has-white-color has-vivid-cyan-blue-background-color has-text-color has-background wp-block-paragraph\">Quer saber as not\u00edcias do <strong>Aconteceu no Vale<\/strong> em primeira m\u00e3o? Siga-nos no Facebook <a rel=\"noreferrer noopener\" href=\"http:\/\/facebook.com\/aconteceunovale\" target=\"_blank\">@aconteceunovale<\/a>, Twitter <a rel=\"noreferrer noopener\" href=\"https:\/\/twitter.com\/noticiadosvales\" target=\"_blank\">@noticiadosvales<\/a> e Instagram <a rel=\"noreferrer noopener\" href=\"https:\/\/www.instagram.com\/aconteceunovale\" target=\"_blank\">@aconteceunovale<\/a>.<\/p>\n","protected":false},"excerpt":{"rendered":"<p>O Comit\u00ea Extraordin\u00e1rio Covid-19 definiu, nesta quarta-feira (6\/1\/2020), que a macrorregi\u00e3o Sul retornar\u00e1 para a onda vermelha, fase que permite o funcionamento, de portas abertas, de apenas servi\u00e7os essenciais, como bancos, farm\u00e1cias, padarias e supermercados. Segundo os dados apresentados pelo grupo, houve crescimento de 9% na taxa de incid\u00eancia da doen\u00e7a em todo o estado [&hellip;]<\/p>\n","protected":false},"author":4,"featured_media":171921,"comment_status":"open","ping_status":"closed","sticky":false,"template":"","format":"standard","meta":{"amp_status":"","footnotes":""},"categories":[123],"tags":[226899,227899,227901,752,226639,217799,219851,219853,225459,214884,216498,221718,1018,234208,226771,226773,225458,226298,233652,228272,232016,226455,219855,226300,226452,226453,226451,226299,226772,215653,226301,226535,221717,219854,219852,217692,222637,227897,230864,227898,227900,221719,226454,220285,220287,220286],"class_list":["post-171916","post","type-post","status-publish","format-standard","has-post-thumbnail","hentry","category-gerais","tag-362-cidades-de-pequeno-porte-passarao-automaticamente-para-a-onda-amarela-do-minas-consciente","tag-abertura-das-academias-de-ginastica","tag-abertura-das-agencias-de-turismo","tag-almg","tag-atividades-economicas-terao-protocolo-unico-na-nova-fase-do-plano-minas-consciente","tag-casos-de-coronavirus-em-minas-gerais","tag-casos-de-covid-19-em-minas-gerais","tag-cidades-com-casos-de-coronavirus-em-minas-gerais","tag-consulta-publica-minas-consciente","tag-coronavirus","tag-covid-19","tag-curados-do-coronavirus-em-minas-gerais","tag-destaque","tag-dez-regioes-estao-na-fase-mais-restritiva-do-programa-minas-consciente","tag-entenda-a-divisao-por-ondas-nas-novas-regras-do-plano-minas-consciente","tag-entenda-as-ondas-do-minas-consciente","tag-governo-lanca-consulta-publica-sobre-o-plano-minas-consciente","tag-governo-lanca-novas-regras-para-o-plano-minas-consciente","tag-mais-duas-regioes-regridem-para-a-onda-vermelha-do-minas-consciente","tag-mais-quatro-regioes-poderao-avancar-para-a-onda-amarela-do-plano-minas-consciente","tag-metade-do-estado-regride-para-fases-mais-restritivas-do-plano-minas-consciente","tag-microrregioes-minas-consciente","tag-mortes-por-coronavirus-em-minas-gerais","tag-mudancas-no-minas-consciente","tag-municipios-pequenos","tag-municipios-pequenos-minas-consciente","tag-municipios-receberao-tratamento-individualizado-na-nova-fase-do-minas-consciente","tag-novas-regras-do-minas-consciente","tag-novas-regras-do-plano-minas-consciente","tag-novo-coronavirus","tag-novo-minas-consciente","tag-novos-indicadores-do-plano-minas-consciente-vao-simplificar-tomada-de-decisao-de-prefeitos","tag-numero-de-curados-do-coronavirus-em-minas-gerais","tag-numeros-do-coronavirus-em-minas-gerais","tag-obitos-por-coronavirus-em-minas-gerias","tag-pandemia-de-coronavirus","tag-plano-minas-consciente","tag-plano-minas-consciente-tera-protocolo-para-academias-de-ginastica-e-agencias-de-turismo-na-onda-amarela","tag-quatro-macrorregioes-regridem-para-fases-mais-restritivas-do-plano-minas-consciente","tag-reabertura-das-academias-de-ginastica","tag-reabertura-das-agencia-de-turismo","tag-recuperados-do-coronavirus-em-minas-gerais","tag-regioes-minas-consciente","tag-secretaria-de-saude-atualiza-numeros-do-coronavirus-em-minas-gerais","tag-secretaria-de-saude-de-minas-gerais-atualiza-numeros-do-coronavirus","tag-ses-mg-atualiza-numeros-do-coronavirus"],"yoast_head":"<!-- This site is optimized with the Yoast SEO plugin v28.3 - https:\/\/yoast.com\/product\/yoast-seo-wordpress\/ -->\n<title>Dez regi\u00f5es est\u00e3o na fase mais restritiva do programa Minas Consciente - Aconteceu no Vale<\/title>\n<meta name=\"robots\" content=\"index, follow, max-snippet:-1, max-image-preview:large, max-video-preview:-1\" \/>\n<link rel=\"canonical\" href=\"https:\/\/aconteceunovale.com.br\/portal\/?p=171916\" \/>\n<meta property=\"og:locale\" content=\"pt_BR\" \/>\n<meta property=\"og:type\" content=\"article\" \/>\n<meta property=\"og:title\" content=\"Dez regi\u00f5es est\u00e3o na fase mais restritiva do programa Minas Consciente - Aconteceu no Vale\" \/>\n<meta property=\"og:description\" content=\"O Comit\u00ea Extraordin\u00e1rio Covid-19 definiu, nesta quarta-feira (6\/1\/2020), que a macrorregi\u00e3o Sul retornar\u00e1 para a onda vermelha, fase que permite o funcionamento, de portas abertas, de apenas servi\u00e7os essenciais, como bancos, farm\u00e1cias, padarias e supermercados. Segundo os dados apresentados pelo grupo, houve crescimento de 9% na taxa de incid\u00eancia da doen\u00e7a em todo o estado [&hellip;]\" \/>\n<meta property=\"og:url\" content=\"https:\/\/aconteceunovale.com.br\/portal\/?p=171916\" \/>\n<meta property=\"og:site_name\" content=\"Aconteceu no Vale\" \/>\n<meta property=\"article:publisher\" content=\"https:\/\/www.facebook.com\/aconteceunovale\/\" \/>\n<meta property=\"article:published_time\" content=\"2021-01-06T20:13:49+00:00\" \/>\n<meta property=\"article:modified_time\" content=\"2021-01-06T20:15:06+00:00\" \/>\n<meta property=\"og:image\" content=\"https:\/\/aconteceunovale.com.br\/portal\/wp-content\/uploads\/2021\/01\/minas_consciente_6jan_5.png\" \/>\n\t<meta property=\"og:image:width\" content=\"650\" \/>\n\t<meta property=\"og:image:height\" content=\"450\" \/>\n\t<meta property=\"og:image:type\" content=\"image\/png\" \/>\n<meta name=\"author\" content=\"Reda\u00e7\u00e3o Aconteceu no Vale\" \/>\n<meta name=\"twitter:card\" content=\"summary_large_image\" \/>\n<meta name=\"twitter:creator\" content=\"@noticiadosvales\" \/>\n<meta name=\"twitter:site\" content=\"@noticiadosvales\" \/>\n<meta name=\"twitter:label1\" content=\"Escrito por\" \/>\n\t<meta name=\"twitter:data1\" content=\"Reda\u00e7\u00e3o Aconteceu no Vale\" \/>\n\t<meta name=\"twitter:label2\" content=\"Est. tempo de leitura\" \/>\n\t<meta name=\"twitter:data2\" content=\"4 minutos\" \/>\n<script type=\"application\/ld+json\" class=\"yoast-schema-graph\">{\"@context\":\"https:\\\/\\\/schema.org\",\"@graph\":[{\"@type\":\"Article\",\"@id\":\"https:\\\/\\\/aconteceunovale.com.br\\\/portal\\\/?p=171916#article\",\"isPartOf\":{\"@id\":\"https:\\\/\\\/aconteceunovale.com.br\\\/portal\\\/?p=171916\"},\"author\":{\"name\":\"Reda\u00e7\u00e3o Aconteceu no Vale\",\"@id\":\"https:\\\/\\\/aconteceunovale.com.br\\\/portal\\\/#\\\/schema\\\/person\\\/7d2f26d1483f8a63de73da1ee0754d35\"},\"headline\":\"Dez regi\u00f5es est\u00e3o na fase mais restritiva do programa Minas Consciente\",\"datePublished\":\"2021-01-06T20:13:49+00:00\",\"dateModified\":\"2021-01-06T20:15:06+00:00\",\"mainEntityOfPage\":{\"@id\":\"https:\\\/\\\/aconteceunovale.com.br\\\/portal\\\/?p=171916\"},\"wordCount\":893,\"commentCount\":0,\"image\":{\"@id\":\"https:\\\/\\\/aconteceunovale.com.br\\\/portal\\\/?p=171916#primaryimage\"},\"thumbnailUrl\":\"https:\\\/\\\/aconteceunovale.com.br\\\/portal\\\/wp-content\\\/uploads\\\/2021\\\/01\\\/minas_consciente_6jan_5.png\",\"keywords\":[\"362 cidades de pequeno porte passar\u00e3o automaticamente para a onda amarela do Minas Consciente\",\"Abertura das academias de gin\u00e1stica\",\"Abertura das ag\u00eancias de turismo\",\"ALMG\",\"Atividades econ\u00f4micas ter\u00e3o protocolo \u00fanico na nova fase do plano Minas Consciente\",\"Casos de coronav\u00edrus em Minas Gerais\",\"Casos de covid-19 em Minas Gerais\",\"Cidades com casos de coronav\u00edrus em Minas Gerais\",\"Consulta p\u00fablica Minas Consciente\",\"Coronav\u00edrus\",\"COVID-19\",\"Curados do coronav\u00edrus em Minas Gerais\",\"destaque\",\"Dez regi\u00f5es est\u00e3o na fase mais restritiva do programa Minas Consciente\",\"Entenda a divis\u00e3o por ondas nas novas regras do plano Minas Consciente\",\"Entenda as ondas do Minas Consciente\",\"Governo lan\u00e7a consulta p\u00fablica sobre o plano Minas Consciente\",\"Governo lan\u00e7a novas regras para o plano Minas Consciente\",\"Mais duas regi\u00f5es regridem para a onda vermelha do Minas Consciente\",\"Mais quatro regi\u00f5es poder\u00e3o avan\u00e7ar para a Onda Amarela do plano Minas Consciente\",\"Metade do Estado regride para fases mais restritivas do plano Minas Consciente\",\"Microrregi\u00f5es Minas Consciente\",\"Mortes por coronav\u00edrus em Minas Gerais\",\"Mudan\u00e7as no Minas Consciente\",\"Munic\u00edpios pequenos\",\"Munic\u00edpios pequenos Minas Consciente\",\"Munic\u00edpios receber\u00e3o tratamento individualizado na nova fase do Minas Consciente\",\"Novas regras do Minas Consciente\",\"Novas regras do plano Minas Consciente\",\"Novo coronav\u00edrus\",\"Novo Minas Consciente\",\"Novos indicadores do plano Minas Consciente v\u00e3o simplificar tomada de decis\u00e3o de prefeitos\",\"N\u00famero de curados do coronav\u00edrus em Minas Gerais\",\"N\u00fameros do coronav\u00edrus em Minas Gerais\",\"\u00d3bitos por coronav\u00edrus em Minas Gerias\",\"Pandemia de coronav\u00edrus\",\"Plano Minas Consciente\",\"Plano Minas Consciente ter\u00e1 protocolo para academias de gin\u00e1stica e ag\u00eancias de turismo na Onda Amarela\",\"Quatro macrorregi\u00f5es regridem para fases mais restritivas do plano Minas Consciente\",\"Reabertura das academias de gin\u00e1stica\",\"Reabertura das ag\u00eancia de turismo\",\"Recuperados do coronav\u00edrus em Minas Gerais\",\"Regi\u00f5es Minas Consciente\",\"Secretaria de Sa\u00fade atualiza n\u00fameros do coronav\u00edrus em Minas Gerais\",\"Secretaria de Sa\u00fade de Minas Gerais atualiza n\u00fameros do coronav\u00edrus\",\"SES-MG atualiza n\u00fameros do coronav\u00edrus\"],\"articleSection\":[\"Minas Gerais\"],\"inLanguage\":\"pt-BR\",\"potentialAction\":[{\"@type\":\"CommentAction\",\"name\":\"Comment\",\"target\":[\"https:\\\/\\\/aconteceunovale.com.br\\\/portal\\\/?p=171916#respond\"]}]},{\"@type\":\"WebPage\",\"@id\":\"https:\\\/\\\/aconteceunovale.com.br\\\/portal\\\/?p=171916\",\"url\":\"https:\\\/\\\/aconteceunovale.com.br\\\/portal\\\/?p=171916\",\"name\":\"Dez regi\u00f5es est\u00e3o na fase mais restritiva do programa Minas Consciente - Aconteceu no Vale\",\"isPartOf\":{\"@id\":\"https:\\\/\\\/aconteceunovale.com.br\\\/portal\\\/#website\"},\"primaryImageOfPage\":{\"@id\":\"https:\\\/\\\/aconteceunovale.com.br\\\/portal\\\/?p=171916#primaryimage\"},\"image\":{\"@id\":\"https:\\\/\\\/aconteceunovale.com.br\\\/portal\\\/?p=171916#primaryimage\"},\"thumbnailUrl\":\"https:\\\/\\\/aconteceunovale.com.br\\\/portal\\\/wp-content\\\/uploads\\\/2021\\\/01\\\/minas_consciente_6jan_5.png\",\"datePublished\":\"2021-01-06T20:13:49+00:00\",\"dateModified\":\"2021-01-06T20:15:06+00:00\",\"author\":{\"@id\":\"https:\\\/\\\/aconteceunovale.com.br\\\/portal\\\/#\\\/schema\\\/person\\\/7d2f26d1483f8a63de73da1ee0754d35\"},\"breadcrumb\":{\"@id\":\"https:\\\/\\\/aconteceunovale.com.br\\\/portal\\\/?p=171916#breadcrumb\"},\"inLanguage\":\"pt-BR\",\"potentialAction\":[{\"@type\":\"ReadAction\",\"target\":[\"https:\\\/\\\/aconteceunovale.com.br\\\/portal\\\/?p=171916\"]}]},{\"@type\":\"ImageObject\",\"inLanguage\":\"pt-BR\",\"@id\":\"https:\\\/\\\/aconteceunovale.com.br\\\/portal\\\/?p=171916#primaryimage\",\"url\":\"https:\\\/\\\/aconteceunovale.com.br\\\/portal\\\/wp-content\\\/uploads\\\/2021\\\/01\\\/minas_consciente_6jan_5.png\",\"contentUrl\":\"https:\\\/\\\/aconteceunovale.com.br\\\/portal\\\/wp-content\\\/uploads\\\/2021\\\/01\\\/minas_consciente_6jan_5.png\",\"width\":650,\"height\":450},{\"@type\":\"BreadcrumbList\",\"@id\":\"https:\\\/\\\/aconteceunovale.com.br\\\/portal\\\/?p=171916#breadcrumb\",\"itemListElement\":[{\"@type\":\"ListItem\",\"position\":1,\"name\":\"In\u00edcio\",\"item\":\"https:\\\/\\\/aconteceunovale.com.br\\\/portal\\\/\"},{\"@type\":\"ListItem\",\"position\":2,\"name\":\"Dez regi\u00f5es est\u00e3o na fase mais restritiva do programa Minas Consciente\"}]},{\"@type\":\"WebSite\",\"@id\":\"https:\\\/\\\/aconteceunovale.com.br\\\/portal\\\/#website\",\"url\":\"https:\\\/\\\/aconteceunovale.com.br\\\/portal\\\/\",\"name\":\"Aconteceu no Vale\",\"description\":\"Portal de Not\u00edcias\",\"potentialAction\":[{\"@type\":\"SearchAction\",\"target\":{\"@type\":\"EntryPoint\",\"urlTemplate\":\"https:\\\/\\\/aconteceunovale.com.br\\\/portal\\\/?s={search_term_string}\"},\"query-input\":{\"@type\":\"PropertyValueSpecification\",\"valueRequired\":true,\"valueName\":\"search_term_string\"}}],\"inLanguage\":\"pt-BR\"},{\"@type\":\"Person\",\"@id\":\"https:\\\/\\\/aconteceunovale.com.br\\\/portal\\\/#\\\/schema\\\/person\\\/7d2f26d1483f8a63de73da1ee0754d35\",\"name\":\"Reda\u00e7\u00e3o Aconteceu no Vale\",\"description\":\"Equipe de reportagem do Aconteceu no Vale, portal de not\u00edcias do Vale do Jequitinhonha, em Minas Gerais. Cobrimos as 51 cidades do Vale desde 2013. Sugest\u00f5es de pauta e pedidos de corre\u00e7\u00e3o: contato@aconteceunovale.com.br\",\"url\":\"https:\\\/\\\/aconteceunovale.com.br\\\/portal\\\/?author=4\"}]}<\/script>\n<!-- \/ Yoast SEO plugin. -->","yoast_head_json":{"title":"Dez regi\u00f5es est\u00e3o na fase mais restritiva do programa Minas Consciente - Aconteceu no Vale","robots":{"index":"index","follow":"follow","max-snippet":"max-snippet:-1","max-image-preview":"max-image-preview:large","max-video-preview":"max-video-preview:-1"},"canonical":"https:\/\/aconteceunovale.com.br\/portal\/?p=171916","og_locale":"pt_BR","og_type":"article","og_title":"Dez regi\u00f5es est\u00e3o na fase mais restritiva do programa Minas Consciente - Aconteceu no Vale","og_description":"O Comit\u00ea Extraordin\u00e1rio Covid-19 definiu, nesta quarta-feira (6\/1\/2020), que a macrorregi\u00e3o Sul retornar\u00e1 para a onda vermelha, fase que permite o funcionamento, de portas abertas, de apenas servi\u00e7os essenciais, como bancos, farm\u00e1cias, padarias e supermercados. Segundo os dados apresentados pelo grupo, houve crescimento de 9% na taxa de incid\u00eancia da doen\u00e7a em todo o estado [&hellip;]","og_url":"https:\/\/aconteceunovale.com.br\/portal\/?p=171916","og_site_name":"Aconteceu no Vale","article_publisher":"https:\/\/www.facebook.com\/aconteceunovale\/","article_published_time":"2021-01-06T20:13:49+00:00","article_modified_time":"2021-01-06T20:15:06+00:00","og_image":[{"width":650,"height":450,"url":"https:\/\/aconteceunovale.com.br\/portal\/wp-content\/uploads\/2021\/01\/minas_consciente_6jan_5.png","type":"image\/png"}],"author":"Reda\u00e7\u00e3o Aconteceu no Vale","twitter_card":"summary_large_image","twitter_creator":"@noticiadosvales","twitter_site":"@noticiadosvales","twitter_misc":{"Escrito por":"Reda\u00e7\u00e3o Aconteceu no Vale","Est. tempo de leitura":"4 minutos"},"schema":{"@context":"https:\/\/schema.org","@graph":[{"@type":"Article","@id":"https:\/\/aconteceunovale.com.br\/portal\/?p=171916#article","isPartOf":{"@id":"https:\/\/aconteceunovale.com.br\/portal\/?p=171916"},"author":{"name":"Reda\u00e7\u00e3o Aconteceu no Vale","@id":"https:\/\/aconteceunovale.com.br\/portal\/#\/schema\/person\/7d2f26d1483f8a63de73da1ee0754d35"},"headline":"Dez regi\u00f5es est\u00e3o na fase mais restritiva do programa Minas Consciente","datePublished":"2021-01-06T20:13:49+00:00","dateModified":"2021-01-06T20:15:06+00:00","mainEntityOfPage":{"@id":"https:\/\/aconteceunovale.com.br\/portal\/?p=171916"},"wordCount":893,"commentCount":0,"image":{"@id":"https:\/\/aconteceunovale.com.br\/portal\/?p=171916#primaryimage"},"thumbnailUrl":"https:\/\/aconteceunovale.com.br\/portal\/wp-content\/uploads\/2021\/01\/minas_consciente_6jan_5.png","keywords":["362 cidades de pequeno porte passar\u00e3o automaticamente para a onda amarela do Minas Consciente","Abertura das academias de gin\u00e1stica","Abertura das ag\u00eancias de turismo","ALMG","Atividades econ\u00f4micas ter\u00e3o protocolo \u00fanico na nova fase do plano Minas Consciente","Casos de coronav\u00edrus em Minas Gerais","Casos de covid-19 em Minas Gerais","Cidades com casos de coronav\u00edrus em Minas Gerais","Consulta p\u00fablica Minas Consciente","Coronav\u00edrus","COVID-19","Curados do coronav\u00edrus em Minas Gerais","destaque","Dez regi\u00f5es est\u00e3o na fase mais restritiva do programa Minas Consciente","Entenda a divis\u00e3o por ondas nas novas regras do plano Minas Consciente","Entenda as ondas do Minas Consciente","Governo lan\u00e7a consulta p\u00fablica sobre o plano Minas Consciente","Governo lan\u00e7a novas regras para o plano Minas Consciente","Mais duas regi\u00f5es regridem para a onda vermelha do Minas Consciente","Mais quatro regi\u00f5es poder\u00e3o avan\u00e7ar para a Onda Amarela do plano Minas Consciente","Metade do Estado regride para fases mais restritivas do plano Minas Consciente","Microrregi\u00f5es Minas Consciente","Mortes por coronav\u00edrus em Minas Gerais","Mudan\u00e7as no Minas Consciente","Munic\u00edpios pequenos","Munic\u00edpios pequenos Minas Consciente","Munic\u00edpios receber\u00e3o tratamento individualizado na nova fase do Minas Consciente","Novas regras do Minas Consciente","Novas regras do plano Minas Consciente","Novo coronav\u00edrus","Novo Minas Consciente","Novos indicadores do plano Minas Consciente v\u00e3o simplificar tomada de decis\u00e3o de prefeitos","N\u00famero de curados do coronav\u00edrus em Minas Gerais","N\u00fameros do coronav\u00edrus em Minas Gerais","\u00d3bitos por coronav\u00edrus em Minas Gerias","Pandemia de coronav\u00edrus","Plano Minas Consciente","Plano Minas Consciente ter\u00e1 protocolo para academias de gin\u00e1stica e ag\u00eancias de turismo na Onda Amarela","Quatro macrorregi\u00f5es regridem para fases mais restritivas do plano Minas Consciente","Reabertura das academias de gin\u00e1stica","Reabertura das ag\u00eancia de turismo","Recuperados do coronav\u00edrus em Minas Gerais","Regi\u00f5es Minas Consciente","Secretaria de Sa\u00fade atualiza n\u00fameros do coronav\u00edrus em Minas Gerais","Secretaria de Sa\u00fade de Minas Gerais atualiza n\u00fameros do coronav\u00edrus","SES-MG atualiza n\u00fameros do coronav\u00edrus"],"articleSection":["Minas Gerais"],"inLanguage":"pt-BR","potentialAction":[{"@type":"CommentAction","name":"Comment","target":["https:\/\/aconteceunovale.com.br\/portal\/?p=171916#respond"]}]},{"@type":"WebPage","@id":"https:\/\/aconteceunovale.com.br\/portal\/?p=171916","url":"https:\/\/aconteceunovale.com.br\/portal\/?p=171916","name":"Dez regi\u00f5es est\u00e3o na fase mais restritiva do programa Minas Consciente - Aconteceu no Vale","isPartOf":{"@id":"https:\/\/aconteceunovale.com.br\/portal\/#website"},"primaryImageOfPage":{"@id":"https:\/\/aconteceunovale.com.br\/portal\/?p=171916#primaryimage"},"image":{"@id":"https:\/\/aconteceunovale.com.br\/portal\/?p=171916#primaryimage"},"thumbnailUrl":"https:\/\/aconteceunovale.com.br\/portal\/wp-content\/uploads\/2021\/01\/minas_consciente_6jan_5.png","datePublished":"2021-01-06T20:13:49+00:00","dateModified":"2021-01-06T20:15:06+00:00","author":{"@id":"https:\/\/aconteceunovale.com.br\/portal\/#\/schema\/person\/7d2f26d1483f8a63de73da1ee0754d35"},"breadcrumb":{"@id":"https:\/\/aconteceunovale.com.br\/portal\/?p=171916#breadcrumb"},"inLanguage":"pt-BR","potentialAction":[{"@type":"ReadAction","target":["https:\/\/aconteceunovale.com.br\/portal\/?p=171916"]}]},{"@type":"ImageObject","inLanguage":"pt-BR","@id":"https:\/\/aconteceunovale.com.br\/portal\/?p=171916#primaryimage","url":"https:\/\/aconteceunovale.com.br\/portal\/wp-content\/uploads\/2021\/01\/minas_consciente_6jan_5.png","contentUrl":"https:\/\/aconteceunovale.com.br\/portal\/wp-content\/uploads\/2021\/01\/minas_consciente_6jan_5.png","width":650,"height":450},{"@type":"BreadcrumbList","@id":"https:\/\/aconteceunovale.com.br\/portal\/?p=171916#breadcrumb","itemListElement":[{"@type":"ListItem","position":1,"name":"In\u00edcio","item":"https:\/\/aconteceunovale.com.br\/portal\/"},{"@type":"ListItem","position":2,"name":"Dez regi\u00f5es est\u00e3o na fase mais restritiva do programa Minas Consciente"}]},{"@type":"WebSite","@id":"https:\/\/aconteceunovale.com.br\/portal\/#website","url":"https:\/\/aconteceunovale.com.br\/portal\/","name":"Aconteceu no Vale","description":"Portal de Not\u00edcias","potentialAction":[{"@type":"SearchAction","target":{"@type":"EntryPoint","urlTemplate":"https:\/\/aconteceunovale.com.br\/portal\/?s={search_term_string}"},"query-input":{"@type":"PropertyValueSpecification","valueRequired":true,"valueName":"search_term_string"}}],"inLanguage":"pt-BR"},{"@type":"Person","@id":"https:\/\/aconteceunovale.com.br\/portal\/#\/schema\/person\/7d2f26d1483f8a63de73da1ee0754d35","name":"Reda\u00e7\u00e3o Aconteceu no Vale","description":"Equipe de reportagem do Aconteceu no Vale, portal de not\u00edcias do Vale do Jequitinhonha, em Minas Gerais. Cobrimos as 51 cidades do Vale desde 2013. Sugest\u00f5es de pauta e pedidos de corre\u00e7\u00e3o: contato@aconteceunovale.com.br","url":"https:\/\/aconteceunovale.com.br\/portal\/?author=4"}]}},"_links":{"self":[{"href":"https:\/\/aconteceunovale.com.br\/portal\/index.php?rest_route=\/wp\/v2\/posts\/171916","targetHints":{"allow":["GET"]}}],"collection":[{"href":"https:\/\/aconteceunovale.com.br\/portal\/index.php?rest_route=\/wp\/v2\/posts"}],"about":[{"href":"https:\/\/aconteceunovale.com.br\/portal\/index.php?rest_route=\/wp\/v2\/types\/post"}],"author":[{"embeddable":true,"href":"https:\/\/aconteceunovale.com.br\/portal\/index.php?rest_route=\/wp\/v2\/users\/4"}],"replies":[{"embeddable":true,"href":"https:\/\/aconteceunovale.com.br\/portal\/index.php?rest_route=%2Fwp%2Fv2%2Fcomments&post=171916"}],"version-history":[{"count":1,"href":"https:\/\/aconteceunovale.com.br\/portal\/index.php?rest_route=\/wp\/v2\/posts\/171916\/revisions"}],"predecessor-version":[{"id":171922,"href":"https:\/\/aconteceunovale.com.br\/portal\/index.php?rest_route=\/wp\/v2\/posts\/171916\/revisions\/171922"}],"wp:featuredmedia":[{"embeddable":true,"href":"https:\/\/aconteceunovale.com.br\/portal\/index.php?rest_route=\/wp\/v2\/media\/171921"}],"wp:attachment":[{"href":"https:\/\/aconteceunovale.com.br\/portal\/index.php?rest_route=%2Fwp%2Fv2%2Fmedia&parent=171916"}],"wp:term":[{"taxonomy":"category","embeddable":true,"href":"https:\/\/aconteceunovale.com.br\/portal\/index.php?rest_route=%2Fwp%2Fv2%2Fcategories&post=171916"},{"taxonomy":"post_tag","embeddable":true,"href":"https:\/\/aconteceunovale.com.br\/portal\/index.php?rest_route=%2Fwp%2Fv2%2Ftags&post=171916"}],"curies":[{"name":"wp","href":"https:\/\/api.w.org\/{rel}","templated":true}]}}