{"id":171911,"date":"2021-01-06T13:23:05","date_gmt":"2021-01-06T16:23:05","guid":{"rendered":"https:\/\/aconteceunovale.com.br\/portal\/?p=171911"},"modified":"2021-01-06T13:23:25","modified_gmt":"2021-01-06T16:23:25","slug":"estao-abertas-as-inscricoes-para-o-alistamento-militar-obrigatorio","status":"publish","type":"post","link":"https:\/\/aconteceunovale.com.br\/portal\/?p=171911","title":{"rendered":"Est\u00e3o abertas as inscri\u00e7\u00f5es para o alistamento militar obrigat\u00f3rio"},"content":{"rendered":"\n<p class=\"wp-block-paragraph\">Desde o in\u00edcio do ano est\u00e1 aberto o prazo de inscri\u00e7\u00e3o para o alistamento militar obrigat\u00f3rio para os jovens brasileiros do sexo masculino que completam 18 anos durante o ano de 2021. O prazo iniciou em 1\u00ba de janeiro e vai at\u00e9 30 de junho. A presta\u00e7\u00e3o de servi\u00e7o militar tem dura\u00e7\u00e3o de 12 meses. As inscri\u00e7\u00f5es&nbsp;<em>online<\/em>&nbsp;podem ser feitas pelo&nbsp;<em>site<\/em>&nbsp;<a href=\"http:\/\/www.alistamento.eb.mil.br.\/\" target=\"_blank\" rel=\"noreferrer noopener\"><strong>www.alistamento.eb.mil.br.<\/strong><\/a><\/p>\n\n\n\n<p class=\"wp-block-paragraph\">Para a inscri\u00e7\u00e3o&nbsp;<em>online<\/em>&nbsp;\u00e9 necess\u00e1rio ter em m\u00e3os os seguintes documentos: CPF, carteira de identidade, comprovante de endere\u00e7o com CEP, endere\u00e7o de e-mail e telefone. Ap\u00f3s preencher o formul\u00e1rio, o candidato pode acompanhar os pr\u00f3ximos passos no mesmo&nbsp;<em>site<\/em>. O acesso \u00e9 feito com o n\u00famero do CPF e a senha criada no momento do cadastro.<\/p>\n\n\n\n<p class=\"wp-block-paragraph\">Para quem n\u00e3o tem acesso \u00e0 internet, a inscri\u00e7\u00e3o deve ser feita em uma Junta do Servi\u00e7o Militar (JMS), mais pr\u00f3xima da sua resid\u00eancia. Nesse caso, o jovem deve apresentar certid\u00e3o de nascimento ou prova equivalente e comprovante de resid\u00eancia ou declara\u00e7\u00e3o firmada por ele.<\/p>\n\n\n\n<h2 class=\"wp-block-heading\"><strong>Casos especiais<\/strong><\/h2>\n\n\n\n<p class=\"wp-block-paragraph\">Em alguns casos, o alistamento s\u00f3 pode ser feito presencialmente. \u00c9 a situa\u00e7\u00e3o do jovem que for arrimo de fam\u00edlia, ou seja, o \u00fanico respons\u00e1vel pelo sustento da fam\u00edlia. Nessa situa\u00e7\u00e3o, o jovem deve apresentar um requerimento pedindo dispensa de incorpora\u00e7\u00e3o e tamb\u00e9m apresentar documentos que comprovem sua condi\u00e7\u00e3o de arrimo.<\/p>\n\n\n\n<p class=\"wp-block-paragraph\">Outra situa\u00e7\u00e3o \u00e9 para os jovens que se enquadrem na condi\u00e7\u00e3o de pessoa com defici\u00eancia. De acordo com o Minist\u00e9rio da Defesa, para solicitar a dispensa o \u201cportador de necessidade especial f\u00edsica aparente, entregar\u00e1 requerimento solicitando isen\u00e7\u00e3o do servi\u00e7o militar e atestado m\u00e9dico com diagn\u00f3stico de incapacidade e o respectivo CID, que \u00e9 a Classifica\u00e7\u00e3o Internacional de Doen\u00e7as\u201d.<\/p>\n\n\n\n<p class=\"wp-block-paragraph\">Caso a pessoa n\u00e3o tenha condi\u00e7\u00e3o de comparecer \u00e0 JSM por incapacidade absoluta, ele poder\u00e1 ser representado por tutor ou curador.<\/p>\n\n\n\n<h2 class=\"wp-block-heading\"><strong>Nome social<\/strong><\/h2>\n\n\n\n<p class=\"wp-block-paragraph\">A legisla\u00e7\u00e3o prev\u00ea ainda a possibilidade de o jovem se alistar com o nome social. Nesse caso, o jovem deve se dirigir \u00e0 junta militar com certid\u00e3o de nascimento ou equivalente, comprovante de resid\u00eancia, documento oficial com foto, como: carteira de identidade, de trabalho, profissional ou passaporte e requerimento para uso de nome social, dispon\u00edvel neste&nbsp;<a href=\"https:\/\/www.alistamento.eb.mil.br\/assets\/pdf\/nome_social.pdf\" target=\"_blank\" rel=\"noreferrer noopener\"><strong>endere\u00e7o<\/strong><\/a>.<\/p>\n\n\n\n<p class=\"wp-block-paragraph\">Para quem mora no exterior, \u00e9 necess\u00e1rio dirigir-se \u00e0 reparti\u00e7\u00e3o consular com certid\u00e3o de nascimento, comprovante de resid\u00eancia e documento oficial com foto.<\/p>\n\n\n\n<p class=\"wp-block-paragraph\">A sele\u00e7\u00e3o dos jovens para ingresso nas For\u00e7as Armadas ocorre no per\u00edodo de 1\u00ba de julho a 28 de outubro. A primeira etapa \u00e9 um teste de conhecimentos gerais, seguido de exames m\u00e9dicos e psicot\u00e9cnicos. Ap\u00f3s o resultado, os jovens podem ser incorporados ou dispensados do servi\u00e7o militar. Caso seja dispensado, o jovem recebe o Certificado de Dispensa de Incorpora\u00e7\u00e3o (CDI). Ele participa de uma cerim\u00f4nia onde se compromete a se apresentar futuramente, caso seja necess\u00e1rio.<\/p>\n\n\n\n<p class=\"has-white-color has-vivid-cyan-blue-background-color has-text-color has-background wp-block-paragraph\">Quer saber as not\u00edcias do <strong>Aconteceu no Vale<\/strong> em primeira m\u00e3o? Siga-nos no Facebook <a rel=\"noreferrer noopener\" href=\"http:\/\/facebook.com\/aconteceunovale\" target=\"_blank\">@aconteceunovale<\/a>, Twitter <a rel=\"noreferrer noopener\" href=\"https:\/\/twitter.com\/noticiadosvales\" target=\"_blank\">@noticiadosvales<\/a> e Instagram <a rel=\"noreferrer noopener\" href=\"https:\/\/www.instagram.com\/aconteceunovale\" target=\"_blank\">@aconteceunovale<\/a>.<\/p>\n","protected":false},"excerpt":{"rendered":"<p>Desde o in\u00edcio do ano est\u00e1 aberto o prazo de inscri\u00e7\u00e3o para o alistamento militar obrigat\u00f3rio para os jovens brasileiros do sexo masculino que completam 18 anos durante o ano de 2021. O prazo iniciou em 1\u00ba de janeiro e vai at\u00e9 30 de junho. A presta\u00e7\u00e3o de servi\u00e7o militar tem dura\u00e7\u00e3o de 12 meses. [&hellip;]<\/p>\n","protected":false},"author":4,"featured_media":171912,"comment_status":"open","ping_status":"closed","sticky":false,"template":"","format":"standard","meta":{"amp_status":"","footnotes":""},"categories":[6],"tags":[71151,234194,234197,134518,234196,234195,190884],"class_list":["post-171911","post","type-post","status-publish","format-standard","has-post-thumbnail","hentry","category-br","tag-alistamento-militar-obrigatorio","tag-estao-abertas-as-inscricoes-para-o-alistamento-militar-obrigatorio","tag-jms","tag-junta-militar","tag-prestacao-de-servico-militar","tag-servico-militar-no-brasil","tag-servico-militar-obrigatorio"],"yoast_head":"<!-- This site is optimized with the Yoast SEO plugin v28.3 - https:\/\/yoast.com\/product\/yoast-seo-wordpress\/ -->\n<title>Est\u00e3o abertas as inscri\u00e7\u00f5es para o alistamento militar obrigat\u00f3rio - Aconteceu no Vale<\/title>\n<meta name=\"robots\" content=\"index, follow, max-snippet:-1, max-image-preview:large, max-video-preview:-1\" \/>\n<link rel=\"canonical\" href=\"https:\/\/aconteceunovale.com.br\/portal\/?p=171911\" \/>\n<meta property=\"og:locale\" content=\"pt_BR\" \/>\n<meta property=\"og:type\" content=\"article\" \/>\n<meta property=\"og:title\" content=\"Est\u00e3o abertas as inscri\u00e7\u00f5es para o alistamento militar obrigat\u00f3rio - Aconteceu no Vale\" \/>\n<meta property=\"og:description\" content=\"Desde o in\u00edcio do ano est\u00e1 aberto o prazo de inscri\u00e7\u00e3o para o alistamento militar obrigat\u00f3rio para os jovens brasileiros do sexo masculino que completam 18 anos durante o ano de 2021. O prazo iniciou em 1\u00ba de janeiro e vai at\u00e9 30 de junho. A presta\u00e7\u00e3o de servi\u00e7o militar tem dura\u00e7\u00e3o de 12 meses. [&hellip;]\" \/>\n<meta property=\"og:url\" content=\"https:\/\/aconteceunovale.com.br\/portal\/?p=171911\" \/>\n<meta property=\"og:site_name\" content=\"Aconteceu no Vale\" \/>\n<meta property=\"article:publisher\" content=\"https:\/\/www.facebook.com\/aconteceunovale\/\" \/>\n<meta property=\"article:published_time\" content=\"2021-01-06T16:23:05+00:00\" \/>\n<meta property=\"article:modified_time\" content=\"2021-01-06T16:23:25+00:00\" \/>\n<meta property=\"og:image\" content=\"https:\/\/aconteceunovale.com.br\/portal\/wp-content\/uploads\/2021\/01\/exercito.jpg\" \/>\n\t<meta property=\"og:image:width\" content=\"678\" \/>\n\t<meta property=\"og:image:height\" content=\"406\" \/>\n\t<meta property=\"og:image:type\" content=\"image\/jpeg\" \/>\n<meta name=\"author\" content=\"Reda\u00e7\u00e3o Aconteceu no Vale\" \/>\n<meta name=\"twitter:card\" content=\"summary_large_image\" \/>\n<meta name=\"twitter:creator\" content=\"@noticiadosvales\" \/>\n<meta name=\"twitter:site\" content=\"@noticiadosvales\" \/>\n<meta name=\"twitter:label1\" content=\"Escrito por\" \/>\n\t<meta name=\"twitter:data1\" content=\"Reda\u00e7\u00e3o Aconteceu no Vale\" \/>\n\t<meta name=\"twitter:label2\" content=\"Est. tempo de leitura\" \/>\n\t<meta name=\"twitter:data2\" content=\"3 minutos\" \/>\n<script type=\"application\/ld+json\" class=\"yoast-schema-graph\">{\"@context\":\"https:\\\/\\\/schema.org\",\"@graph\":[{\"@type\":\"Article\",\"@id\":\"https:\\\/\\\/aconteceunovale.com.br\\\/portal\\\/?p=171911#article\",\"isPartOf\":{\"@id\":\"https:\\\/\\\/aconteceunovale.com.br\\\/portal\\\/?p=171911\"},\"author\":{\"name\":\"Reda\u00e7\u00e3o Aconteceu no Vale\",\"@id\":\"https:\\\/\\\/aconteceunovale.com.br\\\/portal\\\/#\\\/schema\\\/person\\\/7d2f26d1483f8a63de73da1ee0754d35\"},\"headline\":\"Est\u00e3o abertas as inscri\u00e7\u00f5es para o alistamento militar obrigat\u00f3rio\",\"datePublished\":\"2021-01-06T16:23:05+00:00\",\"dateModified\":\"2021-01-06T16:23:25+00:00\",\"mainEntityOfPage\":{\"@id\":\"https:\\\/\\\/aconteceunovale.com.br\\\/portal\\\/?p=171911\"},\"wordCount\":548,\"commentCount\":0,\"image\":{\"@id\":\"https:\\\/\\\/aconteceunovale.com.br\\\/portal\\\/?p=171911#primaryimage\"},\"thumbnailUrl\":\"https:\\\/\\\/aconteceunovale.com.br\\\/portal\\\/wp-content\\\/uploads\\\/2021\\\/01\\\/exercito.jpg\",\"keywords\":[\"alistamento militar obrigat\u00f3rio\",\"Est\u00e3o abertas as inscri\u00e7\u00f5es para o alistamento militar obrigat\u00f3rio\",\"JMS\",\"Junta Militar\",\"Presta\u00e7\u00e3o de servi\u00e7o militar\",\"Servi\u00e7o militar no Brasil\",\"servi\u00e7o militar obrigat\u00f3rio\"],\"articleSection\":[\"Brasil\"],\"inLanguage\":\"pt-BR\",\"potentialAction\":[{\"@type\":\"CommentAction\",\"name\":\"Comment\",\"target\":[\"https:\\\/\\\/aconteceunovale.com.br\\\/portal\\\/?p=171911#respond\"]}]},{\"@type\":\"WebPage\",\"@id\":\"https:\\\/\\\/aconteceunovale.com.br\\\/portal\\\/?p=171911\",\"url\":\"https:\\\/\\\/aconteceunovale.com.br\\\/portal\\\/?p=171911\",\"name\":\"Est\u00e3o abertas as inscri\u00e7\u00f5es para o alistamento militar obrigat\u00f3rio - Aconteceu no Vale\",\"isPartOf\":{\"@id\":\"https:\\\/\\\/aconteceunovale.com.br\\\/portal\\\/#website\"},\"primaryImageOfPage\":{\"@id\":\"https:\\\/\\\/aconteceunovale.com.br\\\/portal\\\/?p=171911#primaryimage\"},\"image\":{\"@id\":\"https:\\\/\\\/aconteceunovale.com.br\\\/portal\\\/?p=171911#primaryimage\"},\"thumbnailUrl\":\"https:\\\/\\\/aconteceunovale.com.br\\\/portal\\\/wp-content\\\/uploads\\\/2021\\\/01\\\/exercito.jpg\",\"datePublished\":\"2021-01-06T16:23:05+00:00\",\"dateModified\":\"2021-01-06T16:23:25+00:00\",\"author\":{\"@id\":\"https:\\\/\\\/aconteceunovale.com.br\\\/portal\\\/#\\\/schema\\\/person\\\/7d2f26d1483f8a63de73da1ee0754d35\"},\"breadcrumb\":{\"@id\":\"https:\\\/\\\/aconteceunovale.com.br\\\/portal\\\/?p=171911#breadcrumb\"},\"inLanguage\":\"pt-BR\",\"potentialAction\":[{\"@type\":\"ReadAction\",\"target\":[\"https:\\\/\\\/aconteceunovale.com.br\\\/portal\\\/?p=171911\"]}]},{\"@type\":\"ImageObject\",\"inLanguage\":\"pt-BR\",\"@id\":\"https:\\\/\\\/aconteceunovale.com.br\\\/portal\\\/?p=171911#primaryimage\",\"url\":\"https:\\\/\\\/aconteceunovale.com.br\\\/portal\\\/wp-content\\\/uploads\\\/2021\\\/01\\\/exercito.jpg\",\"contentUrl\":\"https:\\\/\\\/aconteceunovale.com.br\\\/portal\\\/wp-content\\\/uploads\\\/2021\\\/01\\\/exercito.jpg\",\"width\":678,\"height\":406},{\"@type\":\"BreadcrumbList\",\"@id\":\"https:\\\/\\\/aconteceunovale.com.br\\\/portal\\\/?p=171911#breadcrumb\",\"itemListElement\":[{\"@type\":\"ListItem\",\"position\":1,\"name\":\"In\u00edcio\",\"item\":\"https:\\\/\\\/aconteceunovale.com.br\\\/portal\\\/\"},{\"@type\":\"ListItem\",\"position\":2,\"name\":\"Est\u00e3o abertas as inscri\u00e7\u00f5es para o alistamento militar obrigat\u00f3rio\"}]},{\"@type\":\"WebSite\",\"@id\":\"https:\\\/\\\/aconteceunovale.com.br\\\/portal\\\/#website\",\"url\":\"https:\\\/\\\/aconteceunovale.com.br\\\/portal\\\/\",\"name\":\"Aconteceu no Vale\",\"description\":\"Portal de Not\u00edcias\",\"potentialAction\":[{\"@type\":\"SearchAction\",\"target\":{\"@type\":\"EntryPoint\",\"urlTemplate\":\"https:\\\/\\\/aconteceunovale.com.br\\\/portal\\\/?s={search_term_string}\"},\"query-input\":{\"@type\":\"PropertyValueSpecification\",\"valueRequired\":true,\"valueName\":\"search_term_string\"}}],\"inLanguage\":\"pt-BR\"},{\"@type\":\"Person\",\"@id\":\"https:\\\/\\\/aconteceunovale.com.br\\\/portal\\\/#\\\/schema\\\/person\\\/7d2f26d1483f8a63de73da1ee0754d35\",\"name\":\"Reda\u00e7\u00e3o Aconteceu no Vale\",\"description\":\"Equipe de reportagem do Aconteceu no Vale, portal de not\u00edcias do Vale do Jequitinhonha, em Minas Gerais. Cobrimos as 51 cidades do Vale desde 2013. Sugest\u00f5es de pauta e pedidos de corre\u00e7\u00e3o: contato@aconteceunovale.com.br\",\"url\":\"https:\\\/\\\/aconteceunovale.com.br\\\/portal\\\/?author=4\"}]}<\/script>\n<!-- \/ Yoast SEO plugin. -->","yoast_head_json":{"title":"Est\u00e3o abertas as inscri\u00e7\u00f5es para o alistamento militar obrigat\u00f3rio - Aconteceu no Vale","robots":{"index":"index","follow":"follow","max-snippet":"max-snippet:-1","max-image-preview":"max-image-preview:large","max-video-preview":"max-video-preview:-1"},"canonical":"https:\/\/aconteceunovale.com.br\/portal\/?p=171911","og_locale":"pt_BR","og_type":"article","og_title":"Est\u00e3o abertas as inscri\u00e7\u00f5es para o alistamento militar obrigat\u00f3rio - Aconteceu no Vale","og_description":"Desde o in\u00edcio do ano est\u00e1 aberto o prazo de inscri\u00e7\u00e3o para o alistamento militar obrigat\u00f3rio para os jovens brasileiros do sexo masculino que completam 18 anos durante o ano de 2021. O prazo iniciou em 1\u00ba de janeiro e vai at\u00e9 30 de junho. A presta\u00e7\u00e3o de servi\u00e7o militar tem dura\u00e7\u00e3o de 12 meses. [&hellip;]","og_url":"https:\/\/aconteceunovale.com.br\/portal\/?p=171911","og_site_name":"Aconteceu no Vale","article_publisher":"https:\/\/www.facebook.com\/aconteceunovale\/","article_published_time":"2021-01-06T16:23:05+00:00","article_modified_time":"2021-01-06T16:23:25+00:00","og_image":[{"width":678,"height":406,"url":"https:\/\/aconteceunovale.com.br\/portal\/wp-content\/uploads\/2021\/01\/exercito.jpg","type":"image\/jpeg"}],"author":"Reda\u00e7\u00e3o Aconteceu no Vale","twitter_card":"summary_large_image","twitter_creator":"@noticiadosvales","twitter_site":"@noticiadosvales","twitter_misc":{"Escrito por":"Reda\u00e7\u00e3o Aconteceu no Vale","Est. tempo de leitura":"3 minutos"},"schema":{"@context":"https:\/\/schema.org","@graph":[{"@type":"Article","@id":"https:\/\/aconteceunovale.com.br\/portal\/?p=171911#article","isPartOf":{"@id":"https:\/\/aconteceunovale.com.br\/portal\/?p=171911"},"author":{"name":"Reda\u00e7\u00e3o Aconteceu no Vale","@id":"https:\/\/aconteceunovale.com.br\/portal\/#\/schema\/person\/7d2f26d1483f8a63de73da1ee0754d35"},"headline":"Est\u00e3o abertas as inscri\u00e7\u00f5es para o alistamento militar obrigat\u00f3rio","datePublished":"2021-01-06T16:23:05+00:00","dateModified":"2021-01-06T16:23:25+00:00","mainEntityOfPage":{"@id":"https:\/\/aconteceunovale.com.br\/portal\/?p=171911"},"wordCount":548,"commentCount":0,"image":{"@id":"https:\/\/aconteceunovale.com.br\/portal\/?p=171911#primaryimage"},"thumbnailUrl":"https:\/\/aconteceunovale.com.br\/portal\/wp-content\/uploads\/2021\/01\/exercito.jpg","keywords":["alistamento militar obrigat\u00f3rio","Est\u00e3o abertas as inscri\u00e7\u00f5es para o alistamento militar obrigat\u00f3rio","JMS","Junta Militar","Presta\u00e7\u00e3o de servi\u00e7o militar","Servi\u00e7o militar no Brasil","servi\u00e7o militar obrigat\u00f3rio"],"articleSection":["Brasil"],"inLanguage":"pt-BR","potentialAction":[{"@type":"CommentAction","name":"Comment","target":["https:\/\/aconteceunovale.com.br\/portal\/?p=171911#respond"]}]},{"@type":"WebPage","@id":"https:\/\/aconteceunovale.com.br\/portal\/?p=171911","url":"https:\/\/aconteceunovale.com.br\/portal\/?p=171911","name":"Est\u00e3o abertas as inscri\u00e7\u00f5es para o alistamento militar obrigat\u00f3rio - Aconteceu no Vale","isPartOf":{"@id":"https:\/\/aconteceunovale.com.br\/portal\/#website"},"primaryImageOfPage":{"@id":"https:\/\/aconteceunovale.com.br\/portal\/?p=171911#primaryimage"},"image":{"@id":"https:\/\/aconteceunovale.com.br\/portal\/?p=171911#primaryimage"},"thumbnailUrl":"https:\/\/aconteceunovale.com.br\/portal\/wp-content\/uploads\/2021\/01\/exercito.jpg","datePublished":"2021-01-06T16:23:05+00:00","dateModified":"2021-01-06T16:23:25+00:00","author":{"@id":"https:\/\/aconteceunovale.com.br\/portal\/#\/schema\/person\/7d2f26d1483f8a63de73da1ee0754d35"},"breadcrumb":{"@id":"https:\/\/aconteceunovale.com.br\/portal\/?p=171911#breadcrumb"},"inLanguage":"pt-BR","potentialAction":[{"@type":"ReadAction","target":["https:\/\/aconteceunovale.com.br\/portal\/?p=171911"]}]},{"@type":"ImageObject","inLanguage":"pt-BR","@id":"https:\/\/aconteceunovale.com.br\/portal\/?p=171911#primaryimage","url":"https:\/\/aconteceunovale.com.br\/portal\/wp-content\/uploads\/2021\/01\/exercito.jpg","contentUrl":"https:\/\/aconteceunovale.com.br\/portal\/wp-content\/uploads\/2021\/01\/exercito.jpg","width":678,"height":406},{"@type":"BreadcrumbList","@id":"https:\/\/aconteceunovale.com.br\/portal\/?p=171911#breadcrumb","itemListElement":[{"@type":"ListItem","position":1,"name":"In\u00edcio","item":"https:\/\/aconteceunovale.com.br\/portal\/"},{"@type":"ListItem","position":2,"name":"Est\u00e3o abertas as inscri\u00e7\u00f5es para o alistamento militar obrigat\u00f3rio"}]},{"@type":"WebSite","@id":"https:\/\/aconteceunovale.com.br\/portal\/#website","url":"https:\/\/aconteceunovale.com.br\/portal\/","name":"Aconteceu no Vale","description":"Portal de Not\u00edcias","potentialAction":[{"@type":"SearchAction","target":{"@type":"EntryPoint","urlTemplate":"https:\/\/aconteceunovale.com.br\/portal\/?s={search_term_string}"},"query-input":{"@type":"PropertyValueSpecification","valueRequired":true,"valueName":"search_term_string"}}],"inLanguage":"pt-BR"},{"@type":"Person","@id":"https:\/\/aconteceunovale.com.br\/portal\/#\/schema\/person\/7d2f26d1483f8a63de73da1ee0754d35","name":"Reda\u00e7\u00e3o Aconteceu no Vale","description":"Equipe de reportagem do Aconteceu no Vale, portal de not\u00edcias do Vale do Jequitinhonha, em Minas Gerais. Cobrimos as 51 cidades do Vale desde 2013. Sugest\u00f5es de pauta e pedidos de corre\u00e7\u00e3o: contato@aconteceunovale.com.br","url":"https:\/\/aconteceunovale.com.br\/portal\/?author=4"}]}},"_links":{"self":[{"href":"https:\/\/aconteceunovale.com.br\/portal\/index.php?rest_route=\/wp\/v2\/posts\/171911","targetHints":{"allow":["GET"]}}],"collection":[{"href":"https:\/\/aconteceunovale.com.br\/portal\/index.php?rest_route=\/wp\/v2\/posts"}],"about":[{"href":"https:\/\/aconteceunovale.com.br\/portal\/index.php?rest_route=\/wp\/v2\/types\/post"}],"author":[{"embeddable":true,"href":"https:\/\/aconteceunovale.com.br\/portal\/index.php?rest_route=\/wp\/v2\/users\/4"}],"replies":[{"embeddable":true,"href":"https:\/\/aconteceunovale.com.br\/portal\/index.php?rest_route=%2Fwp%2Fv2%2Fcomments&post=171911"}],"version-history":[{"count":1,"href":"https:\/\/aconteceunovale.com.br\/portal\/index.php?rest_route=\/wp\/v2\/posts\/171911\/revisions"}],"predecessor-version":[{"id":171913,"href":"https:\/\/aconteceunovale.com.br\/portal\/index.php?rest_route=\/wp\/v2\/posts\/171911\/revisions\/171913"}],"wp:featuredmedia":[{"embeddable":true,"href":"https:\/\/aconteceunovale.com.br\/portal\/index.php?rest_route=\/wp\/v2\/media\/171912"}],"wp:attachment":[{"href":"https:\/\/aconteceunovale.com.br\/portal\/index.php?rest_route=%2Fwp%2Fv2%2Fmedia&parent=171911"}],"wp:term":[{"taxonomy":"category","embeddable":true,"href":"https:\/\/aconteceunovale.com.br\/portal\/index.php?rest_route=%2Fwp%2Fv2%2Fcategories&post=171911"},{"taxonomy":"post_tag","embeddable":true,"href":"https:\/\/aconteceunovale.com.br\/portal\/index.php?rest_route=%2Fwp%2Fv2%2Ftags&post=171911"}],"curies":[{"name":"wp","href":"https:\/\/api.w.org\/{rel}","templated":true}]}}