{"id":171908,"date":"2021-01-06T13:02:38","date_gmt":"2021-01-06T16:02:38","guid":{"rendered":"https:\/\/aconteceunovale.com.br\/portal\/?p=171908"},"modified":"2021-01-06T13:04:28","modified_gmt":"2021-01-06T16:04:28","slug":"policiais-penais-impedem-entrada-de-materiais-ilicitos-em-presidio-de-governador-valadares","status":"publish","type":"post","link":"https:\/\/aconteceunovale.com.br\/portal\/?p=171908","title":{"rendered":"Policiais penais impedem entrada de materiais il\u00edcitos em pres\u00eddio de Governador Valadares"},"content":{"rendered":"\n<p class=\"wp-block-paragraph\">Policiais penais do Centro de Remanejamento Provis\u00f3rio (Ceresp) de Governador Valadares I, na regi\u00e3o do Rio Doce, identificaram materiais il\u00edcitos em pertences enviados por familiares de presos, durante procedimento padr\u00e3o de revista nos itens de complementa\u00e7\u00e3o enviados nessa ter\u00e7a-feira (5\/1\/2021). Dos 42 pacotes recebidos, sete continham il\u00edcitos, sendo cinco com subst\u00e2ncias an\u00e1logas \u00e0 maconha, um com subst\u00e2ncia semelhante ao crack, e outro com um mini celular. No total, os policiais penais impediram a entrada na unidade prisional de 302 gramas de maconha e 22 gramas de crack, al\u00e9m do aparelho telef\u00f4nico.<\/p>\n\n\n\n<p class=\"wp-block-paragraph\">Boa parte dos materiais estava escondida dentro de biscoitos, al\u00e9m de um material que estava em meio a uma por\u00e7\u00e3o de sab\u00e3o em p\u00f3. O trabalho de inspe\u00e7\u00e3o nos itens recebidos, que s\u00e3o encaminhados pelos visitantes dos presos, \u00e9 coordenado pela Assessoria de Intelig\u00eancia e pela Diretoria de Seguran\u00e7a da unidade prisional, e conta com o apoio do Grupo de Tr\u00e2nsito Interno. Todo material recebido na unidade passa pelo aparelho de raio-x e, depois, \u00e9 submetido a uma revista minuciosa.<\/p>\n\n\n\n<p class=\"wp-block-paragraph\">Al\u00e9m dos recursos tecnol\u00f3gicos, as unidades prisionais contam tamb\u00e9m com a experi\u00eancia dos policiais penais, adquirida a partir do contato rotineiro com familiares e em variadas situa\u00e7\u00f5es nas quais drogas e celulares s\u00e3o localizados e impedidos de entrar nas unidades.<\/p>\n\n\n\n<p class=\"wp-block-paragraph\">Um procedimento administrativo para fins de apura\u00e7\u00e3o foi aberto pela dire\u00e7\u00e3o do Ceresp-GV I, e os presos destinat\u00e1rios dos il\u00edcitos passar\u00e3o pelo Conselho Disciplinar, podendo sofrer san\u00e7\u00f5es administrativas. Al\u00e9m disso, os visitantes que encaminharam as encomendas ficam impedidos de enviar itens novamente.<\/p>\n\n\n\n<p class=\"wp-block-paragraph\">A dire\u00e7\u00e3o do Ceresp-GV I confeccionou o Registro de Eventos de Defesa Social (Reds), no qual s\u00e3o citados os remetentes e os destinat\u00e1rios das encomendas. Os materiais apreendidos foram encaminhados para a\u00a0Pol\u00edcia Civil, que ficar\u00e1 a cargo da investiga\u00e7\u00e3o criminal.<\/p>\n\n\n\n<figure class=\"wp-block-gallery columns-1 is-cropped wp-block-gallery-1 is-layout-flex wp-block-gallery-is-layout-flex\"><ul class=\"blocks-gallery-grid\"><li class=\"blocks-gallery-item\"><figure><img loading=\"lazy\" decoding=\"async\" width=\"620\" height=\"390\" src=\"https:\/\/aconteceunovale.com.br\/portal\/wp-content\/uploads\/2021\/01\/ilicitos_gv.jpeg\" alt=\"\" data-id=\"171909\" data-full-url=\"https:\/\/aconteceunovale.com.br\/portal\/wp-content\/uploads\/2021\/01\/ilicitos_gv.jpeg\" data-link=\"https:\/\/aconteceunovale.com.br\/portal\/?attachment_id=171909\" class=\"wp-image-171909\" srcset=\"https:\/\/aconteceunovale.com.br\/portal\/wp-content\/uploads\/2021\/01\/ilicitos_gv.jpeg 620w, https:\/\/aconteceunovale.com.br\/portal\/wp-content\/uploads\/2021\/01\/ilicitos_gv-300x189.jpeg 300w\" sizes=\"auto, (max-width: 620px) 100vw, 620px\" \/><figcaption class=\"blocks-gallery-item__caption\"><em>Foto: Sejusp \/ Divulga\u00e7\u00e3o<\/em><\/figcaption><\/figure><\/li><\/ul><\/figure>\n\n\n\n<p class=\"has-white-color has-vivid-cyan-blue-background-color has-text-color has-background wp-block-paragraph\">Quer saber as not\u00edcias do <strong>Aconteceu no Vale<\/strong> em primeira m\u00e3o? Siga-nos no Facebook <a rel=\"noreferrer noopener\" href=\"http:\/\/facebook.com\/aconteceunovale\" target=\"_blank\">@aconteceunovale<\/a>, Twitter <a rel=\"noreferrer noopener\" href=\"https:\/\/twitter.com\/noticiadosvales\" target=\"_blank\">@noticiadosvales<\/a> e Instagram <a rel=\"noreferrer noopener\" href=\"https:\/\/www.instagram.com\/aconteceunovale\" target=\"_blank\">@aconteceunovale<\/a>.<\/p>\n","protected":false},"excerpt":{"rendered":"<p>Policiais penais do Centro de Remanejamento Provis\u00f3rio (Ceresp) de Governador Valadares I, na regi\u00e3o do Rio Doce, identificaram materiais il\u00edcitos em pertences enviados por familiares de presos, durante procedimento padr\u00e3o de revista nos itens de complementa\u00e7\u00e3o enviados nessa ter\u00e7a-feira (5\/1\/2021). Dos 42 pacotes recebidos, sete continham il\u00edcitos, sendo cinco com subst\u00e2ncias an\u00e1logas \u00e0 maconha, um [&hellip;]<\/p>\n","protected":false},"author":4,"featured_media":171909,"comment_status":"open","ping_status":"closed","sticky":false,"template":"","format":"standard","meta":{"amp_status":"","footnotes":""},"categories":[121],"tags":[234191,234193,247,234192,234190,234189,19124],"class_list":["post-171908","post","type-post","status-publish","format-standard","has-post-thumbnail","hentry","category-leste","tag-ceresp-de-governador-valadares","tag-ceresp-gv-i","tag-governador-valadares","tag-materiais-ilicitos-no-ceresp-de-governador-valadares","tag-materiais-ilicitos-no-presidio-de-governador-valadares","tag-policiais-penais-impedem-entrada-de-materiais-ilicitos-em-presidio-de-governador-valadares","tag-presidio-de-governador-valadares"],"yoast_head":"<!-- This site is optimized with the Yoast SEO plugin v28.3 - https:\/\/yoast.com\/product\/yoast-seo-wordpress\/ -->\n<title>Policiais penais impedem entrada de materiais il\u00edcitos em pres\u00eddio de Governador Valadares - Aconteceu no Vale<\/title>\n<meta name=\"robots\" content=\"index, follow, max-snippet:-1, max-image-preview:large, max-video-preview:-1\" \/>\n<link rel=\"canonical\" href=\"https:\/\/aconteceunovale.com.br\/portal\/?p=171908\" \/>\n<meta property=\"og:locale\" content=\"pt_BR\" \/>\n<meta property=\"og:type\" content=\"article\" \/>\n<meta property=\"og:title\" content=\"Policiais penais impedem entrada de materiais il\u00edcitos em pres\u00eddio de Governador Valadares - Aconteceu no Vale\" \/>\n<meta property=\"og:description\" content=\"Policiais penais do Centro de Remanejamento Provis\u00f3rio (Ceresp) de Governador Valadares I, na regi\u00e3o do Rio Doce, identificaram materiais il\u00edcitos em pertences enviados por familiares de presos, durante procedimento padr\u00e3o de revista nos itens de complementa\u00e7\u00e3o enviados nessa ter\u00e7a-feira (5\/1\/2021). Dos 42 pacotes recebidos, sete continham il\u00edcitos, sendo cinco com subst\u00e2ncias an\u00e1logas \u00e0 maconha, um [&hellip;]\" \/>\n<meta property=\"og:url\" content=\"https:\/\/aconteceunovale.com.br\/portal\/?p=171908\" \/>\n<meta property=\"og:site_name\" content=\"Aconteceu no Vale\" \/>\n<meta property=\"article:publisher\" content=\"https:\/\/www.facebook.com\/aconteceunovale\/\" \/>\n<meta property=\"article:published_time\" content=\"2021-01-06T16:02:38+00:00\" \/>\n<meta property=\"article:modified_time\" content=\"2021-01-06T16:04:28+00:00\" \/>\n<meta property=\"og:image\" content=\"https:\/\/aconteceunovale.com.br\/portal\/wp-content\/uploads\/2021\/01\/ilicitos_gv.jpeg\" \/>\n\t<meta property=\"og:image:width\" content=\"620\" \/>\n\t<meta property=\"og:image:height\" content=\"390\" \/>\n\t<meta property=\"og:image:type\" content=\"image\/jpeg\" \/>\n<meta name=\"author\" content=\"Reda\u00e7\u00e3o Aconteceu no Vale\" \/>\n<meta name=\"twitter:card\" content=\"summary_large_image\" \/>\n<meta name=\"twitter:creator\" content=\"@noticiadosvales\" \/>\n<meta name=\"twitter:site\" content=\"@noticiadosvales\" \/>\n<meta name=\"twitter:label1\" content=\"Escrito por\" \/>\n\t<meta name=\"twitter:data1\" content=\"Reda\u00e7\u00e3o Aconteceu no Vale\" \/>\n\t<meta name=\"twitter:label2\" content=\"Est. tempo de leitura\" \/>\n\t<meta name=\"twitter:data2\" content=\"2 minutos\" \/>\n<script type=\"application\/ld+json\" class=\"yoast-schema-graph\">{\"@context\":\"https:\\\/\\\/schema.org\",\"@graph\":[{\"@type\":\"Article\",\"@id\":\"https:\\\/\\\/aconteceunovale.com.br\\\/portal\\\/?p=171908#article\",\"isPartOf\":{\"@id\":\"https:\\\/\\\/aconteceunovale.com.br\\\/portal\\\/?p=171908\"},\"author\":{\"name\":\"Reda\u00e7\u00e3o Aconteceu no Vale\",\"@id\":\"https:\\\/\\\/aconteceunovale.com.br\\\/portal\\\/#\\\/schema\\\/person\\\/7d2f26d1483f8a63de73da1ee0754d35\"},\"headline\":\"Policiais penais impedem entrada de materiais il\u00edcitos em pres\u00eddio de Governador Valadares\",\"datePublished\":\"2021-01-06T16:02:38+00:00\",\"dateModified\":\"2021-01-06T16:04:28+00:00\",\"mainEntityOfPage\":{\"@id\":\"https:\\\/\\\/aconteceunovale.com.br\\\/portal\\\/?p=171908\"},\"wordCount\":365,\"commentCount\":0,\"image\":{\"@id\":\"https:\\\/\\\/aconteceunovale.com.br\\\/portal\\\/?p=171908#primaryimage\"},\"thumbnailUrl\":\"https:\\\/\\\/aconteceunovale.com.br\\\/portal\\\/wp-content\\\/uploads\\\/2021\\\/01\\\/ilicitos_gv.jpeg\",\"keywords\":[\"Ceresp de Governador Valadares\",\"Ceresp-GV I\",\"Governador Valadares\",\"Materiais il\u00edcitos no Ceresp de Governador Valadares\",\"Materiais il\u00edcitos no pres\u00eddio de Governador Valadares\",\"Policiais penais impedem entrada de materiais il\u00edcitos em pres\u00eddio de Governador Valadares\",\"Pres\u00eddio de Governador Valadares\"],\"articleSection\":[\"Leste de Minas\"],\"inLanguage\":\"pt-BR\",\"potentialAction\":[{\"@type\":\"CommentAction\",\"name\":\"Comment\",\"target\":[\"https:\\\/\\\/aconteceunovale.com.br\\\/portal\\\/?p=171908#respond\"]}]},{\"@type\":\"WebPage\",\"@id\":\"https:\\\/\\\/aconteceunovale.com.br\\\/portal\\\/?p=171908\",\"url\":\"https:\\\/\\\/aconteceunovale.com.br\\\/portal\\\/?p=171908\",\"name\":\"Policiais penais impedem entrada de materiais il\u00edcitos em pres\u00eddio de Governador Valadares - Aconteceu no Vale\",\"isPartOf\":{\"@id\":\"https:\\\/\\\/aconteceunovale.com.br\\\/portal\\\/#website\"},\"primaryImageOfPage\":{\"@id\":\"https:\\\/\\\/aconteceunovale.com.br\\\/portal\\\/?p=171908#primaryimage\"},\"image\":{\"@id\":\"https:\\\/\\\/aconteceunovale.com.br\\\/portal\\\/?p=171908#primaryimage\"},\"thumbnailUrl\":\"https:\\\/\\\/aconteceunovale.com.br\\\/portal\\\/wp-content\\\/uploads\\\/2021\\\/01\\\/ilicitos_gv.jpeg\",\"datePublished\":\"2021-01-06T16:02:38+00:00\",\"dateModified\":\"2021-01-06T16:04:28+00:00\",\"author\":{\"@id\":\"https:\\\/\\\/aconteceunovale.com.br\\\/portal\\\/#\\\/schema\\\/person\\\/7d2f26d1483f8a63de73da1ee0754d35\"},\"breadcrumb\":{\"@id\":\"https:\\\/\\\/aconteceunovale.com.br\\\/portal\\\/?p=171908#breadcrumb\"},\"inLanguage\":\"pt-BR\",\"potentialAction\":[{\"@type\":\"ReadAction\",\"target\":[\"https:\\\/\\\/aconteceunovale.com.br\\\/portal\\\/?p=171908\"]}]},{\"@type\":\"ImageObject\",\"inLanguage\":\"pt-BR\",\"@id\":\"https:\\\/\\\/aconteceunovale.com.br\\\/portal\\\/?p=171908#primaryimage\",\"url\":\"https:\\\/\\\/aconteceunovale.com.br\\\/portal\\\/wp-content\\\/uploads\\\/2021\\\/01\\\/ilicitos_gv.jpeg\",\"contentUrl\":\"https:\\\/\\\/aconteceunovale.com.br\\\/portal\\\/wp-content\\\/uploads\\\/2021\\\/01\\\/ilicitos_gv.jpeg\",\"width\":620,\"height\":390},{\"@type\":\"BreadcrumbList\",\"@id\":\"https:\\\/\\\/aconteceunovale.com.br\\\/portal\\\/?p=171908#breadcrumb\",\"itemListElement\":[{\"@type\":\"ListItem\",\"position\":1,\"name\":\"In\u00edcio\",\"item\":\"https:\\\/\\\/aconteceunovale.com.br\\\/portal\\\/\"},{\"@type\":\"ListItem\",\"position\":2,\"name\":\"Policiais penais impedem entrada de materiais il\u00edcitos em pres\u00eddio de Governador Valadares\"}]},{\"@type\":\"WebSite\",\"@id\":\"https:\\\/\\\/aconteceunovale.com.br\\\/portal\\\/#website\",\"url\":\"https:\\\/\\\/aconteceunovale.com.br\\\/portal\\\/\",\"name\":\"Aconteceu no Vale\",\"description\":\"Portal de Not\u00edcias\",\"potentialAction\":[{\"@type\":\"SearchAction\",\"target\":{\"@type\":\"EntryPoint\",\"urlTemplate\":\"https:\\\/\\\/aconteceunovale.com.br\\\/portal\\\/?s={search_term_string}\"},\"query-input\":{\"@type\":\"PropertyValueSpecification\",\"valueRequired\":true,\"valueName\":\"search_term_string\"}}],\"inLanguage\":\"pt-BR\"},{\"@type\":\"Person\",\"@id\":\"https:\\\/\\\/aconteceunovale.com.br\\\/portal\\\/#\\\/schema\\\/person\\\/7d2f26d1483f8a63de73da1ee0754d35\",\"name\":\"Reda\u00e7\u00e3o Aconteceu no Vale\",\"description\":\"Equipe de reportagem do Aconteceu no Vale, portal de not\u00edcias do Vale do Jequitinhonha, em Minas Gerais. Cobrimos as 51 cidades do Vale desde 2013. Sugest\u00f5es de pauta e pedidos de corre\u00e7\u00e3o: contato@aconteceunovale.com.br\",\"url\":\"https:\\\/\\\/aconteceunovale.com.br\\\/portal\\\/?author=4\"}]}<\/script>\n<!-- \/ Yoast SEO plugin. -->","yoast_head_json":{"title":"Policiais penais impedem entrada de materiais il\u00edcitos em pres\u00eddio de Governador Valadares - Aconteceu no Vale","robots":{"index":"index","follow":"follow","max-snippet":"max-snippet:-1","max-image-preview":"max-image-preview:large","max-video-preview":"max-video-preview:-1"},"canonical":"https:\/\/aconteceunovale.com.br\/portal\/?p=171908","og_locale":"pt_BR","og_type":"article","og_title":"Policiais penais impedem entrada de materiais il\u00edcitos em pres\u00eddio de Governador Valadares - Aconteceu no Vale","og_description":"Policiais penais do Centro de Remanejamento Provis\u00f3rio (Ceresp) de Governador Valadares I, na regi\u00e3o do Rio Doce, identificaram materiais il\u00edcitos em pertences enviados por familiares de presos, durante procedimento padr\u00e3o de revista nos itens de complementa\u00e7\u00e3o enviados nessa ter\u00e7a-feira (5\/1\/2021). Dos 42 pacotes recebidos, sete continham il\u00edcitos, sendo cinco com subst\u00e2ncias an\u00e1logas \u00e0 maconha, um [&hellip;]","og_url":"https:\/\/aconteceunovale.com.br\/portal\/?p=171908","og_site_name":"Aconteceu no Vale","article_publisher":"https:\/\/www.facebook.com\/aconteceunovale\/","article_published_time":"2021-01-06T16:02:38+00:00","article_modified_time":"2021-01-06T16:04:28+00:00","og_image":[{"width":620,"height":390,"url":"https:\/\/aconteceunovale.com.br\/portal\/wp-content\/uploads\/2021\/01\/ilicitos_gv.jpeg","type":"image\/jpeg"}],"author":"Reda\u00e7\u00e3o Aconteceu no Vale","twitter_card":"summary_large_image","twitter_creator":"@noticiadosvales","twitter_site":"@noticiadosvales","twitter_misc":{"Escrito por":"Reda\u00e7\u00e3o Aconteceu no Vale","Est. tempo de leitura":"2 minutos"},"schema":{"@context":"https:\/\/schema.org","@graph":[{"@type":"Article","@id":"https:\/\/aconteceunovale.com.br\/portal\/?p=171908#article","isPartOf":{"@id":"https:\/\/aconteceunovale.com.br\/portal\/?p=171908"},"author":{"name":"Reda\u00e7\u00e3o Aconteceu no Vale","@id":"https:\/\/aconteceunovale.com.br\/portal\/#\/schema\/person\/7d2f26d1483f8a63de73da1ee0754d35"},"headline":"Policiais penais impedem entrada de materiais il\u00edcitos em pres\u00eddio de Governador Valadares","datePublished":"2021-01-06T16:02:38+00:00","dateModified":"2021-01-06T16:04:28+00:00","mainEntityOfPage":{"@id":"https:\/\/aconteceunovale.com.br\/portal\/?p=171908"},"wordCount":365,"commentCount":0,"image":{"@id":"https:\/\/aconteceunovale.com.br\/portal\/?p=171908#primaryimage"},"thumbnailUrl":"https:\/\/aconteceunovale.com.br\/portal\/wp-content\/uploads\/2021\/01\/ilicitos_gv.jpeg","keywords":["Ceresp de Governador Valadares","Ceresp-GV I","Governador Valadares","Materiais il\u00edcitos no Ceresp de Governador Valadares","Materiais il\u00edcitos no pres\u00eddio de Governador Valadares","Policiais penais impedem entrada de materiais il\u00edcitos em pres\u00eddio de Governador Valadares","Pres\u00eddio de Governador Valadares"],"articleSection":["Leste de Minas"],"inLanguage":"pt-BR","potentialAction":[{"@type":"CommentAction","name":"Comment","target":["https:\/\/aconteceunovale.com.br\/portal\/?p=171908#respond"]}]},{"@type":"WebPage","@id":"https:\/\/aconteceunovale.com.br\/portal\/?p=171908","url":"https:\/\/aconteceunovale.com.br\/portal\/?p=171908","name":"Policiais penais impedem entrada de materiais il\u00edcitos em pres\u00eddio de Governador Valadares - Aconteceu no Vale","isPartOf":{"@id":"https:\/\/aconteceunovale.com.br\/portal\/#website"},"primaryImageOfPage":{"@id":"https:\/\/aconteceunovale.com.br\/portal\/?p=171908#primaryimage"},"image":{"@id":"https:\/\/aconteceunovale.com.br\/portal\/?p=171908#primaryimage"},"thumbnailUrl":"https:\/\/aconteceunovale.com.br\/portal\/wp-content\/uploads\/2021\/01\/ilicitos_gv.jpeg","datePublished":"2021-01-06T16:02:38+00:00","dateModified":"2021-01-06T16:04:28+00:00","author":{"@id":"https:\/\/aconteceunovale.com.br\/portal\/#\/schema\/person\/7d2f26d1483f8a63de73da1ee0754d35"},"breadcrumb":{"@id":"https:\/\/aconteceunovale.com.br\/portal\/?p=171908#breadcrumb"},"inLanguage":"pt-BR","potentialAction":[{"@type":"ReadAction","target":["https:\/\/aconteceunovale.com.br\/portal\/?p=171908"]}]},{"@type":"ImageObject","inLanguage":"pt-BR","@id":"https:\/\/aconteceunovale.com.br\/portal\/?p=171908#primaryimage","url":"https:\/\/aconteceunovale.com.br\/portal\/wp-content\/uploads\/2021\/01\/ilicitos_gv.jpeg","contentUrl":"https:\/\/aconteceunovale.com.br\/portal\/wp-content\/uploads\/2021\/01\/ilicitos_gv.jpeg","width":620,"height":390},{"@type":"BreadcrumbList","@id":"https:\/\/aconteceunovale.com.br\/portal\/?p=171908#breadcrumb","itemListElement":[{"@type":"ListItem","position":1,"name":"In\u00edcio","item":"https:\/\/aconteceunovale.com.br\/portal\/"},{"@type":"ListItem","position":2,"name":"Policiais penais impedem entrada de materiais il\u00edcitos em pres\u00eddio de Governador Valadares"}]},{"@type":"WebSite","@id":"https:\/\/aconteceunovale.com.br\/portal\/#website","url":"https:\/\/aconteceunovale.com.br\/portal\/","name":"Aconteceu no Vale","description":"Portal de Not\u00edcias","potentialAction":[{"@type":"SearchAction","target":{"@type":"EntryPoint","urlTemplate":"https:\/\/aconteceunovale.com.br\/portal\/?s={search_term_string}"},"query-input":{"@type":"PropertyValueSpecification","valueRequired":true,"valueName":"search_term_string"}}],"inLanguage":"pt-BR"},{"@type":"Person","@id":"https:\/\/aconteceunovale.com.br\/portal\/#\/schema\/person\/7d2f26d1483f8a63de73da1ee0754d35","name":"Reda\u00e7\u00e3o Aconteceu no Vale","description":"Equipe de reportagem do Aconteceu no Vale, portal de not\u00edcias do Vale do Jequitinhonha, em Minas Gerais. Cobrimos as 51 cidades do Vale desde 2013. Sugest\u00f5es de pauta e pedidos de corre\u00e7\u00e3o: contato@aconteceunovale.com.br","url":"https:\/\/aconteceunovale.com.br\/portal\/?author=4"}]}},"_links":{"self":[{"href":"https:\/\/aconteceunovale.com.br\/portal\/index.php?rest_route=\/wp\/v2\/posts\/171908","targetHints":{"allow":["GET"]}}],"collection":[{"href":"https:\/\/aconteceunovale.com.br\/portal\/index.php?rest_route=\/wp\/v2\/posts"}],"about":[{"href":"https:\/\/aconteceunovale.com.br\/portal\/index.php?rest_route=\/wp\/v2\/types\/post"}],"author":[{"embeddable":true,"href":"https:\/\/aconteceunovale.com.br\/portal\/index.php?rest_route=\/wp\/v2\/users\/4"}],"replies":[{"embeddable":true,"href":"https:\/\/aconteceunovale.com.br\/portal\/index.php?rest_route=%2Fwp%2Fv2%2Fcomments&post=171908"}],"version-history":[{"count":1,"href":"https:\/\/aconteceunovale.com.br\/portal\/index.php?rest_route=\/wp\/v2\/posts\/171908\/revisions"}],"predecessor-version":[{"id":171910,"href":"https:\/\/aconteceunovale.com.br\/portal\/index.php?rest_route=\/wp\/v2\/posts\/171908\/revisions\/171910"}],"wp:featuredmedia":[{"embeddable":true,"href":"https:\/\/aconteceunovale.com.br\/portal\/index.php?rest_route=\/wp\/v2\/media\/171909"}],"wp:attachment":[{"href":"https:\/\/aconteceunovale.com.br\/portal\/index.php?rest_route=%2Fwp%2Fv2%2Fmedia&parent=171908"}],"wp:term":[{"taxonomy":"category","embeddable":true,"href":"https:\/\/aconteceunovale.com.br\/portal\/index.php?rest_route=%2Fwp%2Fv2%2Fcategories&post=171908"},{"taxonomy":"post_tag","embeddable":true,"href":"https:\/\/aconteceunovale.com.br\/portal\/index.php?rest_route=%2Fwp%2Fv2%2Ftags&post=171908"}],"curies":[{"name":"wp","href":"https:\/\/api.w.org\/{rel}","templated":true}]}}