{"id":171902,"date":"2021-01-06T00:29:44","date_gmt":"2021-01-06T03:29:44","guid":{"rendered":"https:\/\/aconteceunovale.com.br\/portal\/?p=171902"},"modified":"2021-01-06T00:46:59","modified_gmt":"2021-01-06T03:46:59","slug":"ex-deputado-bonifacio-andrada-morre-em-belo-horizonte","status":"publish","type":"post","link":"https:\/\/aconteceunovale.com.br\/portal\/?p=171902","title":{"rendered":"Ex-deputado Bonif\u00e1cio Andrada morre em Belo Horizonte"},"content":{"rendered":"\n<p class=\"wp-block-paragraph\">O ex-deputado federal Bonif\u00e1cio Andrada morreu aos 90 anos, na noite desta ter\u00e7a-feira (5\/1\/2021), em Belo Horizonte (MG). Ele estava internado desde 16 de dezembro e&nbsp;n\u00e3o resistiu \u00e0s complica\u00e7\u00f5es da Covid-19 (doen\u00e7a causada pelo novo coronav\u00edrus).<\/p>\n\n\n\n<p class=\"wp-block-paragraph\">A informa\u00e7\u00e3o foi confirmada pelo filho dele, o deputado federal Lafayette Andrada, em uma rede social.&nbsp;&nbsp;&#8220;Com imensa dor, comunico o falecimento de meu pai, o ex-deputado Bonif\u00e1cio de Andrada, ocorrido hoje no hospital Mater Dei em Belo Horizonte&#8221;.<\/p>\n\n\n\n<figure class=\"wp-block-gallery columns-1 is-cropped wp-block-gallery-1 is-layout-flex wp-block-gallery-is-layout-flex\"><ul class=\"blocks-gallery-grid\"><li class=\"blocks-gallery-item\"><figure><img loading=\"lazy\" decoding=\"async\" width=\"650\" height=\"426\" src=\"https:\/\/aconteceunovale.com.br\/portal\/wp-content\/uploads\/2021\/01\/bonifacio_andrada.jpg\" alt=\"\" data-id=\"171903\" data-full-url=\"https:\/\/aconteceunovale.com.br\/portal\/wp-content\/uploads\/2021\/01\/bonifacio_andrada.jpg\" data-link=\"https:\/\/aconteceunovale.com.br\/portal\/?attachment_id=171903\" class=\"wp-image-171903\" srcset=\"https:\/\/aconteceunovale.com.br\/portal\/wp-content\/uploads\/2021\/01\/bonifacio_andrada.jpg 650w, https:\/\/aconteceunovale.com.br\/portal\/wp-content\/uploads\/2021\/01\/bonifacio_andrada-300x197.jpg 300w, https:\/\/aconteceunovale.com.br\/portal\/wp-content\/uploads\/2021\/01\/bonifacio_andrada-641x420.jpg 641w\" sizes=\"auto, (max-width: 650px) 100vw, 650px\" \/><figcaption class=\"blocks-gallery-item__caption\"><em>Bonif\u00e1cio Andrada &#8211; Foto: Gustavo Lima\/C\u00e2mara dos Deputados<\/em><\/figcaption><\/figure><\/li><\/ul><\/figure>\n\n\n\n<h2 class=\"wp-block-heading\"><strong>Carreira&nbsp;<\/strong><\/h2>\n\n\n\n<p class=\"wp-block-paragraph\">Andrada come\u00e7ou sua carreira pol\u00edtica como vereador de Barbacena, entre os anos de 1954 e 1958. Em seguida, ele conseguiu alcan\u00e7ar voos maiores e chegou at\u00e9 a Assembleia Legislativa de Minas Gerais, onde&nbsp;cumpriu mandato entre os anos de 1959 e 1975.&nbsp;<\/p>\n\n\n\n<p class=\"wp-block-paragraph\">Em 1979 ele chegou \u00e0 C\u00e2mara dos Deputados em Bras\u00edlia. Na casa, ele exerceu o cargo de deputado federal por dez mandatos consecutivos, entre 1979 e 2018. Ganhando cada vez mais espa\u00e7o no cen\u00e1rio nacional, nas elei\u00e7\u00f5es presidenciais de 1989, Andrada\u00a0foi candidato a vice-presidente, compondo chapa de Paulo Maluf.<\/p>\n\n\n\n<p class=\"wp-block-paragraph\">Popularmente conhecido como Andradinha, o mineiro era advogado, jornalista, cientista pol\u00edtico, doutor em direito p\u00fablico, professor universit\u00e1rio e pol\u00edtico. Ele&nbsp;era tamb\u00e9m reitor da Universidade Presidente Ant\u00f4nio Carlos (Unipac), institui\u00e7\u00e3o criada por ele h\u00e1 57 anos, e presidente da Funda\u00e7\u00e3o Jos\u00e9 Bonif\u00e1cio Lafayette de Andrada (Funjobe) \u2013 entidade mantenedora da Faculdade de Medicina de Barbacena, que tamb\u00e9m foi criada por ele, e Provedor da Santa Casa de Miseric\u00f3rdia de Barbacena.<\/p>\n\n\n\n<p class=\"has-white-color has-vivid-cyan-blue-background-color has-text-color has-background wp-block-paragraph\">Quer saber as not\u00edcias do <strong>Aconteceu no Vale<\/strong> em primeira m\u00e3o? Siga-nos no Facebook <a rel=\"noreferrer noopener\" href=\"http:\/\/facebook.com\/aconteceunovale\" target=\"_blank\">@aconteceunovale<\/a>, Twitter <a rel=\"noreferrer noopener\" href=\"https:\/\/twitter.com\/noticiadosvales\" target=\"_blank\">@noticiadosvales<\/a> e Instagram <a rel=\"noreferrer noopener\" href=\"https:\/\/www.instagram.com\/aconteceunovale\" target=\"_blank\">@aconteceunovale<\/a>.<\/p>\n","protected":false},"excerpt":{"rendered":"<p>O ex-deputado federal Bonif\u00e1cio Andrada morreu aos 90 anos, na noite desta ter\u00e7a-feira (5\/1\/2021), em Belo Horizonte (MG). Ele estava internado desde 16 de dezembro e&nbsp;n\u00e3o resistiu \u00e0s complica\u00e7\u00f5es da Covid-19 (doen\u00e7a causada pelo novo coronav\u00edrus). A informa\u00e7\u00e3o foi confirmada pelo filho dele, o deputado federal Lafayette Andrada, em uma rede social.&nbsp;&nbsp;&#8220;Com imensa dor, comunico [&hellip;]<\/p>\n","protected":false},"author":4,"featured_media":171903,"comment_status":"open","ping_status":"closed","sticky":false,"template":"","format":"standard","meta":{"amp_status":"","footnotes":""},"categories":[123,40240],"tags":[752,234188,193,194,1017,234182,20922,234187,214884,216498,1018,234181,230274,234183,234185,234184,234186,140166,27318],"class_list":["post-171902","post","type-post","status-publish","format-standard","has-post-thumbnail","hentry","category-gerais","category-politica","tag-almg","tag-andradinha","tag-barbacena","tag-belo-horizonte","tag-bh","tag-bonifacio-andrada","tag-camara-dos-deputados","tag-causa-da-morte-de-bonifacio-andrada","tag-coronavirus","tag-covid-19","tag-destaque","tag-ex-deputado-bonifacio-andrada-morre-em-belo-horizonte","tag-lafayette-andrada","tag-morre-bonifacio-andrada","tag-morre-o-pai-de-lafayette-andrada","tag-morte-de-bonifacio-andrada","tag-morte-do-pai-de-lafayette-andrada","tag-pandemia","tag-unipac"],"yoast_head":"<!-- This site is optimized with the Yoast SEO plugin v28.3 - https:\/\/yoast.com\/product\/yoast-seo-wordpress\/ -->\n<title>Ex-deputado Bonif\u00e1cio Andrada morre em Belo Horizonte - Aconteceu no Vale<\/title>\n<meta name=\"robots\" content=\"index, follow, max-snippet:-1, max-image-preview:large, max-video-preview:-1\" \/>\n<link rel=\"canonical\" href=\"https:\/\/aconteceunovale.com.br\/portal\/?p=171902\" \/>\n<meta property=\"og:locale\" content=\"pt_BR\" \/>\n<meta property=\"og:type\" content=\"article\" \/>\n<meta property=\"og:title\" content=\"Ex-deputado Bonif\u00e1cio Andrada morre em Belo Horizonte - Aconteceu no Vale\" \/>\n<meta property=\"og:description\" content=\"O ex-deputado federal Bonif\u00e1cio Andrada morreu aos 90 anos, na noite desta ter\u00e7a-feira (5\/1\/2021), em Belo Horizonte (MG). Ele estava internado desde 16 de dezembro e&nbsp;n\u00e3o resistiu \u00e0s complica\u00e7\u00f5es da Covid-19 (doen\u00e7a causada pelo novo coronav\u00edrus). A informa\u00e7\u00e3o foi confirmada pelo filho dele, o deputado federal Lafayette Andrada, em uma rede social.&nbsp;&nbsp;&#8220;Com imensa dor, comunico [&hellip;]\" \/>\n<meta property=\"og:url\" content=\"https:\/\/aconteceunovale.com.br\/portal\/?p=171902\" \/>\n<meta property=\"og:site_name\" content=\"Aconteceu no Vale\" \/>\n<meta property=\"article:publisher\" content=\"https:\/\/www.facebook.com\/aconteceunovale\/\" \/>\n<meta property=\"article:published_time\" content=\"2021-01-06T03:29:44+00:00\" \/>\n<meta property=\"article:modified_time\" content=\"2021-01-06T03:46:59+00:00\" \/>\n<meta property=\"og:image\" content=\"https:\/\/aconteceunovale.com.br\/portal\/wp-content\/uploads\/2021\/01\/bonifacio_andrada.jpg\" \/>\n\t<meta property=\"og:image:width\" content=\"650\" \/>\n\t<meta property=\"og:image:height\" content=\"426\" \/>\n\t<meta property=\"og:image:type\" content=\"image\/jpeg\" \/>\n<meta name=\"author\" content=\"Reda\u00e7\u00e3o Aconteceu no Vale\" \/>\n<meta name=\"twitter:card\" content=\"summary_large_image\" \/>\n<meta name=\"twitter:creator\" content=\"@noticiadosvales\" \/>\n<meta name=\"twitter:site\" content=\"@noticiadosvales\" \/>\n<meta name=\"twitter:label1\" content=\"Escrito por\" \/>\n\t<meta name=\"twitter:data1\" content=\"Reda\u00e7\u00e3o Aconteceu no Vale\" \/>\n\t<meta name=\"twitter:label2\" content=\"Est. tempo de leitura\" \/>\n\t<meta name=\"twitter:data2\" content=\"1 minuto\" \/>\n<script type=\"application\/ld+json\" class=\"yoast-schema-graph\">{\"@context\":\"https:\\\/\\\/schema.org\",\"@graph\":[{\"@type\":\"Article\",\"@id\":\"https:\\\/\\\/aconteceunovale.com.br\\\/portal\\\/?p=171902#article\",\"isPartOf\":{\"@id\":\"https:\\\/\\\/aconteceunovale.com.br\\\/portal\\\/?p=171902\"},\"author\":{\"name\":\"Reda\u00e7\u00e3o Aconteceu no Vale\",\"@id\":\"https:\\\/\\\/aconteceunovale.com.br\\\/portal\\\/#\\\/schema\\\/person\\\/7d2f26d1483f8a63de73da1ee0754d35\"},\"headline\":\"Ex-deputado Bonif\u00e1cio Andrada morre em Belo Horizonte\",\"datePublished\":\"2021-01-06T03:29:44+00:00\",\"dateModified\":\"2021-01-06T03:46:59+00:00\",\"mainEntityOfPage\":{\"@id\":\"https:\\\/\\\/aconteceunovale.com.br\\\/portal\\\/?p=171902\"},\"wordCount\":300,\"commentCount\":0,\"image\":{\"@id\":\"https:\\\/\\\/aconteceunovale.com.br\\\/portal\\\/?p=171902#primaryimage\"},\"thumbnailUrl\":\"https:\\\/\\\/aconteceunovale.com.br\\\/portal\\\/wp-content\\\/uploads\\\/2021\\\/01\\\/bonifacio_andrada.jpg\",\"keywords\":[\"ALMG\",\"Andradinha\",\"Barbacena\",\"Belo Horizonte\",\"bh\",\"Bonif\u00e1cio Andrada\",\"C\u00e2mara dos Deputados\",\"Causa da morte de Bonif\u00e1cio Andrada\",\"Coronav\u00edrus\",\"COVID-19\",\"destaque\",\"Ex-deputado Bonif\u00e1cio Andrada morre em Belo Horizonte\",\"Lafayette Andrada\",\"Morre Bonif\u00e1cio Andrada\",\"Morre o pai de Lafayette Andrada\",\"Morte de Bonif\u00e1cio Andrada\",\"Morte do pai de Lafayette Andrada\",\"pandemia\",\"UNIPAC\"],\"articleSection\":[\"Minas Gerais\",\"Pol\u00edtica\"],\"inLanguage\":\"pt-BR\",\"potentialAction\":[{\"@type\":\"CommentAction\",\"name\":\"Comment\",\"target\":[\"https:\\\/\\\/aconteceunovale.com.br\\\/portal\\\/?p=171902#respond\"]}]},{\"@type\":\"WebPage\",\"@id\":\"https:\\\/\\\/aconteceunovale.com.br\\\/portal\\\/?p=171902\",\"url\":\"https:\\\/\\\/aconteceunovale.com.br\\\/portal\\\/?p=171902\",\"name\":\"Ex-deputado Bonif\u00e1cio Andrada morre em Belo Horizonte - Aconteceu no Vale\",\"isPartOf\":{\"@id\":\"https:\\\/\\\/aconteceunovale.com.br\\\/portal\\\/#website\"},\"primaryImageOfPage\":{\"@id\":\"https:\\\/\\\/aconteceunovale.com.br\\\/portal\\\/?p=171902#primaryimage\"},\"image\":{\"@id\":\"https:\\\/\\\/aconteceunovale.com.br\\\/portal\\\/?p=171902#primaryimage\"},\"thumbnailUrl\":\"https:\\\/\\\/aconteceunovale.com.br\\\/portal\\\/wp-content\\\/uploads\\\/2021\\\/01\\\/bonifacio_andrada.jpg\",\"datePublished\":\"2021-01-06T03:29:44+00:00\",\"dateModified\":\"2021-01-06T03:46:59+00:00\",\"author\":{\"@id\":\"https:\\\/\\\/aconteceunovale.com.br\\\/portal\\\/#\\\/schema\\\/person\\\/7d2f26d1483f8a63de73da1ee0754d35\"},\"breadcrumb\":{\"@id\":\"https:\\\/\\\/aconteceunovale.com.br\\\/portal\\\/?p=171902#breadcrumb\"},\"inLanguage\":\"pt-BR\",\"potentialAction\":[{\"@type\":\"ReadAction\",\"target\":[\"https:\\\/\\\/aconteceunovale.com.br\\\/portal\\\/?p=171902\"]}]},{\"@type\":\"ImageObject\",\"inLanguage\":\"pt-BR\",\"@id\":\"https:\\\/\\\/aconteceunovale.com.br\\\/portal\\\/?p=171902#primaryimage\",\"url\":\"https:\\\/\\\/aconteceunovale.com.br\\\/portal\\\/wp-content\\\/uploads\\\/2021\\\/01\\\/bonifacio_andrada.jpg\",\"contentUrl\":\"https:\\\/\\\/aconteceunovale.com.br\\\/portal\\\/wp-content\\\/uploads\\\/2021\\\/01\\\/bonifacio_andrada.jpg\",\"width\":650,\"height\":426},{\"@type\":\"BreadcrumbList\",\"@id\":\"https:\\\/\\\/aconteceunovale.com.br\\\/portal\\\/?p=171902#breadcrumb\",\"itemListElement\":[{\"@type\":\"ListItem\",\"position\":1,\"name\":\"In\u00edcio\",\"item\":\"https:\\\/\\\/aconteceunovale.com.br\\\/portal\\\/\"},{\"@type\":\"ListItem\",\"position\":2,\"name\":\"Ex-deputado Bonif\u00e1cio Andrada morre em Belo Horizonte\"}]},{\"@type\":\"WebSite\",\"@id\":\"https:\\\/\\\/aconteceunovale.com.br\\\/portal\\\/#website\",\"url\":\"https:\\\/\\\/aconteceunovale.com.br\\\/portal\\\/\",\"name\":\"Aconteceu no Vale\",\"description\":\"Portal de Not\u00edcias\",\"potentialAction\":[{\"@type\":\"SearchAction\",\"target\":{\"@type\":\"EntryPoint\",\"urlTemplate\":\"https:\\\/\\\/aconteceunovale.com.br\\\/portal\\\/?s={search_term_string}\"},\"query-input\":{\"@type\":\"PropertyValueSpecification\",\"valueRequired\":true,\"valueName\":\"search_term_string\"}}],\"inLanguage\":\"pt-BR\"},{\"@type\":\"Person\",\"@id\":\"https:\\\/\\\/aconteceunovale.com.br\\\/portal\\\/#\\\/schema\\\/person\\\/7d2f26d1483f8a63de73da1ee0754d35\",\"name\":\"Reda\u00e7\u00e3o Aconteceu no Vale\",\"description\":\"Equipe de reportagem do Aconteceu no Vale, portal de not\u00edcias do Vale do Jequitinhonha, em Minas Gerais. Cobrimos as 51 cidades do Vale desde 2013. Sugest\u00f5es de pauta e pedidos de corre\u00e7\u00e3o: contato@aconteceunovale.com.br\",\"url\":\"https:\\\/\\\/aconteceunovale.com.br\\\/portal\\\/?author=4\"}]}<\/script>\n<!-- \/ Yoast SEO plugin. -->","yoast_head_json":{"title":"Ex-deputado Bonif\u00e1cio Andrada morre em Belo Horizonte - Aconteceu no Vale","robots":{"index":"index","follow":"follow","max-snippet":"max-snippet:-1","max-image-preview":"max-image-preview:large","max-video-preview":"max-video-preview:-1"},"canonical":"https:\/\/aconteceunovale.com.br\/portal\/?p=171902","og_locale":"pt_BR","og_type":"article","og_title":"Ex-deputado Bonif\u00e1cio Andrada morre em Belo Horizonte - Aconteceu no Vale","og_description":"O ex-deputado federal Bonif\u00e1cio Andrada morreu aos 90 anos, na noite desta ter\u00e7a-feira (5\/1\/2021), em Belo Horizonte (MG). Ele estava internado desde 16 de dezembro e&nbsp;n\u00e3o resistiu \u00e0s complica\u00e7\u00f5es da Covid-19 (doen\u00e7a causada pelo novo coronav\u00edrus). A informa\u00e7\u00e3o foi confirmada pelo filho dele, o deputado federal Lafayette Andrada, em uma rede social.&nbsp;&nbsp;&#8220;Com imensa dor, comunico [&hellip;]","og_url":"https:\/\/aconteceunovale.com.br\/portal\/?p=171902","og_site_name":"Aconteceu no Vale","article_publisher":"https:\/\/www.facebook.com\/aconteceunovale\/","article_published_time":"2021-01-06T03:29:44+00:00","article_modified_time":"2021-01-06T03:46:59+00:00","og_image":[{"width":650,"height":426,"url":"https:\/\/aconteceunovale.com.br\/portal\/wp-content\/uploads\/2021\/01\/bonifacio_andrada.jpg","type":"image\/jpeg"}],"author":"Reda\u00e7\u00e3o Aconteceu no Vale","twitter_card":"summary_large_image","twitter_creator":"@noticiadosvales","twitter_site":"@noticiadosvales","twitter_misc":{"Escrito por":"Reda\u00e7\u00e3o Aconteceu no Vale","Est. tempo de leitura":"1 minuto"},"schema":{"@context":"https:\/\/schema.org","@graph":[{"@type":"Article","@id":"https:\/\/aconteceunovale.com.br\/portal\/?p=171902#article","isPartOf":{"@id":"https:\/\/aconteceunovale.com.br\/portal\/?p=171902"},"author":{"name":"Reda\u00e7\u00e3o Aconteceu no Vale","@id":"https:\/\/aconteceunovale.com.br\/portal\/#\/schema\/person\/7d2f26d1483f8a63de73da1ee0754d35"},"headline":"Ex-deputado Bonif\u00e1cio Andrada morre em Belo Horizonte","datePublished":"2021-01-06T03:29:44+00:00","dateModified":"2021-01-06T03:46:59+00:00","mainEntityOfPage":{"@id":"https:\/\/aconteceunovale.com.br\/portal\/?p=171902"},"wordCount":300,"commentCount":0,"image":{"@id":"https:\/\/aconteceunovale.com.br\/portal\/?p=171902#primaryimage"},"thumbnailUrl":"https:\/\/aconteceunovale.com.br\/portal\/wp-content\/uploads\/2021\/01\/bonifacio_andrada.jpg","keywords":["ALMG","Andradinha","Barbacena","Belo Horizonte","bh","Bonif\u00e1cio Andrada","C\u00e2mara dos Deputados","Causa da morte de Bonif\u00e1cio Andrada","Coronav\u00edrus","COVID-19","destaque","Ex-deputado Bonif\u00e1cio Andrada morre em Belo Horizonte","Lafayette Andrada","Morre Bonif\u00e1cio Andrada","Morre o pai de Lafayette Andrada","Morte de Bonif\u00e1cio Andrada","Morte do pai de Lafayette Andrada","pandemia","UNIPAC"],"articleSection":["Minas Gerais","Pol\u00edtica"],"inLanguage":"pt-BR","potentialAction":[{"@type":"CommentAction","name":"Comment","target":["https:\/\/aconteceunovale.com.br\/portal\/?p=171902#respond"]}]},{"@type":"WebPage","@id":"https:\/\/aconteceunovale.com.br\/portal\/?p=171902","url":"https:\/\/aconteceunovale.com.br\/portal\/?p=171902","name":"Ex-deputado Bonif\u00e1cio Andrada morre em Belo Horizonte - Aconteceu no Vale","isPartOf":{"@id":"https:\/\/aconteceunovale.com.br\/portal\/#website"},"primaryImageOfPage":{"@id":"https:\/\/aconteceunovale.com.br\/portal\/?p=171902#primaryimage"},"image":{"@id":"https:\/\/aconteceunovale.com.br\/portal\/?p=171902#primaryimage"},"thumbnailUrl":"https:\/\/aconteceunovale.com.br\/portal\/wp-content\/uploads\/2021\/01\/bonifacio_andrada.jpg","datePublished":"2021-01-06T03:29:44+00:00","dateModified":"2021-01-06T03:46:59+00:00","author":{"@id":"https:\/\/aconteceunovale.com.br\/portal\/#\/schema\/person\/7d2f26d1483f8a63de73da1ee0754d35"},"breadcrumb":{"@id":"https:\/\/aconteceunovale.com.br\/portal\/?p=171902#breadcrumb"},"inLanguage":"pt-BR","potentialAction":[{"@type":"ReadAction","target":["https:\/\/aconteceunovale.com.br\/portal\/?p=171902"]}]},{"@type":"ImageObject","inLanguage":"pt-BR","@id":"https:\/\/aconteceunovale.com.br\/portal\/?p=171902#primaryimage","url":"https:\/\/aconteceunovale.com.br\/portal\/wp-content\/uploads\/2021\/01\/bonifacio_andrada.jpg","contentUrl":"https:\/\/aconteceunovale.com.br\/portal\/wp-content\/uploads\/2021\/01\/bonifacio_andrada.jpg","width":650,"height":426},{"@type":"BreadcrumbList","@id":"https:\/\/aconteceunovale.com.br\/portal\/?p=171902#breadcrumb","itemListElement":[{"@type":"ListItem","position":1,"name":"In\u00edcio","item":"https:\/\/aconteceunovale.com.br\/portal\/"},{"@type":"ListItem","position":2,"name":"Ex-deputado Bonif\u00e1cio Andrada morre em Belo Horizonte"}]},{"@type":"WebSite","@id":"https:\/\/aconteceunovale.com.br\/portal\/#website","url":"https:\/\/aconteceunovale.com.br\/portal\/","name":"Aconteceu no Vale","description":"Portal de Not\u00edcias","potentialAction":[{"@type":"SearchAction","target":{"@type":"EntryPoint","urlTemplate":"https:\/\/aconteceunovale.com.br\/portal\/?s={search_term_string}"},"query-input":{"@type":"PropertyValueSpecification","valueRequired":true,"valueName":"search_term_string"}}],"inLanguage":"pt-BR"},{"@type":"Person","@id":"https:\/\/aconteceunovale.com.br\/portal\/#\/schema\/person\/7d2f26d1483f8a63de73da1ee0754d35","name":"Reda\u00e7\u00e3o Aconteceu no Vale","description":"Equipe de reportagem do Aconteceu no Vale, portal de not\u00edcias do Vale do Jequitinhonha, em Minas Gerais. Cobrimos as 51 cidades do Vale desde 2013. Sugest\u00f5es de pauta e pedidos de corre\u00e7\u00e3o: contato@aconteceunovale.com.br","url":"https:\/\/aconteceunovale.com.br\/portal\/?author=4"}]}},"_links":{"self":[{"href":"https:\/\/aconteceunovale.com.br\/portal\/index.php?rest_route=\/wp\/v2\/posts\/171902","targetHints":{"allow":["GET"]}}],"collection":[{"href":"https:\/\/aconteceunovale.com.br\/portal\/index.php?rest_route=\/wp\/v2\/posts"}],"about":[{"href":"https:\/\/aconteceunovale.com.br\/portal\/index.php?rest_route=\/wp\/v2\/types\/post"}],"author":[{"embeddable":true,"href":"https:\/\/aconteceunovale.com.br\/portal\/index.php?rest_route=\/wp\/v2\/users\/4"}],"replies":[{"embeddable":true,"href":"https:\/\/aconteceunovale.com.br\/portal\/index.php?rest_route=%2Fwp%2Fv2%2Fcomments&post=171902"}],"version-history":[{"count":3,"href":"https:\/\/aconteceunovale.com.br\/portal\/index.php?rest_route=\/wp\/v2\/posts\/171902\/revisions"}],"predecessor-version":[{"id":171906,"href":"https:\/\/aconteceunovale.com.br\/portal\/index.php?rest_route=\/wp\/v2\/posts\/171902\/revisions\/171906"}],"wp:featuredmedia":[{"embeddable":true,"href":"https:\/\/aconteceunovale.com.br\/portal\/index.php?rest_route=\/wp\/v2\/media\/171903"}],"wp:attachment":[{"href":"https:\/\/aconteceunovale.com.br\/portal\/index.php?rest_route=%2Fwp%2Fv2%2Fmedia&parent=171902"}],"wp:term":[{"taxonomy":"category","embeddable":true,"href":"https:\/\/aconteceunovale.com.br\/portal\/index.php?rest_route=%2Fwp%2Fv2%2Fcategories&post=171902"},{"taxonomy":"post_tag","embeddable":true,"href":"https:\/\/aconteceunovale.com.br\/portal\/index.php?rest_route=%2Fwp%2Fv2%2Ftags&post=171902"}],"curies":[{"name":"wp","href":"https:\/\/api.w.org\/{rel}","templated":true}]}}